{"id":14227,"date":"2021-07-12T10:01:04","date_gmt":"2021-07-12T09:01:04","guid":{"rendered":"https:\/\/alcala.salesianos.edu\/colegio\/blog\/2021\/07\/12\/emotivos-actos-de-paso-de-etapa-para-educacion-infantil-y-primaria\/"},"modified":"2025-08-27T08:49:50","modified_gmt":"2025-08-27T07:49:50","slug":"emotivos-actos-de-paso-de-etapa-para-educacion-infantil-y-primaria","status":"publish","type":"post","link":"https:\/\/alcala.salesianos.edu\/colegio\/blog\/2021\/07\/12\/emotivos-actos-de-paso-de-etapa-para-educacion-infantil-y-primaria\/","title":{"rendered":"Emotivos actos de paso de etapa para Educaci\u00f3n Infantil y Primaria."},"content":{"rendered":"<div id=\"fb-root\"><\/div>\n<p>Durante el mes de junio, junto a sus familias, los alumnos de 5 a\u00f1os de Educaci\u00f3n Infantil y 6\u00ba de Educaci\u00f3n Primaria, pusieron el broche a su paso por sus etapas.<\/p>\n<p>Este entra\u00f1able acto de despedida, en el que los alumnos reciben personalmente su orla, simboliza el\u00a0paso a una nueva etapa.<\/p>\n<p>Su paso a esta nueva etapa es una buena raz\u00f3n para estar alegres, para estar orgullosos de ellos. Pues para cada uno tenemos un reto personal de aprendizaje.<\/p>\n<p>\u201cConfiamos en vosotros. \u00a1Estamos seguros de que lo conseguir\u00e9is! \u00a1Adelante!\u201d.<\/p>\n<div class=\"et_pb_slider et_pb_slider_fullwidth_off et_pb_gallery_post_type\">\n\t\t\t\t<div class=\"et_pb_slides\">\n\t\t\t\t\t\n\t\t\t\t<\/div>\n\t\t\t<\/div>\n","protected":false},"excerpt":{"rendered":"<p>Durante el mes de junio, junto a sus familias, los alumnos de 5 a\u00f1os de Educaci\u00f3n Infantil y 6\u00ba de Educaci\u00f3n Primaria, pusieron el broche a su paso por sus etapas. Este entra\u00f1able acto de despedida, en el que los alumnos reciben personalmente su orla, simboliza el\u00a0paso a una nueva etapa. <\/p>\n","protected":false},"author":2,"featured_media":0,"comment_status":"closed","ping_status":"open","sticky":false,"template":"","format":"standard","meta":{"_et_pb_use_builder":"","_et_pb_old_content":"","_et_gb_content_width":"","footnotes":""},"categories":[1],"tags":[],"class_list":["post-14227","post","type-post","status-publish","format-standard","hentry","category-uncategorized"],"yoast_head":"<!-- This site is optimized with the Yoast SEO plugin v28.4 - https:\/\/yoast.com\/product\/yoast-seo-wordpress\/ -->\n<title>Emotivos actos de paso de etapa para Educaci\u00f3n Infantil y Primaria. - Colegio Salesiano Alcal\u00e1<\/title>\n<meta name=\"robots\" content=\"index, follow, max-snippet:-1, max-image-preview:large, max-video-preview:-1\" \/>\n<link rel=\"canonical\" href=\"https:\/\/alcala.salesianos.edu\/colegio\/blog\/2021\/07\/12\/emotivos-actos-de-paso-de-etapa-para-educacion-infantil-y-primaria\/\" \/>\n<meta property=\"og:locale\" content=\"es_ES\" \/>\n<meta property=\"og:type\" content=\"article\" \/>\n<meta property=\"og:title\" content=\"Emotivos actos de paso de etapa para Educaci\u00f3n Infantil y Primaria. - Colegio Salesiano Alcal\u00e1\" \/>\n<meta property=\"og:description\" content=\"Durante el mes de junio, junto a sus familias, los alumnos de 5 a\u00f1os de Educaci\u00f3n Infantil y 6\u00ba de Educaci\u00f3n Primaria, pusieron el broche a su paso por sus etapas. Este entra\u00f1able acto de despedida, en el que los alumnos reciben personalmente su orla, simboliza el\u00a0paso a una nueva etapa.\" \/>\n<meta property=\"og:url\" content=\"https:\/\/alcala.salesianos.edu\/colegio\/blog\/2021\/07\/12\/emotivos-actos-de-paso-de-etapa-para-educacion-infantil-y-primaria\/\" \/>\n<meta property=\"og:site_name\" content=\"Colegio Salesiano Alcal\u00e1\" \/>\n<meta property=\"article:published_time\" content=\"2021-07-12T09:01:04+00:00\" \/>\n<meta property=\"article:modified_time\" content=\"2025-08-27T07:49:50+00:00\" \/>\n<meta name=\"author\" content=\"Administrador Web\" \/>\n<meta name=\"twitter:card\" content=\"summary_large_image\" \/>\n<meta name=\"twitter:label1\" content=\"Escrito por\" \/>\n\t<meta name=\"twitter:data1\" content=\"Administrador Web\" \/>\n\t<meta name=\"twitter:label2\" content=\"Tiempo de lectura\" \/>\n\t<meta name=\"twitter:data2\" content=\"1 minuto\" \/>\n<script type=\"application\/ld+json\" class=\"yoast-schema-graph\">{\"@context\":\"https:\\\/\\\/schema.org\",\"@graph\":[{\"@type\":\"Article\",\"@id\":\"https:\\\/\\\/alcala.salesianos.edu\\\/colegio\\\/blog\\\/2021\\\/07\\\/12\\\/emotivos-actos-de-paso-de-etapa-para-educacion-infantil-y-primaria\\\/#article\",\"isPartOf\":{\"@id\":\"https:\\\/\\\/alcala.salesianos.edu\\\/colegio\\\/blog\\\/2021\\\/07\\\/12\\\/emotivos-actos-de-paso-de-etapa-para-educacion-infantil-y-primaria\\\/\"},\"author\":{\"name\":\"Administrador Web\",\"@id\":\"https:\\\/\\\/alcala.salesianos.edu\\\/colegio\\\/#\\\/schema\\\/person\\\/afcc24f776dc91fc2bf9afb0998fca77\"},\"headline\":\"Emotivos actos de paso de etapa para Educaci\u00f3n Infantil y Primaria.\",\"datePublished\":\"2021-07-12T09:01:04+00:00\",\"dateModified\":\"2025-08-27T07:49:50+00:00\",\"mainEntityOfPage\":{\"@id\":\"https:\\\/\\\/alcala.salesianos.edu\\\/colegio\\\/blog\\\/2021\\\/07\\\/12\\\/emotivos-actos-de-paso-de-etapa-para-educacion-infantil-y-primaria\\\/\"},\"wordCount\":111,\"articleSection\":[\"Uncategorized\"],\"inLanguage\":\"es\"},{\"@type\":\"WebPage\",\"@id\":\"https:\\\/\\\/alcala.salesianos.edu\\\/colegio\\\/blog\\\/2021\\\/07\\\/12\\\/emotivos-actos-de-paso-de-etapa-para-educacion-infantil-y-primaria\\\/\",\"url\":\"https:\\\/\\\/alcala.salesianos.edu\\\/colegio\\\/blog\\\/2021\\\/07\\\/12\\\/emotivos-actos-de-paso-de-etapa-para-educacion-infantil-y-primaria\\\/\",\"name\":\"Emotivos actos de paso de etapa para Educaci\u00f3n Infantil y Primaria. - Colegio Salesiano Alcal\u00e1\",\"isPartOf\":{\"@id\":\"https:\\\/\\\/alcala.salesianos.edu\\\/colegio\\\/#website\"},\"datePublished\":\"2021-07-12T09:01:04+00:00\",\"dateModified\":\"2025-08-27T07:49:50+00:00\",\"author\":{\"@id\":\"https:\\\/\\\/alcala.salesianos.edu\\\/colegio\\\/#\\\/schema\\\/person\\\/afcc24f776dc91fc2bf9afb0998fca77\"},\"breadcrumb\":{\"@id\":\"https:\\\/\\\/alcala.salesianos.edu\\\/colegio\\\/blog\\\/2021\\\/07\\\/12\\\/emotivos-actos-de-paso-de-etapa-para-educacion-infantil-y-primaria\\\/#breadcrumb\"},\"inLanguage\":\"es\",\"potentialAction\":[{\"@type\":\"ReadAction\",\"target\":[\"https:\\\/\\\/alcala.salesianos.edu\\\/colegio\\\/blog\\\/2021\\\/07\\\/12\\\/emotivos-actos-de-paso-de-etapa-para-educacion-infantil-y-primaria\\\/\"]}]},{\"@type\":\"BreadcrumbList\",\"@id\":\"https:\\\/\\\/alcala.salesianos.edu\\\/colegio\\\/blog\\\/2021\\\/07\\\/12\\\/emotivos-actos-de-paso-de-etapa-para-educacion-infantil-y-primaria\\\/#breadcrumb\",\"itemListElement\":[{\"@type\":\"ListItem\",\"position\":1,\"name\":\"Portada\",\"item\":\"https:\\\/\\\/alcala.salesianos.edu\\\/colegio\\\/\"},{\"@type\":\"ListItem\",\"position\":2,\"name\":\"Emotivos actos de paso de etapa para Educaci\u00f3n Infantil y Primaria.\"}]},{\"@type\":\"WebSite\",\"@id\":\"https:\\\/\\\/alcala.salesianos.edu\\\/colegio\\\/#website\",\"url\":\"https:\\\/\\\/alcala.salesianos.edu\\\/colegio\\\/\",\"name\":\"Colegio Salesiano Alcal\u00e1\",\"description\":\"P\u00e1gina oficial de Salesianos Alcal\u00e1 de Guadaira\",\"potentialAction\":[{\"@type\":\"SearchAction\",\"target\":{\"@type\":\"EntryPoint\",\"urlTemplate\":\"https:\\\/\\\/alcala.salesianos.edu\\\/colegio\\\/?s={search_term_string}\"},\"query-input\":{\"@type\":\"PropertyValueSpecification\",\"valueRequired\":true,\"valueName\":\"search_term_string\"}}],\"inLanguage\":\"es\"},{\"@type\":\"Person\",\"@id\":\"https:\\\/\\\/alcala.salesianos.edu\\\/colegio\\\/#\\\/schema\\\/person\\\/afcc24f776dc91fc2bf9afb0998fca77\",\"name\":\"Administrador Web\",\"image\":{\"@type\":\"ImageObject\",\"inLanguage\":\"es\",\"@id\":\"https:\\\/\\\/secure.gravatar.com\\\/avatar\\\/bc157e994689bd6da9645c00aa3bc4d55b727915b6652642660db0aef086585f?s=96&d=mm&r=g\",\"url\":\"https:\\\/\\\/secure.gravatar.com\\\/avatar\\\/bc157e994689bd6da9645c00aa3bc4d55b727915b6652642660db0aef086585f?s=96&d=mm&r=g\",\"contentUrl\":\"https:\\\/\\\/secure.gravatar.com\\\/avatar\\\/bc157e994689bd6da9645c00aa3bc4d55b727915b6652642660db0aef086585f?s=96&d=mm&r=g\",\"caption\":\"Administrador Web\"}}]}<\/script>\n<!-- \/ Yoast SEO plugin. -->","yoast_head_json":{"title":"Emotivos actos de paso de etapa para Educaci\u00f3n Infantil y Primaria. - Colegio Salesiano Alcal\u00e1","robots":{"index":"index","follow":"follow","max-snippet":"max-snippet:-1","max-image-preview":"max-image-preview:large","max-video-preview":"max-video-preview:-1"},"canonical":"https:\/\/alcala.salesianos.edu\/colegio\/blog\/2021\/07\/12\/emotivos-actos-de-paso-de-etapa-para-educacion-infantil-y-primaria\/","og_locale":"es_ES","og_type":"article","og_title":"Emotivos actos de paso de etapa para Educaci\u00f3n Infantil y Primaria. - Colegio Salesiano Alcal\u00e1","og_description":"Durante el mes de junio, junto a sus familias, los alumnos de 5 a\u00f1os de Educaci\u00f3n Infantil y 6\u00ba de Educaci\u00f3n Primaria, pusieron el broche a su paso por sus etapas. Este entra\u00f1able acto de despedida, en el que los alumnos reciben personalmente su orla, simboliza el\u00a0paso a una nueva etapa.","og_url":"https:\/\/alcala.salesianos.edu\/colegio\/blog\/2021\/07\/12\/emotivos-actos-de-paso-de-etapa-para-educacion-infantil-y-primaria\/","og_site_name":"Colegio Salesiano Alcal\u00e1","article_published_time":"2021-07-12T09:01:04+00:00","article_modified_time":"2025-08-27T07:49:50+00:00","author":"Administrador Web","twitter_card":"summary_large_image","twitter_misc":{"Escrito por":"Administrador Web","Tiempo de lectura":"1 minuto"},"schema":{"@context":"https:\/\/schema.org","@graph":[{"@type":"Article","@id":"https:\/\/alcala.salesianos.edu\/colegio\/blog\/2021\/07\/12\/emotivos-actos-de-paso-de-etapa-para-educacion-infantil-y-primaria\/#article","isPartOf":{"@id":"https:\/\/alcala.salesianos.edu\/colegio\/blog\/2021\/07\/12\/emotivos-actos-de-paso-de-etapa-para-educacion-infantil-y-primaria\/"},"author":{"name":"Administrador Web","@id":"https:\/\/alcala.salesianos.edu\/colegio\/#\/schema\/person\/afcc24f776dc91fc2bf9afb0998fca77"},"headline":"Emotivos actos de paso de etapa para Educaci\u00f3n Infantil y Primaria.","datePublished":"2021-07-12T09:01:04+00:00","dateModified":"2025-08-27T07:49:50+00:00","mainEntityOfPage":{"@id":"https:\/\/alcala.salesianos.edu\/colegio\/blog\/2021\/07\/12\/emotivos-actos-de-paso-de-etapa-para-educacion-infantil-y-primaria\/"},"wordCount":111,"articleSection":["Uncategorized"],"inLanguage":"es"},{"@type":"WebPage","@id":"https:\/\/alcala.salesianos.edu\/colegio\/blog\/2021\/07\/12\/emotivos-actos-de-paso-de-etapa-para-educacion-infantil-y-primaria\/","url":"https:\/\/alcala.salesianos.edu\/colegio\/blog\/2021\/07\/12\/emotivos-actos-de-paso-de-etapa-para-educacion-infantil-y-primaria\/","name":"Emotivos actos de paso de etapa para Educaci\u00f3n Infantil y Primaria. - Colegio Salesiano Alcal\u00e1","isPartOf":{"@id":"https:\/\/alcala.salesianos.edu\/colegio\/#website"},"datePublished":"2021-07-12T09:01:04+00:00","dateModified":"2025-08-27T07:49:50+00:00","author":{"@id":"https:\/\/alcala.salesianos.edu\/colegio\/#\/schema\/person\/afcc24f776dc91fc2bf9afb0998fca77"},"breadcrumb":{"@id":"https:\/\/alcala.salesianos.edu\/colegio\/blog\/2021\/07\/12\/emotivos-actos-de-paso-de-etapa-para-educacion-infantil-y-primaria\/#breadcrumb"},"inLanguage":"es","potentialAction":[{"@type":"ReadAction","target":["https:\/\/alcala.salesianos.edu\/colegio\/blog\/2021\/07\/12\/emotivos-actos-de-paso-de-etapa-para-educacion-infantil-y-primaria\/"]}]},{"@type":"BreadcrumbList","@id":"https:\/\/alcala.salesianos.edu\/colegio\/blog\/2021\/07\/12\/emotivos-actos-de-paso-de-etapa-para-educacion-infantil-y-primaria\/#breadcrumb","itemListElement":[{"@type":"ListItem","position":1,"name":"Portada","item":"https:\/\/alcala.salesianos.edu\/colegio\/"},{"@type":"ListItem","position":2,"name":"Emotivos actos de paso de etapa para Educaci\u00f3n Infantil y Primaria."}]},{"@type":"WebSite","@id":"https:\/\/alcala.salesianos.edu\/colegio\/#website","url":"https:\/\/alcala.salesianos.edu\/colegio\/","name":"Colegio Salesiano Alcal\u00e1","description":"P\u00e1gina oficial de Salesianos Alcal\u00e1 de Guadaira","potentialAction":[{"@type":"SearchAction","target":{"@type":"EntryPoint","urlTemplate":"https:\/\/alcala.salesianos.edu\/colegio\/?s={search_term_string}"},"query-input":{"@type":"PropertyValueSpecification","valueRequired":true,"valueName":"search_term_string"}}],"inLanguage":"es"},{"@type":"Person","@id":"https:\/\/alcala.salesianos.edu\/colegio\/#\/schema\/person\/afcc24f776dc91fc2bf9afb0998fca77","name":"Administrador Web","image":{"@type":"ImageObject","inLanguage":"es","@id":"https:\/\/secure.gravatar.com\/avatar\/bc157e994689bd6da9645c00aa3bc4d55b727915b6652642660db0aef086585f?s=96&d=mm&r=g","url":"https:\/\/secure.gravatar.com\/avatar\/bc157e994689bd6da9645c00aa3bc4d55b727915b6652642660db0aef086585f?s=96&d=mm&r=g","contentUrl":"https:\/\/secure.gravatar.com\/avatar\/bc157e994689bd6da9645c00aa3bc4d55b727915b6652642660db0aef086585f?s=96&d=mm&r=g","caption":"Administrador Web"}}]}},"_links":{"self":[{"href":"https:\/\/alcala.salesianos.edu\/colegio\/wp-json\/wp\/v2\/posts\/14227","targetHints":{"allow":["GET"]}}],"collection":[{"href":"https:\/\/alcala.salesianos.edu\/colegio\/wp-json\/wp\/v2\/posts"}],"about":[{"href":"https:\/\/alcala.salesianos.edu\/colegio\/wp-json\/wp\/v2\/types\/post"}],"author":[{"embeddable":true,"href":"https:\/\/alcala.salesianos.edu\/colegio\/wp-json\/wp\/v2\/users\/2"}],"replies":[{"embeddable":true,"href":"https:\/\/alcala.salesianos.edu\/colegio\/wp-json\/wp\/v2\/comments?post=14227"}],"version-history":[{"count":1,"href":"https:\/\/alcala.salesianos.edu\/colegio\/wp-json\/wp\/v2\/posts\/14227\/revisions"}],"predecessor-version":[{"id":16691,"href":"https:\/\/alcala.salesianos.edu\/colegio\/wp-json\/wp\/v2\/posts\/14227\/revisions\/16691"}],"wp:attachment":[{"href":"https:\/\/alcala.salesianos.edu\/colegio\/wp-json\/wp\/v2\/media?parent=14227"}],"wp:term":[{"taxonomy":"category","embeddable":true,"href":"https:\/\/alcala.salesianos.edu\/colegio\/wp-json\/wp\/v2\/categories?post=14227"},{"taxonomy":"post_tag","embeddable":true,"href":"https:\/\/alcala.salesianos.edu\/colegio\/wp-json\/wp\/v2\/tags?post=14227"}],"curies":[{"name":"wp","href":"https:\/\/api.w.org\/{rel}","templated":true}]}}