{"id":14185,"date":"2021-06-25T08:46:21","date_gmt":"2021-06-25T07:46:21","guid":{"rendered":"https:\/\/alcala.salesianos.edu\/colegio\/blog\/2021\/06\/25\/cinco-colegios-salesianos-participan-en-el-proyecto-el-latido-de-la-tierra-3\/"},"modified":"2025-08-27T08:49:51","modified_gmt":"2025-08-27T07:49:51","slug":"cinco-colegios-salesianos-participan-en-el-proyecto-el-latido-de-la-tierra-3","status":"publish","type":"post","link":"https:\/\/alcala.salesianos.edu\/colegio\/blog\/2021\/06\/25\/cinco-colegios-salesianos-participan-en-el-proyecto-el-latido-de-la-tierra-3\/","title":{"rendered":"Cinco colegios salesianos participan en el proyecto \u2018El latido de la Tierra\u2019"},"content":{"rendered":"<div id=\"fb-root\"><\/div>\n\n[et_pb_section fb_built=\u00bb1&#8243; _builder_version=\u00bb4.5.8&#8243; _module_preset=\u00bbdefault\u00bb][et_pb_row _builder_version=\u00bb4.5.8&#8243; _module_preset=\u00bbdefault\u00bb][et_pb_column _builder_version=\u00bb4.5.8&#8243; _module_preset=\u00bbdefault\u00bb type=\u00bb4_4&#8243;][et_pb_text _builder_version=\u00bb4.5.8&#8243; _module_preset=\u00bbdefault\u00bb hover_enabled=\u00bb0&#8243;]<p>Los alumnos de las asignaturas de Biolog\u00eda y Geolog\u00eda de 4\u00ba de Secundaria de los Colegios Salesianos de<strong>\u00a0La Almunia,<\/strong><strong>\u00a0Alcal\u00e1 de Guada\u00edra, Pozoblanco, Palma del R\u00edo y M\u00e1laga\u00a0<\/strong>han trabajado de forma colaborativa en el proyecto\u00a0<strong>EL LATIDO DE LA TIERRA<\/strong>.<\/p>\n<p>\u00abEl objetivo de este proyecto era investigar y recoger informaci\u00f3n sobre los distintos paisajes de Espa\u00f1a. Cada centro que hab\u00eda aceptado el reto, realiz\u00f3 un proyecto sobre su zona, que luego se enviaba a los alumnos de Biolog\u00eda de 4\u00ba de Secundaria de\u00a0<strong>Alcal\u00e1 de Guada\u00edra<\/strong>, quienes se encargaban de recopilar todos los trabajos solicitados\u00bb explica Lidia Borniquel.<\/p>\n<p>El coordinador del proyecto V\u00edctor Garz\u00f3n de Salesianos Alcal\u00e1 explica que la idea surgi\u00f3 del trabajo realizado en clase y a partir de ah\u00ed los alumnos contactaron con los distintos centros salesianos participantes.<\/p>\n[\/et_pb_text][et_pb_video _builder_version=\u00bb4.5.8&#8243; _module_preset=\u00bbdefault\u00bb src=\u00bbhttps:\/\/www.youtube.com\/watch?v=7m1-nvQsHtg\u00bb hover_enabled=\u00bb0&#8243;][\/et_pb_video][et_pb_text _builder_version=\u00bb4.5.8&#8243; _module_preset=\u00bbdefault\u00bb hover_enabled=\u00bb0&#8243;]<p>\u00abLos alumnos, a lo largo del curso, han estado buscando informaci\u00f3n sobre los paisajes de nuestra localidad, para luego elaborar un v\u00eddeo en el que no \u00fanicamente se mostraran dichos paisajes, sino en el que deb\u00edan explicar ellos mismos las caracter\u00edsticas geol\u00f3gicas y biol\u00f3gicas del paisaje elegido de nuestro entorno y donde tambi\u00e9n explicaran las razones por las que hay que conservarlo, lo que les ha hecho reflexionar sobre c\u00f3mo cuidar la naturaleza, algo muy importante y que debemos potenciar todos los centros educativos\u00bb a\u00f1ade V\u00edctor Garz\u00f3n.<\/p>\n<p>En Salesianos\u00a0<strong>Palma del R\u00edo<\/strong>, el profesor responsable fue\u00a0<strong>\u00c1lvaro Manuel<\/strong>\u00a0Castell\u00f3n, en\u00a0<strong>La Almunia<\/strong>\u00a0la profesora\u00a0<strong>Lidia Borniquel<\/strong>, en\u00a0<strong>M\u00e1laga<\/strong>\u00a0el profesor\u00a0<strong>Marta Cazorla<\/strong>\u00a0y en\u00a0<strong>Pozoblanco<\/strong>\u00a0 el profesor\u00a0<strong>Jos\u00e9 Luis Luna<\/strong>.<\/p>\n<p>Adem\u00e1s, han utilizado las TICs, ya que una vez planteado el proyecto, han realizado por grupos, una serie de v\u00eddeos de las diferente zonas locales, que han ido compartiendo en la nube, para finalmente, editar el v\u00eddeo final que se muestra a continuaci\u00f3n.<\/p>\n<p>Un proyecto colaborativo que ha servido para concienciar sobre el cuidado del medio ambiente y seguir haciendo presenta una vez m\u00e1s, la campa\u00f1a que termina con este curso \u00abSomos Uno\u00bb.<\/p>\n[\/et_pb_text][et_pb_video _builder_version=\u00bb4.5.8&#8243; _module_preset=\u00bbdefault\u00bb src=\u00bbhttps:\/\/www.youtube.com\/watch?v=vyGEec4G7v4&#8243; hover_enabled=\u00bb0&#8243;][\/et_pb_video][et_pb_text _builder_version=\u00bb4.5.8&#8243; _module_preset=\u00bbdefault\u00bb hover_enabled=\u00bb0&#8243;]<p>Art\u00edculo de <a href=\"http:\/\/salesianos.info\">salesianos.info.\u00a0<\/a> realizado por Marta Peirat.<\/p>\n<p>&nbsp;<\/p>\n[\/et_pb_text][\/et_pb_column][\/et_pb_row][\/et_pb_section]\n","protected":false},"excerpt":{"rendered":"<p>Han participado los alumnos de las asignaturas de Biolog\u00eda y Geolog\u00eda de 4\u00ba E.S.O. de los Colegios Salesianos de\u00a0\u00a0Alcal\u00e1 de Guada\u00edra, La Almunia, Pozoblanco, Palma del R\u00edo y M\u00e1laga.<\/p>\n","protected":false},"author":2,"featured_media":0,"comment_status":"closed","ping_status":"open","sticky":false,"template":"","format":"standard","meta":{"_et_pb_use_builder":"on","_et_pb_old_content":"","_et_gb_content_width":"","footnotes":""},"categories":[12,23,19,13,17,14,15,18,16,1],"tags":[],"class_list":["post-14185","post","type-post","status-publish","format-standard","hentry","category-colegio","category-covid","category-escuela-abierta","category-fasa","category-infantil","category-pastoral","category-portada","category-primaria","category-secundaria","category-uncategorized"],"yoast_head":"<!-- This site is optimized with the Yoast SEO plugin v28.4 - https:\/\/yoast.com\/product\/yoast-seo-wordpress\/ -->\n<title>Cinco colegios salesianos participan en el proyecto \u2018El latido de la Tierra\u2019 - Colegio Salesiano Alcal\u00e1<\/title>\n<meta name=\"description\" content=\"Los alumnos de las asignaturas de Biolog\u00eda y Geolog\u00eda de 4\u00ba de Secundaria de los Colegios Salesianos de\u00a0La Almunia,\u00a0Alcal\u00e1 de Guada\u00edra, Pozoblanco, Palma del R\u00edo y M\u00e1laga\u00a0han trabajado de forma colaborativa en el proyecto\u00a0EL LATIDO DE LA TIERRA.\" \/>\n<meta name=\"robots\" content=\"index, follow, max-snippet:-1, max-image-preview:large, max-video-preview:-1\" \/>\n<link rel=\"canonical\" href=\"https:\/\/alcala.salesianos.edu\/colegio\/blog\/2021\/06\/25\/cinco-colegios-salesianos-participan-en-el-proyecto-el-latido-de-la-tierra-3\/\" \/>\n<meta property=\"og:locale\" content=\"es_ES\" \/>\n<meta property=\"og:type\" content=\"article\" \/>\n<meta property=\"og:title\" content=\"Cinco colegios salesianos participan en el proyecto \u2018El latido de la Tierra\u2019 - Colegio Salesiano Alcal\u00e1\" \/>\n<meta property=\"og:description\" content=\"Los alumnos de las asignaturas de Biolog\u00eda y Geolog\u00eda de 4\u00ba de Secundaria de los Colegios Salesianos de\u00a0La Almunia,\u00a0Alcal\u00e1 de Guada\u00edra, Pozoblanco, Palma del R\u00edo y M\u00e1laga\u00a0han trabajado de forma colaborativa en el proyecto\u00a0EL LATIDO DE LA TIERRA.\" \/>\n<meta property=\"og:url\" content=\"https:\/\/alcala.salesianos.edu\/colegio\/blog\/2021\/06\/25\/cinco-colegios-salesianos-participan-en-el-proyecto-el-latido-de-la-tierra-3\/\" \/>\n<meta property=\"og:site_name\" content=\"Colegio Salesiano Alcal\u00e1\" \/>\n<meta property=\"article:published_time\" content=\"2021-06-25T07:46:21+00:00\" \/>\n<meta property=\"article:modified_time\" content=\"2025-08-27T07:49:51+00:00\" \/>\n<meta name=\"author\" content=\"Administrador Web\" \/>\n<meta name=\"twitter:card\" content=\"summary_large_image\" \/>\n<meta name=\"twitter:label1\" content=\"Escrito por\" \/>\n\t<meta name=\"twitter:data1\" content=\"Administrador Web\" \/>\n\t<meta name=\"twitter:label2\" content=\"Tiempo de lectura\" \/>\n\t<meta name=\"twitter:data2\" content=\"2 minutos\" \/>\n<script type=\"application\/ld+json\" class=\"yoast-schema-graph\">{\"@context\":\"https:\\\/\\\/schema.org\",\"@graph\":[{\"@type\":\"Article\",\"@id\":\"https:\\\/\\\/alcala.salesianos.edu\\\/colegio\\\/blog\\\/2021\\\/06\\\/25\\\/cinco-colegios-salesianos-participan-en-el-proyecto-el-latido-de-la-tierra-3\\\/#article\",\"isPartOf\":{\"@id\":\"https:\\\/\\\/alcala.salesianos.edu\\\/colegio\\\/blog\\\/2021\\\/06\\\/25\\\/cinco-colegios-salesianos-participan-en-el-proyecto-el-latido-de-la-tierra-3\\\/\"},\"author\":{\"name\":\"Administrador Web\",\"@id\":\"https:\\\/\\\/alcala.salesianos.edu\\\/colegio\\\/#\\\/schema\\\/person\\\/afcc24f776dc91fc2bf9afb0998fca77\"},\"headline\":\"Cinco colegios salesianos participan en el proyecto \u2018El latido de la Tierra\u2019\",\"datePublished\":\"2021-06-25T07:46:21+00:00\",\"dateModified\":\"2025-08-27T07:49:51+00:00\",\"mainEntityOfPage\":{\"@id\":\"https:\\\/\\\/alcala.salesianos.edu\\\/colegio\\\/blog\\\/2021\\\/06\\\/25\\\/cinco-colegios-salesianos-participan-en-el-proyecto-el-latido-de-la-tierra-3\\\/\"},\"wordCount\":498,\"articleSection\":[\"Colegio\",\"covid\",\"Escuela abierta\",\"FASA\",\"Infantil\",\"Pastoral\",\"Portada\",\"Primaria\",\"Secundaria\",\"Uncategorized\"],\"inLanguage\":\"es\"},{\"@type\":\"WebPage\",\"@id\":\"https:\\\/\\\/alcala.salesianos.edu\\\/colegio\\\/blog\\\/2021\\\/06\\\/25\\\/cinco-colegios-salesianos-participan-en-el-proyecto-el-latido-de-la-tierra-3\\\/\",\"url\":\"https:\\\/\\\/alcala.salesianos.edu\\\/colegio\\\/blog\\\/2021\\\/06\\\/25\\\/cinco-colegios-salesianos-participan-en-el-proyecto-el-latido-de-la-tierra-3\\\/\",\"name\":\"Cinco colegios salesianos participan en el proyecto \u2018El latido de la Tierra\u2019 - Colegio Salesiano Alcal\u00e1\",\"isPartOf\":{\"@id\":\"https:\\\/\\\/alcala.salesianos.edu\\\/colegio\\\/#website\"},\"datePublished\":\"2021-06-25T07:46:21+00:00\",\"dateModified\":\"2025-08-27T07:49:51+00:00\",\"author\":{\"@id\":\"https:\\\/\\\/alcala.salesianos.edu\\\/colegio\\\/#\\\/schema\\\/person\\\/afcc24f776dc91fc2bf9afb0998fca77\"},\"description\":\"Los alumnos de las asignaturas de Biolog\u00eda y Geolog\u00eda de 4\u00ba de Secundaria de los Colegios Salesianos de\u00a0La Almunia,\u00a0Alcal\u00e1 de Guada\u00edra, Pozoblanco, Palma del R\u00edo y M\u00e1laga\u00a0han trabajado de forma colaborativa en el proyecto\u00a0EL LATIDO DE LA TIERRA.\",\"breadcrumb\":{\"@id\":\"https:\\\/\\\/alcala.salesianos.edu\\\/colegio\\\/blog\\\/2021\\\/06\\\/25\\\/cinco-colegios-salesianos-participan-en-el-proyecto-el-latido-de-la-tierra-3\\\/#breadcrumb\"},\"inLanguage\":\"es\",\"potentialAction\":[{\"@type\":\"ReadAction\",\"target\":[\"https:\\\/\\\/alcala.salesianos.edu\\\/colegio\\\/blog\\\/2021\\\/06\\\/25\\\/cinco-colegios-salesianos-participan-en-el-proyecto-el-latido-de-la-tierra-3\\\/\"]}]},{\"@type\":\"BreadcrumbList\",\"@id\":\"https:\\\/\\\/alcala.salesianos.edu\\\/colegio\\\/blog\\\/2021\\\/06\\\/25\\\/cinco-colegios-salesianos-participan-en-el-proyecto-el-latido-de-la-tierra-3\\\/#breadcrumb\",\"itemListElement\":[{\"@type\":\"ListItem\",\"position\":1,\"name\":\"Portada\",\"item\":\"https:\\\/\\\/alcala.salesianos.edu\\\/colegio\\\/\"},{\"@type\":\"ListItem\",\"position\":2,\"name\":\"Cinco colegios salesianos participan en el proyecto \u2018El latido de la Tierra\u2019\"}]},{\"@type\":\"WebSite\",\"@id\":\"https:\\\/\\\/alcala.salesianos.edu\\\/colegio\\\/#website\",\"url\":\"https:\\\/\\\/alcala.salesianos.edu\\\/colegio\\\/\",\"name\":\"Colegio Salesiano Alcal\u00e1\",\"description\":\"P\u00e1gina oficial de Salesianos Alcal\u00e1 de Guadaira\",\"potentialAction\":[{\"@type\":\"SearchAction\",\"target\":{\"@type\":\"EntryPoint\",\"urlTemplate\":\"https:\\\/\\\/alcala.salesianos.edu\\\/colegio\\\/?s={search_term_string}\"},\"query-input\":{\"@type\":\"PropertyValueSpecification\",\"valueRequired\":true,\"valueName\":\"search_term_string\"}}],\"inLanguage\":\"es\"},{\"@type\":\"Person\",\"@id\":\"https:\\\/\\\/alcala.salesianos.edu\\\/colegio\\\/#\\\/schema\\\/person\\\/afcc24f776dc91fc2bf9afb0998fca77\",\"name\":\"Administrador Web\",\"image\":{\"@type\":\"ImageObject\",\"inLanguage\":\"es\",\"@id\":\"https:\\\/\\\/secure.gravatar.com\\\/avatar\\\/bc157e994689bd6da9645c00aa3bc4d55b727915b6652642660db0aef086585f?s=96&d=mm&r=g\",\"url\":\"https:\\\/\\\/secure.gravatar.com\\\/avatar\\\/bc157e994689bd6da9645c00aa3bc4d55b727915b6652642660db0aef086585f?s=96&d=mm&r=g\",\"contentUrl\":\"https:\\\/\\\/secure.gravatar.com\\\/avatar\\\/bc157e994689bd6da9645c00aa3bc4d55b727915b6652642660db0aef086585f?s=96&d=mm&r=g\",\"caption\":\"Administrador Web\"}}]}<\/script>\n<!-- \/ Yoast SEO plugin. -->","yoast_head_json":{"title":"Cinco colegios salesianos participan en el proyecto \u2018El latido de la Tierra\u2019 - Colegio Salesiano Alcal\u00e1","description":"Los alumnos de las asignaturas de Biolog\u00eda y Geolog\u00eda de 4\u00ba de Secundaria de los Colegios Salesianos de\u00a0La Almunia,\u00a0Alcal\u00e1 de Guada\u00edra, Pozoblanco, Palma del R\u00edo y M\u00e1laga\u00a0han trabajado de forma colaborativa en el proyecto\u00a0EL LATIDO DE LA TIERRA.","robots":{"index":"index","follow":"follow","max-snippet":"max-snippet:-1","max-image-preview":"max-image-preview:large","max-video-preview":"max-video-preview:-1"},"canonical":"https:\/\/alcala.salesianos.edu\/colegio\/blog\/2021\/06\/25\/cinco-colegios-salesianos-participan-en-el-proyecto-el-latido-de-la-tierra-3\/","og_locale":"es_ES","og_type":"article","og_title":"Cinco colegios salesianos participan en el proyecto \u2018El latido de la Tierra\u2019 - Colegio Salesiano Alcal\u00e1","og_description":"Los alumnos de las asignaturas de Biolog\u00eda y Geolog\u00eda de 4\u00ba de Secundaria de los Colegios Salesianos de\u00a0La Almunia,\u00a0Alcal\u00e1 de Guada\u00edra, Pozoblanco, Palma del R\u00edo y M\u00e1laga\u00a0han trabajado de forma colaborativa en el proyecto\u00a0EL LATIDO DE LA TIERRA.","og_url":"https:\/\/alcala.salesianos.edu\/colegio\/blog\/2021\/06\/25\/cinco-colegios-salesianos-participan-en-el-proyecto-el-latido-de-la-tierra-3\/","og_site_name":"Colegio Salesiano Alcal\u00e1","article_published_time":"2021-06-25T07:46:21+00:00","article_modified_time":"2025-08-27T07:49:51+00:00","author":"Administrador Web","twitter_card":"summary_large_image","twitter_misc":{"Escrito por":"Administrador Web","Tiempo de lectura":"2 minutos"},"schema":{"@context":"https:\/\/schema.org","@graph":[{"@type":"Article","@id":"https:\/\/alcala.salesianos.edu\/colegio\/blog\/2021\/06\/25\/cinco-colegios-salesianos-participan-en-el-proyecto-el-latido-de-la-tierra-3\/#article","isPartOf":{"@id":"https:\/\/alcala.salesianos.edu\/colegio\/blog\/2021\/06\/25\/cinco-colegios-salesianos-participan-en-el-proyecto-el-latido-de-la-tierra-3\/"},"author":{"name":"Administrador Web","@id":"https:\/\/alcala.salesianos.edu\/colegio\/#\/schema\/person\/afcc24f776dc91fc2bf9afb0998fca77"},"headline":"Cinco colegios salesianos participan en el proyecto \u2018El latido de la Tierra\u2019","datePublished":"2021-06-25T07:46:21+00:00","dateModified":"2025-08-27T07:49:51+00:00","mainEntityOfPage":{"@id":"https:\/\/alcala.salesianos.edu\/colegio\/blog\/2021\/06\/25\/cinco-colegios-salesianos-participan-en-el-proyecto-el-latido-de-la-tierra-3\/"},"wordCount":498,"articleSection":["Colegio","covid","Escuela abierta","FASA","Infantil","Pastoral","Portada","Primaria","Secundaria","Uncategorized"],"inLanguage":"es"},{"@type":"WebPage","@id":"https:\/\/alcala.salesianos.edu\/colegio\/blog\/2021\/06\/25\/cinco-colegios-salesianos-participan-en-el-proyecto-el-latido-de-la-tierra-3\/","url":"https:\/\/alcala.salesianos.edu\/colegio\/blog\/2021\/06\/25\/cinco-colegios-salesianos-participan-en-el-proyecto-el-latido-de-la-tierra-3\/","name":"Cinco colegios salesianos participan en el proyecto \u2018El latido de la Tierra\u2019 - Colegio Salesiano Alcal\u00e1","isPartOf":{"@id":"https:\/\/alcala.salesianos.edu\/colegio\/#website"},"datePublished":"2021-06-25T07:46:21+00:00","dateModified":"2025-08-27T07:49:51+00:00","author":{"@id":"https:\/\/alcala.salesianos.edu\/colegio\/#\/schema\/person\/afcc24f776dc91fc2bf9afb0998fca77"},"description":"Los alumnos de las asignaturas de Biolog\u00eda y Geolog\u00eda de 4\u00ba de Secundaria de los Colegios Salesianos de\u00a0La Almunia,\u00a0Alcal\u00e1 de Guada\u00edra, Pozoblanco, Palma del R\u00edo y M\u00e1laga\u00a0han trabajado de forma colaborativa en el proyecto\u00a0EL LATIDO DE LA TIERRA.","breadcrumb":{"@id":"https:\/\/alcala.salesianos.edu\/colegio\/blog\/2021\/06\/25\/cinco-colegios-salesianos-participan-en-el-proyecto-el-latido-de-la-tierra-3\/#breadcrumb"},"inLanguage":"es","potentialAction":[{"@type":"ReadAction","target":["https:\/\/alcala.salesianos.edu\/colegio\/blog\/2021\/06\/25\/cinco-colegios-salesianos-participan-en-el-proyecto-el-latido-de-la-tierra-3\/"]}]},{"@type":"BreadcrumbList","@id":"https:\/\/alcala.salesianos.edu\/colegio\/blog\/2021\/06\/25\/cinco-colegios-salesianos-participan-en-el-proyecto-el-latido-de-la-tierra-3\/#breadcrumb","itemListElement":[{"@type":"ListItem","position":1,"name":"Portada","item":"https:\/\/alcala.salesianos.edu\/colegio\/"},{"@type":"ListItem","position":2,"name":"Cinco colegios salesianos participan en el proyecto \u2018El latido de la Tierra\u2019"}]},{"@type":"WebSite","@id":"https:\/\/alcala.salesianos.edu\/colegio\/#website","url":"https:\/\/alcala.salesianos.edu\/colegio\/","name":"Colegio Salesiano Alcal\u00e1","description":"P\u00e1gina oficial de Salesianos Alcal\u00e1 de Guadaira","potentialAction":[{"@type":"SearchAction","target":{"@type":"EntryPoint","urlTemplate":"https:\/\/alcala.salesianos.edu\/colegio\/?s={search_term_string}"},"query-input":{"@type":"PropertyValueSpecification","valueRequired":true,"valueName":"search_term_string"}}],"inLanguage":"es"},{"@type":"Person","@id":"https:\/\/alcala.salesianos.edu\/colegio\/#\/schema\/person\/afcc24f776dc91fc2bf9afb0998fca77","name":"Administrador Web","image":{"@type":"ImageObject","inLanguage":"es","@id":"https:\/\/secure.gravatar.com\/avatar\/bc157e994689bd6da9645c00aa3bc4d55b727915b6652642660db0aef086585f?s=96&d=mm&r=g","url":"https:\/\/secure.gravatar.com\/avatar\/bc157e994689bd6da9645c00aa3bc4d55b727915b6652642660db0aef086585f?s=96&d=mm&r=g","contentUrl":"https:\/\/secure.gravatar.com\/avatar\/bc157e994689bd6da9645c00aa3bc4d55b727915b6652642660db0aef086585f?s=96&d=mm&r=g","caption":"Administrador Web"}}]}},"_links":{"self":[{"href":"https:\/\/alcala.salesianos.edu\/colegio\/wp-json\/wp\/v2\/posts\/14185","targetHints":{"allow":["GET"]}}],"collection":[{"href":"https:\/\/alcala.salesianos.edu\/colegio\/wp-json\/wp\/v2\/posts"}],"about":[{"href":"https:\/\/alcala.salesianos.edu\/colegio\/wp-json\/wp\/v2\/types\/post"}],"author":[{"embeddable":true,"href":"https:\/\/alcala.salesianos.edu\/colegio\/wp-json\/wp\/v2\/users\/2"}],"replies":[{"embeddable":true,"href":"https:\/\/alcala.salesianos.edu\/colegio\/wp-json\/wp\/v2\/comments?post=14185"}],"version-history":[{"count":1,"href":"https:\/\/alcala.salesianos.edu\/colegio\/wp-json\/wp\/v2\/posts\/14185\/revisions"}],"predecessor-version":[{"id":14189,"href":"https:\/\/alcala.salesianos.edu\/colegio\/wp-json\/wp\/v2\/posts\/14185\/revisions\/14189"}],"wp:attachment":[{"href":"https:\/\/alcala.salesianos.edu\/colegio\/wp-json\/wp\/v2\/media?parent=14185"}],"wp:term":[{"taxonomy":"category","embeddable":true,"href":"https:\/\/alcala.salesianos.edu\/colegio\/wp-json\/wp\/v2\/categories?post=14185"},{"taxonomy":"post_tag","embeddable":true,"href":"https:\/\/alcala.salesianos.edu\/colegio\/wp-json\/wp\/v2\/tags?post=14185"}],"curies":[{"name":"wp","href":"https:\/\/api.w.org\/{rel}","templated":true}]}}