{"id":14061,"date":"2021-05-28T07:40:57","date_gmt":"2021-05-28T06:40:57","guid":{"rendered":"https:\/\/alcala.salesianos.edu\/colegio\/blog\/2021\/05\/28\/maria-auxiliadora-alcala-colegio-24-mayo\/"},"modified":"2025-08-27T08:49:55","modified_gmt":"2025-08-27T07:49:55","slug":"maria-auxiliadora-alcala-colegio-24-mayo","status":"publish","type":"post","link":"https:\/\/alcala.salesianos.edu\/colegio\/blog\/2021\/05\/28\/maria-auxiliadora-alcala-colegio-24-mayo\/","title":{"rendered":"Finalizan las celebraciones de M\u00aa Auxiliadora en nuestro colegio"},"content":{"rendered":"<div id=\"fb-root\"><\/div>\n\n\n[et_pb_section fb_built=\u00bb1&#8243; _builder_version=\u00bb4.5.8&#8243; _module_preset=\u00bbdefault\u00bb][et_pb_row _builder_version=\u00bb4.5.8&#8243; _module_preset=\u00bbdefault\u00bb][et_pb_column _builder_version=\u00bb4.5.8&#8243; _module_preset=\u00bbdefault\u00bb type=\u00bb4_4&#8243;][et_pb_text _builder_version=\u00bb4.5.8&#8243; _module_preset=\u00bbdefault\u00bb hover_enabled=\u00bb0&#8243;]<p>Como cada a\u00f1o, nuestra Casa salesiana ha celebrado el d\u00eda de nuestra Madre Mar\u00eda Auxiliadora, con el cari\u00f1o y la alegr\u00eda que tanto nos caracteriza.<\/p>\n<p>&nbsp;<\/p>\n<p>Durante los d\u00edas 19, 20 y 21 de mayo, ha tenido lugar el triduo escolar, donde los alumnos han participado de forma activa a trav\u00e9s de numerosos gestos de elaboraci\u00f3n propia, como unas ofrendas florales y, tambi\u00e9n, peticiones y acciones de gracia que cada alumno deposit\u00f3 junto a un mural con la imagen de la Virgen.<\/p>\n<p>&nbsp;<\/p>\n<p>Otro gesto que se le ha dedicado a nuestra Madre en cada aula, ha consistido en colocar la imagen de la Virgen en un peque\u00f1o altar, donde los alumnos han participado en la decoraci\u00f3n con flores, dibujos, murales, etc.<\/p>\n<p>&nbsp;<\/p>\n<p>Por otro lado, todo el alumnado, tanto de Infantil como de Educaci\u00f3n Secundaria, han participado en un concurso de dibujo con motivo de la celebraci\u00f3n de la fiesta de Mar\u00eda Auxiliadora.<\/p>\n<p>&nbsp;<\/p>\n<p>Durante la ma\u00f1ana del 24 de mayo, han sido numerosas actividades las que se han llevado a cabo cumpliendo el protocolo de medidas de seguridad en prevenci\u00f3n del Covid-19.<\/p>\n<p>De esta manera, se ha celebrado a primera hora de la ma\u00f1ana, una eucarist\u00eda en el patio con la presencia de todas las etapas educativas, cuya predicaci\u00f3n fue realizada por los miembros de la Comunidad Salesiana de nuestra Casa.<\/p>\n<p>Posteriormente, se llevaron a cabo de manera organizada, diversas actividades que tuvieron gran acogida por nuestro alumnado: t\u00edteres, magia, juegos en clase, la Caravana de la alegr\u00eda, m\u00fasica y baile, etc.<\/p>\n<p>&nbsp;<\/p>\n<p>Este a\u00f1o especialmente, tenemos mucho que agradecerle a nuestra Madre Mar\u00eda Auxiliadora y le pedimos por la protecci\u00f3n de todos.<\/p>\n[\/et_pb_text][et_pb_slider _builder_version=\u00bb4.5.8&#8243; _module_preset=\u00bbdefault\u00bb hover_enabled=\u00bb0&#8243; title_text=\u00bb111&#8243; background_enable_image=\u00bboff\u00bb][et_pb_slide _builder_version=\u00bb4.5.8&#8243; _module_preset=\u00bbdefault\u00bb title_text=\u00bbDJI_20210524_102614_171_pano\u00bb background_image=\u00bbhttps:\/\/alcala.salesianos.edu\/wp-content\/uploads\/2021\/05\/DJI_20210524_102614_171_pano.jpg\u00bb background_enable_image=\u00bbon\u00bb hover_enabled=\u00bb0&#8243;]<p>&nbsp;<\/p>\n<p>&nbsp;<\/p>\n<p>&nbsp;<\/p>\n<p>&nbsp;<\/p>\n<p>&nbsp;<\/p>\n<p>&nbsp;<\/p>\n<p>&nbsp;<\/p>\n<p>&nbsp;<\/p>\n<p>&nbsp;<\/p>\n<p>&nbsp;<\/p>\n<p>&nbsp;<\/p>\n<p>&nbsp;<\/p>\n<p>&nbsp;<\/p>\n<p>&nbsp;<\/p>\n<p>&nbsp;<\/p>\n<p>&nbsp;<\/p>\n<p>&nbsp;<\/p>\n<p>&nbsp;<\/p>\n[\/et_pb_slide][et_pb_slide _builder_version=\u00bb4.5.8&#8243; _module_preset=\u00bbdefault\u00bb title_text=\u00bb111&#8243; background_image=\u00bbhttps:\/\/alcala.salesianos.edu\/wp-content\/uploads\/2021\/05\/111.jpeg\u00bb background_enable_image=\u00bbon\u00bb hover_enabled=\u00bb0&#8243;]<p>&nbsp;<\/p>\n<p>&nbsp;<\/p>\n<p>&nbsp;<\/p>\n<p>&nbsp;<\/p>\n<p>&nbsp;<\/p>\n<p>&nbsp;<\/p>\n<p>&nbsp;<\/p>\n<p>&nbsp;<\/p>\n<p>&nbsp;<\/p>\n<p>&nbsp;<\/p>\n<p>&nbsp;<\/p>\n<p>&nbsp;<\/p>\n<p>&nbsp;<\/p>\n<p>&nbsp;<\/p>\n<p>&nbsp;<\/p>\n<p>&nbsp;<\/p>\n<p>&nbsp;<\/p>\n<p>&nbsp;<\/p>\n[\/et_pb_slide][et_pb_slide _builder_version=\u00bb4.5.8&#8243; _module_preset=\u00bbdefault\u00bb title_text=\u00bb2222&#8243; background_image=\u00bbhttps:\/\/alcala.salesianos.edu\/wp-content\/uploads\/2021\/05\/2222.jpeg\u00bb background_enable_image=\u00bbon\u00bb hover_enabled=\u00bb0&#8243;]<p>&nbsp;<\/p>\n<p>&nbsp;<\/p>\n<p>&nbsp;<\/p>\n<p>&nbsp;<\/p>\n<p>&nbsp;<\/p>\n<p>&nbsp;<\/p>\n<p>&nbsp;<\/p>\n<p>&nbsp;<\/p>\n<p>&nbsp;<\/p>\n<p>&nbsp;<\/p>\n<p>&nbsp;<\/p>\n<p>&nbsp;<\/p>\n<p>&nbsp;<\/p>\n<p>&nbsp;<\/p>\n<p>&nbsp;<\/p>\n<p>&nbsp;<\/p>\n<p>&nbsp;<\/p>\n<p>&nbsp;<\/p>\n[\/et_pb_slide][et_pb_slide _builder_version=\u00bb4.5.8&#8243; _module_preset=\u00bbdefault\u00bb title_text=\u00bbWhatsApp Image 2021-05-27 at 10.33.13&#8243; background_image=\u00bbhttps:\/\/alcala.salesianos.edu\/wp-content\/uploads\/2021\/05\/WhatsApp-Image-2021-05-27-at-10.33.13.jpeg\u00bb background_enable_image=\u00bbon\u00bb hover_enabled=\u00bb0&#8243;]<p>&nbsp;<\/p>\n<p>&nbsp;<\/p>\n<p>&nbsp;<\/p>\n<p>&nbsp;<\/p>\n<p>&nbsp;<\/p>\n<p>&nbsp;<\/p>\n<p>&nbsp;<\/p>\n<p>&nbsp;<\/p>\n<p>&nbsp;<\/p>\n<p>&nbsp;<\/p>\n<p>&nbsp;<\/p>\n<p>&nbsp;<\/p>\n<p>&nbsp;<\/p>\n<p>&nbsp;<\/p>\n<p>&nbsp;<\/p>\n<p>&nbsp;<\/p>\n<p>&nbsp;<\/p>\n<p>&nbsp;<\/p>\n[\/et_pb_slide][et_pb_slide _builder_version=\u00bb4.5.8&#8243; _module_preset=\u00bbdefault\u00bb title_text=\u00bbWhatsApp Image 2021-05-27 at 10.28.09&#8243; background_image=\u00bbhttps:\/\/alcala.salesianos.edu\/wp-content\/uploads\/2021\/05\/WhatsApp-Image-2021-05-27-at-10.28.09.jpeg\u00bb background_enable_image=\u00bbon\u00bb hover_enabled=\u00bb0&#8243;]<p>&nbsp;<\/p>\n<p>&nbsp;<\/p>\n<p>&nbsp;<\/p>\n<p>&nbsp;<\/p>\n<p>&nbsp;<\/p>\n<p>&nbsp;<\/p>\n<p>&nbsp;<\/p>\n<p>&nbsp;<\/p>\n<p>&nbsp;<\/p>\n<p>&nbsp;<\/p>\n<p>&nbsp;<\/p>\n<p>&nbsp;<\/p>\n<p>&nbsp;<\/p>\n<p>&nbsp;<\/p>\n<p>&nbsp;<\/p>\n<p>&nbsp;<\/p>\n<p>&nbsp;<\/p>\n<p>&nbsp;<\/p>\n[\/et_pb_slide][et_pb_slide _builder_version=\u00bb4.5.8&#8243; _module_preset=\u00bbdefault\u00bb title_text=\u00bbWhatsApp Image 2021-05-27 at 10.28.05&#8243; background_image=\u00bbhttps:\/\/alcala.salesianos.edu\/wp-content\/uploads\/2021\/05\/WhatsApp-Image-2021-05-27-at-10.28.05.jpeg\u00bb background_enable_image=\u00bbon\u00bb hover_enabled=\u00bb0&#8243;]<p>&nbsp;<\/p>\n<p>&nbsp;<\/p>\n<p>&nbsp;<\/p>\n<p>&nbsp;<\/p>\n<p>&nbsp;<\/p>\n<p>&nbsp;<\/p>\n<p>&nbsp;<\/p>\n<p>&nbsp;<\/p>\n<p>&nbsp;<\/p>\n<p>&nbsp;<\/p>\n<p>&nbsp;<\/p>\n<p>&nbsp;<\/p>\n<p>&nbsp;<\/p>\n<p>&nbsp;<\/p>\n<p>&nbsp;<\/p>\n<p>&nbsp;<\/p>\n<p>&nbsp;<\/p>\n<p>&nbsp;<\/p>\n[\/et_pb_slide][et_pb_slide _builder_version=\u00bb4.5.8&#8243; _module_preset=\u00bbdefault\u00bb title_text=\u00bbWhatsApp Image 2021-05-27 at 10.28.00&#8243; background_image=\u00bbhttps:\/\/alcala.salesianos.edu\/wp-content\/uploads\/2021\/05\/WhatsApp-Image-2021-05-27-at-10.28.00.jpeg\u00bb background_enable_image=\u00bbon\u00bb hover_enabled=\u00bb0&#8243;]<p>&nbsp;<\/p>\n<p>&nbsp;<\/p>\n<p>&nbsp;<\/p>\n<p>&nbsp;<\/p>\n<p>&nbsp;<\/p>\n<p>&nbsp;<\/p>\n<p>&nbsp;<\/p>\n<p>&nbsp;<\/p>\n<p>&nbsp;<\/p>\n<p>&nbsp;<\/p>\n<p>&nbsp;<\/p>\n<p>&nbsp;<\/p>\n<p>&nbsp;<\/p>\n<p>&nbsp;<\/p>\n<p>&nbsp;<\/p>\n<p>&nbsp;<\/p>\n<p>&nbsp;<\/p>\n<p>&nbsp;<\/p>\n[\/et_pb_slide][\/et_pb_slider][\/et_pb_column][\/et_pb_row][\/et_pb_section]\n\n","protected":false},"excerpt":{"rendered":"<p>Como cada a\u00f1o, nuestra Casa salesiana ha celebrado el d\u00eda de nuestra Madre Mar\u00eda Auxiliadora, con el cari\u00f1o y la alegr\u00eda que tanto nos caracteriza. <\/p>\n","protected":false},"author":2,"featured_media":0,"comment_status":"closed","ping_status":"open","sticky":false,"template":"","format":"standard","meta":{"_et_pb_use_builder":"on","_et_pb_old_content":"","_et_gb_content_width":"","footnotes":""},"categories":[12,23,13,17,14,15,18,16,1],"tags":[],"class_list":["post-14061","post","type-post","status-publish","format-standard","hentry","category-colegio","category-covid","category-fasa","category-infantil","category-pastoral","category-portada","category-primaria","category-secundaria","category-uncategorized"],"yoast_head":"<!-- This site is optimized with the Yoast SEO plugin v28.4 - https:\/\/yoast.com\/product\/yoast-seo-wordpress\/ -->\n<title>Finalizan las celebraciones de M\u00aa Auxiliadora en nuestro colegio - Colegio Salesiano Alcal\u00e1<\/title>\n<meta name=\"description\" content=\"Como cada a\u00f1o, nuestra Casa salesiana ha celebrado el d\u00eda de nuestra Madre Mar\u00eda Auxiliadora, con el cari\u00f1o y la alegr\u00eda que tanto nos caracteriza.\" \/>\n<meta name=\"robots\" content=\"index, follow, max-snippet:-1, max-image-preview:large, max-video-preview:-1\" \/>\n<link rel=\"canonical\" href=\"https:\/\/alcala.salesianos.edu\/colegio\/blog\/2021\/05\/28\/maria-auxiliadora-alcala-colegio-24-mayo\/\" \/>\n<meta property=\"og:locale\" content=\"es_ES\" \/>\n<meta property=\"og:type\" content=\"article\" \/>\n<meta property=\"og:title\" content=\"Finalizan las celebraciones de M\u00aa Auxiliadora en nuestro colegio - Colegio Salesiano Alcal\u00e1\" \/>\n<meta property=\"og:description\" content=\"Como cada a\u00f1o, nuestra Casa salesiana ha celebrado el d\u00eda de nuestra Madre Mar\u00eda Auxiliadora, con el cari\u00f1o y la alegr\u00eda que tanto nos caracteriza.\" \/>\n<meta property=\"og:url\" content=\"https:\/\/alcala.salesianos.edu\/colegio\/blog\/2021\/05\/28\/maria-auxiliadora-alcala-colegio-24-mayo\/\" \/>\n<meta property=\"og:site_name\" content=\"Colegio Salesiano Alcal\u00e1\" \/>\n<meta property=\"article:published_time\" content=\"2021-05-28T06:40:57+00:00\" \/>\n<meta property=\"article:modified_time\" content=\"2025-08-27T07:49:55+00:00\" \/>\n<meta name=\"author\" content=\"Administrador Web\" \/>\n<meta name=\"twitter:card\" content=\"summary_large_image\" \/>\n<meta name=\"twitter:label1\" content=\"Escrito por\" \/>\n\t<meta name=\"twitter:data1\" content=\"Administrador Web\" \/>\n\t<meta name=\"twitter:label2\" content=\"Tiempo de lectura\" \/>\n\t<meta name=\"twitter:data2\" content=\"3 minutos\" \/>\n<script type=\"application\/ld+json\" class=\"yoast-schema-graph\">{\"@context\":\"https:\\\/\\\/schema.org\",\"@graph\":[{\"@type\":\"Article\",\"@id\":\"https:\\\/\\\/alcala.salesianos.edu\\\/colegio\\\/blog\\\/2021\\\/05\\\/28\\\/maria-auxiliadora-alcala-colegio-24-mayo\\\/#article\",\"isPartOf\":{\"@id\":\"https:\\\/\\\/alcala.salesianos.edu\\\/colegio\\\/blog\\\/2021\\\/05\\\/28\\\/maria-auxiliadora-alcala-colegio-24-mayo\\\/\"},\"author\":{\"name\":\"Administrador Web\",\"@id\":\"https:\\\/\\\/alcala.salesianos.edu\\\/colegio\\\/#\\\/schema\\\/person\\\/afcc24f776dc91fc2bf9afb0998fca77\"},\"headline\":\"Finalizan las celebraciones de M\u00aa Auxiliadora en nuestro colegio\",\"datePublished\":\"2021-05-28T06:40:57+00:00\",\"dateModified\":\"2025-08-27T07:49:55+00:00\",\"mainEntityOfPage\":{\"@id\":\"https:\\\/\\\/alcala.salesianos.edu\\\/colegio\\\/blog\\\/2021\\\/05\\\/28\\\/maria-auxiliadora-alcala-colegio-24-mayo\\\/\"},\"wordCount\":735,\"articleSection\":[\"Colegio\",\"covid\",\"FASA\",\"Infantil\",\"Pastoral\",\"Portada\",\"Primaria\",\"Secundaria\",\"Uncategorized\"],\"inLanguage\":\"es\"},{\"@type\":\"WebPage\",\"@id\":\"https:\\\/\\\/alcala.salesianos.edu\\\/colegio\\\/blog\\\/2021\\\/05\\\/28\\\/maria-auxiliadora-alcala-colegio-24-mayo\\\/\",\"url\":\"https:\\\/\\\/alcala.salesianos.edu\\\/colegio\\\/blog\\\/2021\\\/05\\\/28\\\/maria-auxiliadora-alcala-colegio-24-mayo\\\/\",\"name\":\"Finalizan las celebraciones de M\u00aa Auxiliadora en nuestro colegio - Colegio Salesiano Alcal\u00e1\",\"isPartOf\":{\"@id\":\"https:\\\/\\\/alcala.salesianos.edu\\\/colegio\\\/#website\"},\"datePublished\":\"2021-05-28T06:40:57+00:00\",\"dateModified\":\"2025-08-27T07:49:55+00:00\",\"author\":{\"@id\":\"https:\\\/\\\/alcala.salesianos.edu\\\/colegio\\\/#\\\/schema\\\/person\\\/afcc24f776dc91fc2bf9afb0998fca77\"},\"description\":\"Como cada a\u00f1o, nuestra Casa salesiana ha celebrado el d\u00eda de nuestra Madre Mar\u00eda Auxiliadora, con el cari\u00f1o y la alegr\u00eda que tanto nos caracteriza.\",\"breadcrumb\":{\"@id\":\"https:\\\/\\\/alcala.salesianos.edu\\\/colegio\\\/blog\\\/2021\\\/05\\\/28\\\/maria-auxiliadora-alcala-colegio-24-mayo\\\/#breadcrumb\"},\"inLanguage\":\"es\",\"potentialAction\":[{\"@type\":\"ReadAction\",\"target\":[\"https:\\\/\\\/alcala.salesianos.edu\\\/colegio\\\/blog\\\/2021\\\/05\\\/28\\\/maria-auxiliadora-alcala-colegio-24-mayo\\\/\"]}]},{\"@type\":\"BreadcrumbList\",\"@id\":\"https:\\\/\\\/alcala.salesianos.edu\\\/colegio\\\/blog\\\/2021\\\/05\\\/28\\\/maria-auxiliadora-alcala-colegio-24-mayo\\\/#breadcrumb\",\"itemListElement\":[{\"@type\":\"ListItem\",\"position\":1,\"name\":\"Portada\",\"item\":\"https:\\\/\\\/alcala.salesianos.edu\\\/colegio\\\/\"},{\"@type\":\"ListItem\",\"position\":2,\"name\":\"Finalizan las celebraciones de M\u00aa Auxiliadora en nuestro colegio\"}]},{\"@type\":\"WebSite\",\"@id\":\"https:\\\/\\\/alcala.salesianos.edu\\\/colegio\\\/#website\",\"url\":\"https:\\\/\\\/alcala.salesianos.edu\\\/colegio\\\/\",\"name\":\"Colegio Salesiano Alcal\u00e1\",\"description\":\"P\u00e1gina oficial de Salesianos Alcal\u00e1 de Guadaira\",\"potentialAction\":[{\"@type\":\"SearchAction\",\"target\":{\"@type\":\"EntryPoint\",\"urlTemplate\":\"https:\\\/\\\/alcala.salesianos.edu\\\/colegio\\\/?s={search_term_string}\"},\"query-input\":{\"@type\":\"PropertyValueSpecification\",\"valueRequired\":true,\"valueName\":\"search_term_string\"}}],\"inLanguage\":\"es\"},{\"@type\":\"Person\",\"@id\":\"https:\\\/\\\/alcala.salesianos.edu\\\/colegio\\\/#\\\/schema\\\/person\\\/afcc24f776dc91fc2bf9afb0998fca77\",\"name\":\"Administrador Web\",\"image\":{\"@type\":\"ImageObject\",\"inLanguage\":\"es\",\"@id\":\"https:\\\/\\\/secure.gravatar.com\\\/avatar\\\/bc157e994689bd6da9645c00aa3bc4d55b727915b6652642660db0aef086585f?s=96&d=mm&r=g\",\"url\":\"https:\\\/\\\/secure.gravatar.com\\\/avatar\\\/bc157e994689bd6da9645c00aa3bc4d55b727915b6652642660db0aef086585f?s=96&d=mm&r=g\",\"contentUrl\":\"https:\\\/\\\/secure.gravatar.com\\\/avatar\\\/bc157e994689bd6da9645c00aa3bc4d55b727915b6652642660db0aef086585f?s=96&d=mm&r=g\",\"caption\":\"Administrador Web\"}}]}<\/script>\n<!-- \/ Yoast SEO plugin. -->","yoast_head_json":{"title":"Finalizan las celebraciones de M\u00aa Auxiliadora en nuestro colegio - Colegio Salesiano Alcal\u00e1","description":"Como cada a\u00f1o, nuestra Casa salesiana ha celebrado el d\u00eda de nuestra Madre Mar\u00eda Auxiliadora, con el cari\u00f1o y la alegr\u00eda que tanto nos caracteriza.","robots":{"index":"index","follow":"follow","max-snippet":"max-snippet:-1","max-image-preview":"max-image-preview:large","max-video-preview":"max-video-preview:-1"},"canonical":"https:\/\/alcala.salesianos.edu\/colegio\/blog\/2021\/05\/28\/maria-auxiliadora-alcala-colegio-24-mayo\/","og_locale":"es_ES","og_type":"article","og_title":"Finalizan las celebraciones de M\u00aa Auxiliadora en nuestro colegio - Colegio Salesiano Alcal\u00e1","og_description":"Como cada a\u00f1o, nuestra Casa salesiana ha celebrado el d\u00eda de nuestra Madre Mar\u00eda Auxiliadora, con el cari\u00f1o y la alegr\u00eda que tanto nos caracteriza.","og_url":"https:\/\/alcala.salesianos.edu\/colegio\/blog\/2021\/05\/28\/maria-auxiliadora-alcala-colegio-24-mayo\/","og_site_name":"Colegio Salesiano Alcal\u00e1","article_published_time":"2021-05-28T06:40:57+00:00","article_modified_time":"2025-08-27T07:49:55+00:00","author":"Administrador Web","twitter_card":"summary_large_image","twitter_misc":{"Escrito por":"Administrador Web","Tiempo de lectura":"3 minutos"},"schema":{"@context":"https:\/\/schema.org","@graph":[{"@type":"Article","@id":"https:\/\/alcala.salesianos.edu\/colegio\/blog\/2021\/05\/28\/maria-auxiliadora-alcala-colegio-24-mayo\/#article","isPartOf":{"@id":"https:\/\/alcala.salesianos.edu\/colegio\/blog\/2021\/05\/28\/maria-auxiliadora-alcala-colegio-24-mayo\/"},"author":{"name":"Administrador Web","@id":"https:\/\/alcala.salesianos.edu\/colegio\/#\/schema\/person\/afcc24f776dc91fc2bf9afb0998fca77"},"headline":"Finalizan las celebraciones de M\u00aa Auxiliadora en nuestro colegio","datePublished":"2021-05-28T06:40:57+00:00","dateModified":"2025-08-27T07:49:55+00:00","mainEntityOfPage":{"@id":"https:\/\/alcala.salesianos.edu\/colegio\/blog\/2021\/05\/28\/maria-auxiliadora-alcala-colegio-24-mayo\/"},"wordCount":735,"articleSection":["Colegio","covid","FASA","Infantil","Pastoral","Portada","Primaria","Secundaria","Uncategorized"],"inLanguage":"es"},{"@type":"WebPage","@id":"https:\/\/alcala.salesianos.edu\/colegio\/blog\/2021\/05\/28\/maria-auxiliadora-alcala-colegio-24-mayo\/","url":"https:\/\/alcala.salesianos.edu\/colegio\/blog\/2021\/05\/28\/maria-auxiliadora-alcala-colegio-24-mayo\/","name":"Finalizan las celebraciones de M\u00aa Auxiliadora en nuestro colegio - Colegio Salesiano Alcal\u00e1","isPartOf":{"@id":"https:\/\/alcala.salesianos.edu\/colegio\/#website"},"datePublished":"2021-05-28T06:40:57+00:00","dateModified":"2025-08-27T07:49:55+00:00","author":{"@id":"https:\/\/alcala.salesianos.edu\/colegio\/#\/schema\/person\/afcc24f776dc91fc2bf9afb0998fca77"},"description":"Como cada a\u00f1o, nuestra Casa salesiana ha celebrado el d\u00eda de nuestra Madre Mar\u00eda Auxiliadora, con el cari\u00f1o y la alegr\u00eda que tanto nos caracteriza.","breadcrumb":{"@id":"https:\/\/alcala.salesianos.edu\/colegio\/blog\/2021\/05\/28\/maria-auxiliadora-alcala-colegio-24-mayo\/#breadcrumb"},"inLanguage":"es","potentialAction":[{"@type":"ReadAction","target":["https:\/\/alcala.salesianos.edu\/colegio\/blog\/2021\/05\/28\/maria-auxiliadora-alcala-colegio-24-mayo\/"]}]},{"@type":"BreadcrumbList","@id":"https:\/\/alcala.salesianos.edu\/colegio\/blog\/2021\/05\/28\/maria-auxiliadora-alcala-colegio-24-mayo\/#breadcrumb","itemListElement":[{"@type":"ListItem","position":1,"name":"Portada","item":"https:\/\/alcala.salesianos.edu\/colegio\/"},{"@type":"ListItem","position":2,"name":"Finalizan las celebraciones de M\u00aa Auxiliadora en nuestro colegio"}]},{"@type":"WebSite","@id":"https:\/\/alcala.salesianos.edu\/colegio\/#website","url":"https:\/\/alcala.salesianos.edu\/colegio\/","name":"Colegio Salesiano Alcal\u00e1","description":"P\u00e1gina oficial de Salesianos Alcal\u00e1 de Guadaira","potentialAction":[{"@type":"SearchAction","target":{"@type":"EntryPoint","urlTemplate":"https:\/\/alcala.salesianos.edu\/colegio\/?s={search_term_string}"},"query-input":{"@type":"PropertyValueSpecification","valueRequired":true,"valueName":"search_term_string"}}],"inLanguage":"es"},{"@type":"Person","@id":"https:\/\/alcala.salesianos.edu\/colegio\/#\/schema\/person\/afcc24f776dc91fc2bf9afb0998fca77","name":"Administrador Web","image":{"@type":"ImageObject","inLanguage":"es","@id":"https:\/\/secure.gravatar.com\/avatar\/bc157e994689bd6da9645c00aa3bc4d55b727915b6652642660db0aef086585f?s=96&d=mm&r=g","url":"https:\/\/secure.gravatar.com\/avatar\/bc157e994689bd6da9645c00aa3bc4d55b727915b6652642660db0aef086585f?s=96&d=mm&r=g","contentUrl":"https:\/\/secure.gravatar.com\/avatar\/bc157e994689bd6da9645c00aa3bc4d55b727915b6652642660db0aef086585f?s=96&d=mm&r=g","caption":"Administrador Web"}}]}},"_links":{"self":[{"href":"https:\/\/alcala.salesianos.edu\/colegio\/wp-json\/wp\/v2\/posts\/14061","targetHints":{"allow":["GET"]}}],"collection":[{"href":"https:\/\/alcala.salesianos.edu\/colegio\/wp-json\/wp\/v2\/posts"}],"about":[{"href":"https:\/\/alcala.salesianos.edu\/colegio\/wp-json\/wp\/v2\/types\/post"}],"author":[{"embeddable":true,"href":"https:\/\/alcala.salesianos.edu\/colegio\/wp-json\/wp\/v2\/users\/2"}],"replies":[{"embeddable":true,"href":"https:\/\/alcala.salesianos.edu\/colegio\/wp-json\/wp\/v2\/comments?post=14061"}],"version-history":[{"count":1,"href":"https:\/\/alcala.salesianos.edu\/colegio\/wp-json\/wp\/v2\/posts\/14061\/revisions"}],"predecessor-version":[{"id":14064,"href":"https:\/\/alcala.salesianos.edu\/colegio\/wp-json\/wp\/v2\/posts\/14061\/revisions\/14064"}],"wp:attachment":[{"href":"https:\/\/alcala.salesianos.edu\/colegio\/wp-json\/wp\/v2\/media?parent=14061"}],"wp:term":[{"taxonomy":"category","embeddable":true,"href":"https:\/\/alcala.salesianos.edu\/colegio\/wp-json\/wp\/v2\/categories?post=14061"},{"taxonomy":"post_tag","embeddable":true,"href":"https:\/\/alcala.salesianos.edu\/colegio\/wp-json\/wp\/v2\/tags?post=14061"}],"curies":[{"name":"wp","href":"https:\/\/api.w.org\/{rel}","templated":true}]}}