{"id":14046,"date":"2021-05-14T08:45:14","date_gmt":"2021-05-14T07:45:14","guid":{"rendered":"https:\/\/alcala.salesianos.edu\/colegio\/blog\/2021\/05\/14\/novena-a-maria-auxiliadora-coronada\/"},"modified":"2025-08-27T08:49:56","modified_gmt":"2025-08-27T07:49:56","slug":"novena-a-maria-auxiliadora-coronada","status":"publish","type":"post","link":"https:\/\/alcala.salesianos.edu\/colegio\/blog\/2021\/05\/14\/novena-a-maria-auxiliadora-coronada\/","title":{"rendered":"Novena a Mar\u00eda Auxiliadora Coronada"},"content":{"rendered":"<div id=\"fb-root\"><\/div>\n<p>[et_pb_section fb_built=\u00bb1&#8243; _builder_version=\u00bb4.5.8&#8243; _module_preset=\u00bbdefault\u00bb][et_pb_row _builder_version=\u00bb4.5.8&#8243; _module_preset=\u00bbdefault\u00bb][et_pb_column _builder_version=\u00bb4.5.8&#8243; _module_preset=\u00bbdefault\u00bb type=\u00bb4_4&#8243;][et_pb_text _builder_version=\u00bb4.5.8&#8243; _module_preset=\u00bbdefault\u00bb hover_enabled=\u00bb0&#8243;]<\/p>\n<p>Ma\u00f1ana comenzaremos la Familia Salesiana de Alcal\u00e1 la novena a Mar\u00eda Auxiliadora Coronada de nuestra Casa. Por motivos de salud, este a\u00f1o realizaremos toda la novena en el patio de Mar\u00eda Auxiliadora, tambi\u00e9n conocido como \u201cpatio chico\u201d.<\/p>\n<p>Para facilitar a todos los devotos la participaci\u00f3n este a\u00f1o la novena se celebrar\u00e1 tambi\u00e9n por la ma\u00f1ana en la capilla en la eucarist\u00eda diaria de las once de la ma\u00f1ana. La novena de por la tarde comenzar\u00e1 con el rezo del Santo Rosario a las 19.30 h. seguido del ejercicio de novena y de la eucarist\u00eda finalizando con la Bendici\u00f3n de Mar\u00eda Auxiliadora.<\/p>\n<p>En caso de que las inclemencias meteorol\u00f3gicas no nos permitan realizarlo en el patio por la tarde, las personas podr\u00e1n seguirlo a trav\u00e9s del canal de Youtube \u201cSalesianos Alcal\u00e1 de Guada\u00edra\u201d que retransmitir\u00e1 toda la novena para aquellas personas que deseen vivirlo desde sus casas ya que se realizar\u00e1 a puerta cerrada.<\/p>\n<p>La predicaci\u00f3n estar\u00e1 llevada a cabo por D. \u00c1ngel Mar\u00eda Mu\u00f1oz V\u00e1zquez, sdb perteneciente a la Casa Salesiana de Jes\u00fas Obrero de Sevilla, D. Manuel Mar\u00eda Rold\u00e1n Roses, p\u00e1rroco de Santiago el Mayor de nuestra ciudad y el \u00faltimo triduo lo realizar\u00e1n miembros de la Comunidad Salesiana de nuestra Casa.<\/p>\n<p>A continuaci\u00f3n os facilitamos los enlaces de las retransmisiones y los grupos de la Familia Salesiana que animan cada d\u00eda:<\/p>\n<p>Novena a Mar\u00eda Auxiliadora Coronada<\/p>\n<p>D\u00eda 15: <a href=\"https:\/\/youtu.be\/XP_sQ9weFr0\">https:\/\/youtu.be\/XP_sQ9weFr0<\/a><\/p>\n<p>Animan: Salesianos Cooperadores y Hogares Don Bosco<\/p>\n<p>D\u00eda 16: <a href=\"https:\/\/youtu.be\/9c5ruKDz-V0\">https:\/\/youtu.be\/9c5ruKDz-V0<\/a><\/p>\n<p>Anima: Catequesis de Primera Comuni\u00f3n<\/p>\n<p>D\u00eda 17: <a href=\"https:\/\/youtu.be\/Y7PQt_V_5IY\">https:\/\/youtu.be\/Y7PQt_V_5IY<\/a><\/p>\n<p>Animan: Antiguos Alumnos y Club Don Bosco<\/p>\n<p>D\u00eda 18: <a href=\"https:\/\/youtu.be\/J7jAqAu_uBI\">https:\/\/youtu.be\/J7jAqAu_uBI<\/a><\/p>\n<p>Animan: E. Infantil y E. Primaria<\/p>\n<p>D\u00eda 19: <a href=\"https:\/\/youtu.be\/Cwh8i5r7Rio\">https:\/\/youtu.be\/Cwh8i5r7Rio<\/a><\/p>\n<p>Anima: E. Secundaria<\/p>\n<p>D\u00eda 20: <a href=\"https:\/\/youtu.be\/EWlGOy_mUaU\">https:\/\/youtu.be\/EWlGOy_mUaU<\/a><\/p>\n<p>Anima: A.M.P.A.<\/p>\n<p>D\u00eda 21: <a href=\"https:\/\/youtu.be\/OQ19MxCwafs\">https:\/\/youtu.be\/OQ19MxCwafs<\/a><\/p>\n<p>Anima: Pastoral Juvenil<\/p>\n<p>D\u00eda 22: <a href=\"https:\/\/youtu.be\/elDXZUJm-p4\">https:\/\/youtu.be\/elDXZUJm-p4<\/a><\/p>\n<p>Anima: Hermandad De la Oraci\u00f3n en el Huerto<\/p>\n<p>D\u00eda 23: <a href=\"https:\/\/youtu.be\/4Xw3cSxw-8g\">https:\/\/youtu.be\/4Xw3cSxw-8g<\/a><\/p>\n<p>Anima: A.D.M.A.<\/p>\n<p><strong>\u00a1Feliz mes de mayo, mes de Mar\u00eda Auxiliadora!<\/strong><\/p>\n<p>&nbsp;<\/p>\n<p>[\/et_pb_text][\/et_pb_column][\/et_pb_row][\/et_pb_section]<\/p>\n","protected":false},"excerpt":{"rendered":"<p>Ma\u00f1ana comenzaremos  la novena a Mar\u00eda Auxiliadora Coronada de nuestra Casa. Por motivos de salud, este a\u00f1o realizaremos toda la novena en el patio de Mar\u00eda Auxiliadora.<\/p>\n","protected":false},"author":2,"featured_media":0,"comment_status":"closed","ping_status":"open","sticky":false,"template":"","format":"standard","meta":{"_et_pb_use_builder":"on","_et_pb_old_content":"","_et_gb_content_width":"","footnotes":""},"categories":[12,23,19,13,17,14,15,18,16,1],"tags":[],"class_list":["post-14046","post","type-post","status-publish","format-standard","hentry","category-colegio","category-covid","category-escuela-abierta","category-fasa","category-infantil","category-pastoral","category-portada","category-primaria","category-secundaria","category-uncategorized"],"yoast_head":"<!-- This site is optimized with the Yoast SEO plugin v28.4 - https:\/\/yoast.com\/product\/yoast-seo-wordpress\/ -->\n<title>Novena a Mar\u00eda Auxiliadora Coronada - Colegio Salesiano Alcal\u00e1<\/title>\n<meta name=\"robots\" content=\"index, follow, max-snippet:-1, max-image-preview:large, max-video-preview:-1\" \/>\n<link rel=\"canonical\" href=\"https:\/\/alcala.salesianos.edu\/colegio\/blog\/2021\/05\/14\/novena-a-maria-auxiliadora-coronada\/\" \/>\n<meta property=\"og:locale\" content=\"es_ES\" \/>\n<meta property=\"og:type\" content=\"article\" \/>\n<meta property=\"og:title\" content=\"Novena a Mar\u00eda Auxiliadora Coronada - Colegio Salesiano Alcal\u00e1\" \/>\n<meta property=\"og:description\" content=\"Ma\u00f1ana comenzaremos la novena a Mar\u00eda Auxiliadora Coronada de nuestra Casa. Por motivos de salud, este a\u00f1o realizaremos toda la novena en el patio de Mar\u00eda Auxiliadora.\" \/>\n<meta property=\"og:url\" content=\"https:\/\/alcala.salesianos.edu\/colegio\/blog\/2021\/05\/14\/novena-a-maria-auxiliadora-coronada\/\" \/>\n<meta property=\"og:site_name\" content=\"Colegio Salesiano Alcal\u00e1\" \/>\n<meta property=\"article:published_time\" content=\"2021-05-14T07:45:14+00:00\" \/>\n<meta property=\"article:modified_time\" content=\"2025-08-27T07:49:56+00:00\" \/>\n<meta name=\"author\" content=\"Administrador Web\" \/>\n<meta name=\"twitter:card\" content=\"summary_large_image\" \/>\n<meta name=\"twitter:label1\" content=\"Escrito por\" \/>\n\t<meta name=\"twitter:data1\" content=\"Administrador Web\" \/>\n\t<meta name=\"twitter:label2\" content=\"Tiempo de lectura\" \/>\n\t<meta name=\"twitter:data2\" content=\"2 minutos\" \/>\n<script type=\"application\/ld+json\" class=\"yoast-schema-graph\">{\"@context\":\"https:\\\/\\\/schema.org\",\"@graph\":[{\"@type\":\"Article\",\"@id\":\"https:\\\/\\\/alcala.salesianos.edu\\\/colegio\\\/blog\\\/2021\\\/05\\\/14\\\/novena-a-maria-auxiliadora-coronada\\\/#article\",\"isPartOf\":{\"@id\":\"https:\\\/\\\/alcala.salesianos.edu\\\/colegio\\\/blog\\\/2021\\\/05\\\/14\\\/novena-a-maria-auxiliadora-coronada\\\/\"},\"author\":{\"name\":\"Administrador Web\",\"@id\":\"https:\\\/\\\/alcala.salesianos.edu\\\/colegio\\\/#\\\/schema\\\/person\\\/afcc24f776dc91fc2bf9afb0998fca77\"},\"headline\":\"Novena a Mar\u00eda Auxiliadora Coronada\",\"datePublished\":\"2021-05-14T07:45:14+00:00\",\"dateModified\":\"2025-08-27T07:49:56+00:00\",\"mainEntityOfPage\":{\"@id\":\"https:\\\/\\\/alcala.salesianos.edu\\\/colegio\\\/blog\\\/2021\\\/05\\\/14\\\/novena-a-maria-auxiliadora-coronada\\\/\"},\"wordCount\":442,\"articleSection\":[\"Colegio\",\"covid\",\"Escuela abierta\",\"FASA\",\"Infantil\",\"Pastoral\",\"Portada\",\"Primaria\",\"Secundaria\",\"Uncategorized\"],\"inLanguage\":\"es\"},{\"@type\":\"WebPage\",\"@id\":\"https:\\\/\\\/alcala.salesianos.edu\\\/colegio\\\/blog\\\/2021\\\/05\\\/14\\\/novena-a-maria-auxiliadora-coronada\\\/\",\"url\":\"https:\\\/\\\/alcala.salesianos.edu\\\/colegio\\\/blog\\\/2021\\\/05\\\/14\\\/novena-a-maria-auxiliadora-coronada\\\/\",\"name\":\"Novena a Mar\u00eda Auxiliadora Coronada - Colegio Salesiano Alcal\u00e1\",\"isPartOf\":{\"@id\":\"https:\\\/\\\/alcala.salesianos.edu\\\/colegio\\\/#website\"},\"datePublished\":\"2021-05-14T07:45:14+00:00\",\"dateModified\":\"2025-08-27T07:49:56+00:00\",\"author\":{\"@id\":\"https:\\\/\\\/alcala.salesianos.edu\\\/colegio\\\/#\\\/schema\\\/person\\\/afcc24f776dc91fc2bf9afb0998fca77\"},\"breadcrumb\":{\"@id\":\"https:\\\/\\\/alcala.salesianos.edu\\\/colegio\\\/blog\\\/2021\\\/05\\\/14\\\/novena-a-maria-auxiliadora-coronada\\\/#breadcrumb\"},\"inLanguage\":\"es\",\"potentialAction\":[{\"@type\":\"ReadAction\",\"target\":[\"https:\\\/\\\/alcala.salesianos.edu\\\/colegio\\\/blog\\\/2021\\\/05\\\/14\\\/novena-a-maria-auxiliadora-coronada\\\/\"]}]},{\"@type\":\"BreadcrumbList\",\"@id\":\"https:\\\/\\\/alcala.salesianos.edu\\\/colegio\\\/blog\\\/2021\\\/05\\\/14\\\/novena-a-maria-auxiliadora-coronada\\\/#breadcrumb\",\"itemListElement\":[{\"@type\":\"ListItem\",\"position\":1,\"name\":\"Portada\",\"item\":\"https:\\\/\\\/alcala.salesianos.edu\\\/colegio\\\/\"},{\"@type\":\"ListItem\",\"position\":2,\"name\":\"Novena a Mar\u00eda Auxiliadora Coronada\"}]},{\"@type\":\"WebSite\",\"@id\":\"https:\\\/\\\/alcala.salesianos.edu\\\/colegio\\\/#website\",\"url\":\"https:\\\/\\\/alcala.salesianos.edu\\\/colegio\\\/\",\"name\":\"Colegio Salesiano Alcal\u00e1\",\"description\":\"P\u00e1gina oficial de Salesianos Alcal\u00e1 de Guadaira\",\"potentialAction\":[{\"@type\":\"SearchAction\",\"target\":{\"@type\":\"EntryPoint\",\"urlTemplate\":\"https:\\\/\\\/alcala.salesianos.edu\\\/colegio\\\/?s={search_term_string}\"},\"query-input\":{\"@type\":\"PropertyValueSpecification\",\"valueRequired\":true,\"valueName\":\"search_term_string\"}}],\"inLanguage\":\"es\"},{\"@type\":\"Person\",\"@id\":\"https:\\\/\\\/alcala.salesianos.edu\\\/colegio\\\/#\\\/schema\\\/person\\\/afcc24f776dc91fc2bf9afb0998fca77\",\"name\":\"Administrador Web\",\"image\":{\"@type\":\"ImageObject\",\"inLanguage\":\"es\",\"@id\":\"https:\\\/\\\/secure.gravatar.com\\\/avatar\\\/bc157e994689bd6da9645c00aa3bc4d55b727915b6652642660db0aef086585f?s=96&d=mm&r=g\",\"url\":\"https:\\\/\\\/secure.gravatar.com\\\/avatar\\\/bc157e994689bd6da9645c00aa3bc4d55b727915b6652642660db0aef086585f?s=96&d=mm&r=g\",\"contentUrl\":\"https:\\\/\\\/secure.gravatar.com\\\/avatar\\\/bc157e994689bd6da9645c00aa3bc4d55b727915b6652642660db0aef086585f?s=96&d=mm&r=g\",\"caption\":\"Administrador Web\"}}]}<\/script>\n<!-- \/ Yoast SEO plugin. -->","yoast_head_json":{"title":"Novena a Mar\u00eda Auxiliadora Coronada - Colegio Salesiano Alcal\u00e1","robots":{"index":"index","follow":"follow","max-snippet":"max-snippet:-1","max-image-preview":"max-image-preview:large","max-video-preview":"max-video-preview:-1"},"canonical":"https:\/\/alcala.salesianos.edu\/colegio\/blog\/2021\/05\/14\/novena-a-maria-auxiliadora-coronada\/","og_locale":"es_ES","og_type":"article","og_title":"Novena a Mar\u00eda Auxiliadora Coronada - Colegio Salesiano Alcal\u00e1","og_description":"Ma\u00f1ana comenzaremos la novena a Mar\u00eda Auxiliadora Coronada de nuestra Casa. Por motivos de salud, este a\u00f1o realizaremos toda la novena en el patio de Mar\u00eda Auxiliadora.","og_url":"https:\/\/alcala.salesianos.edu\/colegio\/blog\/2021\/05\/14\/novena-a-maria-auxiliadora-coronada\/","og_site_name":"Colegio Salesiano Alcal\u00e1","article_published_time":"2021-05-14T07:45:14+00:00","article_modified_time":"2025-08-27T07:49:56+00:00","author":"Administrador Web","twitter_card":"summary_large_image","twitter_misc":{"Escrito por":"Administrador Web","Tiempo de lectura":"2 minutos"},"schema":{"@context":"https:\/\/schema.org","@graph":[{"@type":"Article","@id":"https:\/\/alcala.salesianos.edu\/colegio\/blog\/2021\/05\/14\/novena-a-maria-auxiliadora-coronada\/#article","isPartOf":{"@id":"https:\/\/alcala.salesianos.edu\/colegio\/blog\/2021\/05\/14\/novena-a-maria-auxiliadora-coronada\/"},"author":{"name":"Administrador Web","@id":"https:\/\/alcala.salesianos.edu\/colegio\/#\/schema\/person\/afcc24f776dc91fc2bf9afb0998fca77"},"headline":"Novena a Mar\u00eda Auxiliadora Coronada","datePublished":"2021-05-14T07:45:14+00:00","dateModified":"2025-08-27T07:49:56+00:00","mainEntityOfPage":{"@id":"https:\/\/alcala.salesianos.edu\/colegio\/blog\/2021\/05\/14\/novena-a-maria-auxiliadora-coronada\/"},"wordCount":442,"articleSection":["Colegio","covid","Escuela abierta","FASA","Infantil","Pastoral","Portada","Primaria","Secundaria","Uncategorized"],"inLanguage":"es"},{"@type":"WebPage","@id":"https:\/\/alcala.salesianos.edu\/colegio\/blog\/2021\/05\/14\/novena-a-maria-auxiliadora-coronada\/","url":"https:\/\/alcala.salesianos.edu\/colegio\/blog\/2021\/05\/14\/novena-a-maria-auxiliadora-coronada\/","name":"Novena a Mar\u00eda Auxiliadora Coronada - Colegio Salesiano Alcal\u00e1","isPartOf":{"@id":"https:\/\/alcala.salesianos.edu\/colegio\/#website"},"datePublished":"2021-05-14T07:45:14+00:00","dateModified":"2025-08-27T07:49:56+00:00","author":{"@id":"https:\/\/alcala.salesianos.edu\/colegio\/#\/schema\/person\/afcc24f776dc91fc2bf9afb0998fca77"},"breadcrumb":{"@id":"https:\/\/alcala.salesianos.edu\/colegio\/blog\/2021\/05\/14\/novena-a-maria-auxiliadora-coronada\/#breadcrumb"},"inLanguage":"es","potentialAction":[{"@type":"ReadAction","target":["https:\/\/alcala.salesianos.edu\/colegio\/blog\/2021\/05\/14\/novena-a-maria-auxiliadora-coronada\/"]}]},{"@type":"BreadcrumbList","@id":"https:\/\/alcala.salesianos.edu\/colegio\/blog\/2021\/05\/14\/novena-a-maria-auxiliadora-coronada\/#breadcrumb","itemListElement":[{"@type":"ListItem","position":1,"name":"Portada","item":"https:\/\/alcala.salesianos.edu\/colegio\/"},{"@type":"ListItem","position":2,"name":"Novena a Mar\u00eda Auxiliadora Coronada"}]},{"@type":"WebSite","@id":"https:\/\/alcala.salesianos.edu\/colegio\/#website","url":"https:\/\/alcala.salesianos.edu\/colegio\/","name":"Colegio Salesiano Alcal\u00e1","description":"P\u00e1gina oficial de Salesianos Alcal\u00e1 de Guadaira","potentialAction":[{"@type":"SearchAction","target":{"@type":"EntryPoint","urlTemplate":"https:\/\/alcala.salesianos.edu\/colegio\/?s={search_term_string}"},"query-input":{"@type":"PropertyValueSpecification","valueRequired":true,"valueName":"search_term_string"}}],"inLanguage":"es"},{"@type":"Person","@id":"https:\/\/alcala.salesianos.edu\/colegio\/#\/schema\/person\/afcc24f776dc91fc2bf9afb0998fca77","name":"Administrador Web","image":{"@type":"ImageObject","inLanguage":"es","@id":"https:\/\/secure.gravatar.com\/avatar\/bc157e994689bd6da9645c00aa3bc4d55b727915b6652642660db0aef086585f?s=96&d=mm&r=g","url":"https:\/\/secure.gravatar.com\/avatar\/bc157e994689bd6da9645c00aa3bc4d55b727915b6652642660db0aef086585f?s=96&d=mm&r=g","contentUrl":"https:\/\/secure.gravatar.com\/avatar\/bc157e994689bd6da9645c00aa3bc4d55b727915b6652642660db0aef086585f?s=96&d=mm&r=g","caption":"Administrador Web"}}]}},"_links":{"self":[{"href":"https:\/\/alcala.salesianos.edu\/colegio\/wp-json\/wp\/v2\/posts\/14046","targetHints":{"allow":["GET"]}}],"collection":[{"href":"https:\/\/alcala.salesianos.edu\/colegio\/wp-json\/wp\/v2\/posts"}],"about":[{"href":"https:\/\/alcala.salesianos.edu\/colegio\/wp-json\/wp\/v2\/types\/post"}],"author":[{"embeddable":true,"href":"https:\/\/alcala.salesianos.edu\/colegio\/wp-json\/wp\/v2\/users\/2"}],"replies":[{"embeddable":true,"href":"https:\/\/alcala.salesianos.edu\/colegio\/wp-json\/wp\/v2\/comments?post=14046"}],"version-history":[{"count":1,"href":"https:\/\/alcala.salesianos.edu\/colegio\/wp-json\/wp\/v2\/posts\/14046\/revisions"}],"predecessor-version":[{"id":16696,"href":"https:\/\/alcala.salesianos.edu\/colegio\/wp-json\/wp\/v2\/posts\/14046\/revisions\/16696"}],"wp:attachment":[{"href":"https:\/\/alcala.salesianos.edu\/colegio\/wp-json\/wp\/v2\/media?parent=14046"}],"wp:term":[{"taxonomy":"category","embeddable":true,"href":"https:\/\/alcala.salesianos.edu\/colegio\/wp-json\/wp\/v2\/categories?post=14046"},{"taxonomy":"post_tag","embeddable":true,"href":"https:\/\/alcala.salesianos.edu\/colegio\/wp-json\/wp\/v2\/tags?post=14046"}],"curies":[{"name":"wp","href":"https:\/\/api.w.org\/{rel}","templated":true}]}}