{"id":14040,"date":"2021-05-13T19:47:53","date_gmt":"2021-05-13T18:47:53","guid":{"rendered":"https:\/\/alcala.salesianos.edu\/colegio\/blog\/2021\/05\/13\/exito-de-nuestro-colegio-en-el-iii-concurso-de-ideas-y-productos-minimos-viables-a-la-iniciativa-emprendedora\/"},"modified":"2025-08-27T08:49:57","modified_gmt":"2025-08-27T07:49:57","slug":"exito-de-nuestro-colegio-en-el-iii-concurso-de-ideas-y-productos-minimos-viables-a-la-iniciativa-emprendedora","status":"publish","type":"post","link":"https:\/\/alcala.salesianos.edu\/colegio\/blog\/2021\/05\/13\/exito-de-nuestro-colegio-en-el-iii-concurso-de-ideas-y-productos-minimos-viables-a-la-iniciativa-emprendedora\/","title":{"rendered":"\u00c9xito de nuestro colegio en el III Concurso de Ideas y Productos M\u00ednimos Viables a la Iniciativa Emprendedora"},"content":{"rendered":"<div id=\"fb-root\"><\/div>\n<p>[et_pb_section fb_built=\u00bb1&#8243; _builder_version=\u00bb4.5.8&#8243; _module_preset=\u00bbdefault\u00bb][et_pb_row _builder_version=\u00bb4.5.8&#8243; _module_preset=\u00bbdefault\u00bb][et_pb_column _builder_version=\u00bb4.5.8&#8243; _module_preset=\u00bbdefault\u00bb type=\u00bb4_4&#8243;][et_pb_text _builder_version=\u00bb4.5.8&#8243; _module_preset=\u00bbdefault\u00bb hover_enabled=\u00bb0&#8243;]<\/p>\n<p>La Fundaci\u00f3n Pers\u00e1n ha organizado el\u00a0<strong>III CONCURSO DE IDEAS Y PRODUCTOS M\u00cdNIMOS VIABLES A LA INICIATIVA EMPRENDEDORA.<\/strong><\/p>\n<p>&nbsp;<\/p>\n<p>El concurso tiene como f\u00edn premiar a las mejores ideas y proyectos de productos m\u00ednimos viables (PMV), con car\u00e1cter innovador, a fin de motivar a los j\u00f3venes a proponer iniciativas empresariales y a los centros educativos a inculcar el esp\u00edritu emprendedor<\/p>\n<p>&nbsp;<\/p>\n<p>Este concurso forma parte de las l\u00edneas estrat\u00e9gicas de Fundaci\u00f3n Pers\u00e1n para el fomento y est\u00edmulo de la innovaci\u00f3n y el esp\u00edritu emprendedor en la sociedad andaluza.<\/p>\n<p>&nbsp;<\/p>\n<p>Nuestro Colegio ha obtenido unos grand\u00edsimos resultados en esta bonita iniciativa, obteniendo el segundo premio en la categor\u00eda productos m\u00ednimos viables.<\/p>\n<p>&nbsp;<\/p>\n<p>Nuestros j\u00f3venes, se han alzado con el segundo premio gracias al proyecto, FU(T\u00da)RO. A trav\u00e9s del cual, han creado una comunidad online donde, estudiantes, pueden ser orientados sobre su carrera profesional.<\/p>\n<p>&nbsp;<\/p>\n<p>Gracias a este proyecto cualquier joven puede conocer de primera mano d\u00f3nde puede estudiar y qu\u00e9 va a necesitar para llegar al puesto de trabajo que desee.<\/p>\n<p>&nbsp;<\/p>\n<p>Esta es una web totalmente gratuita denominada <a href=\"http:\/\/tufuturoentupantalla.com\/\">http:\/\/tufuturoentupantalla.com\/<\/a><\/p>\n<p>&nbsp;<\/p>\n<p>Una vez realizada la inscripci\u00f3n, FU(T\u00da)RO\u00a0har\u00e1 una orientaci\u00f3n personalizada paso a paso, con las carreras universitarias, programas, grados de formaci\u00f3n o m\u00e1steres necesarios para cualquier especialidad. Adem\u00e1s, las empresas encontrar\u00e1n en esta web una buena base de datos de j\u00f3venes formados dispuestos a empezar a trabajar.<\/p>\n<p>&nbsp;<\/p>\n<p>Felicidades a nuestros j\u00f3venes, emprendedores, nos sentimos muy orgullosos de ellos.<\/p>\n<p>[\/et_pb_text][\/et_pb_column][\/et_pb_row][\/et_pb_section]<\/p>\n","protected":false},"excerpt":{"rendered":"<p>La Fundaci\u00f3n Pers\u00e1n ha organizado dicho concurso. Nuestros j\u00f3venes, se han alzado con el segundo premio gracias al proyecto, FU(T\u00da)RO. <\/p>\n","protected":false},"author":2,"featured_media":0,"comment_status":"closed","ping_status":"open","sticky":false,"template":"","format":"standard","meta":{"_et_pb_use_builder":"on","_et_pb_old_content":"","_et_gb_content_width":"","footnotes":""},"categories":[12,23,13,14,15,16,1],"tags":[],"class_list":["post-14040","post","type-post","status-publish","format-standard","hentry","category-colegio","category-covid","category-fasa","category-pastoral","category-portada","category-secundaria","category-uncategorized"],"yoast_head":"<!-- This site is optimized with the Yoast SEO plugin v28.4 - https:\/\/yoast.com\/product\/yoast-seo-wordpress\/ -->\n<title>\u00c9xito de nuestro colegio en el III Concurso de Ideas y Productos M\u00ednimos Viables a la Iniciativa Emprendedora - Colegio Salesiano Alcal\u00e1<\/title>\n<meta name=\"description\" content=\"La Fundaci\u00f3n Pers\u00e1n ha organizado el\u00a0III CONCURSO DE IDEAS Y PRODUCTOS M\u00cdNIMOS VIABLES A LA INICIATIVA EMPRENDEDORA.\" \/>\n<meta name=\"robots\" content=\"index, follow, max-snippet:-1, max-image-preview:large, max-video-preview:-1\" \/>\n<link rel=\"canonical\" href=\"https:\/\/alcala.salesianos.edu\/colegio\/blog\/2021\/05\/13\/exito-de-nuestro-colegio-en-el-iii-concurso-de-ideas-y-productos-minimos-viables-a-la-iniciativa-emprendedora\/\" \/>\n<meta property=\"og:locale\" content=\"es_ES\" \/>\n<meta property=\"og:type\" content=\"article\" \/>\n<meta property=\"og:title\" content=\"\u00c9xito de nuestro colegio en el III Concurso de Ideas y Productos M\u00ednimos Viables a la Iniciativa Emprendedora - Colegio Salesiano Alcal\u00e1\" \/>\n<meta property=\"og:description\" content=\"La Fundaci\u00f3n Pers\u00e1n ha organizado el\u00a0III CONCURSO DE IDEAS Y PRODUCTOS M\u00cdNIMOS VIABLES A LA INICIATIVA EMPRENDEDORA.\" \/>\n<meta property=\"og:url\" content=\"https:\/\/alcala.salesianos.edu\/colegio\/blog\/2021\/05\/13\/exito-de-nuestro-colegio-en-el-iii-concurso-de-ideas-y-productos-minimos-viables-a-la-iniciativa-emprendedora\/\" \/>\n<meta property=\"og:site_name\" content=\"Colegio Salesiano Alcal\u00e1\" \/>\n<meta property=\"article:published_time\" content=\"2021-05-13T18:47:53+00:00\" \/>\n<meta property=\"article:modified_time\" content=\"2025-08-27T07:49:57+00:00\" \/>\n<meta name=\"author\" content=\"Administrador Web\" \/>\n<meta name=\"twitter:card\" content=\"summary_large_image\" \/>\n<meta name=\"twitter:label1\" content=\"Escrito por\" \/>\n\t<meta name=\"twitter:data1\" content=\"Administrador Web\" \/>\n\t<meta name=\"twitter:label2\" content=\"Tiempo de lectura\" \/>\n\t<meta name=\"twitter:data2\" content=\"2 minutos\" \/>\n<script type=\"application\/ld+json\" class=\"yoast-schema-graph\">{\"@context\":\"https:\\\/\\\/schema.org\",\"@graph\":[{\"@type\":\"Article\",\"@id\":\"https:\\\/\\\/alcala.salesianos.edu\\\/colegio\\\/blog\\\/2021\\\/05\\\/13\\\/exito-de-nuestro-colegio-en-el-iii-concurso-de-ideas-y-productos-minimos-viables-a-la-iniciativa-emprendedora\\\/#article\",\"isPartOf\":{\"@id\":\"https:\\\/\\\/alcala.salesianos.edu\\\/colegio\\\/blog\\\/2021\\\/05\\\/13\\\/exito-de-nuestro-colegio-en-el-iii-concurso-de-ideas-y-productos-minimos-viables-a-la-iniciativa-emprendedora\\\/\"},\"author\":{\"name\":\"Administrador Web\",\"@id\":\"https:\\\/\\\/alcala.salesianos.edu\\\/colegio\\\/#\\\/schema\\\/person\\\/afcc24f776dc91fc2bf9afb0998fca77\"},\"headline\":\"\u00c9xito de nuestro colegio en el III Concurso de Ideas y Productos M\u00ednimos Viables a la Iniciativa Emprendedora\",\"datePublished\":\"2021-05-13T18:47:53+00:00\",\"dateModified\":\"2025-08-27T07:49:57+00:00\",\"mainEntityOfPage\":{\"@id\":\"https:\\\/\\\/alcala.salesianos.edu\\\/colegio\\\/blog\\\/2021\\\/05\\\/13\\\/exito-de-nuestro-colegio-en-el-iii-concurso-de-ideas-y-productos-minimos-viables-a-la-iniciativa-emprendedora\\\/\"},\"wordCount\":342,\"articleSection\":[\"Colegio\",\"covid\",\"FASA\",\"Pastoral\",\"Portada\",\"Secundaria\",\"Uncategorized\"],\"inLanguage\":\"es\"},{\"@type\":\"WebPage\",\"@id\":\"https:\\\/\\\/alcala.salesianos.edu\\\/colegio\\\/blog\\\/2021\\\/05\\\/13\\\/exito-de-nuestro-colegio-en-el-iii-concurso-de-ideas-y-productos-minimos-viables-a-la-iniciativa-emprendedora\\\/\",\"url\":\"https:\\\/\\\/alcala.salesianos.edu\\\/colegio\\\/blog\\\/2021\\\/05\\\/13\\\/exito-de-nuestro-colegio-en-el-iii-concurso-de-ideas-y-productos-minimos-viables-a-la-iniciativa-emprendedora\\\/\",\"name\":\"\u00c9xito de nuestro colegio en el III Concurso de Ideas y Productos M\u00ednimos Viables a la Iniciativa Emprendedora - Colegio Salesiano Alcal\u00e1\",\"isPartOf\":{\"@id\":\"https:\\\/\\\/alcala.salesianos.edu\\\/colegio\\\/#website\"},\"datePublished\":\"2021-05-13T18:47:53+00:00\",\"dateModified\":\"2025-08-27T07:49:57+00:00\",\"author\":{\"@id\":\"https:\\\/\\\/alcala.salesianos.edu\\\/colegio\\\/#\\\/schema\\\/person\\\/afcc24f776dc91fc2bf9afb0998fca77\"},\"description\":\"La Fundaci\u00f3n Pers\u00e1n ha organizado el\u00a0III CONCURSO DE IDEAS Y PRODUCTOS M\u00cdNIMOS VIABLES A LA INICIATIVA EMPRENDEDORA.\",\"breadcrumb\":{\"@id\":\"https:\\\/\\\/alcala.salesianos.edu\\\/colegio\\\/blog\\\/2021\\\/05\\\/13\\\/exito-de-nuestro-colegio-en-el-iii-concurso-de-ideas-y-productos-minimos-viables-a-la-iniciativa-emprendedora\\\/#breadcrumb\"},\"inLanguage\":\"es\",\"potentialAction\":[{\"@type\":\"ReadAction\",\"target\":[\"https:\\\/\\\/alcala.salesianos.edu\\\/colegio\\\/blog\\\/2021\\\/05\\\/13\\\/exito-de-nuestro-colegio-en-el-iii-concurso-de-ideas-y-productos-minimos-viables-a-la-iniciativa-emprendedora\\\/\"]}]},{\"@type\":\"BreadcrumbList\",\"@id\":\"https:\\\/\\\/alcala.salesianos.edu\\\/colegio\\\/blog\\\/2021\\\/05\\\/13\\\/exito-de-nuestro-colegio-en-el-iii-concurso-de-ideas-y-productos-minimos-viables-a-la-iniciativa-emprendedora\\\/#breadcrumb\",\"itemListElement\":[{\"@type\":\"ListItem\",\"position\":1,\"name\":\"Portada\",\"item\":\"https:\\\/\\\/alcala.salesianos.edu\\\/colegio\\\/\"},{\"@type\":\"ListItem\",\"position\":2,\"name\":\"\u00c9xito de nuestro colegio en el III Concurso de Ideas y Productos M\u00ednimos Viables a la Iniciativa Emprendedora\"}]},{\"@type\":\"WebSite\",\"@id\":\"https:\\\/\\\/alcala.salesianos.edu\\\/colegio\\\/#website\",\"url\":\"https:\\\/\\\/alcala.salesianos.edu\\\/colegio\\\/\",\"name\":\"Colegio Salesiano Alcal\u00e1\",\"description\":\"P\u00e1gina oficial de Salesianos Alcal\u00e1 de Guadaira\",\"potentialAction\":[{\"@type\":\"SearchAction\",\"target\":{\"@type\":\"EntryPoint\",\"urlTemplate\":\"https:\\\/\\\/alcala.salesianos.edu\\\/colegio\\\/?s={search_term_string}\"},\"query-input\":{\"@type\":\"PropertyValueSpecification\",\"valueRequired\":true,\"valueName\":\"search_term_string\"}}],\"inLanguage\":\"es\"},{\"@type\":\"Person\",\"@id\":\"https:\\\/\\\/alcala.salesianos.edu\\\/colegio\\\/#\\\/schema\\\/person\\\/afcc24f776dc91fc2bf9afb0998fca77\",\"name\":\"Administrador Web\",\"image\":{\"@type\":\"ImageObject\",\"inLanguage\":\"es\",\"@id\":\"https:\\\/\\\/secure.gravatar.com\\\/avatar\\\/bc157e994689bd6da9645c00aa3bc4d55b727915b6652642660db0aef086585f?s=96&d=mm&r=g\",\"url\":\"https:\\\/\\\/secure.gravatar.com\\\/avatar\\\/bc157e994689bd6da9645c00aa3bc4d55b727915b6652642660db0aef086585f?s=96&d=mm&r=g\",\"contentUrl\":\"https:\\\/\\\/secure.gravatar.com\\\/avatar\\\/bc157e994689bd6da9645c00aa3bc4d55b727915b6652642660db0aef086585f?s=96&d=mm&r=g\",\"caption\":\"Administrador Web\"}}]}<\/script>\n<!-- \/ Yoast SEO plugin. -->","yoast_head_json":{"title":"\u00c9xito de nuestro colegio en el III Concurso de Ideas y Productos M\u00ednimos Viables a la Iniciativa Emprendedora - Colegio Salesiano Alcal\u00e1","description":"La Fundaci\u00f3n Pers\u00e1n ha organizado el\u00a0III CONCURSO DE IDEAS Y PRODUCTOS M\u00cdNIMOS VIABLES A LA INICIATIVA EMPRENDEDORA.","robots":{"index":"index","follow":"follow","max-snippet":"max-snippet:-1","max-image-preview":"max-image-preview:large","max-video-preview":"max-video-preview:-1"},"canonical":"https:\/\/alcala.salesianos.edu\/colegio\/blog\/2021\/05\/13\/exito-de-nuestro-colegio-en-el-iii-concurso-de-ideas-y-productos-minimos-viables-a-la-iniciativa-emprendedora\/","og_locale":"es_ES","og_type":"article","og_title":"\u00c9xito de nuestro colegio en el III Concurso de Ideas y Productos M\u00ednimos Viables a la Iniciativa Emprendedora - Colegio Salesiano Alcal\u00e1","og_description":"La Fundaci\u00f3n Pers\u00e1n ha organizado el\u00a0III CONCURSO DE IDEAS Y PRODUCTOS M\u00cdNIMOS VIABLES A LA INICIATIVA EMPRENDEDORA.","og_url":"https:\/\/alcala.salesianos.edu\/colegio\/blog\/2021\/05\/13\/exito-de-nuestro-colegio-en-el-iii-concurso-de-ideas-y-productos-minimos-viables-a-la-iniciativa-emprendedora\/","og_site_name":"Colegio Salesiano Alcal\u00e1","article_published_time":"2021-05-13T18:47:53+00:00","article_modified_time":"2025-08-27T07:49:57+00:00","author":"Administrador Web","twitter_card":"summary_large_image","twitter_misc":{"Escrito por":"Administrador Web","Tiempo de lectura":"2 minutos"},"schema":{"@context":"https:\/\/schema.org","@graph":[{"@type":"Article","@id":"https:\/\/alcala.salesianos.edu\/colegio\/blog\/2021\/05\/13\/exito-de-nuestro-colegio-en-el-iii-concurso-de-ideas-y-productos-minimos-viables-a-la-iniciativa-emprendedora\/#article","isPartOf":{"@id":"https:\/\/alcala.salesianos.edu\/colegio\/blog\/2021\/05\/13\/exito-de-nuestro-colegio-en-el-iii-concurso-de-ideas-y-productos-minimos-viables-a-la-iniciativa-emprendedora\/"},"author":{"name":"Administrador Web","@id":"https:\/\/alcala.salesianos.edu\/colegio\/#\/schema\/person\/afcc24f776dc91fc2bf9afb0998fca77"},"headline":"\u00c9xito de nuestro colegio en el III Concurso de Ideas y Productos M\u00ednimos Viables a la Iniciativa Emprendedora","datePublished":"2021-05-13T18:47:53+00:00","dateModified":"2025-08-27T07:49:57+00:00","mainEntityOfPage":{"@id":"https:\/\/alcala.salesianos.edu\/colegio\/blog\/2021\/05\/13\/exito-de-nuestro-colegio-en-el-iii-concurso-de-ideas-y-productos-minimos-viables-a-la-iniciativa-emprendedora\/"},"wordCount":342,"articleSection":["Colegio","covid","FASA","Pastoral","Portada","Secundaria","Uncategorized"],"inLanguage":"es"},{"@type":"WebPage","@id":"https:\/\/alcala.salesianos.edu\/colegio\/blog\/2021\/05\/13\/exito-de-nuestro-colegio-en-el-iii-concurso-de-ideas-y-productos-minimos-viables-a-la-iniciativa-emprendedora\/","url":"https:\/\/alcala.salesianos.edu\/colegio\/blog\/2021\/05\/13\/exito-de-nuestro-colegio-en-el-iii-concurso-de-ideas-y-productos-minimos-viables-a-la-iniciativa-emprendedora\/","name":"\u00c9xito de nuestro colegio en el III Concurso de Ideas y Productos M\u00ednimos Viables a la Iniciativa Emprendedora - Colegio Salesiano Alcal\u00e1","isPartOf":{"@id":"https:\/\/alcala.salesianos.edu\/colegio\/#website"},"datePublished":"2021-05-13T18:47:53+00:00","dateModified":"2025-08-27T07:49:57+00:00","author":{"@id":"https:\/\/alcala.salesianos.edu\/colegio\/#\/schema\/person\/afcc24f776dc91fc2bf9afb0998fca77"},"description":"La Fundaci\u00f3n Pers\u00e1n ha organizado el\u00a0III CONCURSO DE IDEAS Y PRODUCTOS M\u00cdNIMOS VIABLES A LA INICIATIVA EMPRENDEDORA.","breadcrumb":{"@id":"https:\/\/alcala.salesianos.edu\/colegio\/blog\/2021\/05\/13\/exito-de-nuestro-colegio-en-el-iii-concurso-de-ideas-y-productos-minimos-viables-a-la-iniciativa-emprendedora\/#breadcrumb"},"inLanguage":"es","potentialAction":[{"@type":"ReadAction","target":["https:\/\/alcala.salesianos.edu\/colegio\/blog\/2021\/05\/13\/exito-de-nuestro-colegio-en-el-iii-concurso-de-ideas-y-productos-minimos-viables-a-la-iniciativa-emprendedora\/"]}]},{"@type":"BreadcrumbList","@id":"https:\/\/alcala.salesianos.edu\/colegio\/blog\/2021\/05\/13\/exito-de-nuestro-colegio-en-el-iii-concurso-de-ideas-y-productos-minimos-viables-a-la-iniciativa-emprendedora\/#breadcrumb","itemListElement":[{"@type":"ListItem","position":1,"name":"Portada","item":"https:\/\/alcala.salesianos.edu\/colegio\/"},{"@type":"ListItem","position":2,"name":"\u00c9xito de nuestro colegio en el III Concurso de Ideas y Productos M\u00ednimos Viables a la Iniciativa Emprendedora"}]},{"@type":"WebSite","@id":"https:\/\/alcala.salesianos.edu\/colegio\/#website","url":"https:\/\/alcala.salesianos.edu\/colegio\/","name":"Colegio Salesiano Alcal\u00e1","description":"P\u00e1gina oficial de Salesianos Alcal\u00e1 de Guadaira","potentialAction":[{"@type":"SearchAction","target":{"@type":"EntryPoint","urlTemplate":"https:\/\/alcala.salesianos.edu\/colegio\/?s={search_term_string}"},"query-input":{"@type":"PropertyValueSpecification","valueRequired":true,"valueName":"search_term_string"}}],"inLanguage":"es"},{"@type":"Person","@id":"https:\/\/alcala.salesianos.edu\/colegio\/#\/schema\/person\/afcc24f776dc91fc2bf9afb0998fca77","name":"Administrador Web","image":{"@type":"ImageObject","inLanguage":"es","@id":"https:\/\/secure.gravatar.com\/avatar\/bc157e994689bd6da9645c00aa3bc4d55b727915b6652642660db0aef086585f?s=96&d=mm&r=g","url":"https:\/\/secure.gravatar.com\/avatar\/bc157e994689bd6da9645c00aa3bc4d55b727915b6652642660db0aef086585f?s=96&d=mm&r=g","contentUrl":"https:\/\/secure.gravatar.com\/avatar\/bc157e994689bd6da9645c00aa3bc4d55b727915b6652642660db0aef086585f?s=96&d=mm&r=g","caption":"Administrador Web"}}]}},"_links":{"self":[{"href":"https:\/\/alcala.salesianos.edu\/colegio\/wp-json\/wp\/v2\/posts\/14040","targetHints":{"allow":["GET"]}}],"collection":[{"href":"https:\/\/alcala.salesianos.edu\/colegio\/wp-json\/wp\/v2\/posts"}],"about":[{"href":"https:\/\/alcala.salesianos.edu\/colegio\/wp-json\/wp\/v2\/types\/post"}],"author":[{"embeddable":true,"href":"https:\/\/alcala.salesianos.edu\/colegio\/wp-json\/wp\/v2\/users\/2"}],"replies":[{"embeddable":true,"href":"https:\/\/alcala.salesianos.edu\/colegio\/wp-json\/wp\/v2\/comments?post=14040"}],"version-history":[{"count":1,"href":"https:\/\/alcala.salesianos.edu\/colegio\/wp-json\/wp\/v2\/posts\/14040\/revisions"}],"predecessor-version":[{"id":16697,"href":"https:\/\/alcala.salesianos.edu\/colegio\/wp-json\/wp\/v2\/posts\/14040\/revisions\/16697"}],"wp:attachment":[{"href":"https:\/\/alcala.salesianos.edu\/colegio\/wp-json\/wp\/v2\/media?parent=14040"}],"wp:term":[{"taxonomy":"category","embeddable":true,"href":"https:\/\/alcala.salesianos.edu\/colegio\/wp-json\/wp\/v2\/categories?post=14040"},{"taxonomy":"post_tag","embeddable":true,"href":"https:\/\/alcala.salesianos.edu\/colegio\/wp-json\/wp\/v2\/tags?post=14040"}],"curies":[{"name":"wp","href":"https:\/\/api.w.org\/{rel}","templated":true}]}}