{"id":14031,"date":"2021-05-08T05:41:28","date_gmt":"2021-05-08T04:41:28","guid":{"rendered":"https:\/\/alcala.salesianos.edu\/colegio\/blog\/2021\/05\/08\/inauguramos-el-podcast-de-don-bosco-3\/"},"modified":"2025-08-27T08:49:58","modified_gmt":"2025-08-27T07:49:58","slug":"inauguramos-el-podcast-de-don-bosco-3","status":"publish","type":"post","link":"https:\/\/alcala.salesianos.edu\/colegio\/blog\/2021\/05\/08\/inauguramos-el-podcast-de-don-bosco-3\/","title":{"rendered":"Inauguramos \u00abEl Podcast de Don Bosco\u00bb"},"content":{"rendered":"<div id=\"fb-root\"><\/div>\n<p>[et_pb_section fb_built=\u00bb1&#8243; _builder_version=\u00bb4.5.8&#8243; _module_preset=\u00bbdefault\u00bb][et_pb_row _builder_version=\u00bb4.5.8&#8243; _module_preset=\u00bbdefault\u00bb][et_pb_column _builder_version=\u00bb4.5.8&#8243; _module_preset=\u00bbdefault\u00bb type=\u00bb4_4&#8243;][et_pb_text _builder_version=\u00bb4.5.8&#8243; _module_preset=\u00bbdefault\u00bb hover_enabled=\u00bb0&#8243;]<\/p>\n<p>Iniciamos, con enorme ilusi\u00f3n, un nuevo proyecto, coordinado por el Centro Juvenil \u00c1kila, de la mano del Colegio. Se trata de un canal de\u00a0<strong>radio<\/strong>, en formato\u00a0<strong>podcast<\/strong>\u00a0en torno a la conmemoraci\u00f3n del mes de nuestra Madre Auxiliadora.<\/p>\n<p>&nbsp;<\/p>\n<p>En esta primera temporada, ser\u00e1n 4 programas, de unos 30 minutos de duraci\u00f3n y una periodicidad semanal.<\/p>\n<p>&nbsp;<\/p>\n<p>En este nuevo espacio, estamos muy interesados en hacer llegar la devoci\u00f3n por Mar\u00eda Auxiliadora y por la obra de Don Bosco a todos los oyentes. Si eres alumno o alumna de nuestro centro, padre o madre de alumnos, catequista, animador, profesor, salesiano cooperador o miembro de cualquier grupo de esta gran familia, te invitamos a disfrutarlos, a participar y a compartirlos. En ellos, queremos que los j\u00f3venes sean protagonistas por lo que, todos los programas girar\u00e1n en torno a nuestra misi\u00f3n por ellos.<\/p>\n<p>&nbsp;<\/p>\n<p>Podr\u00e9is escuchar cada programa desde\u00a0SPOTIFY. \u00a0Te invitamos a descargar una de estas aplicaciones en tu m\u00f3vil y a suscribirte al programa. As\u00ed podr\u00e1s escucharlos en cuanto se publiquen.<\/p>\n<p>&nbsp;<\/p>\n<p>Estos ser\u00e1n los pr\u00f3ximos programas:<\/p>\n<p>[\/et_pb_text][et_pb_accordion _builder_version=\u00bb4.5.8&#8243; _module_preset=\u00bbdefault\u00bb open_toggle_text_color=\u00bb#dc001b\u00bb toggle_text_color=\u00bb#dc001b\u00bb toggle_text_align=\u00bbleft\u00bb toggle_font_size=\u00bb17px\u00bb border_width_all=\u00bb3px\u00bb border_color_all=\u00bb#dc001b\u00bb hover_enabled=\u00bb0&#8243;][et_pb_accordion_item _builder_version=\u00bb4.5.8&#8243; _module_preset=\u00bbdefault\u00bb open=\u00bbon\u00bb title=\u00bbMar\u00eda Auxiliadora hoy, 9 de mayo\u00bb hover_enabled=\u00bb0&#8243;][\/et_pb_accordion_item][et_pb_accordion_item _builder_version=\u00bb4.5.8&#8243; _module_preset=\u00bbdefault\u00bb title=\u00bbOrigen y extensi\u00f3n, 16 de mayo\u00bb hover_enabled=\u00bb0&#8243;][\/et_pb_accordion_item][et_pb_accordion_item _builder_version=\u00bb4.5.8&#8243; _module_preset=\u00bbdefault\u00bb title=\u00bbFamilia, amistad y docencia, 23 de mayo\u00bb hover_enabled=\u00bb0&#8243;][\/et_pb_accordion_item][et_pb_accordion_item _builder_version=\u00bb4.5.8&#8243; _module_preset=\u00bbdefault\u00bb title=\u00bbPaseo por mayo 2021, 30 de mayo\u00bb hover_enabled=\u00bb0&#8243;][\/et_pb_accordion_item][\/et_pb_accordion][\/et_pb_column][\/et_pb_row][\/et_pb_section]<\/p>\n","protected":false},"excerpt":{"rendered":"<p>Iniciamos, con enorme ilusi\u00f3n, un nuevo proyecto, coordinado por el Centro Juvenil \u00c1kila, de la mano del Colegio. Se trata de un canal de\u00a0radio, nacido en torno a las fiestas de Mar\u00eda Auxiliadora.<\/p>\n","protected":false},"author":2,"featured_media":0,"comment_status":"closed","ping_status":"open","sticky":false,"template":"","format":"standard","meta":{"_et_pb_use_builder":"on","_et_pb_old_content":"","_et_gb_content_width":"","footnotes":""},"categories":[12,23,13,17,14,15,18,16,1],"tags":[],"class_list":["post-14031","post","type-post","status-publish","format-standard","hentry","category-colegio","category-covid","category-fasa","category-infantil","category-pastoral","category-portada","category-primaria","category-secundaria","category-uncategorized"],"yoast_head":"<!-- This site is optimized with the Yoast SEO plugin v28.4 - https:\/\/yoast.com\/product\/yoast-seo-wordpress\/ -->\n<title>Inauguramos \u00abEl Podcast de Don Bosco\u00bb - Colegio Salesiano Alcal\u00e1<\/title>\n<meta name=\"description\" content=\"Iniciamos, con enorme ilusi\u00f3n, un nuevo proyecto, coordinado por el Centro Juvenil \u00c1kila, de la mano del Colegio.\" \/>\n<meta name=\"robots\" content=\"index, follow, max-snippet:-1, max-image-preview:large, max-video-preview:-1\" \/>\n<link rel=\"canonical\" href=\"https:\/\/alcala.salesianos.edu\/colegio\/blog\/2021\/05\/08\/inauguramos-el-podcast-de-don-bosco-3\/\" \/>\n<meta property=\"og:locale\" content=\"es_ES\" \/>\n<meta property=\"og:type\" content=\"article\" \/>\n<meta property=\"og:title\" content=\"Inauguramos \u00abEl Podcast de Don Bosco\u00bb - Colegio Salesiano Alcal\u00e1\" \/>\n<meta property=\"og:description\" content=\"Iniciamos, con enorme ilusi\u00f3n, un nuevo proyecto, coordinado por el Centro Juvenil \u00c1kila, de la mano del Colegio.\" \/>\n<meta property=\"og:url\" content=\"https:\/\/alcala.salesianos.edu\/colegio\/blog\/2021\/05\/08\/inauguramos-el-podcast-de-don-bosco-3\/\" \/>\n<meta property=\"og:site_name\" content=\"Colegio Salesiano Alcal\u00e1\" \/>\n<meta property=\"article:published_time\" content=\"2021-05-08T04:41:28+00:00\" \/>\n<meta property=\"article:modified_time\" content=\"2025-08-27T07:49:58+00:00\" \/>\n<meta name=\"author\" content=\"Administrador Web\" \/>\n<meta name=\"twitter:card\" content=\"summary_large_image\" \/>\n<meta name=\"twitter:label1\" content=\"Escrito por\" \/>\n\t<meta name=\"twitter:data1\" content=\"Administrador Web\" \/>\n\t<meta name=\"twitter:label2\" content=\"Tiempo de lectura\" \/>\n\t<meta name=\"twitter:data2\" content=\"2 minutos\" \/>\n<script type=\"application\/ld+json\" class=\"yoast-schema-graph\">{\"@context\":\"https:\\\/\\\/schema.org\",\"@graph\":[{\"@type\":\"Article\",\"@id\":\"https:\\\/\\\/alcala.salesianos.edu\\\/colegio\\\/blog\\\/2021\\\/05\\\/08\\\/inauguramos-el-podcast-de-don-bosco-3\\\/#article\",\"isPartOf\":{\"@id\":\"https:\\\/\\\/alcala.salesianos.edu\\\/colegio\\\/blog\\\/2021\\\/05\\\/08\\\/inauguramos-el-podcast-de-don-bosco-3\\\/\"},\"author\":{\"name\":\"Administrador Web\",\"@id\":\"https:\\\/\\\/alcala.salesianos.edu\\\/colegio\\\/#\\\/schema\\\/person\\\/afcc24f776dc91fc2bf9afb0998fca77\"},\"headline\":\"Inauguramos \u00abEl Podcast de Don Bosco\u00bb\",\"datePublished\":\"2021-05-08T04:41:28+00:00\",\"dateModified\":\"2025-08-27T07:49:58+00:00\",\"mainEntityOfPage\":{\"@id\":\"https:\\\/\\\/alcala.salesianos.edu\\\/colegio\\\/blog\\\/2021\\\/05\\\/08\\\/inauguramos-el-podcast-de-don-bosco-3\\\/\"},\"wordCount\":375,\"articleSection\":[\"Colegio\",\"covid\",\"FASA\",\"Infantil\",\"Pastoral\",\"Portada\",\"Primaria\",\"Secundaria\",\"Uncategorized\"],\"inLanguage\":\"es\"},{\"@type\":\"WebPage\",\"@id\":\"https:\\\/\\\/alcala.salesianos.edu\\\/colegio\\\/blog\\\/2021\\\/05\\\/08\\\/inauguramos-el-podcast-de-don-bosco-3\\\/\",\"url\":\"https:\\\/\\\/alcala.salesianos.edu\\\/colegio\\\/blog\\\/2021\\\/05\\\/08\\\/inauguramos-el-podcast-de-don-bosco-3\\\/\",\"name\":\"Inauguramos \u00abEl Podcast de Don Bosco\u00bb - Colegio Salesiano Alcal\u00e1\",\"isPartOf\":{\"@id\":\"https:\\\/\\\/alcala.salesianos.edu\\\/colegio\\\/#website\"},\"datePublished\":\"2021-05-08T04:41:28+00:00\",\"dateModified\":\"2025-08-27T07:49:58+00:00\",\"author\":{\"@id\":\"https:\\\/\\\/alcala.salesianos.edu\\\/colegio\\\/#\\\/schema\\\/person\\\/afcc24f776dc91fc2bf9afb0998fca77\"},\"description\":\"Iniciamos, con enorme ilusi\u00f3n, un nuevo proyecto, coordinado por el Centro Juvenil \u00c1kila, de la mano del Colegio.\",\"breadcrumb\":{\"@id\":\"https:\\\/\\\/alcala.salesianos.edu\\\/colegio\\\/blog\\\/2021\\\/05\\\/08\\\/inauguramos-el-podcast-de-don-bosco-3\\\/#breadcrumb\"},\"inLanguage\":\"es\",\"potentialAction\":[{\"@type\":\"ReadAction\",\"target\":[\"https:\\\/\\\/alcala.salesianos.edu\\\/colegio\\\/blog\\\/2021\\\/05\\\/08\\\/inauguramos-el-podcast-de-don-bosco-3\\\/\"]}]},{\"@type\":\"BreadcrumbList\",\"@id\":\"https:\\\/\\\/alcala.salesianos.edu\\\/colegio\\\/blog\\\/2021\\\/05\\\/08\\\/inauguramos-el-podcast-de-don-bosco-3\\\/#breadcrumb\",\"itemListElement\":[{\"@type\":\"ListItem\",\"position\":1,\"name\":\"Portada\",\"item\":\"https:\\\/\\\/alcala.salesianos.edu\\\/colegio\\\/\"},{\"@type\":\"ListItem\",\"position\":2,\"name\":\"Inauguramos \u00abEl Podcast de Don Bosco\u00bb\"}]},{\"@type\":\"WebSite\",\"@id\":\"https:\\\/\\\/alcala.salesianos.edu\\\/colegio\\\/#website\",\"url\":\"https:\\\/\\\/alcala.salesianos.edu\\\/colegio\\\/\",\"name\":\"Colegio Salesiano Alcal\u00e1\",\"description\":\"P\u00e1gina oficial de Salesianos Alcal\u00e1 de Guadaira\",\"potentialAction\":[{\"@type\":\"SearchAction\",\"target\":{\"@type\":\"EntryPoint\",\"urlTemplate\":\"https:\\\/\\\/alcala.salesianos.edu\\\/colegio\\\/?s={search_term_string}\"},\"query-input\":{\"@type\":\"PropertyValueSpecification\",\"valueRequired\":true,\"valueName\":\"search_term_string\"}}],\"inLanguage\":\"es\"},{\"@type\":\"Person\",\"@id\":\"https:\\\/\\\/alcala.salesianos.edu\\\/colegio\\\/#\\\/schema\\\/person\\\/afcc24f776dc91fc2bf9afb0998fca77\",\"name\":\"Administrador Web\",\"image\":{\"@type\":\"ImageObject\",\"inLanguage\":\"es\",\"@id\":\"https:\\\/\\\/secure.gravatar.com\\\/avatar\\\/bc157e994689bd6da9645c00aa3bc4d55b727915b6652642660db0aef086585f?s=96&d=mm&r=g\",\"url\":\"https:\\\/\\\/secure.gravatar.com\\\/avatar\\\/bc157e994689bd6da9645c00aa3bc4d55b727915b6652642660db0aef086585f?s=96&d=mm&r=g\",\"contentUrl\":\"https:\\\/\\\/secure.gravatar.com\\\/avatar\\\/bc157e994689bd6da9645c00aa3bc4d55b727915b6652642660db0aef086585f?s=96&d=mm&r=g\",\"caption\":\"Administrador Web\"}}]}<\/script>\n<!-- \/ Yoast SEO plugin. -->","yoast_head_json":{"title":"Inauguramos \u00abEl Podcast de Don Bosco\u00bb - Colegio Salesiano Alcal\u00e1","description":"Iniciamos, con enorme ilusi\u00f3n, un nuevo proyecto, coordinado por el Centro Juvenil \u00c1kila, de la mano del Colegio.","robots":{"index":"index","follow":"follow","max-snippet":"max-snippet:-1","max-image-preview":"max-image-preview:large","max-video-preview":"max-video-preview:-1"},"canonical":"https:\/\/alcala.salesianos.edu\/colegio\/blog\/2021\/05\/08\/inauguramos-el-podcast-de-don-bosco-3\/","og_locale":"es_ES","og_type":"article","og_title":"Inauguramos \u00abEl Podcast de Don Bosco\u00bb - Colegio Salesiano Alcal\u00e1","og_description":"Iniciamos, con enorme ilusi\u00f3n, un nuevo proyecto, coordinado por el Centro Juvenil \u00c1kila, de la mano del Colegio.","og_url":"https:\/\/alcala.salesianos.edu\/colegio\/blog\/2021\/05\/08\/inauguramos-el-podcast-de-don-bosco-3\/","og_site_name":"Colegio Salesiano Alcal\u00e1","article_published_time":"2021-05-08T04:41:28+00:00","article_modified_time":"2025-08-27T07:49:58+00:00","author":"Administrador Web","twitter_card":"summary_large_image","twitter_misc":{"Escrito por":"Administrador Web","Tiempo de lectura":"2 minutos"},"schema":{"@context":"https:\/\/schema.org","@graph":[{"@type":"Article","@id":"https:\/\/alcala.salesianos.edu\/colegio\/blog\/2021\/05\/08\/inauguramos-el-podcast-de-don-bosco-3\/#article","isPartOf":{"@id":"https:\/\/alcala.salesianos.edu\/colegio\/blog\/2021\/05\/08\/inauguramos-el-podcast-de-don-bosco-3\/"},"author":{"name":"Administrador Web","@id":"https:\/\/alcala.salesianos.edu\/colegio\/#\/schema\/person\/afcc24f776dc91fc2bf9afb0998fca77"},"headline":"Inauguramos \u00abEl Podcast de Don Bosco\u00bb","datePublished":"2021-05-08T04:41:28+00:00","dateModified":"2025-08-27T07:49:58+00:00","mainEntityOfPage":{"@id":"https:\/\/alcala.salesianos.edu\/colegio\/blog\/2021\/05\/08\/inauguramos-el-podcast-de-don-bosco-3\/"},"wordCount":375,"articleSection":["Colegio","covid","FASA","Infantil","Pastoral","Portada","Primaria","Secundaria","Uncategorized"],"inLanguage":"es"},{"@type":"WebPage","@id":"https:\/\/alcala.salesianos.edu\/colegio\/blog\/2021\/05\/08\/inauguramos-el-podcast-de-don-bosco-3\/","url":"https:\/\/alcala.salesianos.edu\/colegio\/blog\/2021\/05\/08\/inauguramos-el-podcast-de-don-bosco-3\/","name":"Inauguramos \u00abEl Podcast de Don Bosco\u00bb - Colegio Salesiano Alcal\u00e1","isPartOf":{"@id":"https:\/\/alcala.salesianos.edu\/colegio\/#website"},"datePublished":"2021-05-08T04:41:28+00:00","dateModified":"2025-08-27T07:49:58+00:00","author":{"@id":"https:\/\/alcala.salesianos.edu\/colegio\/#\/schema\/person\/afcc24f776dc91fc2bf9afb0998fca77"},"description":"Iniciamos, con enorme ilusi\u00f3n, un nuevo proyecto, coordinado por el Centro Juvenil \u00c1kila, de la mano del Colegio.","breadcrumb":{"@id":"https:\/\/alcala.salesianos.edu\/colegio\/blog\/2021\/05\/08\/inauguramos-el-podcast-de-don-bosco-3\/#breadcrumb"},"inLanguage":"es","potentialAction":[{"@type":"ReadAction","target":["https:\/\/alcala.salesianos.edu\/colegio\/blog\/2021\/05\/08\/inauguramos-el-podcast-de-don-bosco-3\/"]}]},{"@type":"BreadcrumbList","@id":"https:\/\/alcala.salesianos.edu\/colegio\/blog\/2021\/05\/08\/inauguramos-el-podcast-de-don-bosco-3\/#breadcrumb","itemListElement":[{"@type":"ListItem","position":1,"name":"Portada","item":"https:\/\/alcala.salesianos.edu\/colegio\/"},{"@type":"ListItem","position":2,"name":"Inauguramos \u00abEl Podcast de Don Bosco\u00bb"}]},{"@type":"WebSite","@id":"https:\/\/alcala.salesianos.edu\/colegio\/#website","url":"https:\/\/alcala.salesianos.edu\/colegio\/","name":"Colegio Salesiano Alcal\u00e1","description":"P\u00e1gina oficial de Salesianos Alcal\u00e1 de Guadaira","potentialAction":[{"@type":"SearchAction","target":{"@type":"EntryPoint","urlTemplate":"https:\/\/alcala.salesianos.edu\/colegio\/?s={search_term_string}"},"query-input":{"@type":"PropertyValueSpecification","valueRequired":true,"valueName":"search_term_string"}}],"inLanguage":"es"},{"@type":"Person","@id":"https:\/\/alcala.salesianos.edu\/colegio\/#\/schema\/person\/afcc24f776dc91fc2bf9afb0998fca77","name":"Administrador Web","image":{"@type":"ImageObject","inLanguage":"es","@id":"https:\/\/secure.gravatar.com\/avatar\/bc157e994689bd6da9645c00aa3bc4d55b727915b6652642660db0aef086585f?s=96&d=mm&r=g","url":"https:\/\/secure.gravatar.com\/avatar\/bc157e994689bd6da9645c00aa3bc4d55b727915b6652642660db0aef086585f?s=96&d=mm&r=g","contentUrl":"https:\/\/secure.gravatar.com\/avatar\/bc157e994689bd6da9645c00aa3bc4d55b727915b6652642660db0aef086585f?s=96&d=mm&r=g","caption":"Administrador Web"}}]}},"_links":{"self":[{"href":"https:\/\/alcala.salesianos.edu\/colegio\/wp-json\/wp\/v2\/posts\/14031","targetHints":{"allow":["GET"]}}],"collection":[{"href":"https:\/\/alcala.salesianos.edu\/colegio\/wp-json\/wp\/v2\/posts"}],"about":[{"href":"https:\/\/alcala.salesianos.edu\/colegio\/wp-json\/wp\/v2\/types\/post"}],"author":[{"embeddable":true,"href":"https:\/\/alcala.salesianos.edu\/colegio\/wp-json\/wp\/v2\/users\/2"}],"replies":[{"embeddable":true,"href":"https:\/\/alcala.salesianos.edu\/colegio\/wp-json\/wp\/v2\/comments?post=14031"}],"version-history":[{"count":1,"href":"https:\/\/alcala.salesianos.edu\/colegio\/wp-json\/wp\/v2\/posts\/14031\/revisions"}],"predecessor-version":[{"id":16698,"href":"https:\/\/alcala.salesianos.edu\/colegio\/wp-json\/wp\/v2\/posts\/14031\/revisions\/16698"}],"wp:attachment":[{"href":"https:\/\/alcala.salesianos.edu\/colegio\/wp-json\/wp\/v2\/media?parent=14031"}],"wp:term":[{"taxonomy":"category","embeddable":true,"href":"https:\/\/alcala.salesianos.edu\/colegio\/wp-json\/wp\/v2\/categories?post=14031"},{"taxonomy":"post_tag","embeddable":true,"href":"https:\/\/alcala.salesianos.edu\/colegio\/wp-json\/wp\/v2\/tags?post=14031"}],"curies":[{"name":"wp","href":"https:\/\/api.w.org\/{rel}","templated":true}]}}