{"id":14007,"date":"2021-05-03T08:01:07","date_gmt":"2021-05-03T07:01:07","guid":{"rendered":"https:\/\/alcala.salesianos.edu\/colegio\/blog\/2021\/05\/03\/mayosalesiano\/"},"modified":"2025-08-27T08:50:00","modified_gmt":"2025-08-27T07:50:00","slug":"mayosalesiano","status":"publish","type":"post","link":"https:\/\/alcala.salesianos.edu\/colegio\/blog\/2021\/05\/03\/mayosalesiano\/","title":{"rendered":"Salesianos Espa\u00f1a vuelve a lanzar mayosalesiano.es"},"content":{"rendered":"<div id=\"fb-root\"><\/div>\n\n[et_pb_section fb_built=\u00bb1&#8243; _builder_version=\u00bb4.5.8&#8243; _module_preset=\u00bbdefault\u00bb][et_pb_row _builder_version=\u00bb4.5.8&#8243; _module_preset=\u00bbdefault\u00bb][et_pb_column _builder_version=\u00bb4.5.8&#8243; _module_preset=\u00bbdefault\u00bb type=\u00bb4_4&#8243;][et_pb_text _builder_version=\u00bb4.5.8&#8243; _module_preset=\u00bbdefault\u00bb hover_enabled=\u00bb0&#8243;]<div>\n<p>Decir\u00a0<span class=\"il\">mayo<\/span>\u00a0en la Familia Salesiana es hablar de un\u00a0mes especial. Es empezar a recordar a la Madre Auxiliadora, cuya fiesta ser\u00e1 celebrada el 24 de ese mes, y a organizar actividades de todo tipo en su honor.<\/p>\n<\/div>\n<div>\n<p>El pasado a\u00f1o, coincidiendo con el estado de alarma y las restricciones sanitarias a causa de la pandemia, se present\u00f3 la web\u00a0<a href=\"http:\/\/www.mayosalesiano.es\/\" target=\"_blank\" rel=\"noopener\" data-saferedirecturl=\"https:\/\/www.google.com\/url?q=http:\/\/www.mayosalesiano.es&amp;source=gmail&amp;ust=1619769227176000&amp;usg=AFQjCNEKL1Kjo2fTkjFajgB5T62dsjuIfA\">www.<span class=\"il\">mayosalesiano<\/span>.es<\/a>\u00a0para vivir esta \u00e9poca en clave mariana y salesiana.<\/p>\n<\/div>\n<div>\n<p>En coordinaci\u00f3n con otros grupos de Familia Salesiana, se mantiene el esquema como escaparate de diferentes recursos\u00a0para cada d\u00eda, con propuestas de oraciones, temas de reflexi\u00f3n para profundizar\u00a0en la espiritualidad mariana, materiales para los m\u00e1s peque\u00f1os como l\u00e1minas\u00a0para colorear y oraciones adaptadas, y otros como canciones, v\u00eddeos o propuestas de pel\u00edculas referidas a la Virgen para ver en familia.<\/p>\n<\/div>\n<div>\n<p>Adem\u00e1s, para cada d\u00eda, se propondr\u00e1 una breve reflexi\u00f3n y esa \u201cflor\u201d, gesto diario, para ir viviendo el mes, adem\u00e1s de material para vivir la novena a Mar\u00eda Auxiliadora.<\/p>\n<\/div>\n<div>\n<p>Durante la Novena, del 15 al 23, informaremos de las retransmisiones que haya\u00a0desde diferentes casas salesianas dando la posibilidad de participar desde la distancia en\u00a0una de ellas. Y el 24, tendremos tambi\u00e9n una cita para participar por internet en la\u00a0Eucarist\u00eda desde la Bas\u00edlica de Mar\u00eda Auxiliadora de Sevilla.<\/p>\n<\/div>\n<div>\u00a0<\/div>\n<div>\n<p>Pero adem\u00e1s de esta web ser\u00e1n muchas m\u00e1s las iniciativas que se ir\u00e1n desarrollando en cada casa, grupo de la Familia Salesiana o en las comunidades educativo-pastorales. En las redes\u00a0sociales de @SalesianosEs se ir\u00e1 haciendo eco con la etiqueta #<span class=\"il\">mayosalesiano<\/span>\u00a0para dar visibilidad a lo que acontece en las obras.<\/p>\n<\/div>\n<div>\n<p>Un mes de\u00a0<span class=\"il\">mayo<\/span>\u00a0especial en los que no van a faltar momentos para expresar\u00a0el cari\u00f1o a Mar\u00eda, a la Virgen de Don Bosco, a la que en la Familia Salesiana\u00a0llamamos y sentimos como Auxiliadora.<\/p>\n<p><a href=\"https:\/\/www.salesianos.edu\/los-salesianos-en-espana-vuelven-a-animar-el-portal-www-mayosalesiano-es-como-espacio-de-encuentro-para-vivir-el-mes-de-mayo-en-clave-mariana-y-salesiana\/\">Art\u00edculo<\/a> de <a href=\"http:\/\/salesianos.edu\">salesianos.edu<\/a><\/p>\n<\/div>\n[\/et_pb_text][\/et_pb_column][\/et_pb_row][\/et_pb_section]\n","protected":false},"excerpt":{"rendered":"<p>Mayo para la FASA es un\u00a0mes especial. Es recordar a la Madre Auxiliadora, que celebraremos el 24 de este mes, y tendremos actividades de todo tipo en su honor.<\/p>\n","protected":false},"author":2,"featured_media":0,"comment_status":"closed","ping_status":"open","sticky":false,"template":"","format":"standard","meta":{"_et_pb_use_builder":"on","_et_pb_old_content":"","_et_gb_content_width":"","footnotes":""},"categories":[12,23,19,13,17,14,15,18,16,1],"tags":[],"class_list":["post-14007","post","type-post","status-publish","format-standard","hentry","category-colegio","category-covid","category-escuela-abierta","category-fasa","category-infantil","category-pastoral","category-portada","category-primaria","category-secundaria","category-uncategorized"],"yoast_head":"<!-- This site is optimized with the Yoast SEO plugin v28.4 - https:\/\/yoast.com\/product\/yoast-seo-wordpress\/ -->\n<title>Salesianos Espa\u00f1a vuelve a lanzar mayosalesiano.es - Colegio Salesiano Alcal\u00e1<\/title>\n<meta name=\"description\" content=\"Decir\u00a0mayo\u00a0en la Familia Salesiana es hablar de un\u00a0mes especial. Es empezar a recordar a la Madre Auxiliadora, cuya fiesta celebraremos el 24.\" \/>\n<meta name=\"robots\" content=\"index, follow, max-snippet:-1, max-image-preview:large, max-video-preview:-1\" \/>\n<link rel=\"canonical\" href=\"https:\/\/alcala.salesianos.edu\/colegio\/blog\/2021\/05\/03\/mayosalesiano\/\" \/>\n<meta property=\"og:locale\" content=\"es_ES\" \/>\n<meta property=\"og:type\" content=\"article\" \/>\n<meta property=\"og:title\" content=\"Salesianos Espa\u00f1a vuelve a lanzar mayosalesiano.es - Colegio Salesiano Alcal\u00e1\" \/>\n<meta property=\"og:description\" content=\"Decir\u00a0mayo\u00a0en la Familia Salesiana es hablar de un\u00a0mes especial. Es empezar a recordar a la Madre Auxiliadora, cuya fiesta celebraremos el 24.\" \/>\n<meta property=\"og:url\" content=\"https:\/\/alcala.salesianos.edu\/colegio\/blog\/2021\/05\/03\/mayosalesiano\/\" \/>\n<meta property=\"og:site_name\" content=\"Colegio Salesiano Alcal\u00e1\" \/>\n<meta property=\"article:published_time\" content=\"2021-05-03T07:01:07+00:00\" \/>\n<meta property=\"article:modified_time\" content=\"2025-08-27T07:50:00+00:00\" \/>\n<meta name=\"author\" content=\"Administrador Web\" \/>\n<meta name=\"twitter:card\" content=\"summary_large_image\" \/>\n<meta name=\"twitter:label1\" content=\"Escrito por\" \/>\n\t<meta name=\"twitter:data1\" content=\"Administrador Web\" \/>\n\t<meta name=\"twitter:label2\" content=\"Tiempo de lectura\" \/>\n\t<meta name=\"twitter:data2\" content=\"2 minutos\" \/>\n<script type=\"application\/ld+json\" class=\"yoast-schema-graph\">{\"@context\":\"https:\\\/\\\/schema.org\",\"@graph\":[{\"@type\":\"Article\",\"@id\":\"https:\\\/\\\/alcala.salesianos.edu\\\/colegio\\\/blog\\\/2021\\\/05\\\/03\\\/mayosalesiano\\\/#article\",\"isPartOf\":{\"@id\":\"https:\\\/\\\/alcala.salesianos.edu\\\/colegio\\\/blog\\\/2021\\\/05\\\/03\\\/mayosalesiano\\\/\"},\"author\":{\"name\":\"Administrador Web\",\"@id\":\"https:\\\/\\\/alcala.salesianos.edu\\\/colegio\\\/#\\\/schema\\\/person\\\/afcc24f776dc91fc2bf9afb0998fca77\"},\"headline\":\"Salesianos Espa\u00f1a vuelve a lanzar mayosalesiano.es\",\"datePublished\":\"2021-05-03T07:01:07+00:00\",\"dateModified\":\"2025-08-27T07:50:00+00:00\",\"mainEntityOfPage\":{\"@id\":\"https:\\\/\\\/alcala.salesianos.edu\\\/colegio\\\/blog\\\/2021\\\/05\\\/03\\\/mayosalesiano\\\/\"},\"wordCount\":385,\"articleSection\":[\"Colegio\",\"covid\",\"Escuela abierta\",\"FASA\",\"Infantil\",\"Pastoral\",\"Portada\",\"Primaria\",\"Secundaria\",\"Uncategorized\"],\"inLanguage\":\"es\"},{\"@type\":\"WebPage\",\"@id\":\"https:\\\/\\\/alcala.salesianos.edu\\\/colegio\\\/blog\\\/2021\\\/05\\\/03\\\/mayosalesiano\\\/\",\"url\":\"https:\\\/\\\/alcala.salesianos.edu\\\/colegio\\\/blog\\\/2021\\\/05\\\/03\\\/mayosalesiano\\\/\",\"name\":\"Salesianos Espa\u00f1a vuelve a lanzar mayosalesiano.es - Colegio Salesiano Alcal\u00e1\",\"isPartOf\":{\"@id\":\"https:\\\/\\\/alcala.salesianos.edu\\\/colegio\\\/#website\"},\"datePublished\":\"2021-05-03T07:01:07+00:00\",\"dateModified\":\"2025-08-27T07:50:00+00:00\",\"author\":{\"@id\":\"https:\\\/\\\/alcala.salesianos.edu\\\/colegio\\\/#\\\/schema\\\/person\\\/afcc24f776dc91fc2bf9afb0998fca77\"},\"description\":\"Decir\u00a0mayo\u00a0en la Familia Salesiana es hablar de un\u00a0mes especial. Es empezar a recordar a la Madre Auxiliadora, cuya fiesta celebraremos el 24.\",\"breadcrumb\":{\"@id\":\"https:\\\/\\\/alcala.salesianos.edu\\\/colegio\\\/blog\\\/2021\\\/05\\\/03\\\/mayosalesiano\\\/#breadcrumb\"},\"inLanguage\":\"es\",\"potentialAction\":[{\"@type\":\"ReadAction\",\"target\":[\"https:\\\/\\\/alcala.salesianos.edu\\\/colegio\\\/blog\\\/2021\\\/05\\\/03\\\/mayosalesiano\\\/\"]}]},{\"@type\":\"BreadcrumbList\",\"@id\":\"https:\\\/\\\/alcala.salesianos.edu\\\/colegio\\\/blog\\\/2021\\\/05\\\/03\\\/mayosalesiano\\\/#breadcrumb\",\"itemListElement\":[{\"@type\":\"ListItem\",\"position\":1,\"name\":\"Portada\",\"item\":\"https:\\\/\\\/alcala.salesianos.edu\\\/colegio\\\/\"},{\"@type\":\"ListItem\",\"position\":2,\"name\":\"Salesianos Espa\u00f1a vuelve a lanzar mayosalesiano.es\"}]},{\"@type\":\"WebSite\",\"@id\":\"https:\\\/\\\/alcala.salesianos.edu\\\/colegio\\\/#website\",\"url\":\"https:\\\/\\\/alcala.salesianos.edu\\\/colegio\\\/\",\"name\":\"Colegio Salesiano Alcal\u00e1\",\"description\":\"P\u00e1gina oficial de Salesianos Alcal\u00e1 de Guadaira\",\"potentialAction\":[{\"@type\":\"SearchAction\",\"target\":{\"@type\":\"EntryPoint\",\"urlTemplate\":\"https:\\\/\\\/alcala.salesianos.edu\\\/colegio\\\/?s={search_term_string}\"},\"query-input\":{\"@type\":\"PropertyValueSpecification\",\"valueRequired\":true,\"valueName\":\"search_term_string\"}}],\"inLanguage\":\"es\"},{\"@type\":\"Person\",\"@id\":\"https:\\\/\\\/alcala.salesianos.edu\\\/colegio\\\/#\\\/schema\\\/person\\\/afcc24f776dc91fc2bf9afb0998fca77\",\"name\":\"Administrador Web\",\"image\":{\"@type\":\"ImageObject\",\"inLanguage\":\"es\",\"@id\":\"https:\\\/\\\/secure.gravatar.com\\\/avatar\\\/bc157e994689bd6da9645c00aa3bc4d55b727915b6652642660db0aef086585f?s=96&d=mm&r=g\",\"url\":\"https:\\\/\\\/secure.gravatar.com\\\/avatar\\\/bc157e994689bd6da9645c00aa3bc4d55b727915b6652642660db0aef086585f?s=96&d=mm&r=g\",\"contentUrl\":\"https:\\\/\\\/secure.gravatar.com\\\/avatar\\\/bc157e994689bd6da9645c00aa3bc4d55b727915b6652642660db0aef086585f?s=96&d=mm&r=g\",\"caption\":\"Administrador Web\"}}]}<\/script>\n<!-- \/ Yoast SEO plugin. -->","yoast_head_json":{"title":"Salesianos Espa\u00f1a vuelve a lanzar mayosalesiano.es - Colegio Salesiano Alcal\u00e1","description":"Decir\u00a0mayo\u00a0en la Familia Salesiana es hablar de un\u00a0mes especial. Es empezar a recordar a la Madre Auxiliadora, cuya fiesta celebraremos el 24.","robots":{"index":"index","follow":"follow","max-snippet":"max-snippet:-1","max-image-preview":"max-image-preview:large","max-video-preview":"max-video-preview:-1"},"canonical":"https:\/\/alcala.salesianos.edu\/colegio\/blog\/2021\/05\/03\/mayosalesiano\/","og_locale":"es_ES","og_type":"article","og_title":"Salesianos Espa\u00f1a vuelve a lanzar mayosalesiano.es - Colegio Salesiano Alcal\u00e1","og_description":"Decir\u00a0mayo\u00a0en la Familia Salesiana es hablar de un\u00a0mes especial. Es empezar a recordar a la Madre Auxiliadora, cuya fiesta celebraremos el 24.","og_url":"https:\/\/alcala.salesianos.edu\/colegio\/blog\/2021\/05\/03\/mayosalesiano\/","og_site_name":"Colegio Salesiano Alcal\u00e1","article_published_time":"2021-05-03T07:01:07+00:00","article_modified_time":"2025-08-27T07:50:00+00:00","author":"Administrador Web","twitter_card":"summary_large_image","twitter_misc":{"Escrito por":"Administrador Web","Tiempo de lectura":"2 minutos"},"schema":{"@context":"https:\/\/schema.org","@graph":[{"@type":"Article","@id":"https:\/\/alcala.salesianos.edu\/colegio\/blog\/2021\/05\/03\/mayosalesiano\/#article","isPartOf":{"@id":"https:\/\/alcala.salesianos.edu\/colegio\/blog\/2021\/05\/03\/mayosalesiano\/"},"author":{"name":"Administrador Web","@id":"https:\/\/alcala.salesianos.edu\/colegio\/#\/schema\/person\/afcc24f776dc91fc2bf9afb0998fca77"},"headline":"Salesianos Espa\u00f1a vuelve a lanzar mayosalesiano.es","datePublished":"2021-05-03T07:01:07+00:00","dateModified":"2025-08-27T07:50:00+00:00","mainEntityOfPage":{"@id":"https:\/\/alcala.salesianos.edu\/colegio\/blog\/2021\/05\/03\/mayosalesiano\/"},"wordCount":385,"articleSection":["Colegio","covid","Escuela abierta","FASA","Infantil","Pastoral","Portada","Primaria","Secundaria","Uncategorized"],"inLanguage":"es"},{"@type":"WebPage","@id":"https:\/\/alcala.salesianos.edu\/colegio\/blog\/2021\/05\/03\/mayosalesiano\/","url":"https:\/\/alcala.salesianos.edu\/colegio\/blog\/2021\/05\/03\/mayosalesiano\/","name":"Salesianos Espa\u00f1a vuelve a lanzar mayosalesiano.es - Colegio Salesiano Alcal\u00e1","isPartOf":{"@id":"https:\/\/alcala.salesianos.edu\/colegio\/#website"},"datePublished":"2021-05-03T07:01:07+00:00","dateModified":"2025-08-27T07:50:00+00:00","author":{"@id":"https:\/\/alcala.salesianos.edu\/colegio\/#\/schema\/person\/afcc24f776dc91fc2bf9afb0998fca77"},"description":"Decir\u00a0mayo\u00a0en la Familia Salesiana es hablar de un\u00a0mes especial. Es empezar a recordar a la Madre Auxiliadora, cuya fiesta celebraremos el 24.","breadcrumb":{"@id":"https:\/\/alcala.salesianos.edu\/colegio\/blog\/2021\/05\/03\/mayosalesiano\/#breadcrumb"},"inLanguage":"es","potentialAction":[{"@type":"ReadAction","target":["https:\/\/alcala.salesianos.edu\/colegio\/blog\/2021\/05\/03\/mayosalesiano\/"]}]},{"@type":"BreadcrumbList","@id":"https:\/\/alcala.salesianos.edu\/colegio\/blog\/2021\/05\/03\/mayosalesiano\/#breadcrumb","itemListElement":[{"@type":"ListItem","position":1,"name":"Portada","item":"https:\/\/alcala.salesianos.edu\/colegio\/"},{"@type":"ListItem","position":2,"name":"Salesianos Espa\u00f1a vuelve a lanzar mayosalesiano.es"}]},{"@type":"WebSite","@id":"https:\/\/alcala.salesianos.edu\/colegio\/#website","url":"https:\/\/alcala.salesianos.edu\/colegio\/","name":"Colegio Salesiano Alcal\u00e1","description":"P\u00e1gina oficial de Salesianos Alcal\u00e1 de Guadaira","potentialAction":[{"@type":"SearchAction","target":{"@type":"EntryPoint","urlTemplate":"https:\/\/alcala.salesianos.edu\/colegio\/?s={search_term_string}"},"query-input":{"@type":"PropertyValueSpecification","valueRequired":true,"valueName":"search_term_string"}}],"inLanguage":"es"},{"@type":"Person","@id":"https:\/\/alcala.salesianos.edu\/colegio\/#\/schema\/person\/afcc24f776dc91fc2bf9afb0998fca77","name":"Administrador Web","image":{"@type":"ImageObject","inLanguage":"es","@id":"https:\/\/secure.gravatar.com\/avatar\/bc157e994689bd6da9645c00aa3bc4d55b727915b6652642660db0aef086585f?s=96&d=mm&r=g","url":"https:\/\/secure.gravatar.com\/avatar\/bc157e994689bd6da9645c00aa3bc4d55b727915b6652642660db0aef086585f?s=96&d=mm&r=g","contentUrl":"https:\/\/secure.gravatar.com\/avatar\/bc157e994689bd6da9645c00aa3bc4d55b727915b6652642660db0aef086585f?s=96&d=mm&r=g","caption":"Administrador Web"}}]}},"_links":{"self":[{"href":"https:\/\/alcala.salesianos.edu\/colegio\/wp-json\/wp\/v2\/posts\/14007","targetHints":{"allow":["GET"]}}],"collection":[{"href":"https:\/\/alcala.salesianos.edu\/colegio\/wp-json\/wp\/v2\/posts"}],"about":[{"href":"https:\/\/alcala.salesianos.edu\/colegio\/wp-json\/wp\/v2\/types\/post"}],"author":[{"embeddable":true,"href":"https:\/\/alcala.salesianos.edu\/colegio\/wp-json\/wp\/v2\/users\/2"}],"replies":[{"embeddable":true,"href":"https:\/\/alcala.salesianos.edu\/colegio\/wp-json\/wp\/v2\/comments?post=14007"}],"version-history":[{"count":1,"href":"https:\/\/alcala.salesianos.edu\/colegio\/wp-json\/wp\/v2\/posts\/14007\/revisions"}],"predecessor-version":[{"id":14010,"href":"https:\/\/alcala.salesianos.edu\/colegio\/wp-json\/wp\/v2\/posts\/14007\/revisions\/14010"}],"wp:attachment":[{"href":"https:\/\/alcala.salesianos.edu\/colegio\/wp-json\/wp\/v2\/media?parent=14007"}],"wp:term":[{"taxonomy":"category","embeddable":true,"href":"https:\/\/alcala.salesianos.edu\/colegio\/wp-json\/wp\/v2\/categories?post=14007"},{"taxonomy":"post_tag","embeddable":true,"href":"https:\/\/alcala.salesianos.edu\/colegio\/wp-json\/wp\/v2\/tags?post=14007"}],"curies":[{"name":"wp","href":"https:\/\/api.w.org\/{rel}","templated":true}]}}