{"id":13996,"date":"2021-04-30T15:57:10","date_gmt":"2021-04-30T14:57:10","guid":{"rendered":"https:\/\/alcala.salesianos.edu\/colegio\/blog\/2021\/04\/30\/escuelas-salesianas\/"},"modified":"2025-08-27T08:50:02","modified_gmt":"2025-08-27T07:50:02","slug":"escuelas-salesianas","status":"publish","type":"post","link":"https:\/\/alcala.salesianos.edu\/colegio\/blog\/2021\/04\/30\/escuelas-salesianas\/","title":{"rendered":"Las escuelas salesianas profundizan junto a Victor K\u00fcppers en la psicolog\u00eda positiva"},"content":{"rendered":"<div id=\"fb-root\"><\/div>\n<p>[et_pb_section fb_built=\u00bb1&#8243; _builder_version=\u00bb4.5.8&#8243; _module_preset=\u00bbdefault\u00bb][et_pb_row _builder_version=\u00bb4.5.8&#8243; _module_preset=\u00bbdefault\u00bb][et_pb_column _builder_version=\u00bb4.5.8&#8243; _module_preset=\u00bbdefault\u00bb type=\u00bb4_4&#8243;][et_pb_text _builder_version=\u00bb4.5.8&#8243; _module_preset=\u00bbdefault\u00bb hover_enabled=\u00bb0&#8243;]<\/p>\n<div dir=\"ltr\">\n<p>Durante la ma\u00f1ana del 29 de abril tuvo lugar la quinta edici\u00f3n del encuentro inspectorial de directores de escuelas salesianas de la Inspector\u00eda Mar\u00eda Auxiliadora. En esta ocasi\u00f3n la cita online sustituy\u00f3 al tradicional encuentro en enclaves de a\u00f1os anteriores donde los participantes se encontraban en la Casa de Ejercicios San Jos\u00e9 de El Escorial. La distancia f\u00edsica no fue un inconveniente para m\u00e1s de un centenar de participantes de las diferentes escuelas salesianas de Andaluc\u00eda, Arag\u00f3n, Canarias, Catalu\u00f1a, Comunidad Valenciana, Baleares, Extremadura y Regi\u00f3n de Murcia que fueron recibidos por el mensaje de agradecimiento del inspector \u00c1ngel Asurmendi, el delegado de Pastoral Jordi Lleix\u00e0 y el coordinador de Escuelas, Miguel Canino. \u00abGracias por vuestro esfuerzo durante todos estos meses para salir adelante con esperanza desde las escuelas salesianas\u00bb, compart\u00edan como punto de partida de la sesi\u00f3n.<\/p>\n<\/div>\n<div dir=\"ltr\">\n<p>El momento central del encuentro sirvi\u00f3 para profundizar en el desarrollo del Proyecto Inspectorial de Escuelas de la mano de Victor K\u00fcppers, uno de los formadores m\u00e1s prestigiosos del\u00a0panorama internacional, donde sus conferencias sobre motivaci\u00f3n y ventas son escuchadas por miles de personas. Su visi\u00f3n estuvo dirigida en esta cita a la \u201calta direcci\u00f3n\u201d de los centros educativos salesianos que se reun\u00edan para avanzar en el conocimiento, compartir, reflexionar y proyectar juntos.<\/p>\n<\/div>\n<blockquote>\n<div>\n<p>\u00abLa psicolog\u00eda positiva aporta ideas para no perder la esperanza\u00bb, explicaba sobre la manera de enfocar las dificultades. A trav\u00e9s del cuento de los dos lobos insisti\u00f3 en la importancia de no alimentar el des\u00e1nimo. \u00abLa actitud es una elecci\u00f3n. No tiene sentido esperar que todo vaya bien para tener \u00e1nimo. Tenemos que poner nuestra mejor actitud, porque de esa manera influimos\u00a0en que todo salga adelante de\u00a0mejor manera\u00bb, insist\u00eda. \u00abSi pierdes el \u00e1nimo pasas a ser una persona del mont\u00f3n y un profesional mediocre. El \u00e1nimo es lo que nos mueve\u201d.<\/p>\n<\/div>\n<\/blockquote>\n<div>\n<p>K\u00fcppers, licenciado en Administraci\u00f3n y Direcci\u00f3n de Empresas y Doctor en Humanidades, aport\u00f3 su visi\u00f3n como formador y conferenciante y desde las aulas, gracias a su experiencia en la Universidad de Barcelona y en la Universidad Aut\u00f3noma de Barcelona. Anteriormente trabaj\u00f3 como vicepresidente de Barna Consulting Group y Research Assistant de IESE. Durante su discurso insisti\u00f3 en la actitud frente al problema recorriendo un camino desde la serenidad para aceptar lo que no est\u00e1 en nuestras manos, optando por ser una persona agradecida, siendo proactivos con el entorno, disfrutando de las peque\u00f1as cosas y reflejando la calidad humana.\u00a0 \u00abSois personas que ayud\u00e1is cada d\u00eda a otras personas. Eso es un regalo. Necesitamos buenas personas en el entorno\u00bb, comentaba. \u00abNo hay que hacer cosas extraordinarias. Hay que hacer cosas ordinarias de manera extraordinaria gracias a la calidad humana\u00bb, resum\u00eda a\u00a0trav\u00e9s de diferentes an\u00e9cdotas vitales.<\/p>\n<\/div>\n<div>\n<p>Su intervenci\u00f3n se\u00a0cerr\u00f3 citando a Santa Teresa de Calcuta: \u201cQue nadie llegue jam\u00e1s a ti sin que al irse se sienta un poco mejor y m\u00e1s feliz\u201d.<\/p>\n<\/div>\n<div dir=\"ltr\">\n<p>Posteriormente los participantes tuvieron ocasi\u00f3n de\u00a0dialogar con el ponente y profundizar\u00a0 con un momento de trabajo por grupos para la concreci\u00f3n sobre algunos aspectos que marcan la vida de los centros y el necesario cuidado de las personas.<\/p>\n<\/div>\n<div dir=\"ltr\">\n<p>El encuentro se cerr\u00f3 conociendo el estado del trabajo del \u00c1rea Pedag\u00f3gico \u2013 Pastoral, en relaci\u00f3n al modelo de persona, sistema preventivo y\u00a0Proyecto educativo, al \u00c1rea de Personas, sobre el perfil del educador y la nueva plataforma de Recursos Humanos, y el lema pastoral que acompa\u00f1ar\u00e1 al objetivo inspectorial para el pr\u00f3ximo curso.<\/p>\n<\/div>\n<p>&nbsp;<\/p>\n<p><a href=\"https:\/\/www.salesianos.edu\/las-escuelas-salesianas-profundizan-junto-a-victor-kuppers-en-la-psicologia-positiva\/\">Art\u00edculo<\/a> de <a href=\"http:\/\/salesianos.edu\">salesianos.edu<\/a><\/p>\n<p>[\/et_pb_text][\/et_pb_column][\/et_pb_row][\/et_pb_section]<\/p>\n","protected":false},"excerpt":{"rendered":"<p>El momento central del encuentro sirvi\u00f3 para profundizar en el desarrollo del Proyecto Inspectorial de Escuelas de la mano del formador Victor K\u00fcppers.<\/p>\n","protected":false},"author":2,"featured_media":0,"comment_status":"closed","ping_status":"open","sticky":false,"template":"","format":"standard","meta":{"_et_pb_use_builder":"on","_et_pb_old_content":"","_et_gb_content_width":"","footnotes":""},"categories":[12,23,19,13,17,14,15,18,16,1],"tags":[],"class_list":["post-13996","post","type-post","status-publish","format-standard","hentry","category-colegio","category-covid","category-escuela-abierta","category-fasa","category-infantil","category-pastoral","category-portada","category-primaria","category-secundaria","category-uncategorized"],"yoast_head":"<!-- This site is optimized with the Yoast SEO plugin v28.4 - https:\/\/yoast.com\/product\/yoast-seo-wordpress\/ -->\n<title>Las escuelas salesianas profundizan junto a Victor K\u00fcppers en la psicolog\u00eda positiva - Colegio Salesiano Alcal\u00e1<\/title>\n<meta name=\"description\" content=\"El momento central del encuentro sirvi\u00f3 para profundizar en el desarrollo del Proyecto Inspectorial de Escuelas de la mano de Victor K\u00fcppers.\" \/>\n<meta name=\"robots\" content=\"index, follow, max-snippet:-1, max-image-preview:large, max-video-preview:-1\" \/>\n<link rel=\"canonical\" href=\"https:\/\/alcala.salesianos.edu\/colegio\/blog\/2021\/04\/30\/escuelas-salesianas\/\" \/>\n<meta property=\"og:locale\" content=\"es_ES\" \/>\n<meta property=\"og:type\" content=\"article\" \/>\n<meta property=\"og:title\" content=\"Las escuelas salesianas profundizan junto a Victor K\u00fcppers en la psicolog\u00eda positiva - Colegio Salesiano Alcal\u00e1\" \/>\n<meta property=\"og:description\" content=\"El momento central del encuentro sirvi\u00f3 para profundizar en el desarrollo del Proyecto Inspectorial de Escuelas de la mano de Victor K\u00fcppers.\" \/>\n<meta property=\"og:url\" content=\"https:\/\/alcala.salesianos.edu\/colegio\/blog\/2021\/04\/30\/escuelas-salesianas\/\" \/>\n<meta property=\"og:site_name\" content=\"Colegio Salesiano Alcal\u00e1\" \/>\n<meta property=\"article:published_time\" content=\"2021-04-30T14:57:10+00:00\" \/>\n<meta property=\"article:modified_time\" content=\"2025-08-27T07:50:02+00:00\" \/>\n<meta name=\"author\" content=\"Administrador Web\" \/>\n<meta name=\"twitter:card\" content=\"summary_large_image\" \/>\n<meta name=\"twitter:label1\" content=\"Escrito por\" \/>\n\t<meta name=\"twitter:data1\" content=\"Administrador Web\" \/>\n\t<meta name=\"twitter:label2\" content=\"Tiempo de lectura\" \/>\n\t<meta name=\"twitter:data2\" content=\"3 minutos\" \/>\n<script type=\"application\/ld+json\" class=\"yoast-schema-graph\">{\"@context\":\"https:\\\/\\\/schema.org\",\"@graph\":[{\"@type\":\"Article\",\"@id\":\"https:\\\/\\\/alcala.salesianos.edu\\\/colegio\\\/blog\\\/2021\\\/04\\\/30\\\/escuelas-salesianas\\\/#article\",\"isPartOf\":{\"@id\":\"https:\\\/\\\/alcala.salesianos.edu\\\/colegio\\\/blog\\\/2021\\\/04\\\/30\\\/escuelas-salesianas\\\/\"},\"author\":{\"name\":\"Administrador Web\",\"@id\":\"https:\\\/\\\/alcala.salesianos.edu\\\/colegio\\\/#\\\/schema\\\/person\\\/afcc24f776dc91fc2bf9afb0998fca77\"},\"headline\":\"Las escuelas salesianas profundizan junto a Victor K\u00fcppers en la psicolog\u00eda positiva\",\"datePublished\":\"2021-04-30T14:57:10+00:00\",\"dateModified\":\"2025-08-27T07:50:02+00:00\",\"mainEntityOfPage\":{\"@id\":\"https:\\\/\\\/alcala.salesianos.edu\\\/colegio\\\/blog\\\/2021\\\/04\\\/30\\\/escuelas-salesianas\\\/\"},\"wordCount\":681,\"articleSection\":[\"Colegio\",\"covid\",\"Escuela abierta\",\"FASA\",\"Infantil\",\"Pastoral\",\"Portada\",\"Primaria\",\"Secundaria\",\"Uncategorized\"],\"inLanguage\":\"es\"},{\"@type\":\"WebPage\",\"@id\":\"https:\\\/\\\/alcala.salesianos.edu\\\/colegio\\\/blog\\\/2021\\\/04\\\/30\\\/escuelas-salesianas\\\/\",\"url\":\"https:\\\/\\\/alcala.salesianos.edu\\\/colegio\\\/blog\\\/2021\\\/04\\\/30\\\/escuelas-salesianas\\\/\",\"name\":\"Las escuelas salesianas profundizan junto a Victor K\u00fcppers en la psicolog\u00eda positiva - Colegio Salesiano Alcal\u00e1\",\"isPartOf\":{\"@id\":\"https:\\\/\\\/alcala.salesianos.edu\\\/colegio\\\/#website\"},\"datePublished\":\"2021-04-30T14:57:10+00:00\",\"dateModified\":\"2025-08-27T07:50:02+00:00\",\"author\":{\"@id\":\"https:\\\/\\\/alcala.salesianos.edu\\\/colegio\\\/#\\\/schema\\\/person\\\/afcc24f776dc91fc2bf9afb0998fca77\"},\"description\":\"El momento central del encuentro sirvi\u00f3 para profundizar en el desarrollo del Proyecto Inspectorial de Escuelas de la mano de Victor K\u00fcppers.\",\"breadcrumb\":{\"@id\":\"https:\\\/\\\/alcala.salesianos.edu\\\/colegio\\\/blog\\\/2021\\\/04\\\/30\\\/escuelas-salesianas\\\/#breadcrumb\"},\"inLanguage\":\"es\",\"potentialAction\":[{\"@type\":\"ReadAction\",\"target\":[\"https:\\\/\\\/alcala.salesianos.edu\\\/colegio\\\/blog\\\/2021\\\/04\\\/30\\\/escuelas-salesianas\\\/\"]}]},{\"@type\":\"BreadcrumbList\",\"@id\":\"https:\\\/\\\/alcala.salesianos.edu\\\/colegio\\\/blog\\\/2021\\\/04\\\/30\\\/escuelas-salesianas\\\/#breadcrumb\",\"itemListElement\":[{\"@type\":\"ListItem\",\"position\":1,\"name\":\"Portada\",\"item\":\"https:\\\/\\\/alcala.salesianos.edu\\\/colegio\\\/\"},{\"@type\":\"ListItem\",\"position\":2,\"name\":\"Las escuelas salesianas profundizan junto a Victor K\u00fcppers en la psicolog\u00eda positiva\"}]},{\"@type\":\"WebSite\",\"@id\":\"https:\\\/\\\/alcala.salesianos.edu\\\/colegio\\\/#website\",\"url\":\"https:\\\/\\\/alcala.salesianos.edu\\\/colegio\\\/\",\"name\":\"Colegio Salesiano Alcal\u00e1\",\"description\":\"P\u00e1gina oficial de Salesianos Alcal\u00e1 de Guadaira\",\"potentialAction\":[{\"@type\":\"SearchAction\",\"target\":{\"@type\":\"EntryPoint\",\"urlTemplate\":\"https:\\\/\\\/alcala.salesianos.edu\\\/colegio\\\/?s={search_term_string}\"},\"query-input\":{\"@type\":\"PropertyValueSpecification\",\"valueRequired\":true,\"valueName\":\"search_term_string\"}}],\"inLanguage\":\"es\"},{\"@type\":\"Person\",\"@id\":\"https:\\\/\\\/alcala.salesianos.edu\\\/colegio\\\/#\\\/schema\\\/person\\\/afcc24f776dc91fc2bf9afb0998fca77\",\"name\":\"Administrador Web\",\"image\":{\"@type\":\"ImageObject\",\"inLanguage\":\"es\",\"@id\":\"https:\\\/\\\/secure.gravatar.com\\\/avatar\\\/bc157e994689bd6da9645c00aa3bc4d55b727915b6652642660db0aef086585f?s=96&d=mm&r=g\",\"url\":\"https:\\\/\\\/secure.gravatar.com\\\/avatar\\\/bc157e994689bd6da9645c00aa3bc4d55b727915b6652642660db0aef086585f?s=96&d=mm&r=g\",\"contentUrl\":\"https:\\\/\\\/secure.gravatar.com\\\/avatar\\\/bc157e994689bd6da9645c00aa3bc4d55b727915b6652642660db0aef086585f?s=96&d=mm&r=g\",\"caption\":\"Administrador Web\"}}]}<\/script>\n<!-- \/ Yoast SEO plugin. -->","yoast_head_json":{"title":"Las escuelas salesianas profundizan junto a Victor K\u00fcppers en la psicolog\u00eda positiva - Colegio Salesiano Alcal\u00e1","description":"El momento central del encuentro sirvi\u00f3 para profundizar en el desarrollo del Proyecto Inspectorial de Escuelas de la mano de Victor K\u00fcppers.","robots":{"index":"index","follow":"follow","max-snippet":"max-snippet:-1","max-image-preview":"max-image-preview:large","max-video-preview":"max-video-preview:-1"},"canonical":"https:\/\/alcala.salesianos.edu\/colegio\/blog\/2021\/04\/30\/escuelas-salesianas\/","og_locale":"es_ES","og_type":"article","og_title":"Las escuelas salesianas profundizan junto a Victor K\u00fcppers en la psicolog\u00eda positiva - Colegio Salesiano Alcal\u00e1","og_description":"El momento central del encuentro sirvi\u00f3 para profundizar en el desarrollo del Proyecto Inspectorial de Escuelas de la mano de Victor K\u00fcppers.","og_url":"https:\/\/alcala.salesianos.edu\/colegio\/blog\/2021\/04\/30\/escuelas-salesianas\/","og_site_name":"Colegio Salesiano Alcal\u00e1","article_published_time":"2021-04-30T14:57:10+00:00","article_modified_time":"2025-08-27T07:50:02+00:00","author":"Administrador Web","twitter_card":"summary_large_image","twitter_misc":{"Escrito por":"Administrador Web","Tiempo de lectura":"3 minutos"},"schema":{"@context":"https:\/\/schema.org","@graph":[{"@type":"Article","@id":"https:\/\/alcala.salesianos.edu\/colegio\/blog\/2021\/04\/30\/escuelas-salesianas\/#article","isPartOf":{"@id":"https:\/\/alcala.salesianos.edu\/colegio\/blog\/2021\/04\/30\/escuelas-salesianas\/"},"author":{"name":"Administrador Web","@id":"https:\/\/alcala.salesianos.edu\/colegio\/#\/schema\/person\/afcc24f776dc91fc2bf9afb0998fca77"},"headline":"Las escuelas salesianas profundizan junto a Victor K\u00fcppers en la psicolog\u00eda positiva","datePublished":"2021-04-30T14:57:10+00:00","dateModified":"2025-08-27T07:50:02+00:00","mainEntityOfPage":{"@id":"https:\/\/alcala.salesianos.edu\/colegio\/blog\/2021\/04\/30\/escuelas-salesianas\/"},"wordCount":681,"articleSection":["Colegio","covid","Escuela abierta","FASA","Infantil","Pastoral","Portada","Primaria","Secundaria","Uncategorized"],"inLanguage":"es"},{"@type":"WebPage","@id":"https:\/\/alcala.salesianos.edu\/colegio\/blog\/2021\/04\/30\/escuelas-salesianas\/","url":"https:\/\/alcala.salesianos.edu\/colegio\/blog\/2021\/04\/30\/escuelas-salesianas\/","name":"Las escuelas salesianas profundizan junto a Victor K\u00fcppers en la psicolog\u00eda positiva - Colegio Salesiano Alcal\u00e1","isPartOf":{"@id":"https:\/\/alcala.salesianos.edu\/colegio\/#website"},"datePublished":"2021-04-30T14:57:10+00:00","dateModified":"2025-08-27T07:50:02+00:00","author":{"@id":"https:\/\/alcala.salesianos.edu\/colegio\/#\/schema\/person\/afcc24f776dc91fc2bf9afb0998fca77"},"description":"El momento central del encuentro sirvi\u00f3 para profundizar en el desarrollo del Proyecto Inspectorial de Escuelas de la mano de Victor K\u00fcppers.","breadcrumb":{"@id":"https:\/\/alcala.salesianos.edu\/colegio\/blog\/2021\/04\/30\/escuelas-salesianas\/#breadcrumb"},"inLanguage":"es","potentialAction":[{"@type":"ReadAction","target":["https:\/\/alcala.salesianos.edu\/colegio\/blog\/2021\/04\/30\/escuelas-salesianas\/"]}]},{"@type":"BreadcrumbList","@id":"https:\/\/alcala.salesianos.edu\/colegio\/blog\/2021\/04\/30\/escuelas-salesianas\/#breadcrumb","itemListElement":[{"@type":"ListItem","position":1,"name":"Portada","item":"https:\/\/alcala.salesianos.edu\/colegio\/"},{"@type":"ListItem","position":2,"name":"Las escuelas salesianas profundizan junto a Victor K\u00fcppers en la psicolog\u00eda positiva"}]},{"@type":"WebSite","@id":"https:\/\/alcala.salesianos.edu\/colegio\/#website","url":"https:\/\/alcala.salesianos.edu\/colegio\/","name":"Colegio Salesiano Alcal\u00e1","description":"P\u00e1gina oficial de Salesianos Alcal\u00e1 de Guadaira","potentialAction":[{"@type":"SearchAction","target":{"@type":"EntryPoint","urlTemplate":"https:\/\/alcala.salesianos.edu\/colegio\/?s={search_term_string}"},"query-input":{"@type":"PropertyValueSpecification","valueRequired":true,"valueName":"search_term_string"}}],"inLanguage":"es"},{"@type":"Person","@id":"https:\/\/alcala.salesianos.edu\/colegio\/#\/schema\/person\/afcc24f776dc91fc2bf9afb0998fca77","name":"Administrador Web","image":{"@type":"ImageObject","inLanguage":"es","@id":"https:\/\/secure.gravatar.com\/avatar\/bc157e994689bd6da9645c00aa3bc4d55b727915b6652642660db0aef086585f?s=96&d=mm&r=g","url":"https:\/\/secure.gravatar.com\/avatar\/bc157e994689bd6da9645c00aa3bc4d55b727915b6652642660db0aef086585f?s=96&d=mm&r=g","contentUrl":"https:\/\/secure.gravatar.com\/avatar\/bc157e994689bd6da9645c00aa3bc4d55b727915b6652642660db0aef086585f?s=96&d=mm&r=g","caption":"Administrador Web"}}]}},"_links":{"self":[{"href":"https:\/\/alcala.salesianos.edu\/colegio\/wp-json\/wp\/v2\/posts\/13996","targetHints":{"allow":["GET"]}}],"collection":[{"href":"https:\/\/alcala.salesianos.edu\/colegio\/wp-json\/wp\/v2\/posts"}],"about":[{"href":"https:\/\/alcala.salesianos.edu\/colegio\/wp-json\/wp\/v2\/types\/post"}],"author":[{"embeddable":true,"href":"https:\/\/alcala.salesianos.edu\/colegio\/wp-json\/wp\/v2\/users\/2"}],"replies":[{"embeddable":true,"href":"https:\/\/alcala.salesianos.edu\/colegio\/wp-json\/wp\/v2\/comments?post=13996"}],"version-history":[{"count":1,"href":"https:\/\/alcala.salesianos.edu\/colegio\/wp-json\/wp\/v2\/posts\/13996\/revisions"}],"predecessor-version":[{"id":16700,"href":"https:\/\/alcala.salesianos.edu\/colegio\/wp-json\/wp\/v2\/posts\/13996\/revisions\/16700"}],"wp:attachment":[{"href":"https:\/\/alcala.salesianos.edu\/colegio\/wp-json\/wp\/v2\/media?parent=13996"}],"wp:term":[{"taxonomy":"category","embeddable":true,"href":"https:\/\/alcala.salesianos.edu\/colegio\/wp-json\/wp\/v2\/categories?post=13996"},{"taxonomy":"post_tag","embeddable":true,"href":"https:\/\/alcala.salesianos.edu\/colegio\/wp-json\/wp\/v2\/tags?post=13996"}],"curies":[{"name":"wp","href":"https:\/\/api.w.org\/{rel}","templated":true}]}}