{"id":13976,"date":"2021-04-12T15:40:57","date_gmt":"2021-04-12T14:40:57","guid":{"rendered":"https:\/\/alcala.salesianos.edu\/colegio\/blog\/2021\/04\/12\/educiencia\/"},"modified":"2025-08-27T08:50:04","modified_gmt":"2025-08-27T07:50:04","slug":"educiencia","status":"publish","type":"post","link":"https:\/\/alcala.salesianos.edu\/colegio\/blog\/2021\/04\/12\/educiencia\/","title":{"rendered":"III Jornadas de EduCiencia"},"content":{"rendered":"<div id=\"fb-root\"><\/div>\n<p>[et_pb_section fb_built=\u00bb1&#8243; _builder_version=\u00bb4.5.8&#8243; _module_preset=\u00bbdefault\u00bb][et_pb_row _builder_version=\u00bb4.5.8&#8243; _module_preset=\u00bbdefault\u00bb][et_pb_column _builder_version=\u00bb4.5.8&#8243; _module_preset=\u00bbdefault\u00bb type=\u00bb4_4&#8243;][et_pb_text _builder_version=\u00bb4.5.8&#8243; _module_preset=\u00bbdefault\u00bb hover_enabled=\u00bb0&#8243;]<\/p>\n<p>El pr\u00f3ximo jueves, inauguramos nuestras III Jornadas EduCiencia de divulgaci\u00f3n cient\u00edfica, desarrolladas por el Centro Salesiano Nuestra Se\u00f1ora del \u00c1guila, en colaboraci\u00f3n con la Delegaci\u00f3n de Educaci\u00f3n del Ayuntamiento de Alcal\u00e1 de Guada\u00edra y de la Editorial Edeb\u00e9.<\/p>\n<p>Con el fin de afianzar el m\u00e9todo cient\u00edfico en nuestro contexto educativo y de promover las vocaciones entre los j\u00f3venes, un a\u00f1o m\u00e1s, desarrollamos esta iniciativa divulgativa para todo el alumnado de la ciudad de Alcal\u00e1.<\/p>\n<p>En las mismas, diversos ponentes, reconocidos por su recorrido en la ciencia y por su fomento de la misma, se unir\u00e1n a nosotros para desarrollar charlas cient\u00edficas novedosas y con un marcado car\u00e1cter experimental.<\/p>\n<p>Durante el presente curso, las Jornadas girar\u00e1n en torno a las matem\u00e1ticas y los ponentes ser\u00e1n Manuel Jes\u00fas Soto Prieto, profesor de la Universidad de Sevilla y miembro del Equipo de Divulgaci\u00f3n de la misma y Jose Antonio Prado Bassas, profesor y divulgador cient\u00edfico.<\/p>\n<p>[\/et_pb_text][\/et_pb_column][\/et_pb_row][\/et_pb_section]<\/p>\n","protected":false},"excerpt":{"rendered":"<p>Desarrolladas por el Centro Salesiano Nuestra Se\u00f1ora del \u00c1guila, en colaboraci\u00f3n con la Delegaci\u00f3n de Educaci\u00f3n del Ayuntamiento de Alcal\u00e1 de Guada\u00edra y de la Editorial Edeb\u00e9.<\/p>\n","protected":false},"author":2,"featured_media":0,"comment_status":"closed","ping_status":"open","sticky":false,"template":"","format":"standard","meta":{"_et_pb_use_builder":"on","_et_pb_old_content":"","_et_gb_content_width":"","footnotes":""},"categories":[12,23,15,16,1],"tags":[],"class_list":["post-13976","post","type-post","status-publish","format-standard","hentry","category-colegio","category-covid","category-portada","category-secundaria","category-uncategorized"],"yoast_head":"<!-- This site is optimized with the Yoast SEO plugin v28.4 - https:\/\/yoast.com\/product\/yoast-seo-wordpress\/ -->\n<title>III Jornadas de EduCiencia - Colegio Salesiano Alcal\u00e1<\/title>\n<meta name=\"description\" content=\"Desarrolladas por el Centro, en colaboraci\u00f3n con la Delegaci\u00f3n de Educaci\u00f3n del Ayuntamiento de Alcal\u00e1 de Guada\u00edra y de la Editorial Edeb\u00e9.\" \/>\n<meta name=\"robots\" content=\"index, follow, max-snippet:-1, max-image-preview:large, max-video-preview:-1\" \/>\n<link rel=\"canonical\" href=\"https:\/\/alcala.salesianos.edu\/colegio\/blog\/2021\/04\/12\/educiencia\/\" \/>\n<meta property=\"og:locale\" content=\"es_ES\" \/>\n<meta property=\"og:type\" content=\"article\" \/>\n<meta property=\"og:title\" content=\"III Jornadas de EduCiencia - Colegio Salesiano Alcal\u00e1\" \/>\n<meta property=\"og:description\" content=\"Desarrolladas por el Centro, en colaboraci\u00f3n con la Delegaci\u00f3n de Educaci\u00f3n del Ayuntamiento de Alcal\u00e1 de Guada\u00edra y de la Editorial Edeb\u00e9.\" \/>\n<meta property=\"og:url\" content=\"https:\/\/alcala.salesianos.edu\/colegio\/blog\/2021\/04\/12\/educiencia\/\" \/>\n<meta property=\"og:site_name\" content=\"Colegio Salesiano Alcal\u00e1\" \/>\n<meta property=\"article:published_time\" content=\"2021-04-12T14:40:57+00:00\" \/>\n<meta property=\"article:modified_time\" content=\"2025-08-27T07:50:04+00:00\" \/>\n<meta name=\"author\" content=\"Administrador Web\" \/>\n<meta name=\"twitter:card\" content=\"summary_large_image\" \/>\n<meta name=\"twitter:label1\" content=\"Escrito por\" \/>\n\t<meta name=\"twitter:data1\" content=\"Administrador Web\" \/>\n\t<meta name=\"twitter:label2\" content=\"Tiempo de lectura\" \/>\n\t<meta name=\"twitter:data2\" content=\"1 minuto\" \/>\n<script type=\"application\/ld+json\" class=\"yoast-schema-graph\">{\"@context\":\"https:\\\/\\\/schema.org\",\"@graph\":[{\"@type\":\"Article\",\"@id\":\"https:\\\/\\\/alcala.salesianos.edu\\\/colegio\\\/blog\\\/2021\\\/04\\\/12\\\/educiencia\\\/#article\",\"isPartOf\":{\"@id\":\"https:\\\/\\\/alcala.salesianos.edu\\\/colegio\\\/blog\\\/2021\\\/04\\\/12\\\/educiencia\\\/\"},\"author\":{\"name\":\"Administrador Web\",\"@id\":\"https:\\\/\\\/alcala.salesianos.edu\\\/colegio\\\/#\\\/schema\\\/person\\\/afcc24f776dc91fc2bf9afb0998fca77\"},\"headline\":\"III Jornadas de EduCiencia\",\"datePublished\":\"2021-04-12T14:40:57+00:00\",\"dateModified\":\"2025-08-27T07:50:04+00:00\",\"mainEntityOfPage\":{\"@id\":\"https:\\\/\\\/alcala.salesianos.edu\\\/colegio\\\/blog\\\/2021\\\/04\\\/12\\\/educiencia\\\/\"},\"wordCount\":227,\"articleSection\":[\"Colegio\",\"covid\",\"Portada\",\"Secundaria\",\"Uncategorized\"],\"inLanguage\":\"es\"},{\"@type\":\"WebPage\",\"@id\":\"https:\\\/\\\/alcala.salesianos.edu\\\/colegio\\\/blog\\\/2021\\\/04\\\/12\\\/educiencia\\\/\",\"url\":\"https:\\\/\\\/alcala.salesianos.edu\\\/colegio\\\/blog\\\/2021\\\/04\\\/12\\\/educiencia\\\/\",\"name\":\"III Jornadas de EduCiencia - Colegio Salesiano Alcal\u00e1\",\"isPartOf\":{\"@id\":\"https:\\\/\\\/alcala.salesianos.edu\\\/colegio\\\/#website\"},\"datePublished\":\"2021-04-12T14:40:57+00:00\",\"dateModified\":\"2025-08-27T07:50:04+00:00\",\"author\":{\"@id\":\"https:\\\/\\\/alcala.salesianos.edu\\\/colegio\\\/#\\\/schema\\\/person\\\/afcc24f776dc91fc2bf9afb0998fca77\"},\"description\":\"Desarrolladas por el Centro, en colaboraci\u00f3n con la Delegaci\u00f3n de Educaci\u00f3n del Ayuntamiento de Alcal\u00e1 de Guada\u00edra y de la Editorial Edeb\u00e9.\",\"breadcrumb\":{\"@id\":\"https:\\\/\\\/alcala.salesianos.edu\\\/colegio\\\/blog\\\/2021\\\/04\\\/12\\\/educiencia\\\/#breadcrumb\"},\"inLanguage\":\"es\",\"potentialAction\":[{\"@type\":\"ReadAction\",\"target\":[\"https:\\\/\\\/alcala.salesianos.edu\\\/colegio\\\/blog\\\/2021\\\/04\\\/12\\\/educiencia\\\/\"]}]},{\"@type\":\"BreadcrumbList\",\"@id\":\"https:\\\/\\\/alcala.salesianos.edu\\\/colegio\\\/blog\\\/2021\\\/04\\\/12\\\/educiencia\\\/#breadcrumb\",\"itemListElement\":[{\"@type\":\"ListItem\",\"position\":1,\"name\":\"Portada\",\"item\":\"https:\\\/\\\/alcala.salesianos.edu\\\/colegio\\\/\"},{\"@type\":\"ListItem\",\"position\":2,\"name\":\"III Jornadas de EduCiencia\"}]},{\"@type\":\"WebSite\",\"@id\":\"https:\\\/\\\/alcala.salesianos.edu\\\/colegio\\\/#website\",\"url\":\"https:\\\/\\\/alcala.salesianos.edu\\\/colegio\\\/\",\"name\":\"Colegio Salesiano Alcal\u00e1\",\"description\":\"P\u00e1gina oficial de Salesianos Alcal\u00e1 de Guadaira\",\"potentialAction\":[{\"@type\":\"SearchAction\",\"target\":{\"@type\":\"EntryPoint\",\"urlTemplate\":\"https:\\\/\\\/alcala.salesianos.edu\\\/colegio\\\/?s={search_term_string}\"},\"query-input\":{\"@type\":\"PropertyValueSpecification\",\"valueRequired\":true,\"valueName\":\"search_term_string\"}}],\"inLanguage\":\"es\"},{\"@type\":\"Person\",\"@id\":\"https:\\\/\\\/alcala.salesianos.edu\\\/colegio\\\/#\\\/schema\\\/person\\\/afcc24f776dc91fc2bf9afb0998fca77\",\"name\":\"Administrador Web\",\"image\":{\"@type\":\"ImageObject\",\"inLanguage\":\"es\",\"@id\":\"https:\\\/\\\/secure.gravatar.com\\\/avatar\\\/bc157e994689bd6da9645c00aa3bc4d55b727915b6652642660db0aef086585f?s=96&d=mm&r=g\",\"url\":\"https:\\\/\\\/secure.gravatar.com\\\/avatar\\\/bc157e994689bd6da9645c00aa3bc4d55b727915b6652642660db0aef086585f?s=96&d=mm&r=g\",\"contentUrl\":\"https:\\\/\\\/secure.gravatar.com\\\/avatar\\\/bc157e994689bd6da9645c00aa3bc4d55b727915b6652642660db0aef086585f?s=96&d=mm&r=g\",\"caption\":\"Administrador Web\"}}]}<\/script>\n<!-- \/ Yoast SEO plugin. -->","yoast_head_json":{"title":"III Jornadas de EduCiencia - Colegio Salesiano Alcal\u00e1","description":"Desarrolladas por el Centro, en colaboraci\u00f3n con la Delegaci\u00f3n de Educaci\u00f3n del Ayuntamiento de Alcal\u00e1 de Guada\u00edra y de la Editorial Edeb\u00e9.","robots":{"index":"index","follow":"follow","max-snippet":"max-snippet:-1","max-image-preview":"max-image-preview:large","max-video-preview":"max-video-preview:-1"},"canonical":"https:\/\/alcala.salesianos.edu\/colegio\/blog\/2021\/04\/12\/educiencia\/","og_locale":"es_ES","og_type":"article","og_title":"III Jornadas de EduCiencia - Colegio Salesiano Alcal\u00e1","og_description":"Desarrolladas por el Centro, en colaboraci\u00f3n con la Delegaci\u00f3n de Educaci\u00f3n del Ayuntamiento de Alcal\u00e1 de Guada\u00edra y de la Editorial Edeb\u00e9.","og_url":"https:\/\/alcala.salesianos.edu\/colegio\/blog\/2021\/04\/12\/educiencia\/","og_site_name":"Colegio Salesiano Alcal\u00e1","article_published_time":"2021-04-12T14:40:57+00:00","article_modified_time":"2025-08-27T07:50:04+00:00","author":"Administrador Web","twitter_card":"summary_large_image","twitter_misc":{"Escrito por":"Administrador Web","Tiempo de lectura":"1 minuto"},"schema":{"@context":"https:\/\/schema.org","@graph":[{"@type":"Article","@id":"https:\/\/alcala.salesianos.edu\/colegio\/blog\/2021\/04\/12\/educiencia\/#article","isPartOf":{"@id":"https:\/\/alcala.salesianos.edu\/colegio\/blog\/2021\/04\/12\/educiencia\/"},"author":{"name":"Administrador Web","@id":"https:\/\/alcala.salesianos.edu\/colegio\/#\/schema\/person\/afcc24f776dc91fc2bf9afb0998fca77"},"headline":"III Jornadas de EduCiencia","datePublished":"2021-04-12T14:40:57+00:00","dateModified":"2025-08-27T07:50:04+00:00","mainEntityOfPage":{"@id":"https:\/\/alcala.salesianos.edu\/colegio\/blog\/2021\/04\/12\/educiencia\/"},"wordCount":227,"articleSection":["Colegio","covid","Portada","Secundaria","Uncategorized"],"inLanguage":"es"},{"@type":"WebPage","@id":"https:\/\/alcala.salesianos.edu\/colegio\/blog\/2021\/04\/12\/educiencia\/","url":"https:\/\/alcala.salesianos.edu\/colegio\/blog\/2021\/04\/12\/educiencia\/","name":"III Jornadas de EduCiencia - Colegio Salesiano Alcal\u00e1","isPartOf":{"@id":"https:\/\/alcala.salesianos.edu\/colegio\/#website"},"datePublished":"2021-04-12T14:40:57+00:00","dateModified":"2025-08-27T07:50:04+00:00","author":{"@id":"https:\/\/alcala.salesianos.edu\/colegio\/#\/schema\/person\/afcc24f776dc91fc2bf9afb0998fca77"},"description":"Desarrolladas por el Centro, en colaboraci\u00f3n con la Delegaci\u00f3n de Educaci\u00f3n del Ayuntamiento de Alcal\u00e1 de Guada\u00edra y de la Editorial Edeb\u00e9.","breadcrumb":{"@id":"https:\/\/alcala.salesianos.edu\/colegio\/blog\/2021\/04\/12\/educiencia\/#breadcrumb"},"inLanguage":"es","potentialAction":[{"@type":"ReadAction","target":["https:\/\/alcala.salesianos.edu\/colegio\/blog\/2021\/04\/12\/educiencia\/"]}]},{"@type":"BreadcrumbList","@id":"https:\/\/alcala.salesianos.edu\/colegio\/blog\/2021\/04\/12\/educiencia\/#breadcrumb","itemListElement":[{"@type":"ListItem","position":1,"name":"Portada","item":"https:\/\/alcala.salesianos.edu\/colegio\/"},{"@type":"ListItem","position":2,"name":"III Jornadas de EduCiencia"}]},{"@type":"WebSite","@id":"https:\/\/alcala.salesianos.edu\/colegio\/#website","url":"https:\/\/alcala.salesianos.edu\/colegio\/","name":"Colegio Salesiano Alcal\u00e1","description":"P\u00e1gina oficial de Salesianos Alcal\u00e1 de Guadaira","potentialAction":[{"@type":"SearchAction","target":{"@type":"EntryPoint","urlTemplate":"https:\/\/alcala.salesianos.edu\/colegio\/?s={search_term_string}"},"query-input":{"@type":"PropertyValueSpecification","valueRequired":true,"valueName":"search_term_string"}}],"inLanguage":"es"},{"@type":"Person","@id":"https:\/\/alcala.salesianos.edu\/colegio\/#\/schema\/person\/afcc24f776dc91fc2bf9afb0998fca77","name":"Administrador Web","image":{"@type":"ImageObject","inLanguage":"es","@id":"https:\/\/secure.gravatar.com\/avatar\/bc157e994689bd6da9645c00aa3bc4d55b727915b6652642660db0aef086585f?s=96&d=mm&r=g","url":"https:\/\/secure.gravatar.com\/avatar\/bc157e994689bd6da9645c00aa3bc4d55b727915b6652642660db0aef086585f?s=96&d=mm&r=g","contentUrl":"https:\/\/secure.gravatar.com\/avatar\/bc157e994689bd6da9645c00aa3bc4d55b727915b6652642660db0aef086585f?s=96&d=mm&r=g","caption":"Administrador Web"}}]}},"_links":{"self":[{"href":"https:\/\/alcala.salesianos.edu\/colegio\/wp-json\/wp\/v2\/posts\/13976","targetHints":{"allow":["GET"]}}],"collection":[{"href":"https:\/\/alcala.salesianos.edu\/colegio\/wp-json\/wp\/v2\/posts"}],"about":[{"href":"https:\/\/alcala.salesianos.edu\/colegio\/wp-json\/wp\/v2\/types\/post"}],"author":[{"embeddable":true,"href":"https:\/\/alcala.salesianos.edu\/colegio\/wp-json\/wp\/v2\/users\/2"}],"replies":[{"embeddable":true,"href":"https:\/\/alcala.salesianos.edu\/colegio\/wp-json\/wp\/v2\/comments?post=13976"}],"version-history":[{"count":1,"href":"https:\/\/alcala.salesianos.edu\/colegio\/wp-json\/wp\/v2\/posts\/13976\/revisions"}],"predecessor-version":[{"id":16701,"href":"https:\/\/alcala.salesianos.edu\/colegio\/wp-json\/wp\/v2\/posts\/13976\/revisions\/16701"}],"wp:attachment":[{"href":"https:\/\/alcala.salesianos.edu\/colegio\/wp-json\/wp\/v2\/media?parent=13976"}],"wp:term":[{"taxonomy":"category","embeddable":true,"href":"https:\/\/alcala.salesianos.edu\/colegio\/wp-json\/wp\/v2\/categories?post=13976"},{"taxonomy":"post_tag","embeddable":true,"href":"https:\/\/alcala.salesianos.edu\/colegio\/wp-json\/wp\/v2\/tags?post=13976"}],"curies":[{"name":"wp","href":"https:\/\/api.w.org\/{rel}","templated":true}]}}