{"id":13972,"date":"2021-04-12T11:56:54","date_gmt":"2021-04-12T10:56:54","guid":{"rendered":"https:\/\/alcala.salesianos.edu\/colegio\/blog\/2021\/04\/12\/semana-ciencia\/"},"modified":"2025-08-27T08:50:05","modified_gmt":"2025-08-27T07:50:05","slug":"semana-ciencia","status":"publish","type":"post","link":"https:\/\/alcala.salesianos.edu\/colegio\/blog\/2021\/04\/12\/semana-ciencia\/","title":{"rendered":"Comienza la Semana de la Ciencia de nuestro colegio"},"content":{"rendered":"<div id=\"fb-root\"><\/div>\n\n[et_pb_section fb_built=\u00bb1&#8243; admin_label=\u00bbsection\u00bb _builder_version=\u00bb3.22&#8243;][et_pb_row admin_label=\u00bbrow\u00bb _builder_version=\u00bb3.25&#8243; background_size=\u00bbinitial\u00bb background_position=\u00bbtop_left\u00bb background_repeat=\u00bbrepeat\u00bb][et_pb_column type=\u00bb4_4&#8243; _builder_version=\u00bb3.25&#8243; custom_padding=\u00bb|||\u00bb custom_padding__hover=\u00bb|||\u00bb][et_pb_text _builder_version=\u00bb4.5.8&#8243; _module_preset=\u00bbdefault\u00bb hover_enabled=\u00bb0&#8243;]<div class=\"kvgmc6g5 cxmmr5t8 oygrvhab hcukyx3x c1et5uql ii04i59q\">\n<div dir=\"auto\">El colegio apuesta por promocionar la investigaci\u00f3n y la divulgaci\u00f3n en los diferentes \u00e1mbitos del conocimiento. Con esto, la semana del 12-16 de abril, celebraremos en nuestro Centro la VI Semana de la Ciencia.<\/div>\n<\/div>\n<div class=\"o9v6fnle cxmmr5t8 oygrvhab hcukyx3x c1et5uql ii04i59q\">\n<div dir=\"auto\">Una iniciativa que pretende desarrollar y afianzar el m\u00e9todo cient\u00edfico y su aplicaci\u00f3n en la vida diaria de nuestros alumnos. El mismo, fomenta la curiosidad, estimula el aprendizaje y ejercita la creatividad entre otros.<\/div>\n<\/div>\n<div class=\"o9v6fnle cxmmr5t8 oygrvhab hcukyx3x c1et5uql ii04i59q\">\n<div dir=\"auto\">Durante el presente curso, para salvaguardar la salud de nuestros j\u00f3venes, desarrollaremos todas las actividades bajo la supervisi\u00f3n directa de nuestro protocolo y sus responsables.<\/div>\n<\/div>\n<div dir=\"auto\">Estas son las distintas actividades que se realizar\u00e1n por cada etapa de nuestro centro educativo:<\/div>\n<div dir=\"auto\">\u00a0<\/div>\n<div class=\"o9v6fnle cxmmr5t8 oygrvhab hcukyx3x c1et5uql ii04i59q\">\n<div dir=\"auto\">\n<div>&#8211;\u00a0<b>Infantil<\/b><\/div>\n<div>\n<ul>\n<li>Cuentacuentos de\u00a0<span class=\"il\">Ciencia.<\/span><\/li>\n<li>Lectura y realizaci\u00f3n de cartel de cient\u00edficos reconocidos.<\/li>\n<li>Talleres de experimentos\u00a0<span class=\"il\">cient\u00edficos.<\/span><\/li>\n<li>Realizaci\u00f3n de v\u00eddeos para adivinar\u00a0<span class=\"il\">cient\u00edficos.<\/span><\/li>\n<\/ul>\n<\/div>\n<div>&#8211;\u00a0<b>Primaria<\/b><\/div>\n<div>\n<ul>\n<li>Actividad \u00ab<span class=\"il\">Cient\u00edfico<\/span>\u00a0sabio\u00bb<\/li>\n<li>Realizaci\u00f3n de Cuaderno\u00a0<span class=\"il\">cient\u00edfico<\/span><\/li>\n<li>Talleres de experimentos\u00a0<span class=\"il\">cient\u00edficos<\/span>\u00a0caseros<\/li>\n<li>Realizaci\u00f3n de Cuestionarios sobre\u00a0<span class=\"il\">ciencia.<\/span><\/li>\n<li>Actividades y visualizaci\u00f3n de v\u00eddeos para adivinar\u00a0<span class=\"il\">cient\u00edficos.<\/span><\/li>\n<\/ul>\n<\/div>\n<div>&#8211;\u00a0<b>Secundaria<\/b><\/div>\n<div>\n<ul>\n<li>Actividades Aula del futuro<\/li>\n<li>Exposici\u00f3n de minerales y f\u00f3siles<\/li>\n<li>Visualizaci\u00f3n de v\u00eddeos para adivinar\u00a0<span class=\"il\">cient\u00edficos<\/span>.<\/li>\n<li>Concurso de portada de c\u00f3mic\u00a0<span class=\"il\">Cient\u00edfico<\/span>\u00a0\u00abLa\u00a0<span class=\"il\">Ciencia<\/span> en portada\u00bb.<\/li>\n<li>Concurso panel\u00a0<span class=\"il\">cient\u00edfico<\/span> virtual.<\/li>\n<li><a href=\"https:\/\/alcala.salesianos.edu\/colegio\/la-ciencia-en-portada\/\" target=\"_blank\" rel=\"noopener\">Jornadas EduCIENCIA<\/a>.<\/li>\n<\/ul>\n<\/div>\n<\/div>\n<\/div>\n[\/et_pb_text][\/et_pb_column][\/et_pb_row][\/et_pb_section]\n","protected":false},"excerpt":{"rendered":"<p>El colegio apuesta por promocionar la investigaci\u00f3n y la divulgaci\u00f3n en los diferentes \u00e1mbitos del conocimiento. La semana del 12-16 de abril celebraremos la cuarta edici\u00f3n.<\/p>\n","protected":false},"author":2,"featured_media":0,"comment_status":"closed","ping_status":"open","sticky":false,"template":"","format":"standard","meta":{"_et_pb_use_builder":"on","_et_pb_old_content":"","_et_gb_content_width":"","footnotes":""},"categories":[12,23,19,13,17,14,15,18,16,1],"tags":[24,25],"class_list":["post-13972","post","type-post","status-publish","format-standard","hentry","category-colegio","category-covid","category-escuela-abierta","category-fasa","category-infantil","category-pastoral","category-portada","category-primaria","category-secundaria","category-uncategorized","tag-ciencias","tag-colegio"],"yoast_head":"<!-- This site is optimized with the Yoast SEO plugin v28.4 - https:\/\/yoast.com\/product\/yoast-seo-wordpress\/ -->\n<title>Comienza la Semana de la Ciencia de nuestro colegio - Colegio Salesiano Alcal\u00e1<\/title>\n<meta name=\"description\" content=\"Numerosas actividades cient\u00edficas est\u00e1n preparadas para el desarrollo de las habilidades cient\u00edficas de los alumnos y alumnas.\" \/>\n<meta name=\"robots\" content=\"index, follow, max-snippet:-1, max-image-preview:large, max-video-preview:-1\" \/>\n<link rel=\"canonical\" href=\"https:\/\/alcala.salesianos.edu\/colegio\/blog\/2021\/04\/12\/semana-ciencia\/\" \/>\n<meta property=\"og:locale\" content=\"es_ES\" \/>\n<meta property=\"og:type\" content=\"article\" \/>\n<meta property=\"og:title\" content=\"Comienza la Semana de la Ciencia de nuestro colegio - Colegio Salesiano Alcal\u00e1\" \/>\n<meta property=\"og:description\" content=\"Numerosas actividades cient\u00edficas est\u00e1n preparadas para el desarrollo de las habilidades cient\u00edficas de los alumnos y alumnas.\" \/>\n<meta property=\"og:url\" content=\"https:\/\/alcala.salesianos.edu\/colegio\/blog\/2021\/04\/12\/semana-ciencia\/\" \/>\n<meta property=\"og:site_name\" content=\"Colegio Salesiano Alcal\u00e1\" \/>\n<meta property=\"article:published_time\" content=\"2021-04-12T10:56:54+00:00\" \/>\n<meta property=\"article:modified_time\" content=\"2025-08-27T07:50:05+00:00\" \/>\n<meta name=\"author\" content=\"Administrador Web\" \/>\n<meta name=\"twitter:card\" content=\"summary_large_image\" \/>\n<meta name=\"twitter:label1\" content=\"Escrito por\" \/>\n\t<meta name=\"twitter:data1\" content=\"Administrador Web\" \/>\n\t<meta name=\"twitter:label2\" content=\"Tiempo de lectura\" \/>\n\t<meta name=\"twitter:data2\" content=\"1 minuto\" \/>\n<script type=\"application\/ld+json\" class=\"yoast-schema-graph\">{\"@context\":\"https:\\\/\\\/schema.org\",\"@graph\":[{\"@type\":\"Article\",\"@id\":\"https:\\\/\\\/alcala.salesianos.edu\\\/colegio\\\/blog\\\/2021\\\/04\\\/12\\\/semana-ciencia\\\/#article\",\"isPartOf\":{\"@id\":\"https:\\\/\\\/alcala.salesianos.edu\\\/colegio\\\/blog\\\/2021\\\/04\\\/12\\\/semana-ciencia\\\/\"},\"author\":{\"name\":\"Administrador Web\",\"@id\":\"https:\\\/\\\/alcala.salesianos.edu\\\/colegio\\\/#\\\/schema\\\/person\\\/afcc24f776dc91fc2bf9afb0998fca77\"},\"headline\":\"Comienza la Semana de la Ciencia de nuestro colegio\",\"datePublished\":\"2021-04-12T10:56:54+00:00\",\"dateModified\":\"2025-08-27T07:50:05+00:00\",\"mainEntityOfPage\":{\"@id\":\"https:\\\/\\\/alcala.salesianos.edu\\\/colegio\\\/blog\\\/2021\\\/04\\\/12\\\/semana-ciencia\\\/\"},\"wordCount\":291,\"keywords\":[\"ciencias\",\"colegio\"],\"articleSection\":[\"Colegio\",\"covid\",\"Escuela abierta\",\"FASA\",\"Infantil\",\"Pastoral\",\"Portada\",\"Primaria\",\"Secundaria\",\"Uncategorized\"],\"inLanguage\":\"es\"},{\"@type\":\"WebPage\",\"@id\":\"https:\\\/\\\/alcala.salesianos.edu\\\/colegio\\\/blog\\\/2021\\\/04\\\/12\\\/semana-ciencia\\\/\",\"url\":\"https:\\\/\\\/alcala.salesianos.edu\\\/colegio\\\/blog\\\/2021\\\/04\\\/12\\\/semana-ciencia\\\/\",\"name\":\"Comienza la Semana de la Ciencia de nuestro colegio - Colegio Salesiano Alcal\u00e1\",\"isPartOf\":{\"@id\":\"https:\\\/\\\/alcala.salesianos.edu\\\/colegio\\\/#website\"},\"datePublished\":\"2021-04-12T10:56:54+00:00\",\"dateModified\":\"2025-08-27T07:50:05+00:00\",\"author\":{\"@id\":\"https:\\\/\\\/alcala.salesianos.edu\\\/colegio\\\/#\\\/schema\\\/person\\\/afcc24f776dc91fc2bf9afb0998fca77\"},\"description\":\"Numerosas actividades cient\u00edficas est\u00e1n preparadas para el desarrollo de las habilidades cient\u00edficas de los alumnos y alumnas.\",\"breadcrumb\":{\"@id\":\"https:\\\/\\\/alcala.salesianos.edu\\\/colegio\\\/blog\\\/2021\\\/04\\\/12\\\/semana-ciencia\\\/#breadcrumb\"},\"inLanguage\":\"es\",\"potentialAction\":[{\"@type\":\"ReadAction\",\"target\":[\"https:\\\/\\\/alcala.salesianos.edu\\\/colegio\\\/blog\\\/2021\\\/04\\\/12\\\/semana-ciencia\\\/\"]}]},{\"@type\":\"BreadcrumbList\",\"@id\":\"https:\\\/\\\/alcala.salesianos.edu\\\/colegio\\\/blog\\\/2021\\\/04\\\/12\\\/semana-ciencia\\\/#breadcrumb\",\"itemListElement\":[{\"@type\":\"ListItem\",\"position\":1,\"name\":\"Portada\",\"item\":\"https:\\\/\\\/alcala.salesianos.edu\\\/colegio\\\/\"},{\"@type\":\"ListItem\",\"position\":2,\"name\":\"Comienza la Semana de la Ciencia de nuestro colegio\"}]},{\"@type\":\"WebSite\",\"@id\":\"https:\\\/\\\/alcala.salesianos.edu\\\/colegio\\\/#website\",\"url\":\"https:\\\/\\\/alcala.salesianos.edu\\\/colegio\\\/\",\"name\":\"Colegio Salesiano Alcal\u00e1\",\"description\":\"P\u00e1gina oficial de Salesianos Alcal\u00e1 de Guadaira\",\"potentialAction\":[{\"@type\":\"SearchAction\",\"target\":{\"@type\":\"EntryPoint\",\"urlTemplate\":\"https:\\\/\\\/alcala.salesianos.edu\\\/colegio\\\/?s={search_term_string}\"},\"query-input\":{\"@type\":\"PropertyValueSpecification\",\"valueRequired\":true,\"valueName\":\"search_term_string\"}}],\"inLanguage\":\"es\"},{\"@type\":\"Person\",\"@id\":\"https:\\\/\\\/alcala.salesianos.edu\\\/colegio\\\/#\\\/schema\\\/person\\\/afcc24f776dc91fc2bf9afb0998fca77\",\"name\":\"Administrador Web\",\"image\":{\"@type\":\"ImageObject\",\"inLanguage\":\"es\",\"@id\":\"https:\\\/\\\/secure.gravatar.com\\\/avatar\\\/bc157e994689bd6da9645c00aa3bc4d55b727915b6652642660db0aef086585f?s=96&d=mm&r=g\",\"url\":\"https:\\\/\\\/secure.gravatar.com\\\/avatar\\\/bc157e994689bd6da9645c00aa3bc4d55b727915b6652642660db0aef086585f?s=96&d=mm&r=g\",\"contentUrl\":\"https:\\\/\\\/secure.gravatar.com\\\/avatar\\\/bc157e994689bd6da9645c00aa3bc4d55b727915b6652642660db0aef086585f?s=96&d=mm&r=g\",\"caption\":\"Administrador Web\"}}]}<\/script>\n<!-- \/ Yoast SEO plugin. -->","yoast_head_json":{"title":"Comienza la Semana de la Ciencia de nuestro colegio - Colegio Salesiano Alcal\u00e1","description":"Numerosas actividades cient\u00edficas est\u00e1n preparadas para el desarrollo de las habilidades cient\u00edficas de los alumnos y alumnas.","robots":{"index":"index","follow":"follow","max-snippet":"max-snippet:-1","max-image-preview":"max-image-preview:large","max-video-preview":"max-video-preview:-1"},"canonical":"https:\/\/alcala.salesianos.edu\/colegio\/blog\/2021\/04\/12\/semana-ciencia\/","og_locale":"es_ES","og_type":"article","og_title":"Comienza la Semana de la Ciencia de nuestro colegio - Colegio Salesiano Alcal\u00e1","og_description":"Numerosas actividades cient\u00edficas est\u00e1n preparadas para el desarrollo de las habilidades cient\u00edficas de los alumnos y alumnas.","og_url":"https:\/\/alcala.salesianos.edu\/colegio\/blog\/2021\/04\/12\/semana-ciencia\/","og_site_name":"Colegio Salesiano Alcal\u00e1","article_published_time":"2021-04-12T10:56:54+00:00","article_modified_time":"2025-08-27T07:50:05+00:00","author":"Administrador Web","twitter_card":"summary_large_image","twitter_misc":{"Escrito por":"Administrador Web","Tiempo de lectura":"1 minuto"},"schema":{"@context":"https:\/\/schema.org","@graph":[{"@type":"Article","@id":"https:\/\/alcala.salesianos.edu\/colegio\/blog\/2021\/04\/12\/semana-ciencia\/#article","isPartOf":{"@id":"https:\/\/alcala.salesianos.edu\/colegio\/blog\/2021\/04\/12\/semana-ciencia\/"},"author":{"name":"Administrador Web","@id":"https:\/\/alcala.salesianos.edu\/colegio\/#\/schema\/person\/afcc24f776dc91fc2bf9afb0998fca77"},"headline":"Comienza la Semana de la Ciencia de nuestro colegio","datePublished":"2021-04-12T10:56:54+00:00","dateModified":"2025-08-27T07:50:05+00:00","mainEntityOfPage":{"@id":"https:\/\/alcala.salesianos.edu\/colegio\/blog\/2021\/04\/12\/semana-ciencia\/"},"wordCount":291,"keywords":["ciencias","colegio"],"articleSection":["Colegio","covid","Escuela abierta","FASA","Infantil","Pastoral","Portada","Primaria","Secundaria","Uncategorized"],"inLanguage":"es"},{"@type":"WebPage","@id":"https:\/\/alcala.salesianos.edu\/colegio\/blog\/2021\/04\/12\/semana-ciencia\/","url":"https:\/\/alcala.salesianos.edu\/colegio\/blog\/2021\/04\/12\/semana-ciencia\/","name":"Comienza la Semana de la Ciencia de nuestro colegio - Colegio Salesiano Alcal\u00e1","isPartOf":{"@id":"https:\/\/alcala.salesianos.edu\/colegio\/#website"},"datePublished":"2021-04-12T10:56:54+00:00","dateModified":"2025-08-27T07:50:05+00:00","author":{"@id":"https:\/\/alcala.salesianos.edu\/colegio\/#\/schema\/person\/afcc24f776dc91fc2bf9afb0998fca77"},"description":"Numerosas actividades cient\u00edficas est\u00e1n preparadas para el desarrollo de las habilidades cient\u00edficas de los alumnos y alumnas.","breadcrumb":{"@id":"https:\/\/alcala.salesianos.edu\/colegio\/blog\/2021\/04\/12\/semana-ciencia\/#breadcrumb"},"inLanguage":"es","potentialAction":[{"@type":"ReadAction","target":["https:\/\/alcala.salesianos.edu\/colegio\/blog\/2021\/04\/12\/semana-ciencia\/"]}]},{"@type":"BreadcrumbList","@id":"https:\/\/alcala.salesianos.edu\/colegio\/blog\/2021\/04\/12\/semana-ciencia\/#breadcrumb","itemListElement":[{"@type":"ListItem","position":1,"name":"Portada","item":"https:\/\/alcala.salesianos.edu\/colegio\/"},{"@type":"ListItem","position":2,"name":"Comienza la Semana de la Ciencia de nuestro colegio"}]},{"@type":"WebSite","@id":"https:\/\/alcala.salesianos.edu\/colegio\/#website","url":"https:\/\/alcala.salesianos.edu\/colegio\/","name":"Colegio Salesiano Alcal\u00e1","description":"P\u00e1gina oficial de Salesianos Alcal\u00e1 de Guadaira","potentialAction":[{"@type":"SearchAction","target":{"@type":"EntryPoint","urlTemplate":"https:\/\/alcala.salesianos.edu\/colegio\/?s={search_term_string}"},"query-input":{"@type":"PropertyValueSpecification","valueRequired":true,"valueName":"search_term_string"}}],"inLanguage":"es"},{"@type":"Person","@id":"https:\/\/alcala.salesianos.edu\/colegio\/#\/schema\/person\/afcc24f776dc91fc2bf9afb0998fca77","name":"Administrador Web","image":{"@type":"ImageObject","inLanguage":"es","@id":"https:\/\/secure.gravatar.com\/avatar\/bc157e994689bd6da9645c00aa3bc4d55b727915b6652642660db0aef086585f?s=96&d=mm&r=g","url":"https:\/\/secure.gravatar.com\/avatar\/bc157e994689bd6da9645c00aa3bc4d55b727915b6652642660db0aef086585f?s=96&d=mm&r=g","contentUrl":"https:\/\/secure.gravatar.com\/avatar\/bc157e994689bd6da9645c00aa3bc4d55b727915b6652642660db0aef086585f?s=96&d=mm&r=g","caption":"Administrador Web"}}]}},"_links":{"self":[{"href":"https:\/\/alcala.salesianos.edu\/colegio\/wp-json\/wp\/v2\/posts\/13972","targetHints":{"allow":["GET"]}}],"collection":[{"href":"https:\/\/alcala.salesianos.edu\/colegio\/wp-json\/wp\/v2\/posts"}],"about":[{"href":"https:\/\/alcala.salesianos.edu\/colegio\/wp-json\/wp\/v2\/types\/post"}],"author":[{"embeddable":true,"href":"https:\/\/alcala.salesianos.edu\/colegio\/wp-json\/wp\/v2\/users\/2"}],"replies":[{"embeddable":true,"href":"https:\/\/alcala.salesianos.edu\/colegio\/wp-json\/wp\/v2\/comments?post=13972"}],"version-history":[{"count":1,"href":"https:\/\/alcala.salesianos.edu\/colegio\/wp-json\/wp\/v2\/posts\/13972\/revisions"}],"predecessor-version":[{"id":13975,"href":"https:\/\/alcala.salesianos.edu\/colegio\/wp-json\/wp\/v2\/posts\/13972\/revisions\/13975"}],"wp:attachment":[{"href":"https:\/\/alcala.salesianos.edu\/colegio\/wp-json\/wp\/v2\/media?parent=13972"}],"wp:term":[{"taxonomy":"category","embeddable":true,"href":"https:\/\/alcala.salesianos.edu\/colegio\/wp-json\/wp\/v2\/categories?post=13972"},{"taxonomy":"post_tag","embeddable":true,"href":"https:\/\/alcala.salesianos.edu\/colegio\/wp-json\/wp\/v2\/tags?post=13972"}],"curies":[{"name":"wp","href":"https:\/\/api.w.org\/{rel}","templated":true}]}}