{"id":13948,"date":"2021-04-04T12:51:06","date_gmt":"2021-04-04T11:51:06","guid":{"rendered":"https:\/\/alcala.salesianos.edu\/colegio\/blog\/2021\/04\/04\/feliz-pascua-de-resurreccion\/"},"modified":"2025-08-27T08:50:07","modified_gmt":"2025-08-27T07:50:07","slug":"feliz-pascua-de-resurreccion","status":"publish","type":"post","link":"https:\/\/alcala.salesianos.edu\/colegio\/blog\/2021\/04\/04\/feliz-pascua-de-resurreccion\/","title":{"rendered":"\u00a1Feliz Pascua de Resurrecci\u00f3n!"},"content":{"rendered":"<div id=\"fb-root\"><\/div>\n\n[et_pb_section fb_built=\u00bb1&#8243; _builder_version=\u00bb4.5.8&#8243; _module_preset=\u00bbdefault\u00bb][et_pb_row _builder_version=\u00bb4.5.8&#8243; _module_preset=\u00bbdefault\u00bb][et_pb_column _builder_version=\u00bb4.5.8&#8243; _module_preset=\u00bbdefault\u00bb type=\u00bb4_4&#8243;][et_pb_text _builder_version=\u00bb4.5.8&#8243; _module_preset=\u00bbdefault\u00bb hover_enabled=\u00bb0&#8243;]<p>Estimadas familias, espero y deseo que se encuentren muy bien, felices porque \u00a1CRISTO VIVE, HA RESUCITADO!\u00a0<\/p>\n<p>Con esto, y con la energ\u00eda renovada por la buena noticia de su Resurrecci\u00f3n, nos vemos ma\u00f1ana, con abundante fuerza para afrontar este entusiasmante final de curso 2020\/2021.\u00a0<\/p>\n<p>Por \u00faltimo, un extracto de la homil\u00eda del Papa Francisco en el d\u00eda de ayer para dar la bienvenida a este \u00faltimo trimestre. Sirva la misma para celebrar la vida y para no dejar nunca de mantener viva la esperanza y nuestra fe:\u00a0<\/p>\n<p>\u00abLa fe no es un repertorio del pasado, Jes\u00fas no es un personaje obsoleto. \u00c9l est\u00e1 vivo, aqu\u00ed y ahora. Camina contigo cada d\u00eda, en la situaci\u00f3n que te toca vivir, en la prueba que est\u00e1s atravesando, en los sue\u00f1os que llevas dentro. Abre nuevos caminos donde sientes que no los hay, te impulsa a ir contracorriente con respecto al remordimiento y a lo \u201cya visto\u201d. Aunque todo te parezca perdido, d\u00e9jate alcanzar con asombro por su novedad: te sorprender\u00e1&#8230;(&#8230;)<\/p>\n<p>(&#8230;)\u00a0Tus expectativas no quedar\u00e1n sin cumplirse, tus l\u00e1grimas ser\u00e1n enjugadas, tus temores ser\u00e1n vencidos por la esperanza. Porque el Se\u00f1or te precede, camina delante de ti. Y, con \u00c9l, la vida comienza de nuevo\u00bb\u00a0<\/p>\n<p>Un cordial saludo para todos ustedes y un mensaje de \u00e1nimo y protecci\u00f3n para todos sus seres queridos.\u00a0<\/p>\n<p>Fernando Carrasco Mart\u00edn\u00a0<\/p>\n<p>Direcci\u00f3n de colegio<\/p>\n[\/et_pb_text][\/et_pb_column][\/et_pb_row][\/et_pb_section]\n","protected":false},"excerpt":{"rendered":"<p>Con la energ\u00eda renovada por la Buena Noticia de su Resurrecci\u00f3n, nos vemos ma\u00f1ana, lunes 5 de abril, con la abundante fuerza para afrontar este entusiasmante final de curso 2020\/2021.<\/p>\n","protected":false},"author":2,"featured_media":0,"comment_status":"closed","ping_status":"open","sticky":false,"template":"","format":"standard","meta":{"_et_pb_use_builder":"on","_et_pb_old_content":"","_et_gb_content_width":"","footnotes":""},"categories":[12,23,19,13,17,14,15,18,16,1],"tags":[],"class_list":["post-13948","post","type-post","status-publish","format-standard","hentry","category-colegio","category-covid","category-escuela-abierta","category-fasa","category-infantil","category-pastoral","category-portada","category-primaria","category-secundaria","category-uncategorized"],"yoast_head":"<!-- This site is optimized with the Yoast SEO plugin v28.4 - https:\/\/yoast.com\/product\/yoast-seo-wordpress\/ -->\n<title>\u00a1Feliz Pascua de Resurrecci\u00f3n! - Colegio Salesiano Alcal\u00e1<\/title>\n<meta name=\"robots\" content=\"index, follow, max-snippet:-1, max-image-preview:large, max-video-preview:-1\" \/>\n<link rel=\"canonical\" href=\"https:\/\/alcala.salesianos.edu\/colegio\/blog\/2021\/04\/04\/feliz-pascua-de-resurreccion\/\" \/>\n<meta property=\"og:locale\" content=\"es_ES\" \/>\n<meta property=\"og:type\" content=\"article\" \/>\n<meta property=\"og:title\" content=\"\u00a1Feliz Pascua de Resurrecci\u00f3n! - Colegio Salesiano Alcal\u00e1\" \/>\n<meta property=\"og:description\" content=\"Con la energ\u00eda renovada por la Buena Noticia de su Resurrecci\u00f3n, nos vemos ma\u00f1ana, lunes 5 de abril, con la abundante fuerza para afrontar este entusiasmante final de curso 2020\/2021.\" \/>\n<meta property=\"og:url\" content=\"https:\/\/alcala.salesianos.edu\/colegio\/blog\/2021\/04\/04\/feliz-pascua-de-resurreccion\/\" \/>\n<meta property=\"og:site_name\" content=\"Colegio Salesiano Alcal\u00e1\" \/>\n<meta property=\"article:published_time\" content=\"2021-04-04T11:51:06+00:00\" \/>\n<meta property=\"article:modified_time\" content=\"2025-08-27T07:50:07+00:00\" \/>\n<meta name=\"author\" content=\"Administrador Web\" \/>\n<meta name=\"twitter:card\" content=\"summary_large_image\" \/>\n<meta name=\"twitter:label1\" content=\"Escrito por\" \/>\n\t<meta name=\"twitter:data1\" content=\"Administrador Web\" \/>\n\t<meta name=\"twitter:label2\" content=\"Tiempo de lectura\" \/>\n\t<meta name=\"twitter:data2\" content=\"1 minuto\" \/>\n<script type=\"application\/ld+json\" class=\"yoast-schema-graph\">{\"@context\":\"https:\\\/\\\/schema.org\",\"@graph\":[{\"@type\":\"Article\",\"@id\":\"https:\\\/\\\/alcala.salesianos.edu\\\/colegio\\\/blog\\\/2021\\\/04\\\/04\\\/feliz-pascua-de-resurreccion\\\/#article\",\"isPartOf\":{\"@id\":\"https:\\\/\\\/alcala.salesianos.edu\\\/colegio\\\/blog\\\/2021\\\/04\\\/04\\\/feliz-pascua-de-resurreccion\\\/\"},\"author\":{\"name\":\"Administrador Web\",\"@id\":\"https:\\\/\\\/alcala.salesianos.edu\\\/colegio\\\/#\\\/schema\\\/person\\\/afcc24f776dc91fc2bf9afb0998fca77\"},\"headline\":\"\u00a1Feliz Pascua de Resurrecci\u00f3n!\",\"datePublished\":\"2021-04-04T11:51:06+00:00\",\"dateModified\":\"2025-08-27T07:50:07+00:00\",\"mainEntityOfPage\":{\"@id\":\"https:\\\/\\\/alcala.salesianos.edu\\\/colegio\\\/blog\\\/2021\\\/04\\\/04\\\/feliz-pascua-de-resurreccion\\\/\"},\"wordCount\":297,\"articleSection\":[\"Colegio\",\"covid\",\"Escuela abierta\",\"FASA\",\"Infantil\",\"Pastoral\",\"Portada\",\"Primaria\",\"Secundaria\",\"Uncategorized\"],\"inLanguage\":\"es\"},{\"@type\":\"WebPage\",\"@id\":\"https:\\\/\\\/alcala.salesianos.edu\\\/colegio\\\/blog\\\/2021\\\/04\\\/04\\\/feliz-pascua-de-resurreccion\\\/\",\"url\":\"https:\\\/\\\/alcala.salesianos.edu\\\/colegio\\\/blog\\\/2021\\\/04\\\/04\\\/feliz-pascua-de-resurreccion\\\/\",\"name\":\"\u00a1Feliz Pascua de Resurrecci\u00f3n! - Colegio Salesiano Alcal\u00e1\",\"isPartOf\":{\"@id\":\"https:\\\/\\\/alcala.salesianos.edu\\\/colegio\\\/#website\"},\"datePublished\":\"2021-04-04T11:51:06+00:00\",\"dateModified\":\"2025-08-27T07:50:07+00:00\",\"author\":{\"@id\":\"https:\\\/\\\/alcala.salesianos.edu\\\/colegio\\\/#\\\/schema\\\/person\\\/afcc24f776dc91fc2bf9afb0998fca77\"},\"breadcrumb\":{\"@id\":\"https:\\\/\\\/alcala.salesianos.edu\\\/colegio\\\/blog\\\/2021\\\/04\\\/04\\\/feliz-pascua-de-resurreccion\\\/#breadcrumb\"},\"inLanguage\":\"es\",\"potentialAction\":[{\"@type\":\"ReadAction\",\"target\":[\"https:\\\/\\\/alcala.salesianos.edu\\\/colegio\\\/blog\\\/2021\\\/04\\\/04\\\/feliz-pascua-de-resurreccion\\\/\"]}]},{\"@type\":\"BreadcrumbList\",\"@id\":\"https:\\\/\\\/alcala.salesianos.edu\\\/colegio\\\/blog\\\/2021\\\/04\\\/04\\\/feliz-pascua-de-resurreccion\\\/#breadcrumb\",\"itemListElement\":[{\"@type\":\"ListItem\",\"position\":1,\"name\":\"Portada\",\"item\":\"https:\\\/\\\/alcala.salesianos.edu\\\/colegio\\\/\"},{\"@type\":\"ListItem\",\"position\":2,\"name\":\"\u00a1Feliz Pascua de Resurrecci\u00f3n!\"}]},{\"@type\":\"WebSite\",\"@id\":\"https:\\\/\\\/alcala.salesianos.edu\\\/colegio\\\/#website\",\"url\":\"https:\\\/\\\/alcala.salesianos.edu\\\/colegio\\\/\",\"name\":\"Colegio Salesiano Alcal\u00e1\",\"description\":\"P\u00e1gina oficial de Salesianos Alcal\u00e1 de Guadaira\",\"potentialAction\":[{\"@type\":\"SearchAction\",\"target\":{\"@type\":\"EntryPoint\",\"urlTemplate\":\"https:\\\/\\\/alcala.salesianos.edu\\\/colegio\\\/?s={search_term_string}\"},\"query-input\":{\"@type\":\"PropertyValueSpecification\",\"valueRequired\":true,\"valueName\":\"search_term_string\"}}],\"inLanguage\":\"es\"},{\"@type\":\"Person\",\"@id\":\"https:\\\/\\\/alcala.salesianos.edu\\\/colegio\\\/#\\\/schema\\\/person\\\/afcc24f776dc91fc2bf9afb0998fca77\",\"name\":\"Administrador Web\",\"image\":{\"@type\":\"ImageObject\",\"inLanguage\":\"es\",\"@id\":\"https:\\\/\\\/secure.gravatar.com\\\/avatar\\\/bc157e994689bd6da9645c00aa3bc4d55b727915b6652642660db0aef086585f?s=96&d=mm&r=g\",\"url\":\"https:\\\/\\\/secure.gravatar.com\\\/avatar\\\/bc157e994689bd6da9645c00aa3bc4d55b727915b6652642660db0aef086585f?s=96&d=mm&r=g\",\"contentUrl\":\"https:\\\/\\\/secure.gravatar.com\\\/avatar\\\/bc157e994689bd6da9645c00aa3bc4d55b727915b6652642660db0aef086585f?s=96&d=mm&r=g\",\"caption\":\"Administrador Web\"}}]}<\/script>\n<!-- \/ Yoast SEO plugin. -->","yoast_head_json":{"title":"\u00a1Feliz Pascua de Resurrecci\u00f3n! - Colegio Salesiano Alcal\u00e1","robots":{"index":"index","follow":"follow","max-snippet":"max-snippet:-1","max-image-preview":"max-image-preview:large","max-video-preview":"max-video-preview:-1"},"canonical":"https:\/\/alcala.salesianos.edu\/colegio\/blog\/2021\/04\/04\/feliz-pascua-de-resurreccion\/","og_locale":"es_ES","og_type":"article","og_title":"\u00a1Feliz Pascua de Resurrecci\u00f3n! - Colegio Salesiano Alcal\u00e1","og_description":"Con la energ\u00eda renovada por la Buena Noticia de su Resurrecci\u00f3n, nos vemos ma\u00f1ana, lunes 5 de abril, con la abundante fuerza para afrontar este entusiasmante final de curso 2020\/2021.","og_url":"https:\/\/alcala.salesianos.edu\/colegio\/blog\/2021\/04\/04\/feliz-pascua-de-resurreccion\/","og_site_name":"Colegio Salesiano Alcal\u00e1","article_published_time":"2021-04-04T11:51:06+00:00","article_modified_time":"2025-08-27T07:50:07+00:00","author":"Administrador Web","twitter_card":"summary_large_image","twitter_misc":{"Escrito por":"Administrador Web","Tiempo de lectura":"1 minuto"},"schema":{"@context":"https:\/\/schema.org","@graph":[{"@type":"Article","@id":"https:\/\/alcala.salesianos.edu\/colegio\/blog\/2021\/04\/04\/feliz-pascua-de-resurreccion\/#article","isPartOf":{"@id":"https:\/\/alcala.salesianos.edu\/colegio\/blog\/2021\/04\/04\/feliz-pascua-de-resurreccion\/"},"author":{"name":"Administrador Web","@id":"https:\/\/alcala.salesianos.edu\/colegio\/#\/schema\/person\/afcc24f776dc91fc2bf9afb0998fca77"},"headline":"\u00a1Feliz Pascua de Resurrecci\u00f3n!","datePublished":"2021-04-04T11:51:06+00:00","dateModified":"2025-08-27T07:50:07+00:00","mainEntityOfPage":{"@id":"https:\/\/alcala.salesianos.edu\/colegio\/blog\/2021\/04\/04\/feliz-pascua-de-resurreccion\/"},"wordCount":297,"articleSection":["Colegio","covid","Escuela abierta","FASA","Infantil","Pastoral","Portada","Primaria","Secundaria","Uncategorized"],"inLanguage":"es"},{"@type":"WebPage","@id":"https:\/\/alcala.salesianos.edu\/colegio\/blog\/2021\/04\/04\/feliz-pascua-de-resurreccion\/","url":"https:\/\/alcala.salesianos.edu\/colegio\/blog\/2021\/04\/04\/feliz-pascua-de-resurreccion\/","name":"\u00a1Feliz Pascua de Resurrecci\u00f3n! - Colegio Salesiano Alcal\u00e1","isPartOf":{"@id":"https:\/\/alcala.salesianos.edu\/colegio\/#website"},"datePublished":"2021-04-04T11:51:06+00:00","dateModified":"2025-08-27T07:50:07+00:00","author":{"@id":"https:\/\/alcala.salesianos.edu\/colegio\/#\/schema\/person\/afcc24f776dc91fc2bf9afb0998fca77"},"breadcrumb":{"@id":"https:\/\/alcala.salesianos.edu\/colegio\/blog\/2021\/04\/04\/feliz-pascua-de-resurreccion\/#breadcrumb"},"inLanguage":"es","potentialAction":[{"@type":"ReadAction","target":["https:\/\/alcala.salesianos.edu\/colegio\/blog\/2021\/04\/04\/feliz-pascua-de-resurreccion\/"]}]},{"@type":"BreadcrumbList","@id":"https:\/\/alcala.salesianos.edu\/colegio\/blog\/2021\/04\/04\/feliz-pascua-de-resurreccion\/#breadcrumb","itemListElement":[{"@type":"ListItem","position":1,"name":"Portada","item":"https:\/\/alcala.salesianos.edu\/colegio\/"},{"@type":"ListItem","position":2,"name":"\u00a1Feliz Pascua de Resurrecci\u00f3n!"}]},{"@type":"WebSite","@id":"https:\/\/alcala.salesianos.edu\/colegio\/#website","url":"https:\/\/alcala.salesianos.edu\/colegio\/","name":"Colegio Salesiano Alcal\u00e1","description":"P\u00e1gina oficial de Salesianos Alcal\u00e1 de Guadaira","potentialAction":[{"@type":"SearchAction","target":{"@type":"EntryPoint","urlTemplate":"https:\/\/alcala.salesianos.edu\/colegio\/?s={search_term_string}"},"query-input":{"@type":"PropertyValueSpecification","valueRequired":true,"valueName":"search_term_string"}}],"inLanguage":"es"},{"@type":"Person","@id":"https:\/\/alcala.salesianos.edu\/colegio\/#\/schema\/person\/afcc24f776dc91fc2bf9afb0998fca77","name":"Administrador Web","image":{"@type":"ImageObject","inLanguage":"es","@id":"https:\/\/secure.gravatar.com\/avatar\/bc157e994689bd6da9645c00aa3bc4d55b727915b6652642660db0aef086585f?s=96&d=mm&r=g","url":"https:\/\/secure.gravatar.com\/avatar\/bc157e994689bd6da9645c00aa3bc4d55b727915b6652642660db0aef086585f?s=96&d=mm&r=g","contentUrl":"https:\/\/secure.gravatar.com\/avatar\/bc157e994689bd6da9645c00aa3bc4d55b727915b6652642660db0aef086585f?s=96&d=mm&r=g","caption":"Administrador Web"}}]}},"_links":{"self":[{"href":"https:\/\/alcala.salesianos.edu\/colegio\/wp-json\/wp\/v2\/posts\/13948","targetHints":{"allow":["GET"]}}],"collection":[{"href":"https:\/\/alcala.salesianos.edu\/colegio\/wp-json\/wp\/v2\/posts"}],"about":[{"href":"https:\/\/alcala.salesianos.edu\/colegio\/wp-json\/wp\/v2\/types\/post"}],"author":[{"embeddable":true,"href":"https:\/\/alcala.salesianos.edu\/colegio\/wp-json\/wp\/v2\/users\/2"}],"replies":[{"embeddable":true,"href":"https:\/\/alcala.salesianos.edu\/colegio\/wp-json\/wp\/v2\/comments?post=13948"}],"version-history":[{"count":1,"href":"https:\/\/alcala.salesianos.edu\/colegio\/wp-json\/wp\/v2\/posts\/13948\/revisions"}],"predecessor-version":[{"id":13950,"href":"https:\/\/alcala.salesianos.edu\/colegio\/wp-json\/wp\/v2\/posts\/13948\/revisions\/13950"}],"wp:attachment":[{"href":"https:\/\/alcala.salesianos.edu\/colegio\/wp-json\/wp\/v2\/media?parent=13948"}],"wp:term":[{"taxonomy":"category","embeddable":true,"href":"https:\/\/alcala.salesianos.edu\/colegio\/wp-json\/wp\/v2\/categories?post=13948"},{"taxonomy":"post_tag","embeddable":true,"href":"https:\/\/alcala.salesianos.edu\/colegio\/wp-json\/wp\/v2\/tags?post=13948"}],"curies":[{"name":"wp","href":"https:\/\/api.w.org\/{rel}","templated":true}]}}