{"id":13937,"date":"2021-04-01T20:36:52","date_gmt":"2021-04-01T19:36:52","guid":{"rendered":"https:\/\/alcala.salesianos.edu\/colegio\/blog\/2021\/04\/01\/un-dia-como-hoy-don-bosco-fue-declarado-santo\/"},"modified":"2025-08-27T08:50:09","modified_gmt":"2025-08-27T07:50:09","slug":"un-dia-como-hoy-don-bosco-fue-declarado-santo","status":"publish","type":"post","link":"https:\/\/alcala.salesianos.edu\/colegio\/blog\/2021\/04\/01\/un-dia-como-hoy-don-bosco-fue-declarado-santo\/","title":{"rendered":"Un d\u00eda como hoy, Don Bosco fue declarado santo"},"content":{"rendered":"<div id=\"fb-root\"><\/div>\n\n[et_pb_section fb_built=\u00bb1&#8243; _builder_version=\u00bb4.5.8&#8243; _module_preset=\u00bbdefault\u00bb][et_pb_row _builder_version=\u00bb4.5.8&#8243; _module_preset=\u00bbdefault\u00bb][et_pb_column _builder_version=\u00bb4.5.8&#8243; _module_preset=\u00bbdefault\u00bb type=\u00bb4_4&#8243;][et_pb_text _builder_version=\u00bb4.5.8&#8243; _module_preset=\u00bbdefault\u00bb hover_enabled=\u00bb0&#8243;]<div class=\"itemIntroText\">\n<p>Hace 84 a\u00f1os el Papa P\u00edo XI, el 1\u00b0 de abril como en esta solemnidad de Pascua, proclamaba Santo a nuestro Padre Don Bosco. Finalizaba as\u00ed el<a href=\"https:\/\/salesianosloyola.es\/wp-content\/uploads\/2018\/04\/Cr%C3%B3nica-de-la-Canonizaci%C3%B3n-de-Don-Bosco.pdf\" target=\"_blank\" rel=\"noopener\">\u00a0largo proceso de beatificaci\u00f3n y canonizaci\u00f3n, iniciado en Tur\u00edn el 4 de junio de 1890<\/a>.<\/p>\n<\/div>\n<div class=\"itemFullText\">\n<p>El \u201cPapa de Don Bosco Santo\u201d, como sacerdote joven, tuvo la dicha de sentarse a la mesa con Don Bosco y conocer el Oratorio que hab\u00eda fundado. Conoc\u00eda al detalle la gran obra que realizaba por los muchachos pobres y abandonados. Es por ello que no dud\u00f3 ni un solo instante en promover el proceso de Canonizaci\u00f3n de su amigo Don Bosco, ni de los hijos espirituales, por ello cabe destacar que fue el impulsor de la causa de Beatificaci\u00f3n de Domingo Savio.<\/p>\n<p>El P. Eugenio Ceria recordaba con ilusi\u00f3n el d\u00eda de la Canonizaci\u00f3n de Don Bosco y sus escritos son un poema al Santo de los j\u00f3venes. \u201cRaras veces, quiz\u00e1s nunca, contempl\u00f3 la Bas\u00edlica Vaticana una alegr\u00eda pascual tan nueva, tan fresca, tan inesperada como en la Pascua de 1934. Con aquella Pascua se cerraba el jubileo de la Redenci\u00f3n y se celebraba la santidad de un ap\u00f3stol que hab\u00eda llevado los beneficios de la Redenci\u00f3n a infinidad de almas\u201d.<\/p>\n<p>Y continuaba el poema de amor \u2013 \u201cDesde el amanecer se dirig\u00eda hacia San Pedro una multitud cosmopolita desde todas las partes de la Urbe. A las seis se abri\u00f3 el paso, a trav\u00e9s de las barreras de los guardias que vigilaban los accesos, conten\u00edan las impaciencias y lograban que se pudieran controlar los billetes de entrada; a las siete y tres cuartos ya hab\u00edan penetrado en el templo las sesenta mil personas de que es capaz. Otras cien mil, al menos, quedar\u00edan fuera. \u00a1Un espect\u00e1culo \u00fanico en el mundo! Gente de toda condici\u00f3n, sexo y edad, sacerdotes, cl\u00e9rigos, religiosos, religiosas, estudiantes, profesionales, obreros, se\u00f1oras elegantes y mujeres sencillas del pueblo, con extraordinaria diferencia de aspectos, de modos de vestir, de lenguas, se apretujaban bajo las b\u00f3vedas de la bas\u00edlica y en la plaza m\u00e1s grande del mundo, unidos en un solo sentir con Don Bosco y con P\u00edo XI\u201d.<\/p>\n<p>Escribir\u00eda posteriormente el Rector Mayor de aquel entonces Don Pedro Ricaldone: \u201cCiudad del Vaticano, primero de abril, a las diez y cuarto. Aleluya. El Vicario de Cristo\u00a0acaba de proclamar Santo a don Bosco. Que \u00e9l bendiga a Tur\u00edn, a Italia, al mundo\u201d.<\/p>\n<p>La canonizaci\u00f3n de Don Bosco invita irresistiblemente a los educadores de hoy a la validez perenne del sistema preventivo, basado en la raz\u00f3n, la religi\u00f3n y la \u201camorevolezza\u201d, y destinado a la edificaci\u00f3n del honesto ciudadano y del buen cristiano: un sistema educativo verificado, en poco m\u00e1s de un siglo, por una legi\u00f3n de campeones de la santidad juvenil como Domingo Savio, Laura Vicu\u00f1a, Ceferino Namuncur\u00e1, los cinco j\u00f3venes m\u00e1rtires de Pozna\u0144, Alberto Marvelli, los j\u00f3venes m\u00e1rtires espa\u00f1oles\u2026 y todos los j\u00f3venes que vendr\u00e1n en el futuro cercano y lejano, \u201cporque nuestra Congregaci\u00f3n tiene m\u00e1s futuro que pasado\u201d, como lo afirma el Rector Mayor, Don \u00c1ngel Fern\u00e1ndez Artime.<\/p>\n<div class=\"slideshow_container slideshow_container_style-light\" data-slideshow-id=\"8105\" data-style-name=\"style-light\" data-style-version=\"2.3.1\" data-slideshow-active=\"1\">\n<div class=\"slideshow_content\">\n<div class=\"slideshow_view\">\n<div>\u00a0<\/div>\n<\/div>\n<\/div>\n<\/div>\n<p><a href=\"https:\/\/salesianosloyola.es\/un-dia-como-hoy-don-bosco-fue-declarado-santo\/\" target=\"_blank\" rel=\"noopener\">Art\u00edculo<\/a> de\u00a0 <a href=\"http:\/\/salesianosloyola.es\" target=\"_blank\" rel=\"noopener\">salesianosloyola.es<\/a><\/p>\n<\/div>\n[\/et_pb_text][\/et_pb_column][\/et_pb_row][\/et_pb_section]\n","protected":false},"excerpt":{"rendered":"<p>El Papa P\u00edo XI, el 1\u00b0 de abril como en esta solemnidad de Pascua, proclamaba Santo a nuestro Padre Don Bosco. Finalizaba as\u00ed el largo proceso de beatificaci\u00f3n y canonizaci\u00f3n.<\/p>\n","protected":false},"author":2,"featured_media":13938,"comment_status":"closed","ping_status":"open","sticky":false,"template":"","format":"standard","meta":{"_et_pb_use_builder":"on","_et_pb_old_content":"","_et_gb_content_width":"","footnotes":""},"categories":[12,23,13,17,14,15,18,16,1],"tags":[],"class_list":["post-13937","post","type-post","status-publish","format-standard","has-post-thumbnail","hentry","category-colegio","category-covid","category-fasa","category-infantil","category-pastoral","category-portada","category-primaria","category-secundaria","category-uncategorized"],"yoast_head":"<!-- This site is optimized with the Yoast SEO plugin v28.4 - https:\/\/yoast.com\/product\/yoast-seo-wordpress\/ -->\n<title>Un d\u00eda como hoy, Don Bosco fue declarado santo - Colegio Salesiano Alcal\u00e1<\/title>\n<meta name=\"robots\" content=\"index, follow, max-snippet:-1, max-image-preview:large, max-video-preview:-1\" \/>\n<link rel=\"canonical\" href=\"https:\/\/alcala.salesianos.edu\/colegio\/blog\/2021\/04\/01\/un-dia-como-hoy-don-bosco-fue-declarado-santo\/\" \/>\n<meta property=\"og:locale\" content=\"es_ES\" \/>\n<meta property=\"og:type\" content=\"article\" \/>\n<meta property=\"og:title\" content=\"Un d\u00eda como hoy, Don Bosco fue declarado santo - Colegio Salesiano Alcal\u00e1\" \/>\n<meta property=\"og:description\" content=\"El Papa P\u00edo XI, el 1\u00b0 de abril como en esta solemnidad de Pascua, proclamaba Santo a nuestro Padre Don Bosco. Finalizaba as\u00ed el largo proceso de beatificaci\u00f3n y canonizaci\u00f3n.\" \/>\n<meta property=\"og:url\" content=\"https:\/\/alcala.salesianos.edu\/colegio\/blog\/2021\/04\/01\/un-dia-como-hoy-don-bosco-fue-declarado-santo\/\" \/>\n<meta property=\"og:site_name\" content=\"Colegio Salesiano Alcal\u00e1\" \/>\n<meta property=\"article:published_time\" content=\"2021-04-01T19:36:52+00:00\" \/>\n<meta property=\"article:modified_time\" content=\"2025-08-27T07:50:09+00:00\" \/>\n<meta property=\"og:image\" content=\"https:\/\/alcala.salesianos.edu\/colegio\/wp-content\/uploads\/sites\/2\/2021\/04\/canonizacio\u0301n-de-don-bosco-10.jpeg\" \/>\n\t<meta property=\"og:image:width\" content=\"655\" \/>\n\t<meta property=\"og:image:height\" content=\"437\" \/>\n\t<meta property=\"og:image:type\" content=\"image\/jpeg\" \/>\n<meta name=\"author\" content=\"Administrador Web\" \/>\n<meta name=\"twitter:card\" content=\"summary_large_image\" \/>\n<meta name=\"twitter:label1\" content=\"Escrito por\" \/>\n\t<meta name=\"twitter:data1\" content=\"Administrador Web\" \/>\n\t<meta name=\"twitter:label2\" content=\"Tiempo de lectura\" \/>\n\t<meta name=\"twitter:data2\" content=\"3 minutos\" \/>\n<script type=\"application\/ld+json\" class=\"yoast-schema-graph\">{\"@context\":\"https:\\\/\\\/schema.org\",\"@graph\":[{\"@type\":\"Article\",\"@id\":\"https:\\\/\\\/alcala.salesianos.edu\\\/colegio\\\/blog\\\/2021\\\/04\\\/01\\\/un-dia-como-hoy-don-bosco-fue-declarado-santo\\\/#article\",\"isPartOf\":{\"@id\":\"https:\\\/\\\/alcala.salesianos.edu\\\/colegio\\\/blog\\\/2021\\\/04\\\/01\\\/un-dia-como-hoy-don-bosco-fue-declarado-santo\\\/\"},\"author\":{\"name\":\"Administrador Web\",\"@id\":\"https:\\\/\\\/alcala.salesianos.edu\\\/colegio\\\/#\\\/schema\\\/person\\\/afcc24f776dc91fc2bf9afb0998fca77\"},\"headline\":\"Un d\u00eda como hoy, Don Bosco fue declarado santo\",\"datePublished\":\"2021-04-01T19:36:52+00:00\",\"dateModified\":\"2025-08-27T07:50:09+00:00\",\"mainEntityOfPage\":{\"@id\":\"https:\\\/\\\/alcala.salesianos.edu\\\/colegio\\\/blog\\\/2021\\\/04\\\/01\\\/un-dia-como-hoy-don-bosco-fue-declarado-santo\\\/\"},\"wordCount\":615,\"image\":{\"@id\":\"https:\\\/\\\/alcala.salesianos.edu\\\/colegio\\\/blog\\\/2021\\\/04\\\/01\\\/un-dia-como-hoy-don-bosco-fue-declarado-santo\\\/#primaryimage\"},\"thumbnailUrl\":\"https:\\\/\\\/alcala.salesianos.edu\\\/colegio\\\/wp-content\\\/uploads\\\/sites\\\/2\\\/2021\\\/04\\\/canonizacio\u0301n-de-don-bosco-10.jpeg\",\"articleSection\":[\"Colegio\",\"covid\",\"FASA\",\"Infantil\",\"Pastoral\",\"Portada\",\"Primaria\",\"Secundaria\",\"Uncategorized\"],\"inLanguage\":\"es\"},{\"@type\":\"WebPage\",\"@id\":\"https:\\\/\\\/alcala.salesianos.edu\\\/colegio\\\/blog\\\/2021\\\/04\\\/01\\\/un-dia-como-hoy-don-bosco-fue-declarado-santo\\\/\",\"url\":\"https:\\\/\\\/alcala.salesianos.edu\\\/colegio\\\/blog\\\/2021\\\/04\\\/01\\\/un-dia-como-hoy-don-bosco-fue-declarado-santo\\\/\",\"name\":\"Un d\u00eda como hoy, Don Bosco fue declarado santo - Colegio Salesiano Alcal\u00e1\",\"isPartOf\":{\"@id\":\"https:\\\/\\\/alcala.salesianos.edu\\\/colegio\\\/#website\"},\"primaryImageOfPage\":{\"@id\":\"https:\\\/\\\/alcala.salesianos.edu\\\/colegio\\\/blog\\\/2021\\\/04\\\/01\\\/un-dia-como-hoy-don-bosco-fue-declarado-santo\\\/#primaryimage\"},\"image\":{\"@id\":\"https:\\\/\\\/alcala.salesianos.edu\\\/colegio\\\/blog\\\/2021\\\/04\\\/01\\\/un-dia-como-hoy-don-bosco-fue-declarado-santo\\\/#primaryimage\"},\"thumbnailUrl\":\"https:\\\/\\\/alcala.salesianos.edu\\\/colegio\\\/wp-content\\\/uploads\\\/sites\\\/2\\\/2021\\\/04\\\/canonizacio\u0301n-de-don-bosco-10.jpeg\",\"datePublished\":\"2021-04-01T19:36:52+00:00\",\"dateModified\":\"2025-08-27T07:50:09+00:00\",\"author\":{\"@id\":\"https:\\\/\\\/alcala.salesianos.edu\\\/colegio\\\/#\\\/schema\\\/person\\\/afcc24f776dc91fc2bf9afb0998fca77\"},\"breadcrumb\":{\"@id\":\"https:\\\/\\\/alcala.salesianos.edu\\\/colegio\\\/blog\\\/2021\\\/04\\\/01\\\/un-dia-como-hoy-don-bosco-fue-declarado-santo\\\/#breadcrumb\"},\"inLanguage\":\"es\",\"potentialAction\":[{\"@type\":\"ReadAction\",\"target\":[\"https:\\\/\\\/alcala.salesianos.edu\\\/colegio\\\/blog\\\/2021\\\/04\\\/01\\\/un-dia-como-hoy-don-bosco-fue-declarado-santo\\\/\"]}]},{\"@type\":\"ImageObject\",\"inLanguage\":\"es\",\"@id\":\"https:\\\/\\\/alcala.salesianos.edu\\\/colegio\\\/blog\\\/2021\\\/04\\\/01\\\/un-dia-como-hoy-don-bosco-fue-declarado-santo\\\/#primaryimage\",\"url\":\"https:\\\/\\\/alcala.salesianos.edu\\\/colegio\\\/wp-content\\\/uploads\\\/sites\\\/2\\\/2021\\\/04\\\/canonizacio\u0301n-de-don-bosco-10.jpeg\",\"contentUrl\":\"https:\\\/\\\/alcala.salesianos.edu\\\/colegio\\\/wp-content\\\/uploads\\\/sites\\\/2\\\/2021\\\/04\\\/canonizacio\u0301n-de-don-bosco-10.jpeg\",\"width\":655,\"height\":437},{\"@type\":\"BreadcrumbList\",\"@id\":\"https:\\\/\\\/alcala.salesianos.edu\\\/colegio\\\/blog\\\/2021\\\/04\\\/01\\\/un-dia-como-hoy-don-bosco-fue-declarado-santo\\\/#breadcrumb\",\"itemListElement\":[{\"@type\":\"ListItem\",\"position\":1,\"name\":\"Portada\",\"item\":\"https:\\\/\\\/alcala.salesianos.edu\\\/colegio\\\/\"},{\"@type\":\"ListItem\",\"position\":2,\"name\":\"Un d\u00eda como hoy, Don Bosco fue declarado santo\"}]},{\"@type\":\"WebSite\",\"@id\":\"https:\\\/\\\/alcala.salesianos.edu\\\/colegio\\\/#website\",\"url\":\"https:\\\/\\\/alcala.salesianos.edu\\\/colegio\\\/\",\"name\":\"Colegio Salesiano Alcal\u00e1\",\"description\":\"P\u00e1gina oficial de Salesianos Alcal\u00e1 de Guadaira\",\"potentialAction\":[{\"@type\":\"SearchAction\",\"target\":{\"@type\":\"EntryPoint\",\"urlTemplate\":\"https:\\\/\\\/alcala.salesianos.edu\\\/colegio\\\/?s={search_term_string}\"},\"query-input\":{\"@type\":\"PropertyValueSpecification\",\"valueRequired\":true,\"valueName\":\"search_term_string\"}}],\"inLanguage\":\"es\"},{\"@type\":\"Person\",\"@id\":\"https:\\\/\\\/alcala.salesianos.edu\\\/colegio\\\/#\\\/schema\\\/person\\\/afcc24f776dc91fc2bf9afb0998fca77\",\"name\":\"Administrador Web\",\"image\":{\"@type\":\"ImageObject\",\"inLanguage\":\"es\",\"@id\":\"https:\\\/\\\/secure.gravatar.com\\\/avatar\\\/bc157e994689bd6da9645c00aa3bc4d55b727915b6652642660db0aef086585f?s=96&d=mm&r=g\",\"url\":\"https:\\\/\\\/secure.gravatar.com\\\/avatar\\\/bc157e994689bd6da9645c00aa3bc4d55b727915b6652642660db0aef086585f?s=96&d=mm&r=g\",\"contentUrl\":\"https:\\\/\\\/secure.gravatar.com\\\/avatar\\\/bc157e994689bd6da9645c00aa3bc4d55b727915b6652642660db0aef086585f?s=96&d=mm&r=g\",\"caption\":\"Administrador Web\"}}]}<\/script>\n<!-- \/ Yoast SEO plugin. -->","yoast_head_json":{"title":"Un d\u00eda como hoy, Don Bosco fue declarado santo - Colegio Salesiano Alcal\u00e1","robots":{"index":"index","follow":"follow","max-snippet":"max-snippet:-1","max-image-preview":"max-image-preview:large","max-video-preview":"max-video-preview:-1"},"canonical":"https:\/\/alcala.salesianos.edu\/colegio\/blog\/2021\/04\/01\/un-dia-como-hoy-don-bosco-fue-declarado-santo\/","og_locale":"es_ES","og_type":"article","og_title":"Un d\u00eda como hoy, Don Bosco fue declarado santo - Colegio Salesiano Alcal\u00e1","og_description":"El Papa P\u00edo XI, el 1\u00b0 de abril como en esta solemnidad de Pascua, proclamaba Santo a nuestro Padre Don Bosco. Finalizaba as\u00ed el largo proceso de beatificaci\u00f3n y canonizaci\u00f3n.","og_url":"https:\/\/alcala.salesianos.edu\/colegio\/blog\/2021\/04\/01\/un-dia-como-hoy-don-bosco-fue-declarado-santo\/","og_site_name":"Colegio Salesiano Alcal\u00e1","article_published_time":"2021-04-01T19:36:52+00:00","article_modified_time":"2025-08-27T07:50:09+00:00","og_image":[{"width":655,"height":437,"url":"https:\/\/alcala.salesianos.edu\/colegio\/wp-content\/uploads\/sites\/2\/2021\/04\/canonizacio\u0301n-de-don-bosco-10.jpeg","type":"image\/jpeg"}],"author":"Administrador Web","twitter_card":"summary_large_image","twitter_misc":{"Escrito por":"Administrador Web","Tiempo de lectura":"3 minutos"},"schema":{"@context":"https:\/\/schema.org","@graph":[{"@type":"Article","@id":"https:\/\/alcala.salesianos.edu\/colegio\/blog\/2021\/04\/01\/un-dia-como-hoy-don-bosco-fue-declarado-santo\/#article","isPartOf":{"@id":"https:\/\/alcala.salesianos.edu\/colegio\/blog\/2021\/04\/01\/un-dia-como-hoy-don-bosco-fue-declarado-santo\/"},"author":{"name":"Administrador Web","@id":"https:\/\/alcala.salesianos.edu\/colegio\/#\/schema\/person\/afcc24f776dc91fc2bf9afb0998fca77"},"headline":"Un d\u00eda como hoy, Don Bosco fue declarado santo","datePublished":"2021-04-01T19:36:52+00:00","dateModified":"2025-08-27T07:50:09+00:00","mainEntityOfPage":{"@id":"https:\/\/alcala.salesianos.edu\/colegio\/blog\/2021\/04\/01\/un-dia-como-hoy-don-bosco-fue-declarado-santo\/"},"wordCount":615,"image":{"@id":"https:\/\/alcala.salesianos.edu\/colegio\/blog\/2021\/04\/01\/un-dia-como-hoy-don-bosco-fue-declarado-santo\/#primaryimage"},"thumbnailUrl":"https:\/\/alcala.salesianos.edu\/colegio\/wp-content\/uploads\/sites\/2\/2021\/04\/canonizacio\u0301n-de-don-bosco-10.jpeg","articleSection":["Colegio","covid","FASA","Infantil","Pastoral","Portada","Primaria","Secundaria","Uncategorized"],"inLanguage":"es"},{"@type":"WebPage","@id":"https:\/\/alcala.salesianos.edu\/colegio\/blog\/2021\/04\/01\/un-dia-como-hoy-don-bosco-fue-declarado-santo\/","url":"https:\/\/alcala.salesianos.edu\/colegio\/blog\/2021\/04\/01\/un-dia-como-hoy-don-bosco-fue-declarado-santo\/","name":"Un d\u00eda como hoy, Don Bosco fue declarado santo - Colegio Salesiano Alcal\u00e1","isPartOf":{"@id":"https:\/\/alcala.salesianos.edu\/colegio\/#website"},"primaryImageOfPage":{"@id":"https:\/\/alcala.salesianos.edu\/colegio\/blog\/2021\/04\/01\/un-dia-como-hoy-don-bosco-fue-declarado-santo\/#primaryimage"},"image":{"@id":"https:\/\/alcala.salesianos.edu\/colegio\/blog\/2021\/04\/01\/un-dia-como-hoy-don-bosco-fue-declarado-santo\/#primaryimage"},"thumbnailUrl":"https:\/\/alcala.salesianos.edu\/colegio\/wp-content\/uploads\/sites\/2\/2021\/04\/canonizacio\u0301n-de-don-bosco-10.jpeg","datePublished":"2021-04-01T19:36:52+00:00","dateModified":"2025-08-27T07:50:09+00:00","author":{"@id":"https:\/\/alcala.salesianos.edu\/colegio\/#\/schema\/person\/afcc24f776dc91fc2bf9afb0998fca77"},"breadcrumb":{"@id":"https:\/\/alcala.salesianos.edu\/colegio\/blog\/2021\/04\/01\/un-dia-como-hoy-don-bosco-fue-declarado-santo\/#breadcrumb"},"inLanguage":"es","potentialAction":[{"@type":"ReadAction","target":["https:\/\/alcala.salesianos.edu\/colegio\/blog\/2021\/04\/01\/un-dia-como-hoy-don-bosco-fue-declarado-santo\/"]}]},{"@type":"ImageObject","inLanguage":"es","@id":"https:\/\/alcala.salesianos.edu\/colegio\/blog\/2021\/04\/01\/un-dia-como-hoy-don-bosco-fue-declarado-santo\/#primaryimage","url":"https:\/\/alcala.salesianos.edu\/colegio\/wp-content\/uploads\/sites\/2\/2021\/04\/canonizacio\u0301n-de-don-bosco-10.jpeg","contentUrl":"https:\/\/alcala.salesianos.edu\/colegio\/wp-content\/uploads\/sites\/2\/2021\/04\/canonizacio\u0301n-de-don-bosco-10.jpeg","width":655,"height":437},{"@type":"BreadcrumbList","@id":"https:\/\/alcala.salesianos.edu\/colegio\/blog\/2021\/04\/01\/un-dia-como-hoy-don-bosco-fue-declarado-santo\/#breadcrumb","itemListElement":[{"@type":"ListItem","position":1,"name":"Portada","item":"https:\/\/alcala.salesianos.edu\/colegio\/"},{"@type":"ListItem","position":2,"name":"Un d\u00eda como hoy, Don Bosco fue declarado santo"}]},{"@type":"WebSite","@id":"https:\/\/alcala.salesianos.edu\/colegio\/#website","url":"https:\/\/alcala.salesianos.edu\/colegio\/","name":"Colegio Salesiano Alcal\u00e1","description":"P\u00e1gina oficial de Salesianos Alcal\u00e1 de Guadaira","potentialAction":[{"@type":"SearchAction","target":{"@type":"EntryPoint","urlTemplate":"https:\/\/alcala.salesianos.edu\/colegio\/?s={search_term_string}"},"query-input":{"@type":"PropertyValueSpecification","valueRequired":true,"valueName":"search_term_string"}}],"inLanguage":"es"},{"@type":"Person","@id":"https:\/\/alcala.salesianos.edu\/colegio\/#\/schema\/person\/afcc24f776dc91fc2bf9afb0998fca77","name":"Administrador Web","image":{"@type":"ImageObject","inLanguage":"es","@id":"https:\/\/secure.gravatar.com\/avatar\/bc157e994689bd6da9645c00aa3bc4d55b727915b6652642660db0aef086585f?s=96&d=mm&r=g","url":"https:\/\/secure.gravatar.com\/avatar\/bc157e994689bd6da9645c00aa3bc4d55b727915b6652642660db0aef086585f?s=96&d=mm&r=g","contentUrl":"https:\/\/secure.gravatar.com\/avatar\/bc157e994689bd6da9645c00aa3bc4d55b727915b6652642660db0aef086585f?s=96&d=mm&r=g","caption":"Administrador Web"}}]}},"_links":{"self":[{"href":"https:\/\/alcala.salesianos.edu\/colegio\/wp-json\/wp\/v2\/posts\/13937","targetHints":{"allow":["GET"]}}],"collection":[{"href":"https:\/\/alcala.salesianos.edu\/colegio\/wp-json\/wp\/v2\/posts"}],"about":[{"href":"https:\/\/alcala.salesianos.edu\/colegio\/wp-json\/wp\/v2\/types\/post"}],"author":[{"embeddable":true,"href":"https:\/\/alcala.salesianos.edu\/colegio\/wp-json\/wp\/v2\/users\/2"}],"replies":[{"embeddable":true,"href":"https:\/\/alcala.salesianos.edu\/colegio\/wp-json\/wp\/v2\/comments?post=13937"}],"version-history":[{"count":1,"href":"https:\/\/alcala.salesianos.edu\/colegio\/wp-json\/wp\/v2\/posts\/13937\/revisions"}],"predecessor-version":[{"id":13939,"href":"https:\/\/alcala.salesianos.edu\/colegio\/wp-json\/wp\/v2\/posts\/13937\/revisions\/13939"}],"wp:featuredmedia":[{"embeddable":true,"href":"https:\/\/alcala.salesianos.edu\/colegio\/wp-json\/wp\/v2\/media\/13938"}],"wp:attachment":[{"href":"https:\/\/alcala.salesianos.edu\/colegio\/wp-json\/wp\/v2\/media?parent=13937"}],"wp:term":[{"taxonomy":"category","embeddable":true,"href":"https:\/\/alcala.salesianos.edu\/colegio\/wp-json\/wp\/v2\/categories?post=13937"},{"taxonomy":"post_tag","embeddable":true,"href":"https:\/\/alcala.salesianos.edu\/colegio\/wp-json\/wp\/v2\/tags?post=13937"}],"curies":[{"name":"wp","href":"https:\/\/api.w.org\/{rel}","templated":true}]}}