{"id":13922,"date":"2021-03-30T09:48:44","date_gmt":"2021-03-30T08:48:44","guid":{"rendered":"https:\/\/alcala.salesianos.edu\/colegio\/blog\/2021\/03\/30\/iii-jornadas-de-educiencia\/"},"modified":"2025-08-27T08:50:10","modified_gmt":"2025-08-27T07:50:10","slug":"iii-jornadas-de-educiencia","status":"publish","type":"post","link":"https:\/\/alcala.salesianos.edu\/colegio\/blog\/2021\/03\/30\/iii-jornadas-de-educiencia\/","title":{"rendered":"III Jornadas de Educiencia"},"content":{"rendered":"<div id=\"fb-root\"><\/div>\n<p>[et_pb_section fb_built=\u00bb1&#8243; _builder_version=\u00bb4.5.8&#8243; _module_preset=\u00bbdefault\u00bb][et_pb_row _builder_version=\u00bb4.5.8&#8243; _module_preset=\u00bbdefault\u00bb][et_pb_column _builder_version=\u00bb4.5.8&#8243; _module_preset=\u00bbdefault\u00bb type=\u00bb4_4&#8243;][et_pb_text _builder_version=\u00bb4.5.8&#8243; _module_preset=\u00bbdefault\u00bb link_option_url=\u00bbhttps:\/\/alcala.salesianos.edu\/colegio\/la-ciencia-en-portada\/\u00bb link_option_url_new_window=\u00bbon\u00bb hover_enabled=\u00bb0&#8243;]<\/p>\n<p>Durante los pr\u00f3ximos d\u00edas 15 y 16 de abril, el Colegio Salesiano Ntra. Sra. Del \u00c1guila de Alcal\u00e1 de Guada\u00edra organizar\u00e1, en colaboraci\u00f3n con el Ayuntamiento de la ciudad y Edeb\u00e9, las <strong>III Jornadas EduCIENCIA<\/strong>, destinadas a divulgar la Ciencia de una forma diferente, amena y cercana. Este importante evento, enmarcado en la Semana de la Ciencia que el centro educativo organiza cada a\u00f1o, est\u00e1 abierto a todos los alumnos de Secundaria, Bachillerato y Ciclos formativos de la ciudad alcalare\u00f1a.<\/p>\n<p>Las dos ediciones anteriores han resultado muy satisfactorias, especialmente la \u00faltima del pasado 2019 en la que las Jornadas ampliaron su oferta con un espacio para la divulgaci\u00f3n realizada por los m\u00e1s j\u00f3venes y un concurso de portada de c\u00f3mic cient\u00edfico.\u00a0<\/p>\n<p class=\"p2\">Tras la cancelaci\u00f3n el curso pasado de las III Jornadas EduCIENCIA, este a\u00f1o volvemos con muchas m\u00e1s ganas de seguir divulgando Ciencia y Tecnolog\u00eda entre nuestros alumnos de Alcal\u00e1 de Guada\u00edra.<\/p>\n<p class=\"p2\">En estos dif\u00edciles momentos, la Ciencia y la Tecnolog\u00eda se revelan como una necesidad para superar las dificultades sanitarias y ambientales que azotan al planeta. Preparar a nuestros j\u00f3venes para el futuro que viene, ser\u00e1, sin duda, una de las claves de la recuperaci\u00f3n<\/p>\n<p>Estas jornadas se realizar\u00e1n de forma telem\u00e1tica utilizando la plataforma de Google Meet. Para poder participar en el concurso de <a href=\"https:\/\/alcala.salesianos.edu\/colegio\/la-ciencia-en-portada\/\" target=\"_blank\" rel=\"noopener\">C\u00f3mic Cient\u00edfico puede acceder en este enlace<\/a>.<\/p>\n<p>La divulgaci\u00f3n de la Ciencia en nuestra ciudad sigue creciendo y afianz\u00e1ndose como referente en el panorama educativo y cient\u00edfico de toda la provincia. No te lo puedes perder.<\/p>\n<p>[\/et_pb_text][\/et_pb_column][\/et_pb_row][\/et_pb_section]<\/p>\n","protected":false},"excerpt":{"rendered":"<p>Durante los pr\u00f3ximos d\u00edas 15 y 16 de abril, el Colegio Salesiano Ntra. Sra. Del \u00c1guila de Alcal\u00e1 de Guada\u00edra organizar\u00e1, en colaboraci\u00f3n con el Ayuntamiento de la ciudad y Edeb\u00e9, las III Jornadas EduCIENCIA.<\/p>\n","protected":false},"author":2,"featured_media":0,"comment_status":"closed","ping_status":"open","sticky":false,"template":"","format":"standard","meta":{"_et_pb_use_builder":"on","_et_pb_old_content":"","_et_gb_content_width":"","footnotes":""},"categories":[12,23,13,15,16,1],"tags":[],"class_list":["post-13922","post","type-post","status-publish","format-standard","hentry","category-colegio","category-covid","category-fasa","category-portada","category-secundaria","category-uncategorized"],"yoast_head":"<!-- This site is optimized with the Yoast SEO plugin v28.4 - https:\/\/yoast.com\/product\/yoast-seo-wordpress\/ -->\n<title>III Jornadas de Educiencia - Colegio Salesiano Alcal\u00e1<\/title>\n<meta name=\"robots\" content=\"index, follow, max-snippet:-1, max-image-preview:large, max-video-preview:-1\" \/>\n<link rel=\"canonical\" href=\"https:\/\/alcala.salesianos.edu\/colegio\/blog\/2021\/03\/30\/iii-jornadas-de-educiencia\/\" \/>\n<meta property=\"og:locale\" content=\"es_ES\" \/>\n<meta property=\"og:type\" content=\"article\" \/>\n<meta property=\"og:title\" content=\"III Jornadas de Educiencia - Colegio Salesiano Alcal\u00e1\" \/>\n<meta property=\"og:description\" content=\"Durante los pr\u00f3ximos d\u00edas 15 y 16 de abril, el Colegio Salesiano Ntra. Sra. Del \u00c1guila de Alcal\u00e1 de Guada\u00edra organizar\u00e1, en colaboraci\u00f3n con el Ayuntamiento de la ciudad y Edeb\u00e9, las III Jornadas EduCIENCIA.\" \/>\n<meta property=\"og:url\" content=\"https:\/\/alcala.salesianos.edu\/colegio\/blog\/2021\/03\/30\/iii-jornadas-de-educiencia\/\" \/>\n<meta property=\"og:site_name\" content=\"Colegio Salesiano Alcal\u00e1\" \/>\n<meta property=\"article:published_time\" content=\"2021-03-30T08:48:44+00:00\" \/>\n<meta property=\"article:modified_time\" content=\"2025-08-27T07:50:10+00:00\" \/>\n<meta name=\"author\" content=\"Administrador Web\" \/>\n<meta name=\"twitter:card\" content=\"summary_large_image\" \/>\n<meta name=\"twitter:label1\" content=\"Escrito por\" \/>\n\t<meta name=\"twitter:data1\" content=\"Administrador Web\" \/>\n\t<meta name=\"twitter:label2\" content=\"Tiempo de lectura\" \/>\n\t<meta name=\"twitter:data2\" content=\"2 minutos\" \/>\n<script type=\"application\/ld+json\" class=\"yoast-schema-graph\">{\"@context\":\"https:\\\/\\\/schema.org\",\"@graph\":[{\"@type\":\"Article\",\"@id\":\"https:\\\/\\\/alcala.salesianos.edu\\\/colegio\\\/blog\\\/2021\\\/03\\\/30\\\/iii-jornadas-de-educiencia\\\/#article\",\"isPartOf\":{\"@id\":\"https:\\\/\\\/alcala.salesianos.edu\\\/colegio\\\/blog\\\/2021\\\/03\\\/30\\\/iii-jornadas-de-educiencia\\\/\"},\"author\":{\"name\":\"Administrador Web\",\"@id\":\"https:\\\/\\\/alcala.salesianos.edu\\\/colegio\\\/#\\\/schema\\\/person\\\/afcc24f776dc91fc2bf9afb0998fca77\"},\"headline\":\"III Jornadas de Educiencia\",\"datePublished\":\"2021-03-30T08:48:44+00:00\",\"dateModified\":\"2025-08-27T07:50:10+00:00\",\"mainEntityOfPage\":{\"@id\":\"https:\\\/\\\/alcala.salesianos.edu\\\/colegio\\\/blog\\\/2021\\\/03\\\/30\\\/iii-jornadas-de-educiencia\\\/\"},\"wordCount\":344,\"articleSection\":[\"Colegio\",\"covid\",\"FASA\",\"Portada\",\"Secundaria\",\"Uncategorized\"],\"inLanguage\":\"es\"},{\"@type\":\"WebPage\",\"@id\":\"https:\\\/\\\/alcala.salesianos.edu\\\/colegio\\\/blog\\\/2021\\\/03\\\/30\\\/iii-jornadas-de-educiencia\\\/\",\"url\":\"https:\\\/\\\/alcala.salesianos.edu\\\/colegio\\\/blog\\\/2021\\\/03\\\/30\\\/iii-jornadas-de-educiencia\\\/\",\"name\":\"III Jornadas de Educiencia - Colegio Salesiano Alcal\u00e1\",\"isPartOf\":{\"@id\":\"https:\\\/\\\/alcala.salesianos.edu\\\/colegio\\\/#website\"},\"datePublished\":\"2021-03-30T08:48:44+00:00\",\"dateModified\":\"2025-08-27T07:50:10+00:00\",\"author\":{\"@id\":\"https:\\\/\\\/alcala.salesianos.edu\\\/colegio\\\/#\\\/schema\\\/person\\\/afcc24f776dc91fc2bf9afb0998fca77\"},\"breadcrumb\":{\"@id\":\"https:\\\/\\\/alcala.salesianos.edu\\\/colegio\\\/blog\\\/2021\\\/03\\\/30\\\/iii-jornadas-de-educiencia\\\/#breadcrumb\"},\"inLanguage\":\"es\",\"potentialAction\":[{\"@type\":\"ReadAction\",\"target\":[\"https:\\\/\\\/alcala.salesianos.edu\\\/colegio\\\/blog\\\/2021\\\/03\\\/30\\\/iii-jornadas-de-educiencia\\\/\"]}]},{\"@type\":\"BreadcrumbList\",\"@id\":\"https:\\\/\\\/alcala.salesianos.edu\\\/colegio\\\/blog\\\/2021\\\/03\\\/30\\\/iii-jornadas-de-educiencia\\\/#breadcrumb\",\"itemListElement\":[{\"@type\":\"ListItem\",\"position\":1,\"name\":\"Portada\",\"item\":\"https:\\\/\\\/alcala.salesianos.edu\\\/colegio\\\/\"},{\"@type\":\"ListItem\",\"position\":2,\"name\":\"III Jornadas de Educiencia\"}]},{\"@type\":\"WebSite\",\"@id\":\"https:\\\/\\\/alcala.salesianos.edu\\\/colegio\\\/#website\",\"url\":\"https:\\\/\\\/alcala.salesianos.edu\\\/colegio\\\/\",\"name\":\"Colegio Salesiano Alcal\u00e1\",\"description\":\"P\u00e1gina oficial de Salesianos Alcal\u00e1 de Guadaira\",\"potentialAction\":[{\"@type\":\"SearchAction\",\"target\":{\"@type\":\"EntryPoint\",\"urlTemplate\":\"https:\\\/\\\/alcala.salesianos.edu\\\/colegio\\\/?s={search_term_string}\"},\"query-input\":{\"@type\":\"PropertyValueSpecification\",\"valueRequired\":true,\"valueName\":\"search_term_string\"}}],\"inLanguage\":\"es\"},{\"@type\":\"Person\",\"@id\":\"https:\\\/\\\/alcala.salesianos.edu\\\/colegio\\\/#\\\/schema\\\/person\\\/afcc24f776dc91fc2bf9afb0998fca77\",\"name\":\"Administrador Web\",\"image\":{\"@type\":\"ImageObject\",\"inLanguage\":\"es\",\"@id\":\"https:\\\/\\\/secure.gravatar.com\\\/avatar\\\/bc157e994689bd6da9645c00aa3bc4d55b727915b6652642660db0aef086585f?s=96&d=mm&r=g\",\"url\":\"https:\\\/\\\/secure.gravatar.com\\\/avatar\\\/bc157e994689bd6da9645c00aa3bc4d55b727915b6652642660db0aef086585f?s=96&d=mm&r=g\",\"contentUrl\":\"https:\\\/\\\/secure.gravatar.com\\\/avatar\\\/bc157e994689bd6da9645c00aa3bc4d55b727915b6652642660db0aef086585f?s=96&d=mm&r=g\",\"caption\":\"Administrador Web\"}}]}<\/script>\n<!-- \/ Yoast SEO plugin. -->","yoast_head_json":{"title":"III Jornadas de Educiencia - Colegio Salesiano Alcal\u00e1","robots":{"index":"index","follow":"follow","max-snippet":"max-snippet:-1","max-image-preview":"max-image-preview:large","max-video-preview":"max-video-preview:-1"},"canonical":"https:\/\/alcala.salesianos.edu\/colegio\/blog\/2021\/03\/30\/iii-jornadas-de-educiencia\/","og_locale":"es_ES","og_type":"article","og_title":"III Jornadas de Educiencia - Colegio Salesiano Alcal\u00e1","og_description":"Durante los pr\u00f3ximos d\u00edas 15 y 16 de abril, el Colegio Salesiano Ntra. Sra. Del \u00c1guila de Alcal\u00e1 de Guada\u00edra organizar\u00e1, en colaboraci\u00f3n con el Ayuntamiento de la ciudad y Edeb\u00e9, las III Jornadas EduCIENCIA.","og_url":"https:\/\/alcala.salesianos.edu\/colegio\/blog\/2021\/03\/30\/iii-jornadas-de-educiencia\/","og_site_name":"Colegio Salesiano Alcal\u00e1","article_published_time":"2021-03-30T08:48:44+00:00","article_modified_time":"2025-08-27T07:50:10+00:00","author":"Administrador Web","twitter_card":"summary_large_image","twitter_misc":{"Escrito por":"Administrador Web","Tiempo de lectura":"2 minutos"},"schema":{"@context":"https:\/\/schema.org","@graph":[{"@type":"Article","@id":"https:\/\/alcala.salesianos.edu\/colegio\/blog\/2021\/03\/30\/iii-jornadas-de-educiencia\/#article","isPartOf":{"@id":"https:\/\/alcala.salesianos.edu\/colegio\/blog\/2021\/03\/30\/iii-jornadas-de-educiencia\/"},"author":{"name":"Administrador Web","@id":"https:\/\/alcala.salesianos.edu\/colegio\/#\/schema\/person\/afcc24f776dc91fc2bf9afb0998fca77"},"headline":"III Jornadas de Educiencia","datePublished":"2021-03-30T08:48:44+00:00","dateModified":"2025-08-27T07:50:10+00:00","mainEntityOfPage":{"@id":"https:\/\/alcala.salesianos.edu\/colegio\/blog\/2021\/03\/30\/iii-jornadas-de-educiencia\/"},"wordCount":344,"articleSection":["Colegio","covid","FASA","Portada","Secundaria","Uncategorized"],"inLanguage":"es"},{"@type":"WebPage","@id":"https:\/\/alcala.salesianos.edu\/colegio\/blog\/2021\/03\/30\/iii-jornadas-de-educiencia\/","url":"https:\/\/alcala.salesianos.edu\/colegio\/blog\/2021\/03\/30\/iii-jornadas-de-educiencia\/","name":"III Jornadas de Educiencia - Colegio Salesiano Alcal\u00e1","isPartOf":{"@id":"https:\/\/alcala.salesianos.edu\/colegio\/#website"},"datePublished":"2021-03-30T08:48:44+00:00","dateModified":"2025-08-27T07:50:10+00:00","author":{"@id":"https:\/\/alcala.salesianos.edu\/colegio\/#\/schema\/person\/afcc24f776dc91fc2bf9afb0998fca77"},"breadcrumb":{"@id":"https:\/\/alcala.salesianos.edu\/colegio\/blog\/2021\/03\/30\/iii-jornadas-de-educiencia\/#breadcrumb"},"inLanguage":"es","potentialAction":[{"@type":"ReadAction","target":["https:\/\/alcala.salesianos.edu\/colegio\/blog\/2021\/03\/30\/iii-jornadas-de-educiencia\/"]}]},{"@type":"BreadcrumbList","@id":"https:\/\/alcala.salesianos.edu\/colegio\/blog\/2021\/03\/30\/iii-jornadas-de-educiencia\/#breadcrumb","itemListElement":[{"@type":"ListItem","position":1,"name":"Portada","item":"https:\/\/alcala.salesianos.edu\/colegio\/"},{"@type":"ListItem","position":2,"name":"III Jornadas de Educiencia"}]},{"@type":"WebSite","@id":"https:\/\/alcala.salesianos.edu\/colegio\/#website","url":"https:\/\/alcala.salesianos.edu\/colegio\/","name":"Colegio Salesiano Alcal\u00e1","description":"P\u00e1gina oficial de Salesianos Alcal\u00e1 de Guadaira","potentialAction":[{"@type":"SearchAction","target":{"@type":"EntryPoint","urlTemplate":"https:\/\/alcala.salesianos.edu\/colegio\/?s={search_term_string}"},"query-input":{"@type":"PropertyValueSpecification","valueRequired":true,"valueName":"search_term_string"}}],"inLanguage":"es"},{"@type":"Person","@id":"https:\/\/alcala.salesianos.edu\/colegio\/#\/schema\/person\/afcc24f776dc91fc2bf9afb0998fca77","name":"Administrador Web","image":{"@type":"ImageObject","inLanguage":"es","@id":"https:\/\/secure.gravatar.com\/avatar\/bc157e994689bd6da9645c00aa3bc4d55b727915b6652642660db0aef086585f?s=96&d=mm&r=g","url":"https:\/\/secure.gravatar.com\/avatar\/bc157e994689bd6da9645c00aa3bc4d55b727915b6652642660db0aef086585f?s=96&d=mm&r=g","contentUrl":"https:\/\/secure.gravatar.com\/avatar\/bc157e994689bd6da9645c00aa3bc4d55b727915b6652642660db0aef086585f?s=96&d=mm&r=g","caption":"Administrador Web"}}]}},"_links":{"self":[{"href":"https:\/\/alcala.salesianos.edu\/colegio\/wp-json\/wp\/v2\/posts\/13922","targetHints":{"allow":["GET"]}}],"collection":[{"href":"https:\/\/alcala.salesianos.edu\/colegio\/wp-json\/wp\/v2\/posts"}],"about":[{"href":"https:\/\/alcala.salesianos.edu\/colegio\/wp-json\/wp\/v2\/types\/post"}],"author":[{"embeddable":true,"href":"https:\/\/alcala.salesianos.edu\/colegio\/wp-json\/wp\/v2\/users\/2"}],"replies":[{"embeddable":true,"href":"https:\/\/alcala.salesianos.edu\/colegio\/wp-json\/wp\/v2\/comments?post=13922"}],"version-history":[{"count":1,"href":"https:\/\/alcala.salesianos.edu\/colegio\/wp-json\/wp\/v2\/posts\/13922\/revisions"}],"predecessor-version":[{"id":16705,"href":"https:\/\/alcala.salesianos.edu\/colegio\/wp-json\/wp\/v2\/posts\/13922\/revisions\/16705"}],"wp:attachment":[{"href":"https:\/\/alcala.salesianos.edu\/colegio\/wp-json\/wp\/v2\/media?parent=13922"}],"wp:term":[{"taxonomy":"category","embeddable":true,"href":"https:\/\/alcala.salesianos.edu\/colegio\/wp-json\/wp\/v2\/categories?post=13922"},{"taxonomy":"post_tag","embeddable":true,"href":"https:\/\/alcala.salesianos.edu\/colegio\/wp-json\/wp\/v2\/tags?post=13922"}],"curies":[{"name":"wp","href":"https:\/\/api.w.org\/{rel}","templated":true}]}}