{"id":13891,"date":"2021-03-17T21:42:09","date_gmt":"2021-03-17T20:42:09","guid":{"rendered":"https:\/\/alcala.salesianos.edu\/colegio\/blog\/2021\/03\/17\/participamos-en-las-evaluaciones-externas-de-bilinguismo-de-la-inspectoria\/"},"modified":"2025-08-27T08:50:13","modified_gmt":"2025-08-27T07:50:13","slug":"participamos-en-las-evaluaciones-externas-de-bilinguismo-de-la-inspectoria","status":"publish","type":"post","link":"https:\/\/alcala.salesianos.edu\/colegio\/blog\/2021\/03\/17\/participamos-en-las-evaluaciones-externas-de-bilinguismo-de-la-inspectoria\/","title":{"rendered":"Participamos en las evaluaciones externas de biling\u00fcismo de la Inspector\u00eda"},"content":{"rendered":"<div id=\"fb-root\"><\/div>\n<p>[et_pb_section fb_built=\u00bb1&#8243; _builder_version=\u00bb4.5.8&#8243; _module_preset=\u00bbdefault\u00bb][et_pb_row _builder_version=\u00bb4.5.8&#8243; _module_preset=\u00bbdefault\u00bb][et_pb_column _builder_version=\u00bb4.5.8&#8243; _module_preset=\u00bbdefault\u00bb type=\u00bb4_4&#8243;][et_pb_text _builder_version=\u00bb4.5.8&#8243; _module_preset=\u00bbdefault\u00bb hover_enabled=\u00bb0&#8243;]<\/p>\n<div class=\"et_pb_module et_pb_text et_pb_text_0_tb_body  et_pb_text_align_left et_pb_bg_layout_light\">\n<div class=\"et_pb_text_inner\">\n<div class=\"et_pb_row et_pb_row_6\">\n<div class=\"et_pb_column et_pb_column_4_4 et_pb_column_6  et_pb_css_mix_blend_mode_passthrough et-last-child\">\n<div class=\"et_pb_module et_pb_text et_pb_text_3  et_pb_text_align_left et_pb_bg_layout_light\">\n<div class=\"et_pb_text_inner\">\n<p>Del 8 al 12 de marzo m\u00e1s de 2000 alumnos de 4\u00ba a 6\u00ba curso de Educaci\u00f3n Primaria de los centros Salesianos de Andaluc\u00eda, Extremadura y Canarias han realizado las pruebas de Evaluaci\u00f3n Externa en Lengua Inglesa que Edeb\u00e9-Express Publishing pone a disposici\u00f3n de las escuelas desde el curso 16-17.<\/p>\n<p>Hace cinco a\u00f1os fueron 17 centros biling\u00fces los que ofrecieron las pruebas a un total de 500 alumnos, en aquella ocasi\u00f3n de 3\u00ba de Educaci\u00f3n Primaria. Tras una revisi\u00f3n de las pruebas, y siguiendo las orientaciones de la Junta de Andaluc\u00eda en materia de biling\u00fcismo, se estim\u00f3 oportuno pasarlas al alumnado de 4\u00ba y 6\u00ba para poder valorar la proximidad del nivel de estos alumnos a los niveles recomendados por la Administraci\u00f3n:<\/p>\n<\/div>\n<\/div>\n<\/div>\n<\/div>\n<div class=\"et_pb_row et_pb_row_7\">\n<div class=\"et_pb_column et_pb_column_1_3 et_pb_column_7  et_pb_css_mix_blend_mode_passthrough\">\n<div class=\"et_pb_module et_pb_text et_pb_text_4  et_pb_text_align_left et_pb_bg_layout_light\">\n<div class=\"et_pb_text_inner\">\n<table class=\" alignleft\" style=\"height: 120px;\" width=\"210\">\n<tbody>\n<tr>\n<td style=\"width: 126px;\"><strong>4\u00ba Primaria<\/strong><\/td>\n<td style=\"width: 25px;\">\u00a0 A1<\/td>\n<\/tr>\n<tr>\n<td style=\"width: 126px;\"><strong>6\u00ba Primaria<\/strong><\/td>\n<td style=\"width: 25px;\">\u00a0 A2<\/td>\n<\/tr>\n<tr>\n<td style=\"width: 126px;\"><strong>4\u00ba ESO<\/strong><\/td>\n<td style=\"width: 25px;\">\u00a0 B1<\/td>\n<\/tr>\n<tr>\n<td style=\"width: 126px;\"><strong>2\u00ba BACHILLERATO<\/strong><\/td>\n<td style=\"width: 25px;\">\u00a0 B2<\/td>\n<\/tr>\n<\/tbody>\n<\/table>\n<\/div>\n<\/div>\n<\/div>\n<div class=\"et_pb_column et_pb_column_2_3 et_pb_column_8  et_pb_css_mix_blend_mode_passthrough et-last-child\">\n<div class=\"et_pb_module et_pb_text et_pb_text_5  et_pb_text_align_left et_pb_bg_layout_light\">\n<div class=\"et_pb_text_inner\">\n<p>En estos a\u00f1os, el n\u00famero de alumnos ha crecido hasta los 2382 que realizan las pruebas este curso. Las pruebas est\u00e1n dise\u00f1adas atendiendo al grado de consecuci\u00f3n de los objetivos de aprendizaje establecidos para las cinco destrezas b\u00e1sicas y teniendo en cuenta los niveles de competencia ling\u00fc\u00edstica establecidos en el Marco Com\u00fan Europeo de Referencia para las Lenguas (MCERL).<\/p>\n<p>Los resultados ayudar\u00e1n a los centros a conocer la evoluci\u00f3n en el nivel de Ingl\u00e9s del alumnado biling\u00fce, recabar informaci\u00f3n para un posible consejo asesor a las familias de alumnos que se presenten a ex\u00e1menes oficiales de certificaci\u00f3n, obtener informaci\u00f3n para la evaluaci\u00f3n ordinaria, disponer de datos suficientes en los cambios de etapa.<\/p>\n<p><strong>Marta Iglesias<\/strong><br \/><strong>Coordinadora de biling\u00fcismo de la Inspector\u00eda Salesiana Mar\u00eda Auxiliadora<\/strong><\/p>\n<\/div>\n<\/div>\n<\/div>\n<\/div>\n<\/div>\n<\/div>\n<div class=\"et_pb_module et_pb_blurb et_pb_blurb_0_tb_body  et_pb_text_align_left  et_pb_blurb_position_left et_pb_bg_layout_light\">\n<div class=\"et_pb_blurb_content\">\n<div class=\"et_pb_main_blurb_image\">\u00a0<\/div>\n<\/div>\n<\/div>\n<p>[\/et_pb_text][\/et_pb_column][\/et_pb_row][\/et_pb_section]<\/p>\n","protected":false},"excerpt":{"rendered":"<p>M\u00e1s de 2000 alumnos salesianos realizan en simult\u00e1neo la evaluaci\u00f3n externa de biling\u00fcismo en la que participaron varios cursos de primaria y cuarto de secundaria.<\/p>\n","protected":false},"author":2,"featured_media":13892,"comment_status":"closed","ping_status":"open","sticky":false,"template":"","format":"standard","meta":{"_et_pb_use_builder":"on","_et_pb_old_content":"","_et_gb_content_width":"","footnotes":""},"categories":[12,13,15,18,16,1],"tags":[],"class_list":["post-13891","post","type-post","status-publish","format-standard","has-post-thumbnail","hentry","category-colegio","category-fasa","category-portada","category-primaria","category-secundaria","category-uncategorized"],"yoast_head":"<!-- This site is optimized with the Yoast SEO plugin v28.4 - https:\/\/yoast.com\/product\/yoast-seo-wordpress\/ -->\n<title>Participamos en las evaluaciones externas de biling\u00fcismo de la Inspector\u00eda - Colegio Salesiano Alcal\u00e1<\/title>\n<meta name=\"robots\" content=\"index, follow, max-snippet:-1, max-image-preview:large, max-video-preview:-1\" \/>\n<link rel=\"canonical\" href=\"https:\/\/alcala.salesianos.edu\/colegio\/blog\/2021\/03\/17\/participamos-en-las-evaluaciones-externas-de-bilinguismo-de-la-inspectoria\/\" \/>\n<meta property=\"og:locale\" content=\"es_ES\" \/>\n<meta property=\"og:type\" content=\"article\" \/>\n<meta property=\"og:title\" content=\"Participamos en las evaluaciones externas de biling\u00fcismo de la Inspector\u00eda - Colegio Salesiano Alcal\u00e1\" \/>\n<meta property=\"og:description\" content=\"M\u00e1s de 2000 alumnos salesianos realizan en simult\u00e1neo la evaluaci\u00f3n externa de biling\u00fcismo en la que participaron varios cursos de primaria y cuarto de secundaria.\" \/>\n<meta property=\"og:url\" content=\"https:\/\/alcala.salesianos.edu\/colegio\/blog\/2021\/03\/17\/participamos-en-las-evaluaciones-externas-de-bilinguismo-de-la-inspectoria\/\" \/>\n<meta property=\"og:site_name\" content=\"Colegio Salesiano Alcal\u00e1\" \/>\n<meta property=\"article:published_time\" content=\"2021-03-17T20:42:09+00:00\" \/>\n<meta property=\"article:modified_time\" content=\"2025-08-27T07:50:13+00:00\" \/>\n<meta property=\"og:image\" content=\"https:\/\/alcala.salesianos.edu\/colegio\/wp-content\/uploads\/sites\/2\/2021\/03\/puerta-cole.png\" \/>\n\t<meta property=\"og:image:width\" content=\"1\" \/>\n\t<meta property=\"og:image:height\" content=\"1\" \/>\n\t<meta property=\"og:image:type\" content=\"image\/png\" \/>\n<meta name=\"author\" content=\"Administrador Web\" \/>\n<meta name=\"twitter:card\" content=\"summary_large_image\" \/>\n<meta name=\"twitter:label1\" content=\"Escrito por\" \/>\n\t<meta name=\"twitter:data1\" content=\"Administrador Web\" \/>\n\t<meta name=\"twitter:label2\" content=\"Tiempo de lectura\" \/>\n\t<meta name=\"twitter:data2\" content=\"2 minutos\" \/>\n<script type=\"application\/ld+json\" class=\"yoast-schema-graph\">{\"@context\":\"https:\\\/\\\/schema.org\",\"@graph\":[{\"@type\":\"Article\",\"@id\":\"https:\\\/\\\/alcala.salesianos.edu\\\/colegio\\\/blog\\\/2021\\\/03\\\/17\\\/participamos-en-las-evaluaciones-externas-de-bilinguismo-de-la-inspectoria\\\/#article\",\"isPartOf\":{\"@id\":\"https:\\\/\\\/alcala.salesianos.edu\\\/colegio\\\/blog\\\/2021\\\/03\\\/17\\\/participamos-en-las-evaluaciones-externas-de-bilinguismo-de-la-inspectoria\\\/\"},\"author\":{\"name\":\"Administrador Web\",\"@id\":\"https:\\\/\\\/alcala.salesianos.edu\\\/colegio\\\/#\\\/schema\\\/person\\\/afcc24f776dc91fc2bf9afb0998fca77\"},\"headline\":\"Participamos en las evaluaciones externas de biling\u00fcismo de la Inspector\u00eda\",\"datePublished\":\"2021-03-17T20:42:09+00:00\",\"dateModified\":\"2025-08-27T07:50:13+00:00\",\"mainEntityOfPage\":{\"@id\":\"https:\\\/\\\/alcala.salesianos.edu\\\/colegio\\\/blog\\\/2021\\\/03\\\/17\\\/participamos-en-las-evaluaciones-externas-de-bilinguismo-de-la-inspectoria\\\/\"},\"wordCount\":337,\"image\":{\"@id\":\"https:\\\/\\\/alcala.salesianos.edu\\\/colegio\\\/blog\\\/2021\\\/03\\\/17\\\/participamos-en-las-evaluaciones-externas-de-bilinguismo-de-la-inspectoria\\\/#primaryimage\"},\"thumbnailUrl\":\"https:\\\/\\\/alcala.salesianos.edu\\\/colegio\\\/wp-content\\\/uploads\\\/sites\\\/2\\\/2021\\\/03\\\/puerta-cole.png\",\"articleSection\":[\"Colegio\",\"FASA\",\"Portada\",\"Primaria\",\"Secundaria\",\"Uncategorized\"],\"inLanguage\":\"es\"},{\"@type\":\"WebPage\",\"@id\":\"https:\\\/\\\/alcala.salesianos.edu\\\/colegio\\\/blog\\\/2021\\\/03\\\/17\\\/participamos-en-las-evaluaciones-externas-de-bilinguismo-de-la-inspectoria\\\/\",\"url\":\"https:\\\/\\\/alcala.salesianos.edu\\\/colegio\\\/blog\\\/2021\\\/03\\\/17\\\/participamos-en-las-evaluaciones-externas-de-bilinguismo-de-la-inspectoria\\\/\",\"name\":\"Participamos en las evaluaciones externas de biling\u00fcismo de la Inspector\u00eda - Colegio Salesiano Alcal\u00e1\",\"isPartOf\":{\"@id\":\"https:\\\/\\\/alcala.salesianos.edu\\\/colegio\\\/#website\"},\"primaryImageOfPage\":{\"@id\":\"https:\\\/\\\/alcala.salesianos.edu\\\/colegio\\\/blog\\\/2021\\\/03\\\/17\\\/participamos-en-las-evaluaciones-externas-de-bilinguismo-de-la-inspectoria\\\/#primaryimage\"},\"image\":{\"@id\":\"https:\\\/\\\/alcala.salesianos.edu\\\/colegio\\\/blog\\\/2021\\\/03\\\/17\\\/participamos-en-las-evaluaciones-externas-de-bilinguismo-de-la-inspectoria\\\/#primaryimage\"},\"thumbnailUrl\":\"https:\\\/\\\/alcala.salesianos.edu\\\/colegio\\\/wp-content\\\/uploads\\\/sites\\\/2\\\/2021\\\/03\\\/puerta-cole.png\",\"datePublished\":\"2021-03-17T20:42:09+00:00\",\"dateModified\":\"2025-08-27T07:50:13+00:00\",\"author\":{\"@id\":\"https:\\\/\\\/alcala.salesianos.edu\\\/colegio\\\/#\\\/schema\\\/person\\\/afcc24f776dc91fc2bf9afb0998fca77\"},\"breadcrumb\":{\"@id\":\"https:\\\/\\\/alcala.salesianos.edu\\\/colegio\\\/blog\\\/2021\\\/03\\\/17\\\/participamos-en-las-evaluaciones-externas-de-bilinguismo-de-la-inspectoria\\\/#breadcrumb\"},\"inLanguage\":\"es\",\"potentialAction\":[{\"@type\":\"ReadAction\",\"target\":[\"https:\\\/\\\/alcala.salesianos.edu\\\/colegio\\\/blog\\\/2021\\\/03\\\/17\\\/participamos-en-las-evaluaciones-externas-de-bilinguismo-de-la-inspectoria\\\/\"]}]},{\"@type\":\"ImageObject\",\"inLanguage\":\"es\",\"@id\":\"https:\\\/\\\/alcala.salesianos.edu\\\/colegio\\\/blog\\\/2021\\\/03\\\/17\\\/participamos-en-las-evaluaciones-externas-de-bilinguismo-de-la-inspectoria\\\/#primaryimage\",\"url\":\"https:\\\/\\\/alcala.salesianos.edu\\\/colegio\\\/wp-content\\\/uploads\\\/sites\\\/2\\\/2021\\\/03\\\/puerta-cole.png\",\"contentUrl\":\"https:\\\/\\\/alcala.salesianos.edu\\\/colegio\\\/wp-content\\\/uploads\\\/sites\\\/2\\\/2021\\\/03\\\/puerta-cole.png\"},{\"@type\":\"BreadcrumbList\",\"@id\":\"https:\\\/\\\/alcala.salesianos.edu\\\/colegio\\\/blog\\\/2021\\\/03\\\/17\\\/participamos-en-las-evaluaciones-externas-de-bilinguismo-de-la-inspectoria\\\/#breadcrumb\",\"itemListElement\":[{\"@type\":\"ListItem\",\"position\":1,\"name\":\"Portada\",\"item\":\"https:\\\/\\\/alcala.salesianos.edu\\\/colegio\\\/\"},{\"@type\":\"ListItem\",\"position\":2,\"name\":\"Participamos en las evaluaciones externas de biling\u00fcismo de la Inspector\u00eda\"}]},{\"@type\":\"WebSite\",\"@id\":\"https:\\\/\\\/alcala.salesianos.edu\\\/colegio\\\/#website\",\"url\":\"https:\\\/\\\/alcala.salesianos.edu\\\/colegio\\\/\",\"name\":\"Colegio Salesiano Alcal\u00e1\",\"description\":\"P\u00e1gina oficial de Salesianos Alcal\u00e1 de Guadaira\",\"potentialAction\":[{\"@type\":\"SearchAction\",\"target\":{\"@type\":\"EntryPoint\",\"urlTemplate\":\"https:\\\/\\\/alcala.salesianos.edu\\\/colegio\\\/?s={search_term_string}\"},\"query-input\":{\"@type\":\"PropertyValueSpecification\",\"valueRequired\":true,\"valueName\":\"search_term_string\"}}],\"inLanguage\":\"es\"},{\"@type\":\"Person\",\"@id\":\"https:\\\/\\\/alcala.salesianos.edu\\\/colegio\\\/#\\\/schema\\\/person\\\/afcc24f776dc91fc2bf9afb0998fca77\",\"name\":\"Administrador Web\",\"image\":{\"@type\":\"ImageObject\",\"inLanguage\":\"es\",\"@id\":\"https:\\\/\\\/secure.gravatar.com\\\/avatar\\\/bc157e994689bd6da9645c00aa3bc4d55b727915b6652642660db0aef086585f?s=96&d=mm&r=g\",\"url\":\"https:\\\/\\\/secure.gravatar.com\\\/avatar\\\/bc157e994689bd6da9645c00aa3bc4d55b727915b6652642660db0aef086585f?s=96&d=mm&r=g\",\"contentUrl\":\"https:\\\/\\\/secure.gravatar.com\\\/avatar\\\/bc157e994689bd6da9645c00aa3bc4d55b727915b6652642660db0aef086585f?s=96&d=mm&r=g\",\"caption\":\"Administrador Web\"}}]}<\/script>\n<!-- \/ Yoast SEO plugin. -->","yoast_head_json":{"title":"Participamos en las evaluaciones externas de biling\u00fcismo de la Inspector\u00eda - Colegio Salesiano Alcal\u00e1","robots":{"index":"index","follow":"follow","max-snippet":"max-snippet:-1","max-image-preview":"max-image-preview:large","max-video-preview":"max-video-preview:-1"},"canonical":"https:\/\/alcala.salesianos.edu\/colegio\/blog\/2021\/03\/17\/participamos-en-las-evaluaciones-externas-de-bilinguismo-de-la-inspectoria\/","og_locale":"es_ES","og_type":"article","og_title":"Participamos en las evaluaciones externas de biling\u00fcismo de la Inspector\u00eda - Colegio Salesiano Alcal\u00e1","og_description":"M\u00e1s de 2000 alumnos salesianos realizan en simult\u00e1neo la evaluaci\u00f3n externa de biling\u00fcismo en la que participaron varios cursos de primaria y cuarto de secundaria.","og_url":"https:\/\/alcala.salesianos.edu\/colegio\/blog\/2021\/03\/17\/participamos-en-las-evaluaciones-externas-de-bilinguismo-de-la-inspectoria\/","og_site_name":"Colegio Salesiano Alcal\u00e1","article_published_time":"2021-03-17T20:42:09+00:00","article_modified_time":"2025-08-27T07:50:13+00:00","og_image":[{"url":"https:\/\/alcala.salesianos.edu\/colegio\/wp-content\/uploads\/sites\/2\/2021\/03\/puerta-cole.png","width":1,"height":1,"type":"image\/png"}],"author":"Administrador Web","twitter_card":"summary_large_image","twitter_misc":{"Escrito por":"Administrador Web","Tiempo de lectura":"2 minutos"},"schema":{"@context":"https:\/\/schema.org","@graph":[{"@type":"Article","@id":"https:\/\/alcala.salesianos.edu\/colegio\/blog\/2021\/03\/17\/participamos-en-las-evaluaciones-externas-de-bilinguismo-de-la-inspectoria\/#article","isPartOf":{"@id":"https:\/\/alcala.salesianos.edu\/colegio\/blog\/2021\/03\/17\/participamos-en-las-evaluaciones-externas-de-bilinguismo-de-la-inspectoria\/"},"author":{"name":"Administrador Web","@id":"https:\/\/alcala.salesianos.edu\/colegio\/#\/schema\/person\/afcc24f776dc91fc2bf9afb0998fca77"},"headline":"Participamos en las evaluaciones externas de biling\u00fcismo de la Inspector\u00eda","datePublished":"2021-03-17T20:42:09+00:00","dateModified":"2025-08-27T07:50:13+00:00","mainEntityOfPage":{"@id":"https:\/\/alcala.salesianos.edu\/colegio\/blog\/2021\/03\/17\/participamos-en-las-evaluaciones-externas-de-bilinguismo-de-la-inspectoria\/"},"wordCount":337,"image":{"@id":"https:\/\/alcala.salesianos.edu\/colegio\/blog\/2021\/03\/17\/participamos-en-las-evaluaciones-externas-de-bilinguismo-de-la-inspectoria\/#primaryimage"},"thumbnailUrl":"https:\/\/alcala.salesianos.edu\/colegio\/wp-content\/uploads\/sites\/2\/2021\/03\/puerta-cole.png","articleSection":["Colegio","FASA","Portada","Primaria","Secundaria","Uncategorized"],"inLanguage":"es"},{"@type":"WebPage","@id":"https:\/\/alcala.salesianos.edu\/colegio\/blog\/2021\/03\/17\/participamos-en-las-evaluaciones-externas-de-bilinguismo-de-la-inspectoria\/","url":"https:\/\/alcala.salesianos.edu\/colegio\/blog\/2021\/03\/17\/participamos-en-las-evaluaciones-externas-de-bilinguismo-de-la-inspectoria\/","name":"Participamos en las evaluaciones externas de biling\u00fcismo de la Inspector\u00eda - Colegio Salesiano Alcal\u00e1","isPartOf":{"@id":"https:\/\/alcala.salesianos.edu\/colegio\/#website"},"primaryImageOfPage":{"@id":"https:\/\/alcala.salesianos.edu\/colegio\/blog\/2021\/03\/17\/participamos-en-las-evaluaciones-externas-de-bilinguismo-de-la-inspectoria\/#primaryimage"},"image":{"@id":"https:\/\/alcala.salesianos.edu\/colegio\/blog\/2021\/03\/17\/participamos-en-las-evaluaciones-externas-de-bilinguismo-de-la-inspectoria\/#primaryimage"},"thumbnailUrl":"https:\/\/alcala.salesianos.edu\/colegio\/wp-content\/uploads\/sites\/2\/2021\/03\/puerta-cole.png","datePublished":"2021-03-17T20:42:09+00:00","dateModified":"2025-08-27T07:50:13+00:00","author":{"@id":"https:\/\/alcala.salesianos.edu\/colegio\/#\/schema\/person\/afcc24f776dc91fc2bf9afb0998fca77"},"breadcrumb":{"@id":"https:\/\/alcala.salesianos.edu\/colegio\/blog\/2021\/03\/17\/participamos-en-las-evaluaciones-externas-de-bilinguismo-de-la-inspectoria\/#breadcrumb"},"inLanguage":"es","potentialAction":[{"@type":"ReadAction","target":["https:\/\/alcala.salesianos.edu\/colegio\/blog\/2021\/03\/17\/participamos-en-las-evaluaciones-externas-de-bilinguismo-de-la-inspectoria\/"]}]},{"@type":"ImageObject","inLanguage":"es","@id":"https:\/\/alcala.salesianos.edu\/colegio\/blog\/2021\/03\/17\/participamos-en-las-evaluaciones-externas-de-bilinguismo-de-la-inspectoria\/#primaryimage","url":"https:\/\/alcala.salesianos.edu\/colegio\/wp-content\/uploads\/sites\/2\/2021\/03\/puerta-cole.png","contentUrl":"https:\/\/alcala.salesianos.edu\/colegio\/wp-content\/uploads\/sites\/2\/2021\/03\/puerta-cole.png"},{"@type":"BreadcrumbList","@id":"https:\/\/alcala.salesianos.edu\/colegio\/blog\/2021\/03\/17\/participamos-en-las-evaluaciones-externas-de-bilinguismo-de-la-inspectoria\/#breadcrumb","itemListElement":[{"@type":"ListItem","position":1,"name":"Portada","item":"https:\/\/alcala.salesianos.edu\/colegio\/"},{"@type":"ListItem","position":2,"name":"Participamos en las evaluaciones externas de biling\u00fcismo de la Inspector\u00eda"}]},{"@type":"WebSite","@id":"https:\/\/alcala.salesianos.edu\/colegio\/#website","url":"https:\/\/alcala.salesianos.edu\/colegio\/","name":"Colegio Salesiano Alcal\u00e1","description":"P\u00e1gina oficial de Salesianos Alcal\u00e1 de Guadaira","potentialAction":[{"@type":"SearchAction","target":{"@type":"EntryPoint","urlTemplate":"https:\/\/alcala.salesianos.edu\/colegio\/?s={search_term_string}"},"query-input":{"@type":"PropertyValueSpecification","valueRequired":true,"valueName":"search_term_string"}}],"inLanguage":"es"},{"@type":"Person","@id":"https:\/\/alcala.salesianos.edu\/colegio\/#\/schema\/person\/afcc24f776dc91fc2bf9afb0998fca77","name":"Administrador Web","image":{"@type":"ImageObject","inLanguage":"es","@id":"https:\/\/secure.gravatar.com\/avatar\/bc157e994689bd6da9645c00aa3bc4d55b727915b6652642660db0aef086585f?s=96&d=mm&r=g","url":"https:\/\/secure.gravatar.com\/avatar\/bc157e994689bd6da9645c00aa3bc4d55b727915b6652642660db0aef086585f?s=96&d=mm&r=g","contentUrl":"https:\/\/secure.gravatar.com\/avatar\/bc157e994689bd6da9645c00aa3bc4d55b727915b6652642660db0aef086585f?s=96&d=mm&r=g","caption":"Administrador Web"}}]}},"_links":{"self":[{"href":"https:\/\/alcala.salesianos.edu\/colegio\/wp-json\/wp\/v2\/posts\/13891","targetHints":{"allow":["GET"]}}],"collection":[{"href":"https:\/\/alcala.salesianos.edu\/colegio\/wp-json\/wp\/v2\/posts"}],"about":[{"href":"https:\/\/alcala.salesianos.edu\/colegio\/wp-json\/wp\/v2\/types\/post"}],"author":[{"embeddable":true,"href":"https:\/\/alcala.salesianos.edu\/colegio\/wp-json\/wp\/v2\/users\/2"}],"replies":[{"embeddable":true,"href":"https:\/\/alcala.salesianos.edu\/colegio\/wp-json\/wp\/v2\/comments?post=13891"}],"version-history":[{"count":1,"href":"https:\/\/alcala.salesianos.edu\/colegio\/wp-json\/wp\/v2\/posts\/13891\/revisions"}],"predecessor-version":[{"id":16708,"href":"https:\/\/alcala.salesianos.edu\/colegio\/wp-json\/wp\/v2\/posts\/13891\/revisions\/16708"}],"wp:featuredmedia":[{"embeddable":true,"href":"https:\/\/alcala.salesianos.edu\/colegio\/wp-json\/wp\/v2\/media\/13892"}],"wp:attachment":[{"href":"https:\/\/alcala.salesianos.edu\/colegio\/wp-json\/wp\/v2\/media?parent=13891"}],"wp:term":[{"taxonomy":"category","embeddable":true,"href":"https:\/\/alcala.salesianos.edu\/colegio\/wp-json\/wp\/v2\/categories?post=13891"},{"taxonomy":"post_tag","embeddable":true,"href":"https:\/\/alcala.salesianos.edu\/colegio\/wp-json\/wp\/v2\/tags?post=13891"}],"curies":[{"name":"wp","href":"https:\/\/api.w.org\/{rel}","templated":true}]}}