{"id":13874,"date":"2021-03-16T07:12:47","date_gmt":"2021-03-16T06:12:47","guid":{"rendered":"https:\/\/alcala.salesianos.edu\/colegio\/blog\/2021\/03\/16\/premio-provincial-del-37-concurso-escolar-once-2\/"},"modified":"2025-08-27T08:50:14","modified_gmt":"2025-08-27T07:50:14","slug":"premio-provincial-del-37-concurso-escolar-once-2","status":"publish","type":"post","link":"https:\/\/alcala.salesianos.edu\/colegio\/blog\/2021\/03\/16\/premio-provincial-del-37-concurso-escolar-once-2\/","title":{"rendered":"Premio Provincial del 37 Concurso Escolar ONCE"},"content":{"rendered":"<div id=\"fb-root\"><\/div>\n<p>[et_pb_section fb_built=\u00bb1&#8243; _builder_version=\u00bb4.5.8&#8243; _module_preset=\u00bbdefault\u00bb][et_pb_row _builder_version=\u00bb4.5.8&#8243; _module_preset=\u00bbdefault\u00bb][et_pb_column type=\u00bb4_4&#8243; _builder_version=\u00bb4.5.8&#8243; _module_preset=\u00bbdefault\u00bb][et_pb_text _builder_version=\u00bb4.5.8&#8243; _module_preset=\u00bbdefault\u00bb]<\/p>\n<p>Un grupo de alumnos del colegio Nuestra Se\u00f1ora del \u00c1guila desde la asignatura de TIC han participado en el 37 concurso escolar del grupo social ONCE, siendo seleccionados como ganadores provinciales en la categor\u00eda C: ESO y FP B\u00e1sica.\u00a0<\/p>\n<p>En esta edici\u00f3n han participado 8.455 escolares de 79 centros educativos de Sevilla, bajo la coordinaci\u00f3n de 96 profesionales de la educaci\u00f3n. Sevilla encabeza as\u00ed el nivel de participaci\u00f3n provincial en este Concurso, que es el de mayor movilizaci\u00f3n de la comunidad educativa. En Andaluc\u00eda han sido en total 35.653 los estudiantes que han trabajado por el uso responsable de las nuevas tecnolog\u00edas de 359 centros educativos que han contado con el apoyo de 467 profesores.<\/p>\n<p>Bajo el original lema \u2018Conexi\u00d3N, AdicciOFF. Esto no es un juego\u2019, la iniciativa ha consistido en crear una campa\u00f1a publicitaria de sensibilizaci\u00f3n con un mensaje capaz de inspirar a toda la sociedad.\u00a0 Para ello el concurso ha puesto a disposici\u00f3n de los participantes diversas herramientas para debatir y trabajar sobre el buen uso de las nuevas tecnolog\u00edas. Realizando propuestas para mejorar sus aptitudes sociales y conseguir un entorno adaptado a todas las personas.<\/p>\n<p>Los estudiantes de Secundaria (categor\u00eda C) han tenido que dise\u00f1ar un cartel publicitario que capte la atenci\u00f3n y transmita un mensaje que fomente el uso responsable de la tecnolog\u00eda, evitando el abuso de la misma. Ha incluido un eslogan y una audiodescripci\u00f3n del trabajo.<\/p>\n<p>Este grupo de alumnos de alumnos del colegio salesiano Nuestra Se\u00f1ora del \u00c1guila han dise\u00f1ado un cartel bajo el lema \u2018Encuentra el equilibrio\u2019 con el que han querido fomentar el uso responsable de las tecnolog\u00edas. En la imagen central. Una persona enredada con el cargador de un dispositivo electr\u00f3nico. Queriendo representar la gran cantidad de j\u00f3venes que se encuentran atrapados en las redes sociales, videojuegos y nuevas tecnolog\u00edas en general.<\/p>\n<p>A su izquierda, varias im\u00e1genes en blanco y negro, donde aparecen personas atrapadas por estas tecnolog\u00edas. Personas que se pierden el maravilloso mundo que les rodea, que no disfrutan de las oportunidades que le aportan estas tecnolog\u00edas, ya que se han quedado atrapados por ellas. Los rect\u00e1ngulos en gris quieren representar las otras muchas situaciones en las que nos dejamos enredar por los dispositivos electr\u00f3nicos.<\/p>\n<p>En contraposici\u00f3n, en color, aparecen j\u00f3venes disfrutando de las tecnolog\u00edas y sabiendo aprovechar el tiempo, jugando de forma conjunta. Usando las nuevas tecnolog\u00edas para mejorar su aprendizaje o disfrutando de una conversaci\u00f3n sin una pantalla de por medio. El resto de los rect\u00e1ngulos de colores representan las muchas otras situaciones en las que se hace un buen uso de las nuevas tecnolog\u00edas. En su eslogan \u2018noteenRedes\u2019 juegan adem\u00e1s con las palabras teen, de teenager, y redes, donde muchos pierden largas horas del d\u00eda y quedan enredados. De ah\u00ed su lema \u2018Encuentra el equilibrio\u2019.<\/p>\n<p>[\/et_pb_text][\/et_pb_column][\/et_pb_row][et_pb_row _builder_version=\u00bb4.5.8&#8243; _module_preset=\u00bbdefault\u00bb][et_pb_column _builder_version=\u00bb4.5.8&#8243; _module_preset=\u00bbdefault\u00bb type=\u00bb4_4&#8243;][et_pb_slider _builder_version=\u00bb4.5.8&#8243; _module_preset=\u00bbdefault\u00bb hover_enabled=\u00bb0&#8243;][et_pb_slide _builder_version=\u00bb4.5.8&#8243; _module_preset=\u00bbdefault\u00bb background_enable_color=\u00bboff\u00bb title_text=\u00bb159849351_5289384837800229_485119554552012322_o\u00bb background_image=\u00bbhttps:\/\/alcala.salesianos.edu\/wp-content\/uploads\/2021\/03\/159849351_5289384837800229_485119554552012322_o.jpg\u00bb background_enable_image=\u00bbon\u00bb hover_enabled=\u00bb0&#8243;]<\/p>\n<p>&nbsp;<\/p>\n<p>&nbsp;<\/p>\n<p>&nbsp;<\/p>\n<p>&nbsp;<\/p>\n<p>&nbsp;<\/p>\n<p>&nbsp;<\/p>\n<p>&nbsp;<\/p>\n<p>&nbsp;<\/p>\n<p>&nbsp;<\/p>\n<p>&nbsp;<\/p>\n<p>&nbsp;<\/p>\n<p>&nbsp;<\/p>\n<p>[\/et_pb_slide][et_pb_slide _builder_version=\u00bb4.5.8&#8243; _module_preset=\u00bbdefault\u00bb title_text=\u00bb158947995_5277026495702730_1249444555911236278_o\u00bb background_image=\u00bbhttps:\/\/alcala.salesianos.edu\/wp-content\/uploads\/2021\/03\/158947995_5277026495702730_1249444555911236278_o.jpg\u00bb background_enable_image=\u00bbon\u00bb hover_enabled=\u00bb0&#8243;]<\/p>\n<p>&nbsp;<\/p>\n<p>&nbsp;<\/p>\n<p>&nbsp;<\/p>\n<p>&nbsp;<\/p>\n<p>&nbsp;<\/p>\n<p>&nbsp;<\/p>\n<p>&nbsp;<\/p>\n<p>&nbsp;<\/p>\n<p>[\/et_pb_slide][\/et_pb_slider][\/et_pb_column][\/et_pb_row][\/et_pb_section]<\/p>\n","protected":false},"excerpt":{"rendered":"<p>Un grupo de alumnos del colegio Nuestra Se\u00f1ora del \u00c1guila desde la asignatura de TIC han participado en el 37 concurso escolar del grupo social ONCE.<\/p>\n","protected":false},"author":2,"featured_media":0,"comment_status":"closed","ping_status":"open","sticky":false,"template":"","format":"standard","meta":{"_et_pb_use_builder":"on","_et_pb_old_content":"","_et_gb_content_width":"","footnotes":""},"categories":[12,23,13,15,16,1],"tags":[],"class_list":["post-13874","post","type-post","status-publish","format-standard","hentry","category-colegio","category-covid","category-fasa","category-portada","category-secundaria","category-uncategorized"],"yoast_head":"<!-- This site is optimized with the Yoast SEO plugin v28.4 - https:\/\/yoast.com\/product\/yoast-seo-wordpress\/ -->\n<title>Premio Provincial del 37 Concurso Escolar ONCE - Colegio Salesiano Alcal\u00e1<\/title>\n<meta name=\"robots\" content=\"index, follow, max-snippet:-1, max-image-preview:large, max-video-preview:-1\" \/>\n<link rel=\"canonical\" href=\"https:\/\/alcala.salesianos.edu\/colegio\/blog\/2021\/03\/16\/premio-provincial-del-37-concurso-escolar-once-2\/\" \/>\n<meta property=\"og:locale\" content=\"es_ES\" \/>\n<meta property=\"og:type\" content=\"article\" \/>\n<meta property=\"og:title\" content=\"Premio Provincial del 37 Concurso Escolar ONCE - Colegio Salesiano Alcal\u00e1\" \/>\n<meta property=\"og:description\" content=\"Un grupo de alumnos del colegio Nuestra Se\u00f1ora del \u00c1guila desde la asignatura de TIC han participado en el 37 concurso escolar del grupo social ONCE.\" \/>\n<meta property=\"og:url\" content=\"https:\/\/alcala.salesianos.edu\/colegio\/blog\/2021\/03\/16\/premio-provincial-del-37-concurso-escolar-once-2\/\" \/>\n<meta property=\"og:site_name\" content=\"Colegio Salesiano Alcal\u00e1\" \/>\n<meta property=\"article:published_time\" content=\"2021-03-16T06:12:47+00:00\" \/>\n<meta property=\"article:modified_time\" content=\"2025-08-27T07:50:14+00:00\" \/>\n<meta name=\"author\" content=\"Administrador Web\" \/>\n<meta name=\"twitter:card\" content=\"summary_large_image\" \/>\n<meta name=\"twitter:label1\" content=\"Escrito por\" \/>\n\t<meta name=\"twitter:data1\" content=\"Administrador Web\" \/>\n\t<meta name=\"twitter:label2\" content=\"Tiempo de lectura\" \/>\n\t<meta name=\"twitter:data2\" content=\"3 minutos\" \/>\n<script type=\"application\/ld+json\" class=\"yoast-schema-graph\">{\"@context\":\"https:\\\/\\\/schema.org\",\"@graph\":[{\"@type\":\"Article\",\"@id\":\"https:\\\/\\\/alcala.salesianos.edu\\\/colegio\\\/blog\\\/2021\\\/03\\\/16\\\/premio-provincial-del-37-concurso-escolar-once-2\\\/#article\",\"isPartOf\":{\"@id\":\"https:\\\/\\\/alcala.salesianos.edu\\\/colegio\\\/blog\\\/2021\\\/03\\\/16\\\/premio-provincial-del-37-concurso-escolar-once-2\\\/\"},\"author\":{\"name\":\"Administrador Web\",\"@id\":\"https:\\\/\\\/alcala.salesianos.edu\\\/colegio\\\/#\\\/schema\\\/person\\\/afcc24f776dc91fc2bf9afb0998fca77\"},\"headline\":\"Premio Provincial del 37 Concurso Escolar ONCE\",\"datePublished\":\"2021-03-16T06:12:47+00:00\",\"dateModified\":\"2025-08-27T07:50:14+00:00\",\"mainEntityOfPage\":{\"@id\":\"https:\\\/\\\/alcala.salesianos.edu\\\/colegio\\\/blog\\\/2021\\\/03\\\/16\\\/premio-provincial-del-37-concurso-escolar-once-2\\\/\"},\"wordCount\":666,\"articleSection\":[\"Colegio\",\"covid\",\"FASA\",\"Portada\",\"Secundaria\",\"Uncategorized\"],\"inLanguage\":\"es\"},{\"@type\":\"WebPage\",\"@id\":\"https:\\\/\\\/alcala.salesianos.edu\\\/colegio\\\/blog\\\/2021\\\/03\\\/16\\\/premio-provincial-del-37-concurso-escolar-once-2\\\/\",\"url\":\"https:\\\/\\\/alcala.salesianos.edu\\\/colegio\\\/blog\\\/2021\\\/03\\\/16\\\/premio-provincial-del-37-concurso-escolar-once-2\\\/\",\"name\":\"Premio Provincial del 37 Concurso Escolar ONCE - Colegio Salesiano Alcal\u00e1\",\"isPartOf\":{\"@id\":\"https:\\\/\\\/alcala.salesianos.edu\\\/colegio\\\/#website\"},\"datePublished\":\"2021-03-16T06:12:47+00:00\",\"dateModified\":\"2025-08-27T07:50:14+00:00\",\"author\":{\"@id\":\"https:\\\/\\\/alcala.salesianos.edu\\\/colegio\\\/#\\\/schema\\\/person\\\/afcc24f776dc91fc2bf9afb0998fca77\"},\"breadcrumb\":{\"@id\":\"https:\\\/\\\/alcala.salesianos.edu\\\/colegio\\\/blog\\\/2021\\\/03\\\/16\\\/premio-provincial-del-37-concurso-escolar-once-2\\\/#breadcrumb\"},\"inLanguage\":\"es\",\"potentialAction\":[{\"@type\":\"ReadAction\",\"target\":[\"https:\\\/\\\/alcala.salesianos.edu\\\/colegio\\\/blog\\\/2021\\\/03\\\/16\\\/premio-provincial-del-37-concurso-escolar-once-2\\\/\"]}]},{\"@type\":\"BreadcrumbList\",\"@id\":\"https:\\\/\\\/alcala.salesianos.edu\\\/colegio\\\/blog\\\/2021\\\/03\\\/16\\\/premio-provincial-del-37-concurso-escolar-once-2\\\/#breadcrumb\",\"itemListElement\":[{\"@type\":\"ListItem\",\"position\":1,\"name\":\"Portada\",\"item\":\"https:\\\/\\\/alcala.salesianos.edu\\\/colegio\\\/\"},{\"@type\":\"ListItem\",\"position\":2,\"name\":\"Premio Provincial del 37 Concurso Escolar ONCE\"}]},{\"@type\":\"WebSite\",\"@id\":\"https:\\\/\\\/alcala.salesianos.edu\\\/colegio\\\/#website\",\"url\":\"https:\\\/\\\/alcala.salesianos.edu\\\/colegio\\\/\",\"name\":\"Colegio Salesiano Alcal\u00e1\",\"description\":\"P\u00e1gina oficial de Salesianos Alcal\u00e1 de Guadaira\",\"potentialAction\":[{\"@type\":\"SearchAction\",\"target\":{\"@type\":\"EntryPoint\",\"urlTemplate\":\"https:\\\/\\\/alcala.salesianos.edu\\\/colegio\\\/?s={search_term_string}\"},\"query-input\":{\"@type\":\"PropertyValueSpecification\",\"valueRequired\":true,\"valueName\":\"search_term_string\"}}],\"inLanguage\":\"es\"},{\"@type\":\"Person\",\"@id\":\"https:\\\/\\\/alcala.salesianos.edu\\\/colegio\\\/#\\\/schema\\\/person\\\/afcc24f776dc91fc2bf9afb0998fca77\",\"name\":\"Administrador Web\",\"image\":{\"@type\":\"ImageObject\",\"inLanguage\":\"es\",\"@id\":\"https:\\\/\\\/secure.gravatar.com\\\/avatar\\\/bc157e994689bd6da9645c00aa3bc4d55b727915b6652642660db0aef086585f?s=96&d=mm&r=g\",\"url\":\"https:\\\/\\\/secure.gravatar.com\\\/avatar\\\/bc157e994689bd6da9645c00aa3bc4d55b727915b6652642660db0aef086585f?s=96&d=mm&r=g\",\"contentUrl\":\"https:\\\/\\\/secure.gravatar.com\\\/avatar\\\/bc157e994689bd6da9645c00aa3bc4d55b727915b6652642660db0aef086585f?s=96&d=mm&r=g\",\"caption\":\"Administrador Web\"}}]}<\/script>\n<!-- \/ Yoast SEO plugin. -->","yoast_head_json":{"title":"Premio Provincial del 37 Concurso Escolar ONCE - Colegio Salesiano Alcal\u00e1","robots":{"index":"index","follow":"follow","max-snippet":"max-snippet:-1","max-image-preview":"max-image-preview:large","max-video-preview":"max-video-preview:-1"},"canonical":"https:\/\/alcala.salesianos.edu\/colegio\/blog\/2021\/03\/16\/premio-provincial-del-37-concurso-escolar-once-2\/","og_locale":"es_ES","og_type":"article","og_title":"Premio Provincial del 37 Concurso Escolar ONCE - Colegio Salesiano Alcal\u00e1","og_description":"Un grupo de alumnos del colegio Nuestra Se\u00f1ora del \u00c1guila desde la asignatura de TIC han participado en el 37 concurso escolar del grupo social ONCE.","og_url":"https:\/\/alcala.salesianos.edu\/colegio\/blog\/2021\/03\/16\/premio-provincial-del-37-concurso-escolar-once-2\/","og_site_name":"Colegio Salesiano Alcal\u00e1","article_published_time":"2021-03-16T06:12:47+00:00","article_modified_time":"2025-08-27T07:50:14+00:00","author":"Administrador Web","twitter_card":"summary_large_image","twitter_misc":{"Escrito por":"Administrador Web","Tiempo de lectura":"3 minutos"},"schema":{"@context":"https:\/\/schema.org","@graph":[{"@type":"Article","@id":"https:\/\/alcala.salesianos.edu\/colegio\/blog\/2021\/03\/16\/premio-provincial-del-37-concurso-escolar-once-2\/#article","isPartOf":{"@id":"https:\/\/alcala.salesianos.edu\/colegio\/blog\/2021\/03\/16\/premio-provincial-del-37-concurso-escolar-once-2\/"},"author":{"name":"Administrador Web","@id":"https:\/\/alcala.salesianos.edu\/colegio\/#\/schema\/person\/afcc24f776dc91fc2bf9afb0998fca77"},"headline":"Premio Provincial del 37 Concurso Escolar ONCE","datePublished":"2021-03-16T06:12:47+00:00","dateModified":"2025-08-27T07:50:14+00:00","mainEntityOfPage":{"@id":"https:\/\/alcala.salesianos.edu\/colegio\/blog\/2021\/03\/16\/premio-provincial-del-37-concurso-escolar-once-2\/"},"wordCount":666,"articleSection":["Colegio","covid","FASA","Portada","Secundaria","Uncategorized"],"inLanguage":"es"},{"@type":"WebPage","@id":"https:\/\/alcala.salesianos.edu\/colegio\/blog\/2021\/03\/16\/premio-provincial-del-37-concurso-escolar-once-2\/","url":"https:\/\/alcala.salesianos.edu\/colegio\/blog\/2021\/03\/16\/premio-provincial-del-37-concurso-escolar-once-2\/","name":"Premio Provincial del 37 Concurso Escolar ONCE - Colegio Salesiano Alcal\u00e1","isPartOf":{"@id":"https:\/\/alcala.salesianos.edu\/colegio\/#website"},"datePublished":"2021-03-16T06:12:47+00:00","dateModified":"2025-08-27T07:50:14+00:00","author":{"@id":"https:\/\/alcala.salesianos.edu\/colegio\/#\/schema\/person\/afcc24f776dc91fc2bf9afb0998fca77"},"breadcrumb":{"@id":"https:\/\/alcala.salesianos.edu\/colegio\/blog\/2021\/03\/16\/premio-provincial-del-37-concurso-escolar-once-2\/#breadcrumb"},"inLanguage":"es","potentialAction":[{"@type":"ReadAction","target":["https:\/\/alcala.salesianos.edu\/colegio\/blog\/2021\/03\/16\/premio-provincial-del-37-concurso-escolar-once-2\/"]}]},{"@type":"BreadcrumbList","@id":"https:\/\/alcala.salesianos.edu\/colegio\/blog\/2021\/03\/16\/premio-provincial-del-37-concurso-escolar-once-2\/#breadcrumb","itemListElement":[{"@type":"ListItem","position":1,"name":"Portada","item":"https:\/\/alcala.salesianos.edu\/colegio\/"},{"@type":"ListItem","position":2,"name":"Premio Provincial del 37 Concurso Escolar ONCE"}]},{"@type":"WebSite","@id":"https:\/\/alcala.salesianos.edu\/colegio\/#website","url":"https:\/\/alcala.salesianos.edu\/colegio\/","name":"Colegio Salesiano Alcal\u00e1","description":"P\u00e1gina oficial de Salesianos Alcal\u00e1 de Guadaira","potentialAction":[{"@type":"SearchAction","target":{"@type":"EntryPoint","urlTemplate":"https:\/\/alcala.salesianos.edu\/colegio\/?s={search_term_string}"},"query-input":{"@type":"PropertyValueSpecification","valueRequired":true,"valueName":"search_term_string"}}],"inLanguage":"es"},{"@type":"Person","@id":"https:\/\/alcala.salesianos.edu\/colegio\/#\/schema\/person\/afcc24f776dc91fc2bf9afb0998fca77","name":"Administrador Web","image":{"@type":"ImageObject","inLanguage":"es","@id":"https:\/\/secure.gravatar.com\/avatar\/bc157e994689bd6da9645c00aa3bc4d55b727915b6652642660db0aef086585f?s=96&d=mm&r=g","url":"https:\/\/secure.gravatar.com\/avatar\/bc157e994689bd6da9645c00aa3bc4d55b727915b6652642660db0aef086585f?s=96&d=mm&r=g","contentUrl":"https:\/\/secure.gravatar.com\/avatar\/bc157e994689bd6da9645c00aa3bc4d55b727915b6652642660db0aef086585f?s=96&d=mm&r=g","caption":"Administrador Web"}}]}},"_links":{"self":[{"href":"https:\/\/alcala.salesianos.edu\/colegio\/wp-json\/wp\/v2\/posts\/13874","targetHints":{"allow":["GET"]}}],"collection":[{"href":"https:\/\/alcala.salesianos.edu\/colegio\/wp-json\/wp\/v2\/posts"}],"about":[{"href":"https:\/\/alcala.salesianos.edu\/colegio\/wp-json\/wp\/v2\/types\/post"}],"author":[{"embeddable":true,"href":"https:\/\/alcala.salesianos.edu\/colegio\/wp-json\/wp\/v2\/users\/2"}],"replies":[{"embeddable":true,"href":"https:\/\/alcala.salesianos.edu\/colegio\/wp-json\/wp\/v2\/comments?post=13874"}],"version-history":[{"count":1,"href":"https:\/\/alcala.salesianos.edu\/colegio\/wp-json\/wp\/v2\/posts\/13874\/revisions"}],"predecessor-version":[{"id":16709,"href":"https:\/\/alcala.salesianos.edu\/colegio\/wp-json\/wp\/v2\/posts\/13874\/revisions\/16709"}],"wp:attachment":[{"href":"https:\/\/alcala.salesianos.edu\/colegio\/wp-json\/wp\/v2\/media?parent=13874"}],"wp:term":[{"taxonomy":"category","embeddable":true,"href":"https:\/\/alcala.salesianos.edu\/colegio\/wp-json\/wp\/v2\/categories?post=13874"},{"taxonomy":"post_tag","embeddable":true,"href":"https:\/\/alcala.salesianos.edu\/colegio\/wp-json\/wp\/v2\/tags?post=13874"}],"curies":[{"name":"wp","href":"https:\/\/api.w.org\/{rel}","templated":true}]}}