{"id":13867,"date":"2021-03-11T12:17:47","date_gmt":"2021-03-11T11:17:47","guid":{"rendered":"https:\/\/alcala.salesianos.edu\/colegio\/blog\/2021\/03\/11\/conectate-y-veras-la-vocacion-como-entrega-generosa\/"},"modified":"2025-08-27T08:50:15","modified_gmt":"2025-08-27T07:50:15","slug":"conectate-y-veras-la-vocacion-como-entrega-generosa","status":"publish","type":"post","link":"https:\/\/alcala.salesianos.edu\/colegio\/blog\/2021\/03\/11\/conectate-y-veras-la-vocacion-como-entrega-generosa\/","title":{"rendered":"\u201cCon\u00e9ctate y ver\u00e1s\u201d: la vocaci\u00f3n como entrega generosa"},"content":{"rendered":"<div id=\"fb-root\"><\/div>\n\n[et_pb_section fb_built=\u00bb1&#8243; _builder_version=\u00bb4.5.8&#8243; _module_preset=\u00bbdefault\u00bb][et_pb_row _builder_version=\u00bb4.5.8&#8243; _module_preset=\u00bbdefault\u00bb][et_pb_column _builder_version=\u00bb4.5.8&#8243; _module_preset=\u00bbdefault\u00bb type=\u00bb4_4&#8243;][et_pb_text _builder_version=\u00bb4.5.8&#8243; _module_preset=\u00bbdefault\u00bb hover_enabled=\u00bb0&#8243;]<p>El pr\u00f3ximo 20 de marzo tendr\u00e1 lugar el segundo encuentro vocacional del curso organizado por la Delegaci\u00f3n de Pastoral Juvenil de la Inspector\u00eda Mar\u00eda Auxiliadora con el objetivo de descubrir la vocaci\u00f3n como llamada a vivir la vida en plenitud.<\/p>\n<p>El encuentro, con el mismo formato que el celebrado el pasado mes de diciembre, est\u00e1 dirigido a animadores de los Centros Juveniles, miembros del Movimiento Juvenil Salesiano y de la Familia Salesiana, profesorado joven, alumnado y destinatarios de Centros Juveniles a partir de 4\u00ba de la ESO.\u00a0 En esta ocasi\u00f3n se ofrecer\u00e1 un espacio de reflexi\u00f3n, oraci\u00f3n vocacional y de encuentro con el Se\u00f1or, adem\u00e1s de presentar la vocaci\u00f3n salesiana consagrada como opci\u00f3n de vida cristiana comprometida.<\/p>\n<p>Durante la jornada los participantes podr\u00e1n compartir las inquietudes vocacionales en diferentes momentos de trabajo por grupos e intercambio de experiencias en los talleres.<\/p>\n<div class=\"et_pb_module et_pb_text et_pb_text_5  et_pb_text_align_left et_pb_bg_layout_light\">\n<div class=\"et_pb_text_inner\">\n<div>\n<p>El\u00a0<strong>horario del encuentro es el siguiente:<img loading=\"lazy\" decoding=\"async\" class=\"wp-image-13868  alignright\" src=\"https:\/\/alcala.salesianos.edu\/colegio\/wp-content\/uploads\/sites\/2\/2021\/03\/Jornada-Vocacional-2021-scaled-1-212x300.jpg\" alt=\"\" width=\"338\" height=\"478\" \/><\/strong><\/p>\n<p>11,00 Oraci\u00f3n<br \/>11,15 Presentaci\u00f3n<br \/>11,30-12,30 TED talks: \u201cLa misi\u00f3n salesiana. Ambientes\u201d<br \/>13,00-14,00 Intercambio de inquietudes en grupo<\/p>\n<p>17,00-18,30 Preguntas en el CHAT. Testimonios<br \/>\u2013 Patio: Rub\u00e9n<br \/>\u2013 Escuela: Carles Rubio<br \/>\u2013 Parroquia: Santi Mu\u00f1oz<br \/>\u2013 Casa: Pepelu Aguirre<\/p>\n<\/div>\n<div>\n<p>22,00 Vigilia de oraci\u00f3n contemplativa. \u201cQuiero decirte que s\u00ed\u201d<br \/>22,40\u00a0Finalizaci\u00f3n con las buenas noches: Paco Pepe<\/p>\n<\/div>\n<\/div>\n<\/div>\n<div class=\"et_pb_module et_pb_text et_pb_text_6  et_pb_text_align_left et_pb_bg_layout_light\">\n<div class=\"et_pb_text_inner\">\n<blockquote>\n<p>\u00abEl pasado mes de enero realizamos un video con motivaci\u00f3n vocacional en el que reflejamos la realidad que estamos viviendo y el servicio de entrega generosa de muchos miembros de la familia salesiana vocacionados, especialmente resaltamos la entrega generosa de los salesianos consagrados\u00bb, comparte Francisco Jos\u00e9 P\u00e9rez Camacho, coordinaci\u00f3n inspectorial de Animaci\u00f3n Vocacional, sobre un material que pueda servir de invitaci\u00f3n a muchos j\u00f3venes a seguir sus pasos y dedicar por entero la vida a Dios y a los j\u00f3venes, siendo sus signos y portadores.<\/p>\n<\/blockquote>\n<div>\n<p>\u00abDesde la comisi\u00f3n inspectorial de animaci\u00f3n vocacional y desde la comunidad Bartolom\u00e9 Blanco reiteramos nuestra disponibilidad a apoyar a las casas y acompa\u00f1ar en la animaci\u00f3n vocacional local en todo lo que necesit\u00e9is\u00bb, a\u00f1ade el salesiano.<\/p>\n<p><a href=\"https:\/\/www.salesianos.edu\/conectate-y-veras-la-vocacion-como-entrega-generosa\/#\">Noticia de la web inspectorial<\/a><\/p>\n<\/div>\n<\/div>\n<\/div>\n[\/et_pb_text][et_pb_button _builder_version=\u00bb4.5.8&#8243; _module_preset=\u00bbdefault\u00bb button_text=\u00bbM\u00e1s informaci\u00f3n\u00bb button_url=\u00bbhttps:\/\/www.salesianos.edu\/pastoral-juvenil\/animacion-vocacional\/\u00bb button_alignment=\u00bbleft\u00bb custom_button=\u00bbon\u00bb button_text_color=\u00bb#ffffff\u00bb button_bg_color=\u00bb#dc001b\u00bb button_bg_enable_color=\u00bbon\u00bb hover_enabled=\u00bb0&#8243;][\/et_pb_button][et_pb_video _builder_version=\u00bb4.5.8&#8243; _module_preset=\u00bbdefault\u00bb src=\u00bbhttps:\/\/www.youtube.com\/watch?v=swVQmKK7CLY&#038;ab_channel=SalesianosSMX\u00bb hover_enabled=\u00bb0&#8243;][\/et_pb_video][\/et_pb_column][\/et_pb_row][\/et_pb_section]\n","protected":false},"excerpt":{"rendered":"<p>El 20 de marzo tendr\u00e1 lugar la segunda jornada vocacional en formato online con el objetivo de descubrir la vocaci\u00f3n como llamada a vivir la vida en plenitud.<\/p>\n","protected":false},"author":2,"featured_media":0,"comment_status":"closed","ping_status":"open","sticky":false,"template":"","format":"standard","meta":{"_et_pb_use_builder":"on","_et_pb_old_content":"","_et_gb_content_width":"","footnotes":""},"categories":[1],"tags":[],"class_list":["post-13867","post","type-post","status-publish","format-standard","hentry","category-uncategorized"],"yoast_head":"<!-- This site is optimized with the Yoast SEO plugin v28.4 - https:\/\/yoast.com\/product\/yoast-seo-wordpress\/ -->\n<title>\u201cCon\u00e9ctate y ver\u00e1s\u201d: la vocaci\u00f3n como entrega generosa - Colegio Salesiano Alcal\u00e1<\/title>\n<meta name=\"robots\" content=\"index, follow, max-snippet:-1, max-image-preview:large, max-video-preview:-1\" \/>\n<link rel=\"canonical\" href=\"https:\/\/alcala.salesianos.edu\/colegio\/blog\/2021\/03\/11\/conectate-y-veras-la-vocacion-como-entrega-generosa\/\" \/>\n<meta property=\"og:locale\" content=\"es_ES\" \/>\n<meta property=\"og:type\" content=\"article\" \/>\n<meta property=\"og:title\" content=\"\u201cCon\u00e9ctate y ver\u00e1s\u201d: la vocaci\u00f3n como entrega generosa - Colegio Salesiano Alcal\u00e1\" \/>\n<meta property=\"og:description\" content=\"El 20 de marzo tendr\u00e1 lugar la segunda jornada vocacional en formato online con el objetivo de descubrir la vocaci\u00f3n como llamada a vivir la vida en plenitud.\" \/>\n<meta property=\"og:url\" content=\"https:\/\/alcala.salesianos.edu\/colegio\/blog\/2021\/03\/11\/conectate-y-veras-la-vocacion-como-entrega-generosa\/\" \/>\n<meta property=\"og:site_name\" content=\"Colegio Salesiano Alcal\u00e1\" \/>\n<meta property=\"article:published_time\" content=\"2021-03-11T11:17:47+00:00\" \/>\n<meta property=\"article:modified_time\" content=\"2025-08-27T07:50:15+00:00\" \/>\n<meta name=\"author\" content=\"Administrador Web\" \/>\n<meta name=\"twitter:card\" content=\"summary_large_image\" \/>\n<meta name=\"twitter:label1\" content=\"Escrito por\" \/>\n\t<meta name=\"twitter:data1\" content=\"Administrador Web\" \/>\n\t<meta name=\"twitter:label2\" content=\"Tiempo de lectura\" \/>\n\t<meta name=\"twitter:data2\" content=\"2 minutos\" \/>\n<script type=\"application\/ld+json\" class=\"yoast-schema-graph\">{\"@context\":\"https:\\\/\\\/schema.org\",\"@graph\":[{\"@type\":\"Article\",\"@id\":\"https:\\\/\\\/alcala.salesianos.edu\\\/colegio\\\/blog\\\/2021\\\/03\\\/11\\\/conectate-y-veras-la-vocacion-como-entrega-generosa\\\/#article\",\"isPartOf\":{\"@id\":\"https:\\\/\\\/alcala.salesianos.edu\\\/colegio\\\/blog\\\/2021\\\/03\\\/11\\\/conectate-y-veras-la-vocacion-como-entrega-generosa\\\/\"},\"author\":{\"name\":\"Administrador Web\",\"@id\":\"https:\\\/\\\/alcala.salesianos.edu\\\/colegio\\\/#\\\/schema\\\/person\\\/afcc24f776dc91fc2bf9afb0998fca77\"},\"headline\":\"\u201cCon\u00e9ctate y ver\u00e1s\u201d: la vocaci\u00f3n como entrega generosa\",\"datePublished\":\"2021-03-11T11:17:47+00:00\",\"dateModified\":\"2025-08-27T07:50:15+00:00\",\"mainEntityOfPage\":{\"@id\":\"https:\\\/\\\/alcala.salesianos.edu\\\/colegio\\\/blog\\\/2021\\\/03\\\/11\\\/conectate-y-veras-la-vocacion-como-entrega-generosa\\\/\"},\"wordCount\":484,\"image\":{\"@id\":\"https:\\\/\\\/alcala.salesianos.edu\\\/colegio\\\/blog\\\/2021\\\/03\\\/11\\\/conectate-y-veras-la-vocacion-como-entrega-generosa\\\/#primaryimage\"},\"thumbnailUrl\":\"https:\\\/\\\/alcala.salesianos.edu\\\/colegio\\\/wp-content\\\/uploads\\\/sites\\\/2\\\/2021\\\/03\\\/Jornada-Vocacional-2021-scaled-1-212x300.jpg\",\"articleSection\":[\"Uncategorized\"],\"inLanguage\":\"es\"},{\"@type\":\"WebPage\",\"@id\":\"https:\\\/\\\/alcala.salesianos.edu\\\/colegio\\\/blog\\\/2021\\\/03\\\/11\\\/conectate-y-veras-la-vocacion-como-entrega-generosa\\\/\",\"url\":\"https:\\\/\\\/alcala.salesianos.edu\\\/colegio\\\/blog\\\/2021\\\/03\\\/11\\\/conectate-y-veras-la-vocacion-como-entrega-generosa\\\/\",\"name\":\"\u201cCon\u00e9ctate y ver\u00e1s\u201d: la vocaci\u00f3n como entrega generosa - Colegio Salesiano Alcal\u00e1\",\"isPartOf\":{\"@id\":\"https:\\\/\\\/alcala.salesianos.edu\\\/colegio\\\/#website\"},\"primaryImageOfPage\":{\"@id\":\"https:\\\/\\\/alcala.salesianos.edu\\\/colegio\\\/blog\\\/2021\\\/03\\\/11\\\/conectate-y-veras-la-vocacion-como-entrega-generosa\\\/#primaryimage\"},\"image\":{\"@id\":\"https:\\\/\\\/alcala.salesianos.edu\\\/colegio\\\/blog\\\/2021\\\/03\\\/11\\\/conectate-y-veras-la-vocacion-como-entrega-generosa\\\/#primaryimage\"},\"thumbnailUrl\":\"https:\\\/\\\/alcala.salesianos.edu\\\/colegio\\\/wp-content\\\/uploads\\\/sites\\\/2\\\/2021\\\/03\\\/Jornada-Vocacional-2021-scaled-1-212x300.jpg\",\"datePublished\":\"2021-03-11T11:17:47+00:00\",\"dateModified\":\"2025-08-27T07:50:15+00:00\",\"author\":{\"@id\":\"https:\\\/\\\/alcala.salesianos.edu\\\/colegio\\\/#\\\/schema\\\/person\\\/afcc24f776dc91fc2bf9afb0998fca77\"},\"breadcrumb\":{\"@id\":\"https:\\\/\\\/alcala.salesianos.edu\\\/colegio\\\/blog\\\/2021\\\/03\\\/11\\\/conectate-y-veras-la-vocacion-como-entrega-generosa\\\/#breadcrumb\"},\"inLanguage\":\"es\",\"potentialAction\":[{\"@type\":\"ReadAction\",\"target\":[\"https:\\\/\\\/alcala.salesianos.edu\\\/colegio\\\/blog\\\/2021\\\/03\\\/11\\\/conectate-y-veras-la-vocacion-como-entrega-generosa\\\/\"]}]},{\"@type\":\"ImageObject\",\"inLanguage\":\"es\",\"@id\":\"https:\\\/\\\/alcala.salesianos.edu\\\/colegio\\\/blog\\\/2021\\\/03\\\/11\\\/conectate-y-veras-la-vocacion-como-entrega-generosa\\\/#primaryimage\",\"url\":\"\",\"contentUrl\":\"\"},{\"@type\":\"BreadcrumbList\",\"@id\":\"https:\\\/\\\/alcala.salesianos.edu\\\/colegio\\\/blog\\\/2021\\\/03\\\/11\\\/conectate-y-veras-la-vocacion-como-entrega-generosa\\\/#breadcrumb\",\"itemListElement\":[{\"@type\":\"ListItem\",\"position\":1,\"name\":\"Portada\",\"item\":\"https:\\\/\\\/alcala.salesianos.edu\\\/colegio\\\/\"},{\"@type\":\"ListItem\",\"position\":2,\"name\":\"\u201cCon\u00e9ctate y ver\u00e1s\u201d: la vocaci\u00f3n como entrega generosa\"}]},{\"@type\":\"WebSite\",\"@id\":\"https:\\\/\\\/alcala.salesianos.edu\\\/colegio\\\/#website\",\"url\":\"https:\\\/\\\/alcala.salesianos.edu\\\/colegio\\\/\",\"name\":\"Colegio Salesiano Alcal\u00e1\",\"description\":\"P\u00e1gina oficial de Salesianos Alcal\u00e1 de Guadaira\",\"potentialAction\":[{\"@type\":\"SearchAction\",\"target\":{\"@type\":\"EntryPoint\",\"urlTemplate\":\"https:\\\/\\\/alcala.salesianos.edu\\\/colegio\\\/?s={search_term_string}\"},\"query-input\":{\"@type\":\"PropertyValueSpecification\",\"valueRequired\":true,\"valueName\":\"search_term_string\"}}],\"inLanguage\":\"es\"},{\"@type\":\"Person\",\"@id\":\"https:\\\/\\\/alcala.salesianos.edu\\\/colegio\\\/#\\\/schema\\\/person\\\/afcc24f776dc91fc2bf9afb0998fca77\",\"name\":\"Administrador Web\",\"image\":{\"@type\":\"ImageObject\",\"inLanguage\":\"es\",\"@id\":\"https:\\\/\\\/secure.gravatar.com\\\/avatar\\\/bc157e994689bd6da9645c00aa3bc4d55b727915b6652642660db0aef086585f?s=96&d=mm&r=g\",\"url\":\"https:\\\/\\\/secure.gravatar.com\\\/avatar\\\/bc157e994689bd6da9645c00aa3bc4d55b727915b6652642660db0aef086585f?s=96&d=mm&r=g\",\"contentUrl\":\"https:\\\/\\\/secure.gravatar.com\\\/avatar\\\/bc157e994689bd6da9645c00aa3bc4d55b727915b6652642660db0aef086585f?s=96&d=mm&r=g\",\"caption\":\"Administrador Web\"}}]}<\/script>\n<!-- \/ Yoast SEO plugin. -->","yoast_head_json":{"title":"\u201cCon\u00e9ctate y ver\u00e1s\u201d: la vocaci\u00f3n como entrega generosa - Colegio Salesiano Alcal\u00e1","robots":{"index":"index","follow":"follow","max-snippet":"max-snippet:-1","max-image-preview":"max-image-preview:large","max-video-preview":"max-video-preview:-1"},"canonical":"https:\/\/alcala.salesianos.edu\/colegio\/blog\/2021\/03\/11\/conectate-y-veras-la-vocacion-como-entrega-generosa\/","og_locale":"es_ES","og_type":"article","og_title":"\u201cCon\u00e9ctate y ver\u00e1s\u201d: la vocaci\u00f3n como entrega generosa - Colegio Salesiano Alcal\u00e1","og_description":"El 20 de marzo tendr\u00e1 lugar la segunda jornada vocacional en formato online con el objetivo de descubrir la vocaci\u00f3n como llamada a vivir la vida en plenitud.","og_url":"https:\/\/alcala.salesianos.edu\/colegio\/blog\/2021\/03\/11\/conectate-y-veras-la-vocacion-como-entrega-generosa\/","og_site_name":"Colegio Salesiano Alcal\u00e1","article_published_time":"2021-03-11T11:17:47+00:00","article_modified_time":"2025-08-27T07:50:15+00:00","author":"Administrador Web","twitter_card":"summary_large_image","twitter_misc":{"Escrito por":"Administrador Web","Tiempo de lectura":"2 minutos"},"schema":{"@context":"https:\/\/schema.org","@graph":[{"@type":"Article","@id":"https:\/\/alcala.salesianos.edu\/colegio\/blog\/2021\/03\/11\/conectate-y-veras-la-vocacion-como-entrega-generosa\/#article","isPartOf":{"@id":"https:\/\/alcala.salesianos.edu\/colegio\/blog\/2021\/03\/11\/conectate-y-veras-la-vocacion-como-entrega-generosa\/"},"author":{"name":"Administrador Web","@id":"https:\/\/alcala.salesianos.edu\/colegio\/#\/schema\/person\/afcc24f776dc91fc2bf9afb0998fca77"},"headline":"\u201cCon\u00e9ctate y ver\u00e1s\u201d: la vocaci\u00f3n como entrega generosa","datePublished":"2021-03-11T11:17:47+00:00","dateModified":"2025-08-27T07:50:15+00:00","mainEntityOfPage":{"@id":"https:\/\/alcala.salesianos.edu\/colegio\/blog\/2021\/03\/11\/conectate-y-veras-la-vocacion-como-entrega-generosa\/"},"wordCount":484,"image":{"@id":"https:\/\/alcala.salesianos.edu\/colegio\/blog\/2021\/03\/11\/conectate-y-veras-la-vocacion-como-entrega-generosa\/#primaryimage"},"thumbnailUrl":"https:\/\/alcala.salesianos.edu\/colegio\/wp-content\/uploads\/sites\/2\/2021\/03\/Jornada-Vocacional-2021-scaled-1-212x300.jpg","articleSection":["Uncategorized"],"inLanguage":"es"},{"@type":"WebPage","@id":"https:\/\/alcala.salesianos.edu\/colegio\/blog\/2021\/03\/11\/conectate-y-veras-la-vocacion-como-entrega-generosa\/","url":"https:\/\/alcala.salesianos.edu\/colegio\/blog\/2021\/03\/11\/conectate-y-veras-la-vocacion-como-entrega-generosa\/","name":"\u201cCon\u00e9ctate y ver\u00e1s\u201d: la vocaci\u00f3n como entrega generosa - Colegio Salesiano Alcal\u00e1","isPartOf":{"@id":"https:\/\/alcala.salesianos.edu\/colegio\/#website"},"primaryImageOfPage":{"@id":"https:\/\/alcala.salesianos.edu\/colegio\/blog\/2021\/03\/11\/conectate-y-veras-la-vocacion-como-entrega-generosa\/#primaryimage"},"image":{"@id":"https:\/\/alcala.salesianos.edu\/colegio\/blog\/2021\/03\/11\/conectate-y-veras-la-vocacion-como-entrega-generosa\/#primaryimage"},"thumbnailUrl":"https:\/\/alcala.salesianos.edu\/colegio\/wp-content\/uploads\/sites\/2\/2021\/03\/Jornada-Vocacional-2021-scaled-1-212x300.jpg","datePublished":"2021-03-11T11:17:47+00:00","dateModified":"2025-08-27T07:50:15+00:00","author":{"@id":"https:\/\/alcala.salesianos.edu\/colegio\/#\/schema\/person\/afcc24f776dc91fc2bf9afb0998fca77"},"breadcrumb":{"@id":"https:\/\/alcala.salesianos.edu\/colegio\/blog\/2021\/03\/11\/conectate-y-veras-la-vocacion-como-entrega-generosa\/#breadcrumb"},"inLanguage":"es","potentialAction":[{"@type":"ReadAction","target":["https:\/\/alcala.salesianos.edu\/colegio\/blog\/2021\/03\/11\/conectate-y-veras-la-vocacion-como-entrega-generosa\/"]}]},{"@type":"ImageObject","inLanguage":"es","@id":"https:\/\/alcala.salesianos.edu\/colegio\/blog\/2021\/03\/11\/conectate-y-veras-la-vocacion-como-entrega-generosa\/#primaryimage","url":"","contentUrl":""},{"@type":"BreadcrumbList","@id":"https:\/\/alcala.salesianos.edu\/colegio\/blog\/2021\/03\/11\/conectate-y-veras-la-vocacion-como-entrega-generosa\/#breadcrumb","itemListElement":[{"@type":"ListItem","position":1,"name":"Portada","item":"https:\/\/alcala.salesianos.edu\/colegio\/"},{"@type":"ListItem","position":2,"name":"\u201cCon\u00e9ctate y ver\u00e1s\u201d: la vocaci\u00f3n como entrega generosa"}]},{"@type":"WebSite","@id":"https:\/\/alcala.salesianos.edu\/colegio\/#website","url":"https:\/\/alcala.salesianos.edu\/colegio\/","name":"Colegio Salesiano Alcal\u00e1","description":"P\u00e1gina oficial de Salesianos Alcal\u00e1 de Guadaira","potentialAction":[{"@type":"SearchAction","target":{"@type":"EntryPoint","urlTemplate":"https:\/\/alcala.salesianos.edu\/colegio\/?s={search_term_string}"},"query-input":{"@type":"PropertyValueSpecification","valueRequired":true,"valueName":"search_term_string"}}],"inLanguage":"es"},{"@type":"Person","@id":"https:\/\/alcala.salesianos.edu\/colegio\/#\/schema\/person\/afcc24f776dc91fc2bf9afb0998fca77","name":"Administrador Web","image":{"@type":"ImageObject","inLanguage":"es","@id":"https:\/\/secure.gravatar.com\/avatar\/bc157e994689bd6da9645c00aa3bc4d55b727915b6652642660db0aef086585f?s=96&d=mm&r=g","url":"https:\/\/secure.gravatar.com\/avatar\/bc157e994689bd6da9645c00aa3bc4d55b727915b6652642660db0aef086585f?s=96&d=mm&r=g","contentUrl":"https:\/\/secure.gravatar.com\/avatar\/bc157e994689bd6da9645c00aa3bc4d55b727915b6652642660db0aef086585f?s=96&d=mm&r=g","caption":"Administrador Web"}}]}},"_links":{"self":[{"href":"https:\/\/alcala.salesianos.edu\/colegio\/wp-json\/wp\/v2\/posts\/13867","targetHints":{"allow":["GET"]}}],"collection":[{"href":"https:\/\/alcala.salesianos.edu\/colegio\/wp-json\/wp\/v2\/posts"}],"about":[{"href":"https:\/\/alcala.salesianos.edu\/colegio\/wp-json\/wp\/v2\/types\/post"}],"author":[{"embeddable":true,"href":"https:\/\/alcala.salesianos.edu\/colegio\/wp-json\/wp\/v2\/users\/2"}],"replies":[{"embeddable":true,"href":"https:\/\/alcala.salesianos.edu\/colegio\/wp-json\/wp\/v2\/comments?post=13867"}],"version-history":[{"count":2,"href":"https:\/\/alcala.salesianos.edu\/colegio\/wp-json\/wp\/v2\/posts\/13867\/revisions"}],"predecessor-version":[{"id":13871,"href":"https:\/\/alcala.salesianos.edu\/colegio\/wp-json\/wp\/v2\/posts\/13867\/revisions\/13871"}],"wp:attachment":[{"href":"https:\/\/alcala.salesianos.edu\/colegio\/wp-json\/wp\/v2\/media?parent=13867"}],"wp:term":[{"taxonomy":"category","embeddable":true,"href":"https:\/\/alcala.salesianos.edu\/colegio\/wp-json\/wp\/v2\/categories?post=13867"},{"taxonomy":"post_tag","embeddable":true,"href":"https:\/\/alcala.salesianos.edu\/colegio\/wp-json\/wp\/v2\/tags?post=13867"}],"curies":[{"name":"wp","href":"https:\/\/api.w.org\/{rel}","templated":true}]}}