{"id":13847,"date":"2021-03-02T09:12:11","date_gmt":"2021-03-02T08:12:11","guid":{"rendered":"https:\/\/alcala.salesianos.edu\/colegio\/blog\/2021\/03\/02\/la-comunicacion-salesiana-de-espana-es-un-referente-para-la-congregacion\/"},"modified":"2025-08-27T08:50:16","modified_gmt":"2025-08-27T07:50:16","slug":"la-comunicacion-salesiana-de-espana-es-un-referente-para-la-congregacion","status":"publish","type":"post","link":"https:\/\/alcala.salesianos.edu\/colegio\/blog\/2021\/03\/02\/la-comunicacion-salesiana-de-espana-es-un-referente-para-la-congregacion\/","title":{"rendered":"\u00abLa comunicaci\u00f3n salesiana de Espa\u00f1a es un referente para la Congregaci\u00f3n\u00bb"},"content":{"rendered":"<div id=\"fb-root\"><\/div>\n\n[et_pb_section fb_built=\u00bb1&#8243; _builder_version=\u00bb4.5.8&#8243; _module_preset=\u00bbdefault\u00bb][et_pb_row _builder_version=\u00bb4.5.8&#8243; _module_preset=\u00bbdefault\u00bb][et_pb_column type=\u00bb4_4&#8243; _builder_version=\u00bb4.5.8&#8243; _module_preset=\u00bbdefault\u00bb][et_pb_text _builder_version=\u00bb4.5.8&#8243; _module_preset=\u00bbdefault\u00bb]<p>La Delegaci\u00f3n Nacional de Comunicaci\u00f3n Social celebr\u00f3 la 7\u00aa Jornada Salesiana de Comunicaci\u00f3n durante la ma\u00f1ana del 24 de febrero bajo el t\u00edtulo\u00a0<a href=\"https:\/\/recursos.salesianos.info\/jornadadecomunicacion\/\"><strong>\u201cDel contenido a la comunicaci\u00f3n online\u201d<\/strong><\/a><\/p>\n<p>Esta edici\u00f3n, que se desarroll\u00f3 en formato on line,\u00a0<strong>reuni\u00f3 a m\u00e1s de 120 delegados y responsables de comunicaci\u00f3n de presencias y entidades salesianas<\/strong>\u00a0para profundizar sobre la importancia de compartir experiencias y caminar en el dise\u00f1o de proyectos para mejorar la comunicaci\u00f3n salesiana en el entorno digital.<\/p>\n<p>El momento central del encuentro gir\u00f3 en torno a la participaci\u00f3n especial de\u00a0<strong>Gild\u00e1sio Mendes, Consejero General salesiano para la Comunicaci\u00f3n<\/strong>, tras su reciente nombramiento, que conect\u00f3 desde Italia \u00abpara profundizar sobre la comunicaci\u00f3n como vocaci\u00f3n, mediaci\u00f3n humana y cultural en la sociedad de las redes sociales\u00bb.<\/p>\n<p><strong>Comunicar es el arte de hacer preguntas<\/strong><\/p>\n<p>\u00abEn nuestra mano est\u00e1 el educar en el arte de hacer preguntas\u00bb, compart\u00eda Gild\u00e1sio en la apertura de su intervenci\u00f3n para agradecer la asistencia de la centena de comunicadores y valorar el trabajo conjunto de las dos inspector\u00edas de Espa\u00f1a.\u00a0<strong>\u00abSois un referente para la Congregaci\u00f3n\u00bb<\/strong>, a\u00f1adi\u00f3 desgranando ingredientes como la profesionalidad, capacidad de innovaci\u00f3n, apuesta por las nuevas tecnolog\u00edas, el valor de la comunicaci\u00f3n carism\u00e1tica, la preocupaci\u00f3n por la identidad, el cuidado de la formaci\u00f3n, la reflexi\u00f3n y la visi\u00f3n colaborativa entre las casas. Tambi\u00e9n tuvo palabras para destacar la fecha escogida. \u00abEs significativo encontrarse un d\u00eda 24. Mar\u00eda fue la primera comunicadora\u00bb, explicaba mientras ense\u00f1aba desde\u00a0su ventana la\u00a0bas\u00edlica del Sacro Cuore de Roma.<\/p>\n<p>Posteriormente desarroll\u00f3 algunos desaf\u00edos y oportunidades a partir de un escenario socio econ\u00f3mico y cultural que cambia velozmente. \u00abVivimos en una sociedad de velocidad, fluida, del cambio y de las innovaciones. La comunicaci\u00f3n cambia la cultura y el modo en que las personas viven y se socializan. La comunicaci\u00f3n est\u00e1 intr\u00ednsecamente unida a la pol\u00edtica, a la econom\u00eda, a la educaci\u00f3n, a los intereses de las personas, grupos y empresas\u00bb, compart\u00eda.<\/p>\n<p><strong>\u00abA nivel de evangelizaci\u00f3n, el mundo digital y las redes sociales ofrecen un ambiente muy importante para la educaci\u00f3n salesiana\u00bb<\/strong>\u00a0afirmaba y lanzaba\u00a0para lanzar algunas preguntas desafiantes a los participantes: \u00bfC\u00f3mo concretar el di\u00e1logo con el Evangelio en el ambiente juvenil? \u00bfC\u00f3mo entender la antropolog\u00eda (lenguajes, ritos, s\u00edmbolos) y profundizar el di\u00e1logo y el acompa\u00f1amiento con los j\u00f3venes de hoy? \u00bfC\u00f3mo hacer pastoral a partir de la realidad antropol\u00f3gica y cultural hoy? \u00bfC\u00f3mo interpretar la realidad cultural juvenil desde una perspectiva salesiana?<\/p>\n<p><strong>Horizonte interpretativo para la comunicaci\u00f3n hoy<\/strong><\/p>\n<p>El Consejero General puso el acento sobre el modo de evangelizar desde la comunicaci\u00f3n atendiendo a la exigencia de un di\u00e1logo profundo entre el mensaje cristiano, la persona y su cultura. Explicaba que \u00abdebemos seguir la metodolog\u00eda de la inculturaci\u00f3n e inmersi\u00f3n, identificar los diversos tipos de persona, su cultura, su lenguaje, su modo de comunicar, sus intereses y su visi\u00f3n del mundo\u00bb.<\/p>\n<p>Para ello desarroll\u00f3\u00a0<strong>el horizonte interpretativo para la comunicaci\u00f3n hoy sustentado sobre seis pilares<\/strong>: La ra\u00edz central de la comunicaci\u00f3n se encuentra en Dios comunicador del amor. El segundo de ellos ser\u00eda Jes\u00fas, Verbo encarnado, la epifan\u00eda de la comunicaci\u00f3n. En tercer lugar, Dios entra en la historia, en el tiempo y en el espacio humano. La comunicaci\u00f3n virtual se desarrolla en el tiempo de Dios, en el espacio de Dios. Comunicaci\u00f3n y redenci\u00f3n. En cuarto lugar, el Verbo se ha hecho carne para que nosotros conozcamos el amor de Dios. La comunicaci\u00f3n es vivir el amor como vocaci\u00f3n y servicio. En quinto lugar, la presencia de la persona en el mundo comunicativo ecosist\u00e9mico es una continuidad de su vocaci\u00f3n natural a la comunicaci\u00f3n en todas las dimensiones. La persona es el centro de la comunicaci\u00f3n porque es protagonista y creadora de significado.<\/p>\n<p>Por \u00faltimo, en sexto lugar, Jes\u00fas revela el amor y la comunicaci\u00f3n del Padre. Don Bosco -como pastor de los j\u00f3venes- comunica el amor de Dios por los j\u00f3venes. Todo esta realidad se refleja en el\u00a0<strong>\u00absue\u00f1o de los 9 a\u00f1os\u00bb<\/strong>, como arquetipo de la espiritualidad comunicativa salesiana: im\u00e1genes, ritos, s\u00edmbolos, lenguaje, mensaje, procesos comunicativos, sonidos, inmersi\u00f3n, interactividad, ecosistema educativo.<\/p>\n<p><strong>La Comunicaci\u00f3n en la Propuesta Program\u00e1tica del Rector Mayor para el Sexenio<\/strong><\/p>\n<p>Tras el di\u00e1logo con los participantes, con especial atenci\u00f3n a los j\u00f3venes comunicadores asistentes al encuentro, cerr\u00f3 su intervenci\u00f3n presentando de primera mano la hoja de ruta de la Congregaci\u00f3n tras el CG28 y la Propuesta Program\u00e1tica del Rector Mayor para el Sexenio. \u201cMe permito recordar que la presencia hoy alcanza tambi\u00e9n al mundo digital, un nuevo y verdadero are\u00f3pago para nosotros, el h\u00e1bitat de los j\u00f3venes de hoy. Tambi\u00e9n aqu\u00ed debemos estar presentes, con una clara identidad salesiana, con el deseo de llevar el anuncio de la buena noticia, con la alegr\u00eda y la sencillez de los disc\u00edpulos del Se\u00f1or\u201d, explicaba sobre la solicitud del Rector Mayor, \u00c1ngel Fern\u00e1ndez Artime, al Dicasterio para ofrecer instrumentos y est\u00edmulos para inculturar la misi\u00f3n salesiana en el ambiente digital.<\/p>\n<p><strong>Una gran red de comunicaci\u00f3n<\/strong><\/p>\n<p>La jornada formativa finaliz\u00f3 con la reflexi\u00f3n y trabajo por grupos sobre cuatro \u00e1reas de acci\u00f3n que permitir\u00e1n evaluar c\u00f3mo se trabaja desde la comunicaci\u00f3n y marcar una estrategia com\u00fan. Los participantes, acompa\u00f1ados por el equipo t\u00e9cnico de la\u00a0Delegaci\u00f3n, analizaron pistas de trabajo con aplicaciones y herramientas, y concretaron un proyecto digital con el trabajo web, el podcast, el dise\u00f1o on line y la presencia en las nuevas redes sociales.<\/p>\n<p style=\"text-align: right;\">Carlos Mart\u00edn, delegado inspectorial de Comunicaci\u00f3n Social<\/p>[\/et_pb_text][\/et_pb_column][\/et_pb_row][\/et_pb_section]\n","protected":false},"excerpt":{"rendered":"<p>La Delegaci\u00f3n Nacional de Comunicaci\u00f3n Social celebr\u00f3 la 7\u00aa Jornada Salesiana de Comunicaci\u00f3n durante el 24 de febrero con el t\u00edtulo\u00a0\u201cDel contenido a la comunicaci\u00f3n online\u201d<\/p>\n","protected":false},"author":2,"featured_media":0,"comment_status":"closed","ping_status":"open","sticky":false,"template":"","format":"standard","meta":{"_et_pb_use_builder":"on","_et_pb_old_content":"","_et_gb_content_width":"","footnotes":""},"categories":[12,23,19,13,17,14,15,18,16,1],"tags":[],"class_list":["post-13847","post","type-post","status-publish","format-standard","hentry","category-colegio","category-covid","category-escuela-abierta","category-fasa","category-infantil","category-pastoral","category-portada","category-primaria","category-secundaria","category-uncategorized"],"yoast_head":"<!-- This site is optimized with the Yoast SEO plugin v28.4 - https:\/\/yoast.com\/product\/yoast-seo-wordpress\/ -->\n<title>\u00abLa comunicaci\u00f3n salesiana de Espa\u00f1a es un referente para la Congregaci\u00f3n\u00bb - Colegio Salesiano Alcal\u00e1<\/title>\n<meta name=\"robots\" content=\"index, follow, max-snippet:-1, max-image-preview:large, max-video-preview:-1\" \/>\n<link rel=\"canonical\" href=\"https:\/\/alcala.salesianos.edu\/colegio\/blog\/2021\/03\/02\/la-comunicacion-salesiana-de-espana-es-un-referente-para-la-congregacion\/\" \/>\n<meta property=\"og:locale\" content=\"es_ES\" \/>\n<meta property=\"og:type\" content=\"article\" \/>\n<meta property=\"og:title\" content=\"\u00abLa comunicaci\u00f3n salesiana de Espa\u00f1a es un referente para la Congregaci\u00f3n\u00bb - Colegio Salesiano Alcal\u00e1\" \/>\n<meta property=\"og:description\" content=\"La Delegaci\u00f3n Nacional de Comunicaci\u00f3n Social celebr\u00f3 la 7\u00aa Jornada Salesiana de Comunicaci\u00f3n durante el 24 de febrero con el t\u00edtulo\u00a0\u201cDel contenido a la comunicaci\u00f3n online\u201d\" \/>\n<meta property=\"og:url\" content=\"https:\/\/alcala.salesianos.edu\/colegio\/blog\/2021\/03\/02\/la-comunicacion-salesiana-de-espana-es-un-referente-para-la-congregacion\/\" \/>\n<meta property=\"og:site_name\" content=\"Colegio Salesiano Alcal\u00e1\" \/>\n<meta property=\"article:published_time\" content=\"2021-03-02T08:12:11+00:00\" \/>\n<meta property=\"article:modified_time\" content=\"2025-08-27T07:50:16+00:00\" \/>\n<meta name=\"author\" content=\"Administrador Web\" \/>\n<meta name=\"twitter:card\" content=\"summary_large_image\" \/>\n<meta name=\"twitter:label1\" content=\"Escrito por\" \/>\n\t<meta name=\"twitter:data1\" content=\"Administrador Web\" \/>\n\t<meta name=\"twitter:label2\" content=\"Tiempo de lectura\" \/>\n\t<meta name=\"twitter:data2\" content=\"5 minutos\" \/>\n<script type=\"application\/ld+json\" class=\"yoast-schema-graph\">{\"@context\":\"https:\\\/\\\/schema.org\",\"@graph\":[{\"@type\":\"Article\",\"@id\":\"https:\\\/\\\/alcala.salesianos.edu\\\/colegio\\\/blog\\\/2021\\\/03\\\/02\\\/la-comunicacion-salesiana-de-espana-es-un-referente-para-la-congregacion\\\/#article\",\"isPartOf\":{\"@id\":\"https:\\\/\\\/alcala.salesianos.edu\\\/colegio\\\/blog\\\/2021\\\/03\\\/02\\\/la-comunicacion-salesiana-de-espana-es-un-referente-para-la-congregacion\\\/\"},\"author\":{\"name\":\"Administrador Web\",\"@id\":\"https:\\\/\\\/alcala.salesianos.edu\\\/colegio\\\/#\\\/schema\\\/person\\\/afcc24f776dc91fc2bf9afb0998fca77\"},\"headline\":\"\u00abLa comunicaci\u00f3n salesiana de Espa\u00f1a es un referente para la Congregaci\u00f3n\u00bb\",\"datePublished\":\"2021-03-02T08:12:11+00:00\",\"dateModified\":\"2025-08-27T07:50:16+00:00\",\"mainEntityOfPage\":{\"@id\":\"https:\\\/\\\/alcala.salesianos.edu\\\/colegio\\\/blog\\\/2021\\\/03\\\/02\\\/la-comunicacion-salesiana-de-espana-es-un-referente-para-la-congregacion\\\/\"},\"wordCount\":1075,\"articleSection\":[\"Colegio\",\"covid\",\"Escuela abierta\",\"FASA\",\"Infantil\",\"Pastoral\",\"Portada\",\"Primaria\",\"Secundaria\",\"Uncategorized\"],\"inLanguage\":\"es\"},{\"@type\":\"WebPage\",\"@id\":\"https:\\\/\\\/alcala.salesianos.edu\\\/colegio\\\/blog\\\/2021\\\/03\\\/02\\\/la-comunicacion-salesiana-de-espana-es-un-referente-para-la-congregacion\\\/\",\"url\":\"https:\\\/\\\/alcala.salesianos.edu\\\/colegio\\\/blog\\\/2021\\\/03\\\/02\\\/la-comunicacion-salesiana-de-espana-es-un-referente-para-la-congregacion\\\/\",\"name\":\"\u00abLa comunicaci\u00f3n salesiana de Espa\u00f1a es un referente para la Congregaci\u00f3n\u00bb - Colegio Salesiano Alcal\u00e1\",\"isPartOf\":{\"@id\":\"https:\\\/\\\/alcala.salesianos.edu\\\/colegio\\\/#website\"},\"datePublished\":\"2021-03-02T08:12:11+00:00\",\"dateModified\":\"2025-08-27T07:50:16+00:00\",\"author\":{\"@id\":\"https:\\\/\\\/alcala.salesianos.edu\\\/colegio\\\/#\\\/schema\\\/person\\\/afcc24f776dc91fc2bf9afb0998fca77\"},\"breadcrumb\":{\"@id\":\"https:\\\/\\\/alcala.salesianos.edu\\\/colegio\\\/blog\\\/2021\\\/03\\\/02\\\/la-comunicacion-salesiana-de-espana-es-un-referente-para-la-congregacion\\\/#breadcrumb\"},\"inLanguage\":\"es\",\"potentialAction\":[{\"@type\":\"ReadAction\",\"target\":[\"https:\\\/\\\/alcala.salesianos.edu\\\/colegio\\\/blog\\\/2021\\\/03\\\/02\\\/la-comunicacion-salesiana-de-espana-es-un-referente-para-la-congregacion\\\/\"]}]},{\"@type\":\"BreadcrumbList\",\"@id\":\"https:\\\/\\\/alcala.salesianos.edu\\\/colegio\\\/blog\\\/2021\\\/03\\\/02\\\/la-comunicacion-salesiana-de-espana-es-un-referente-para-la-congregacion\\\/#breadcrumb\",\"itemListElement\":[{\"@type\":\"ListItem\",\"position\":1,\"name\":\"Portada\",\"item\":\"https:\\\/\\\/alcala.salesianos.edu\\\/colegio\\\/\"},{\"@type\":\"ListItem\",\"position\":2,\"name\":\"\u00abLa comunicaci\u00f3n salesiana de Espa\u00f1a es un referente para la Congregaci\u00f3n\u00bb\"}]},{\"@type\":\"WebSite\",\"@id\":\"https:\\\/\\\/alcala.salesianos.edu\\\/colegio\\\/#website\",\"url\":\"https:\\\/\\\/alcala.salesianos.edu\\\/colegio\\\/\",\"name\":\"Colegio Salesiano Alcal\u00e1\",\"description\":\"P\u00e1gina oficial de Salesianos Alcal\u00e1 de Guadaira\",\"potentialAction\":[{\"@type\":\"SearchAction\",\"target\":{\"@type\":\"EntryPoint\",\"urlTemplate\":\"https:\\\/\\\/alcala.salesianos.edu\\\/colegio\\\/?s={search_term_string}\"},\"query-input\":{\"@type\":\"PropertyValueSpecification\",\"valueRequired\":true,\"valueName\":\"search_term_string\"}}],\"inLanguage\":\"es\"},{\"@type\":\"Person\",\"@id\":\"https:\\\/\\\/alcala.salesianos.edu\\\/colegio\\\/#\\\/schema\\\/person\\\/afcc24f776dc91fc2bf9afb0998fca77\",\"name\":\"Administrador Web\",\"image\":{\"@type\":\"ImageObject\",\"inLanguage\":\"es\",\"@id\":\"https:\\\/\\\/secure.gravatar.com\\\/avatar\\\/bc157e994689bd6da9645c00aa3bc4d55b727915b6652642660db0aef086585f?s=96&d=mm&r=g\",\"url\":\"https:\\\/\\\/secure.gravatar.com\\\/avatar\\\/bc157e994689bd6da9645c00aa3bc4d55b727915b6652642660db0aef086585f?s=96&d=mm&r=g\",\"contentUrl\":\"https:\\\/\\\/secure.gravatar.com\\\/avatar\\\/bc157e994689bd6da9645c00aa3bc4d55b727915b6652642660db0aef086585f?s=96&d=mm&r=g\",\"caption\":\"Administrador Web\"}}]}<\/script>\n<!-- \/ Yoast SEO plugin. -->","yoast_head_json":{"title":"\u00abLa comunicaci\u00f3n salesiana de Espa\u00f1a es un referente para la Congregaci\u00f3n\u00bb - Colegio Salesiano Alcal\u00e1","robots":{"index":"index","follow":"follow","max-snippet":"max-snippet:-1","max-image-preview":"max-image-preview:large","max-video-preview":"max-video-preview:-1"},"canonical":"https:\/\/alcala.salesianos.edu\/colegio\/blog\/2021\/03\/02\/la-comunicacion-salesiana-de-espana-es-un-referente-para-la-congregacion\/","og_locale":"es_ES","og_type":"article","og_title":"\u00abLa comunicaci\u00f3n salesiana de Espa\u00f1a es un referente para la Congregaci\u00f3n\u00bb - Colegio Salesiano Alcal\u00e1","og_description":"La Delegaci\u00f3n Nacional de Comunicaci\u00f3n Social celebr\u00f3 la 7\u00aa Jornada Salesiana de Comunicaci\u00f3n durante el 24 de febrero con el t\u00edtulo\u00a0\u201cDel contenido a la comunicaci\u00f3n online\u201d","og_url":"https:\/\/alcala.salesianos.edu\/colegio\/blog\/2021\/03\/02\/la-comunicacion-salesiana-de-espana-es-un-referente-para-la-congregacion\/","og_site_name":"Colegio Salesiano Alcal\u00e1","article_published_time":"2021-03-02T08:12:11+00:00","article_modified_time":"2025-08-27T07:50:16+00:00","author":"Administrador Web","twitter_card":"summary_large_image","twitter_misc":{"Escrito por":"Administrador Web","Tiempo de lectura":"5 minutos"},"schema":{"@context":"https:\/\/schema.org","@graph":[{"@type":"Article","@id":"https:\/\/alcala.salesianos.edu\/colegio\/blog\/2021\/03\/02\/la-comunicacion-salesiana-de-espana-es-un-referente-para-la-congregacion\/#article","isPartOf":{"@id":"https:\/\/alcala.salesianos.edu\/colegio\/blog\/2021\/03\/02\/la-comunicacion-salesiana-de-espana-es-un-referente-para-la-congregacion\/"},"author":{"name":"Administrador Web","@id":"https:\/\/alcala.salesianos.edu\/colegio\/#\/schema\/person\/afcc24f776dc91fc2bf9afb0998fca77"},"headline":"\u00abLa comunicaci\u00f3n salesiana de Espa\u00f1a es un referente para la Congregaci\u00f3n\u00bb","datePublished":"2021-03-02T08:12:11+00:00","dateModified":"2025-08-27T07:50:16+00:00","mainEntityOfPage":{"@id":"https:\/\/alcala.salesianos.edu\/colegio\/blog\/2021\/03\/02\/la-comunicacion-salesiana-de-espana-es-un-referente-para-la-congregacion\/"},"wordCount":1075,"articleSection":["Colegio","covid","Escuela abierta","FASA","Infantil","Pastoral","Portada","Primaria","Secundaria","Uncategorized"],"inLanguage":"es"},{"@type":"WebPage","@id":"https:\/\/alcala.salesianos.edu\/colegio\/blog\/2021\/03\/02\/la-comunicacion-salesiana-de-espana-es-un-referente-para-la-congregacion\/","url":"https:\/\/alcala.salesianos.edu\/colegio\/blog\/2021\/03\/02\/la-comunicacion-salesiana-de-espana-es-un-referente-para-la-congregacion\/","name":"\u00abLa comunicaci\u00f3n salesiana de Espa\u00f1a es un referente para la Congregaci\u00f3n\u00bb - Colegio Salesiano Alcal\u00e1","isPartOf":{"@id":"https:\/\/alcala.salesianos.edu\/colegio\/#website"},"datePublished":"2021-03-02T08:12:11+00:00","dateModified":"2025-08-27T07:50:16+00:00","author":{"@id":"https:\/\/alcala.salesianos.edu\/colegio\/#\/schema\/person\/afcc24f776dc91fc2bf9afb0998fca77"},"breadcrumb":{"@id":"https:\/\/alcala.salesianos.edu\/colegio\/blog\/2021\/03\/02\/la-comunicacion-salesiana-de-espana-es-un-referente-para-la-congregacion\/#breadcrumb"},"inLanguage":"es","potentialAction":[{"@type":"ReadAction","target":["https:\/\/alcala.salesianos.edu\/colegio\/blog\/2021\/03\/02\/la-comunicacion-salesiana-de-espana-es-un-referente-para-la-congregacion\/"]}]},{"@type":"BreadcrumbList","@id":"https:\/\/alcala.salesianos.edu\/colegio\/blog\/2021\/03\/02\/la-comunicacion-salesiana-de-espana-es-un-referente-para-la-congregacion\/#breadcrumb","itemListElement":[{"@type":"ListItem","position":1,"name":"Portada","item":"https:\/\/alcala.salesianos.edu\/colegio\/"},{"@type":"ListItem","position":2,"name":"\u00abLa comunicaci\u00f3n salesiana de Espa\u00f1a es un referente para la Congregaci\u00f3n\u00bb"}]},{"@type":"WebSite","@id":"https:\/\/alcala.salesianos.edu\/colegio\/#website","url":"https:\/\/alcala.salesianos.edu\/colegio\/","name":"Colegio Salesiano Alcal\u00e1","description":"P\u00e1gina oficial de Salesianos Alcal\u00e1 de Guadaira","potentialAction":[{"@type":"SearchAction","target":{"@type":"EntryPoint","urlTemplate":"https:\/\/alcala.salesianos.edu\/colegio\/?s={search_term_string}"},"query-input":{"@type":"PropertyValueSpecification","valueRequired":true,"valueName":"search_term_string"}}],"inLanguage":"es"},{"@type":"Person","@id":"https:\/\/alcala.salesianos.edu\/colegio\/#\/schema\/person\/afcc24f776dc91fc2bf9afb0998fca77","name":"Administrador Web","image":{"@type":"ImageObject","inLanguage":"es","@id":"https:\/\/secure.gravatar.com\/avatar\/bc157e994689bd6da9645c00aa3bc4d55b727915b6652642660db0aef086585f?s=96&d=mm&r=g","url":"https:\/\/secure.gravatar.com\/avatar\/bc157e994689bd6da9645c00aa3bc4d55b727915b6652642660db0aef086585f?s=96&d=mm&r=g","contentUrl":"https:\/\/secure.gravatar.com\/avatar\/bc157e994689bd6da9645c00aa3bc4d55b727915b6652642660db0aef086585f?s=96&d=mm&r=g","caption":"Administrador Web"}}]}},"_links":{"self":[{"href":"https:\/\/alcala.salesianos.edu\/colegio\/wp-json\/wp\/v2\/posts\/13847","targetHints":{"allow":["GET"]}}],"collection":[{"href":"https:\/\/alcala.salesianos.edu\/colegio\/wp-json\/wp\/v2\/posts"}],"about":[{"href":"https:\/\/alcala.salesianos.edu\/colegio\/wp-json\/wp\/v2\/types\/post"}],"author":[{"embeddable":true,"href":"https:\/\/alcala.salesianos.edu\/colegio\/wp-json\/wp\/v2\/users\/2"}],"replies":[{"embeddable":true,"href":"https:\/\/alcala.salesianos.edu\/colegio\/wp-json\/wp\/v2\/comments?post=13847"}],"version-history":[{"count":1,"href":"https:\/\/alcala.salesianos.edu\/colegio\/wp-json\/wp\/v2\/posts\/13847\/revisions"}],"predecessor-version":[{"id":13849,"href":"https:\/\/alcala.salesianos.edu\/colegio\/wp-json\/wp\/v2\/posts\/13847\/revisions\/13849"}],"wp:attachment":[{"href":"https:\/\/alcala.salesianos.edu\/colegio\/wp-json\/wp\/v2\/media?parent=13847"}],"wp:term":[{"taxonomy":"category","embeddable":true,"href":"https:\/\/alcala.salesianos.edu\/colegio\/wp-json\/wp\/v2\/categories?post=13847"},{"taxonomy":"post_tag","embeddable":true,"href":"https:\/\/alcala.salesianos.edu\/colegio\/wp-json\/wp\/v2\/tags?post=13847"}],"curies":[{"name":"wp","href":"https:\/\/api.w.org\/{rel}","templated":true}]}}