{"id":13800,"date":"2021-02-18T08:42:48","date_gmt":"2021-02-18T07:42:48","guid":{"rendered":"https:\/\/alcala.salesianos.edu\/colegio\/blog\/2021\/02\/18\/comienza-la-cuaresma-en-nuestra-casa\/"},"modified":"2025-08-27T08:50:17","modified_gmt":"2025-08-27T07:50:17","slug":"comienza-la-cuaresma-en-nuestra-casa","status":"publish","type":"post","link":"https:\/\/alcala.salesianos.edu\/colegio\/blog\/2021\/02\/18\/comienza-la-cuaresma-en-nuestra-casa\/","title":{"rendered":"Comienza la cuaresma en nuestra Casa"},"content":{"rendered":"<div id=\"fb-root\"><\/div>\n<p>[et_pb_section fb_built=\u00bb1&#8243; _builder_version=\u00bb4.5.8&#8243; _module_preset=\u00bbdefault\u00bb][et_pb_row _builder_version=\u00bb4.5.8&#8243; _module_preset=\u00bbdefault\u00bb][et_pb_column _builder_version=\u00bb4.5.8&#8243; _module_preset=\u00bbdefault\u00bb type=\u00bb4_4&#8243;][et_pb_text _builder_version=\u00bb4.5.8&#8243; _module_preset=\u00bbdefault\u00bb hover_enabled=\u00bb0&#8243;]<\/p>\n<p>Comenzamos la cuaresma, un tiempo en el que los cristianos centramos nuestra atenci\u00f3n en la solidaridad, la austeridad y la oraci\u00f3n. Un itinerario que nos conducir\u00e1 a la Pascua del Se\u00f1or. En nuestra Casa durante la ma\u00f1ana y la tarde hemos podido celebrar la llegada de este nuevo tiempo lit\u00fargico de conversi\u00f3n.<\/p>\n<p>A nivel escolar los j\u00f3venes pudieron tener la celebraci\u00f3n de la imposici\u00f3n de las cenizas con todas las garant\u00edas sanitarias. Estas celebraciones se llevaron a cabo\u00a0 en las aulas ya que fueron transmitidas telem\u00e1ticamente.<\/p>\n<p>Durante la jornada el resto de la Familia Salesiana asistieron a las eucarist\u00edas de 11,00 h y 19,00 h y tras la segunda se realiz\u00f3 el V\u00eda Crucis de la Familia Salesiana ante el Se\u00f1or de la Oraci\u00f3n en el Huerto de la Hermandad de nuestra Casa.<\/p>\n<p>Os facilitamos el siguiente v\u00eddeo por si desean realizar este ejercicio piadoso de oraci\u00f3n durante la cuaresma.<\/p>\n<p>\u00a1Feliz cuaresma!<\/p>\n<p>[\/et_pb_text][et_pb_video _builder_version=\u00bb4.5.8&#8243; _module_preset=\u00bbdefault\u00bb src=\u00bbhttps:\/\/www.youtube.com\/watch?v=85-K3Wou24s&#038;feature=emb_title&#038;ab_channel=HermandaddelRosariodeAlcal%C3%A1deGuada%C3%ADra\u00bb hover_enabled=\u00bb0&#8243;][\/et_pb_video][et_pb_divider _builder_version=\u00bb4.5.8&#8243; _module_preset=\u00bbdefault\u00bb background_color=\u00bb#dc001b\u00bb hover_enabled=\u00bb0&#8243;][\/et_pb_divider][et_pb_text _builder_version=\u00bb4.5.8&#8243; _module_preset=\u00bbdefault\u00bb hover_enabled=\u00bb0&#8243;]<\/p>\n<div class=\"et_pb_module et_pb_text et_pb_text_0_tb_body  et_pb_text_align_left et_pb_bg_layout_light\">\n<h1 class=\"et_pb_text_inner\">Materiales para caminar por los senderos de la Cuaresma 2021<\/h1>\n<\/div>\n<p>[\/et_pb_text][et_pb_text _builder_version=\u00bb4.5.8&#8243; _module_preset=\u00bbdefault\u00bb hover_enabled=\u00bb0&#8243;]<\/p>\n<p>Bajo el nombre de\u00a0<strong>HUELLAS<\/strong>, la Inspector\u00eda Mar\u00eda Auxiliadora ofrece unos materiales que se renovar\u00e1n diariamente para facilitar momentos de reflexi\u00f3n y oraci\u00f3n durante cada una de las cuarenta jornadas cuaresmales.<\/p>\n<p>Estos materiales ofrecen\u00a0<strong>cuatro elementos diarios:<\/strong><\/p>\n<ul>\n<li>Un\u00a0<strong>p\u00f3ster<\/strong>\u00a0con una imagen sugerente y un breve t\u00edtulo que enuncia el tema del d\u00eda.<\/li>\n<li>Cada poster va acompa\u00f1ado de su correspondiente\u00a0<strong>ficha<\/strong>\u00a0Cada ficha presenta tres breves apartados:<\/li>\n<li><strong>Palabra de Dios:<\/strong>\u00a0un texto del evangelio acorde con el tema<\/li>\n<li><strong>Reflexi\u00f3n sobre un valor<\/strong>, con propuestas humanas y cristianas<\/li>\n<li><strong>Una oraci\u00f3n<\/strong><\/li>\n<\/ul>\n<p>Estos materiales creados por el salesiano de la comunidad de Burriana,\u00a0<strong>Jos\u00e9 J. G\u00f3mez Palacios<\/strong>, brindan a los educadores y catequistas la posibilidad de crear breves espacios de interiorizaci\u00f3n, a partir de los cuales vertebrar peque\u00f1os compromisos.<\/p>\n<p><strong>Hasta dar la vida. Itinerario cuaresmal para j\u00f3venes (y no tan j\u00f3venes)<\/strong><\/p>\n<p>Se trata de un itinerario para las cinco semanas de cuaresma con propuestas diarias para acoger la Palabra y confrontarla con tu vida. Alla\u0301, al fondo, se perfila la Pascua. Caminar con Jesu\u0301s es poner los pies alli\u0301 donde e\u0301l piso\u0301, hacer nuestro su mensaje, captar su mirada y abrir nuestras manos (acaso atravesadas en el madero) para dar vida a nuestro alrededor. Estas pa\u0301ginas creadas por el salesiano\u00a0<strong>Jos\u00e9 Miguel N\u00fa\u00f1ez<\/strong>, quieren ayudarte al encuentro con el Maestro para transformar el coraz\u00f3n y a responder a su propuesta liberadora. \u00a1Buena andadura!<\/p>\n<p>[\/et_pb_text][et_pb_button _builder_version=\u00bb4.5.8&#8243; _module_preset=\u00bbdefault\u00bb button_url=\u00bbhttps:\/\/drive.google.com\/drive\/folders\/1o4s5hOUmhmdwhjYYMg_C-vyTZhLiHbPs\u00bb url_new_window=\u00bbon\u00bb button_text=\u00bbDescargue los materiales de la cuaresma 2021&#8243; button_alignment=\u00bbcenter\u00bb background_layout=\u00bbdark\u00bb custom_button=\u00bbon\u00bb button_text_size=\u00bb26px\u00bb button_text_color=\u00bb#ffffff\u00bb button_bg_color=\u00bb#dc001b\u00bb button_bg_enable_color=\u00bbon\u00bb hover_enabled=\u00bb0&#8243;][\/et_pb_button][\/et_pb_column][\/et_pb_row][\/et_pb_section]<\/p>\n","protected":false},"excerpt":{"rendered":"<p>Comenzamos la cuaresma, un tiempo en el que los cristianos centramos nuestra atenci\u00f3n en la solidaridad, la austeridad y la oraci\u00f3n. Un itinerario que nos conducir\u00e1 a la Pascua del Se\u00f1or. <\/p>\n","protected":false},"author":2,"featured_media":0,"comment_status":"closed","ping_status":"open","sticky":false,"template":"","format":"standard","meta":{"_et_pb_use_builder":"on","_et_pb_old_content":"","_et_gb_content_width":"","footnotes":""},"categories":[12,23,19,13,17,14,15,18,16,1],"tags":[],"class_list":["post-13800","post","type-post","status-publish","format-standard","hentry","category-colegio","category-covid","category-escuela-abierta","category-fasa","category-infantil","category-pastoral","category-portada","category-primaria","category-secundaria","category-uncategorized"],"yoast_head":"<!-- This site is optimized with the Yoast SEO plugin v28.4 - https:\/\/yoast.com\/product\/yoast-seo-wordpress\/ -->\n<title>Comienza la cuaresma en nuestra Casa - Colegio Salesiano Alcal\u00e1<\/title>\n<meta name=\"robots\" content=\"index, follow, max-snippet:-1, max-image-preview:large, max-video-preview:-1\" \/>\n<link rel=\"canonical\" href=\"https:\/\/alcala.salesianos.edu\/colegio\/blog\/2021\/02\/18\/comienza-la-cuaresma-en-nuestra-casa\/\" \/>\n<meta property=\"og:locale\" content=\"es_ES\" \/>\n<meta property=\"og:type\" content=\"article\" \/>\n<meta property=\"og:title\" content=\"Comienza la cuaresma en nuestra Casa - Colegio Salesiano Alcal\u00e1\" \/>\n<meta property=\"og:description\" content=\"Comenzamos la cuaresma, un tiempo en el que los cristianos centramos nuestra atenci\u00f3n en la solidaridad, la austeridad y la oraci\u00f3n. Un itinerario que nos conducir\u00e1 a la Pascua del Se\u00f1or.\" \/>\n<meta property=\"og:url\" content=\"https:\/\/alcala.salesianos.edu\/colegio\/blog\/2021\/02\/18\/comienza-la-cuaresma-en-nuestra-casa\/\" \/>\n<meta property=\"og:site_name\" content=\"Colegio Salesiano Alcal\u00e1\" \/>\n<meta property=\"article:published_time\" content=\"2021-02-18T07:42:48+00:00\" \/>\n<meta property=\"article:modified_time\" content=\"2025-08-27T07:50:17+00:00\" \/>\n<meta name=\"author\" content=\"Administrador Web\" \/>\n<meta name=\"twitter:card\" content=\"summary_large_image\" \/>\n<meta name=\"twitter:label1\" content=\"Escrito por\" \/>\n\t<meta name=\"twitter:data1\" content=\"Administrador Web\" \/>\n\t<meta name=\"twitter:label2\" content=\"Tiempo de lectura\" \/>\n\t<meta name=\"twitter:data2\" content=\"3 minutos\" \/>\n<script type=\"application\/ld+json\" class=\"yoast-schema-graph\">{\"@context\":\"https:\\\/\\\/schema.org\",\"@graph\":[{\"@type\":\"Article\",\"@id\":\"https:\\\/\\\/alcala.salesianos.edu\\\/colegio\\\/blog\\\/2021\\\/02\\\/18\\\/comienza-la-cuaresma-en-nuestra-casa\\\/#article\",\"isPartOf\":{\"@id\":\"https:\\\/\\\/alcala.salesianos.edu\\\/colegio\\\/blog\\\/2021\\\/02\\\/18\\\/comienza-la-cuaresma-en-nuestra-casa\\\/\"},\"author\":{\"name\":\"Administrador Web\",\"@id\":\"https:\\\/\\\/alcala.salesianos.edu\\\/colegio\\\/#\\\/schema\\\/person\\\/afcc24f776dc91fc2bf9afb0998fca77\"},\"headline\":\"Comienza la cuaresma en nuestra Casa\",\"datePublished\":\"2021-02-18T07:42:48+00:00\",\"dateModified\":\"2025-08-27T07:50:17+00:00\",\"mainEntityOfPage\":{\"@id\":\"https:\\\/\\\/alcala.salesianos.edu\\\/colegio\\\/blog\\\/2021\\\/02\\\/18\\\/comienza-la-cuaresma-en-nuestra-casa\\\/\"},\"wordCount\":623,\"articleSection\":[\"Colegio\",\"covid\",\"Escuela abierta\",\"FASA\",\"Infantil\",\"Pastoral\",\"Portada\",\"Primaria\",\"Secundaria\",\"Uncategorized\"],\"inLanguage\":\"es\"},{\"@type\":\"WebPage\",\"@id\":\"https:\\\/\\\/alcala.salesianos.edu\\\/colegio\\\/blog\\\/2021\\\/02\\\/18\\\/comienza-la-cuaresma-en-nuestra-casa\\\/\",\"url\":\"https:\\\/\\\/alcala.salesianos.edu\\\/colegio\\\/blog\\\/2021\\\/02\\\/18\\\/comienza-la-cuaresma-en-nuestra-casa\\\/\",\"name\":\"Comienza la cuaresma en nuestra Casa - Colegio Salesiano Alcal\u00e1\",\"isPartOf\":{\"@id\":\"https:\\\/\\\/alcala.salesianos.edu\\\/colegio\\\/#website\"},\"datePublished\":\"2021-02-18T07:42:48+00:00\",\"dateModified\":\"2025-08-27T07:50:17+00:00\",\"author\":{\"@id\":\"https:\\\/\\\/alcala.salesianos.edu\\\/colegio\\\/#\\\/schema\\\/person\\\/afcc24f776dc91fc2bf9afb0998fca77\"},\"breadcrumb\":{\"@id\":\"https:\\\/\\\/alcala.salesianos.edu\\\/colegio\\\/blog\\\/2021\\\/02\\\/18\\\/comienza-la-cuaresma-en-nuestra-casa\\\/#breadcrumb\"},\"inLanguage\":\"es\",\"potentialAction\":[{\"@type\":\"ReadAction\",\"target\":[\"https:\\\/\\\/alcala.salesianos.edu\\\/colegio\\\/blog\\\/2021\\\/02\\\/18\\\/comienza-la-cuaresma-en-nuestra-casa\\\/\"]}]},{\"@type\":\"BreadcrumbList\",\"@id\":\"https:\\\/\\\/alcala.salesianos.edu\\\/colegio\\\/blog\\\/2021\\\/02\\\/18\\\/comienza-la-cuaresma-en-nuestra-casa\\\/#breadcrumb\",\"itemListElement\":[{\"@type\":\"ListItem\",\"position\":1,\"name\":\"Portada\",\"item\":\"https:\\\/\\\/alcala.salesianos.edu\\\/colegio\\\/\"},{\"@type\":\"ListItem\",\"position\":2,\"name\":\"Comienza la cuaresma en nuestra Casa\"}]},{\"@type\":\"WebSite\",\"@id\":\"https:\\\/\\\/alcala.salesianos.edu\\\/colegio\\\/#website\",\"url\":\"https:\\\/\\\/alcala.salesianos.edu\\\/colegio\\\/\",\"name\":\"Colegio Salesiano Alcal\u00e1\",\"description\":\"P\u00e1gina oficial de Salesianos Alcal\u00e1 de Guadaira\",\"potentialAction\":[{\"@type\":\"SearchAction\",\"target\":{\"@type\":\"EntryPoint\",\"urlTemplate\":\"https:\\\/\\\/alcala.salesianos.edu\\\/colegio\\\/?s={search_term_string}\"},\"query-input\":{\"@type\":\"PropertyValueSpecification\",\"valueRequired\":true,\"valueName\":\"search_term_string\"}}],\"inLanguage\":\"es\"},{\"@type\":\"Person\",\"@id\":\"https:\\\/\\\/alcala.salesianos.edu\\\/colegio\\\/#\\\/schema\\\/person\\\/afcc24f776dc91fc2bf9afb0998fca77\",\"name\":\"Administrador Web\",\"image\":{\"@type\":\"ImageObject\",\"inLanguage\":\"es\",\"@id\":\"https:\\\/\\\/secure.gravatar.com\\\/avatar\\\/bc157e994689bd6da9645c00aa3bc4d55b727915b6652642660db0aef086585f?s=96&d=mm&r=g\",\"url\":\"https:\\\/\\\/secure.gravatar.com\\\/avatar\\\/bc157e994689bd6da9645c00aa3bc4d55b727915b6652642660db0aef086585f?s=96&d=mm&r=g\",\"contentUrl\":\"https:\\\/\\\/secure.gravatar.com\\\/avatar\\\/bc157e994689bd6da9645c00aa3bc4d55b727915b6652642660db0aef086585f?s=96&d=mm&r=g\",\"caption\":\"Administrador Web\"}}]}<\/script>\n<!-- \/ Yoast SEO plugin. -->","yoast_head_json":{"title":"Comienza la cuaresma en nuestra Casa - Colegio Salesiano Alcal\u00e1","robots":{"index":"index","follow":"follow","max-snippet":"max-snippet:-1","max-image-preview":"max-image-preview:large","max-video-preview":"max-video-preview:-1"},"canonical":"https:\/\/alcala.salesianos.edu\/colegio\/blog\/2021\/02\/18\/comienza-la-cuaresma-en-nuestra-casa\/","og_locale":"es_ES","og_type":"article","og_title":"Comienza la cuaresma en nuestra Casa - Colegio Salesiano Alcal\u00e1","og_description":"Comenzamos la cuaresma, un tiempo en el que los cristianos centramos nuestra atenci\u00f3n en la solidaridad, la austeridad y la oraci\u00f3n. Un itinerario que nos conducir\u00e1 a la Pascua del Se\u00f1or.","og_url":"https:\/\/alcala.salesianos.edu\/colegio\/blog\/2021\/02\/18\/comienza-la-cuaresma-en-nuestra-casa\/","og_site_name":"Colegio Salesiano Alcal\u00e1","article_published_time":"2021-02-18T07:42:48+00:00","article_modified_time":"2025-08-27T07:50:17+00:00","author":"Administrador Web","twitter_card":"summary_large_image","twitter_misc":{"Escrito por":"Administrador Web","Tiempo de lectura":"3 minutos"},"schema":{"@context":"https:\/\/schema.org","@graph":[{"@type":"Article","@id":"https:\/\/alcala.salesianos.edu\/colegio\/blog\/2021\/02\/18\/comienza-la-cuaresma-en-nuestra-casa\/#article","isPartOf":{"@id":"https:\/\/alcala.salesianos.edu\/colegio\/blog\/2021\/02\/18\/comienza-la-cuaresma-en-nuestra-casa\/"},"author":{"name":"Administrador Web","@id":"https:\/\/alcala.salesianos.edu\/colegio\/#\/schema\/person\/afcc24f776dc91fc2bf9afb0998fca77"},"headline":"Comienza la cuaresma en nuestra Casa","datePublished":"2021-02-18T07:42:48+00:00","dateModified":"2025-08-27T07:50:17+00:00","mainEntityOfPage":{"@id":"https:\/\/alcala.salesianos.edu\/colegio\/blog\/2021\/02\/18\/comienza-la-cuaresma-en-nuestra-casa\/"},"wordCount":623,"articleSection":["Colegio","covid","Escuela abierta","FASA","Infantil","Pastoral","Portada","Primaria","Secundaria","Uncategorized"],"inLanguage":"es"},{"@type":"WebPage","@id":"https:\/\/alcala.salesianos.edu\/colegio\/blog\/2021\/02\/18\/comienza-la-cuaresma-en-nuestra-casa\/","url":"https:\/\/alcala.salesianos.edu\/colegio\/blog\/2021\/02\/18\/comienza-la-cuaresma-en-nuestra-casa\/","name":"Comienza la cuaresma en nuestra Casa - Colegio Salesiano Alcal\u00e1","isPartOf":{"@id":"https:\/\/alcala.salesianos.edu\/colegio\/#website"},"datePublished":"2021-02-18T07:42:48+00:00","dateModified":"2025-08-27T07:50:17+00:00","author":{"@id":"https:\/\/alcala.salesianos.edu\/colegio\/#\/schema\/person\/afcc24f776dc91fc2bf9afb0998fca77"},"breadcrumb":{"@id":"https:\/\/alcala.salesianos.edu\/colegio\/blog\/2021\/02\/18\/comienza-la-cuaresma-en-nuestra-casa\/#breadcrumb"},"inLanguage":"es","potentialAction":[{"@type":"ReadAction","target":["https:\/\/alcala.salesianos.edu\/colegio\/blog\/2021\/02\/18\/comienza-la-cuaresma-en-nuestra-casa\/"]}]},{"@type":"BreadcrumbList","@id":"https:\/\/alcala.salesianos.edu\/colegio\/blog\/2021\/02\/18\/comienza-la-cuaresma-en-nuestra-casa\/#breadcrumb","itemListElement":[{"@type":"ListItem","position":1,"name":"Portada","item":"https:\/\/alcala.salesianos.edu\/colegio\/"},{"@type":"ListItem","position":2,"name":"Comienza la cuaresma en nuestra Casa"}]},{"@type":"WebSite","@id":"https:\/\/alcala.salesianos.edu\/colegio\/#website","url":"https:\/\/alcala.salesianos.edu\/colegio\/","name":"Colegio Salesiano Alcal\u00e1","description":"P\u00e1gina oficial de Salesianos Alcal\u00e1 de Guadaira","potentialAction":[{"@type":"SearchAction","target":{"@type":"EntryPoint","urlTemplate":"https:\/\/alcala.salesianos.edu\/colegio\/?s={search_term_string}"},"query-input":{"@type":"PropertyValueSpecification","valueRequired":true,"valueName":"search_term_string"}}],"inLanguage":"es"},{"@type":"Person","@id":"https:\/\/alcala.salesianos.edu\/colegio\/#\/schema\/person\/afcc24f776dc91fc2bf9afb0998fca77","name":"Administrador Web","image":{"@type":"ImageObject","inLanguage":"es","@id":"https:\/\/secure.gravatar.com\/avatar\/bc157e994689bd6da9645c00aa3bc4d55b727915b6652642660db0aef086585f?s=96&d=mm&r=g","url":"https:\/\/secure.gravatar.com\/avatar\/bc157e994689bd6da9645c00aa3bc4d55b727915b6652642660db0aef086585f?s=96&d=mm&r=g","contentUrl":"https:\/\/secure.gravatar.com\/avatar\/bc157e994689bd6da9645c00aa3bc4d55b727915b6652642660db0aef086585f?s=96&d=mm&r=g","caption":"Administrador Web"}}]}},"_links":{"self":[{"href":"https:\/\/alcala.salesianos.edu\/colegio\/wp-json\/wp\/v2\/posts\/13800","targetHints":{"allow":["GET"]}}],"collection":[{"href":"https:\/\/alcala.salesianos.edu\/colegio\/wp-json\/wp\/v2\/posts"}],"about":[{"href":"https:\/\/alcala.salesianos.edu\/colegio\/wp-json\/wp\/v2\/types\/post"}],"author":[{"embeddable":true,"href":"https:\/\/alcala.salesianos.edu\/colegio\/wp-json\/wp\/v2\/users\/2"}],"replies":[{"embeddable":true,"href":"https:\/\/alcala.salesianos.edu\/colegio\/wp-json\/wp\/v2\/comments?post=13800"}],"version-history":[{"count":1,"href":"https:\/\/alcala.salesianos.edu\/colegio\/wp-json\/wp\/v2\/posts\/13800\/revisions"}],"predecessor-version":[{"id":16710,"href":"https:\/\/alcala.salesianos.edu\/colegio\/wp-json\/wp\/v2\/posts\/13800\/revisions\/16710"}],"wp:attachment":[{"href":"https:\/\/alcala.salesianos.edu\/colegio\/wp-json\/wp\/v2\/media?parent=13800"}],"wp:term":[{"taxonomy":"category","embeddable":true,"href":"https:\/\/alcala.salesianos.edu\/colegio\/wp-json\/wp\/v2\/categories?post=13800"},{"taxonomy":"post_tag","embeddable":true,"href":"https:\/\/alcala.salesianos.edu\/colegio\/wp-json\/wp\/v2\/tags?post=13800"}],"curies":[{"name":"wp","href":"https:\/\/api.w.org\/{rel}","templated":true}]}}