{"id":13796,"date":"2021-02-02T10:55:19","date_gmt":"2021-02-02T09:55:19","guid":{"rendered":"https:\/\/alcala.salesianos.edu\/colegio\/blog\/2021\/02\/02\/fin-don-bosco\/"},"modified":"2025-08-27T08:50:18","modified_gmt":"2025-08-27T07:50:18","slug":"fin-don-bosco","status":"publish","type":"post","link":"https:\/\/alcala.salesianos.edu\/colegio\/blog\/2021\/02\/02\/fin-don-bosco\/","title":{"rendered":"Finalizan las actividades de San Juan Bosco"},"content":{"rendered":"<div id=\"fb-root\"><\/div>\n<p>[et_pb_section fb_built=\u00bb1&#8243; _builder_version=\u00bb4.5.8&#8243; _module_preset=\u00bbdefault\u00bb][et_pb_row _builder_version=\u00bb4.5.8&#8243; _module_preset=\u00bbdefault\u00bb][et_pb_column type=\u00bb4_4&#8243; _builder_version=\u00bb4.5.8&#8243; _module_preset=\u00bbdefault\u00bb][et_pb_text _builder_version=\u00bb4.5.8&#8243; _module_preset=\u00bbdefault\u00bb]<\/p>\n<p style=\"text-align: justify;\">Nuestra Casa al comenzar el mes de enero siempre ponemos la mira en el d\u00eda 31, d\u00eda que celebramos todos los salesianos la festividad de nuestro santo fundador San Juan Bosco. Este mes pasado de enero, como siempre ha estado lleno de actividades y de celebraciones que nos acercan a la figura de nuestro Padre, Maestro y Amigo.<\/p>\n<p style=\"text-align: justify;\">Desde el 20 de enero hasta el 31, todos los d\u00edas por las tardes y a modo de buenas noches un miembro de la Familia Salesiana nos contaba un pasaje de la vida de Don Bosco o uno de sus tantos sue\u00f1os que comparti\u00f3 con todos nosotros. Estos mensajes estaban apoyados por los retablos cer\u00e1micos del patio de Mar\u00eda Auxiliadora que ha realizado D. Julio \u00c1lvarez y por las pinturas de D. Isidoro Villalba que se encuentran en la capilla rodeando el altar de Mar\u00eda Auxiliadora Coronada.<\/p>\n<p style=\"text-align: justify;\">Para todos los alumnos de nuestro colegio se lanzaron diversos concursos de literatura, pintura y dise\u00f1os gr\u00e1ficos relacionados con la vida y la obra de San Juan Bosco. Tambi\u00e9n, los alumnos de nuestra Casa, realizaron juegos de patios en los recreos cumpliendo la normativa de seguridad vigente con respecto a la pandemia que sufrimos.<\/p>\n<p style=\"text-align: justify;\">El viernes 22 de enero celebramos en nuestra casa la conmemoraci\u00f3n a San Francisco de Sales junto a Mar\u00eda Auxiliadora y adem\u00e1s los alumnos de la etapa de Educaci\u00f3n Secundaria mantuvieron una mesa redonda vocacional con miembros de la Casa de Bartolom\u00e9 Blanco de Sevilla.<\/p>\n<p style=\"text-align: justify;\">En el colegio, los d\u00edas 26, 27 y 28 de enero celebraron el triduo escolar a nuestro patr\u00f3n que pudieron vivirlo en sus aulas ya que fue retransmitido para que pudiesen participar de las celebraciones de una forma segura.\u00a0 El d\u00eda 29 de enero vivimos la fiesta escolar que comenz\u00f3 con la celebraci\u00f3n de la eucarist\u00eda y tras la misma la jornada continuo llena de actividades l\u00fadicas y festivas como bailes, sesiones de cine o juegos de patios.<\/p>\n<p style=\"text-align: justify;\">La Familia Salesiana de nuestra Casa vivimos el triduo y la eucarist\u00eda solemne a San Juan Bosco en las tardes de los d\u00edas 28, 29, 30 y 31. Para facilitar la participaci\u00f3n y cumplir con el aforo de nuestra capilla las celebraciones fueron retransmitidas por YouTube y adem\u00e1s la eucarist\u00eda de 10,30 h de la ma\u00f1ana del 31 de enero fue televisada por el canal Vivam\u00f3vil de nuestra localidad.<\/p>\n<p style=\"text-align: justify;\">El d\u00eda 31 de enero se publicaron tres videos formativos en los que podemos conocer mejor las obras art\u00edsticas de nuestra Casa relacionadas con Don Bosco. \u00abDon Bosco en la cer\u00e1mica de nuestro Patio\u00bb por D. Julio \u00c1lvarez, \u00abLos sue\u00f1os de Don Bosco en la capilla\u00bb por D. Isidoro Villalba y \u00abNuestra imagen de Don Bosco, una obra de arte\u00bb por D. Enrique Ruiz.<\/p>\n<p style=\"text-align: justify;\">Ha sido un mes de enero at\u00edpico,\u00a0 condicionado por las medidas preventivas para contener la expansi\u00f3n del coronavirus. La crisis desatada por la pandemia ha obligado a adaptar su labor en favor de la juventud de nuestra localidad.<\/p>\n<p>[\/et_pb_text][et_pb_text _builder_version=\u00bb4.5.8&#8243; _module_preset=\u00bbdefault\u00bb]<\/p>\n<h1 style=\"text-align: center;\">Buenas noches de los miembros de la Familia Salesiana<\/h1>\n<p>[\/et_pb_text][\/et_pb_column][\/et_pb_row][et_pb_row column_structure=\u00bb1_4,1_4,1_4,1_4&#8243; _builder_version=\u00bb4.5.8&#8243; _module_preset=\u00bbdefault\u00bb][et_pb_column type=\u00bb1_4&#8243; _builder_version=\u00bb4.5.8&#8243; _module_preset=\u00bbdefault\u00bb][et_pb_video src=\u00bbhttps:\/\/alcala.salesianos.edu\/wp-content\/uploads\/2021\/02\/ana-p.mp4&#8243; _builder_version=\u00bb4.5.8&#8243; _module_preset=\u00bbdefault\u00bb][\/et_pb_video][et_pb_video src=\u00bbhttps:\/\/alcala.salesianos.edu\/wp-content\/uploads\/2021\/02\/maria-.mp4&#8243; _builder_version=\u00bb4.5.8&#8243; _module_preset=\u00bbdefault\u00bb][\/et_pb_video][et_pb_video src=\u00bbhttps:\/\/alcala.salesianos.edu\/wp-content\/uploads\/2021\/02\/belen.mp4&#8243; _builder_version=\u00bb4.5.8&#8243; _module_preset=\u00bbdefault\u00bb][\/et_pb_video][\/et_pb_column][et_pb_column type=\u00bb1_4&#8243; _builder_version=\u00bb4.5.8&#8243; _module_preset=\u00bbdefault\u00bb][et_pb_video src=\u00bbhttps:\/\/alcala.salesianos.edu\/wp-content\/uploads\/2021\/02\/victor.mp4&#8243; _builder_version=\u00bb4.5.8&#8243; _module_preset=\u00bbdefault\u00bb][\/et_pb_video][et_pb_video src=\u00bbhttps:\/\/alcala.salesianos.edu\/wp-content\/uploads\/2021\/02\/jorge.mp4&#8243; _builder_version=\u00bb4.5.8&#8243; _module_preset=\u00bbdefault\u00bb][\/et_pb_video][et_pb_video src=\u00bbhttps:\/\/alcala.salesianos.edu\/wp-content\/uploads\/2021\/02\/david.mp4&#8243; _builder_version=\u00bb4.5.8&#8243; _module_preset=\u00bbdefault\u00bb][\/et_pb_video][\/et_pb_column][et_pb_column type=\u00bb1_4&#8243; _builder_version=\u00bb4.5.8&#8243; _module_preset=\u00bbdefault\u00bb][et_pb_video src=\u00bbhttps:\/\/alcala.salesianos.edu\/wp-content\/uploads\/2021\/02\/soto.mp4&#8243; _builder_version=\u00bb4.5.8&#8243; _module_preset=\u00bbdefault\u00bb][\/et_pb_video][et_pb_video src=\u00bbhttps:\/\/alcala.salesianos.edu\/wp-content\/uploads\/2021\/02\/lara.mp4&#8243; _builder_version=\u00bb4.5.8&#8243; _module_preset=\u00bbdefault\u00bb][\/et_pb_video][et_pb_video src=\u00bbhttps:\/\/alcala.salesianos.edu\/wp-content\/uploads\/2021\/02\/fernando.mp4&#8243; _builder_version=\u00bb4.5.8&#8243; _module_preset=\u00bbdefault\u00bb][\/et_pb_video][\/et_pb_column][et_pb_column type=\u00bb1_4&#8243; _builder_version=\u00bb4.5.8&#8243; _module_preset=\u00bbdefault\u00bb][et_pb_video src=\u00bbhttps:\/\/alcala.salesianos.edu\/wp-content\/uploads\/2021\/02\/isi.mp4&#8243; _builder_version=\u00bb4.5.8&#8243; _module_preset=\u00bbdefault\u00bb][\/et_pb_video][et_pb_video src=\u00bbhttps:\/\/alcala.salesianos.edu\/wp-content\/uploads\/2021\/02\/carlos.mp4&#8243; _builder_version=\u00bb4.5.8&#8243; _module_preset=\u00bbdefault\u00bb][\/et_pb_video][et_pb_video src=\u00bbhttps:\/\/alcala.salesianos.edu\/wp-content\/uploads\/2021\/02\/sjb-31-1_rU9XaaGS.mp4&#8243; _builder_version=\u00bb4.5.8&#8243; _module_preset=\u00bbdefault\u00bb][\/et_pb_video][\/et_pb_column][\/et_pb_row][et_pb_row _builder_version=\u00bb4.5.8&#8243; _module_preset=\u00bbdefault\u00bb][et_pb_column type=\u00bb4_4&#8243; _builder_version=\u00bb4.5.8&#8243; _module_preset=\u00bbdefault\u00bb][et_pb_text _builder_version=\u00bb4.5.8&#8243; _module_preset=\u00bbdefault\u00bb]<\/p>\n<h1 style=\"text-align: center;\">Don Bosco en nuestra Casa<\/h1>\n<p>[\/et_pb_text][\/et_pb_column][\/et_pb_row][et_pb_row column_structure=\u00bb1_3,1_3,1_3&#8243; _builder_version=\u00bb4.5.8&#8243; _module_preset=\u00bbdefault\u00bb][et_pb_column type=\u00bb1_3&#8243; _builder_version=\u00bb4.5.8&#8243; _module_preset=\u00bbdefault\u00bb][et_pb_blurb title=\u00bbDon Bosco en la cer\u00e1mica de nuestro patio\u00bb url=\u00bbhttps:\/\/www.facebook.com\/377599165645512\/videos\/209373560911869&#8243; use_icon=\u00bbon\u00bb font_icon=\u00bb%%130%%\u00bb use_circle=\u00bbon\u00bb circle_color=\u00bbrgba(0,0,0,0)\u00bb use_circle_border=\u00bbon\u00bb circle_border_color=\u00bbrgba(0,0,0,0)\u00bb use_icon_font_size=\u00bbon\u00bb icon_font_size=\u00bb90px\u00bb icon_color_last_edited=\u00bboff|desktop\u00bb content_max_width_last_edited=\u00bboff|desktop\u00bb _builder_version=\u00bb4.5.8&#8243; header_level=\u00bbh1&#8243; header_font=\u00bb|300|||||||\u00bb header_text_align=\u00bbcenter\u00bb header_text_color=\u00bb#dc001b\u00bb body_text_align=\u00bbcenter\u00bb background_color=\u00bb#ffffff\u00bb text_orientation=\u00bbcenter\u00bb custom_margin=\u00bb||||false|false\u00bb custom_padding=\u00bb20px|20px|20px|20px|true|true\u00bb link_option_url=\u00bbhttps:\/\/www.facebook.com\/377599165645512\/videos\/209373560911869&#8243; custom_css_blurb_image=\u00bbmargin-bottom:10px;\u00bb border_radii=\u00bbon|20px|20px|20px|20px\u00bb border_color_all=\u00bb#636a70&#8243; box_shadow_style=\u00bbpreset2&#8243; locked=\u00bboff\u00bb icon_color__hover_enabled=\u00bboff|hover\u00bb icon_color__hover=\u00bb#ffffff\u00bb circle_color__hover_enabled=\u00bboff|desktop\u00bb circle_color__hover=\u00bb#dc001b\u00bb transform_styles__hover_enabled=\u00bbon|hover\u00bb transform_scale__hover_enabled=\u00bbon|hover\u00bb transform_translate__hover_enabled=\u00bbon|desktop\u00bb transform_rotate__hover_enabled=\u00bbon|desktop\u00bb transform_skew__hover_enabled=\u00bbon|desktop\u00bb transform_origin__hover_enabled=\u00bbon|desktop\u00bb transform_scale__hover=\u00bb110%|110%\u00bb][\/et_pb_blurb][\/et_pb_column][et_pb_column type=\u00bb1_3&#8243; _builder_version=\u00bb4.5.8&#8243; _module_preset=\u00bbdefault\u00bb][et_pb_blurb title=\u00bbLos sue\u00f1os de Don Bosco en nuestra capilla\u00bb url=\u00bbhttps:\/\/www.facebook.com\/377599165645512\/videos\/233932961737497&#8243; use_icon=\u00bbon\u00bb font_icon=\u00bb%%99%%\u00bb use_circle=\u00bbon\u00bb circle_color=\u00bbrgba(0,0,0,0)\u00bb use_circle_border=\u00bbon\u00bb circle_border_color=\u00bbrgba(0,0,0,0)\u00bb use_icon_font_size=\u00bbon\u00bb icon_font_size=\u00bb90px\u00bb icon_color_last_edited=\u00bboff|desktop\u00bb content_max_width_last_edited=\u00bboff|desktop\u00bb _builder_version=\u00bb4.5.8&#8243; header_level=\u00bbh1&#8243; header_font=\u00bb|300|||||||\u00bb header_text_align=\u00bbcenter\u00bb header_text_color=\u00bb#dc001b\u00bb body_text_align=\u00bbcenter\u00bb background_color=\u00bb#ffffff\u00bb text_orientation=\u00bbcenter\u00bb custom_margin=\u00bb||||false|false\u00bb custom_padding=\u00bb20px|20px|20px|20px|true|true\u00bb link_option_url=\u00bbhttps:\/\/www.facebook.com\/377599165645512\/videos\/233932961737497&#8243; custom_css_blurb_image=\u00bbmargin-bottom:10px;\u00bb border_radii=\u00bbon|20px|20px|20px|20px\u00bb border_color_all=\u00bb#636a70&#8243; box_shadow_style=\u00bbpreset2&#8243; locked=\u00bboff\u00bb icon_color__hover_enabled=\u00bboff|hover\u00bb icon_color__hover=\u00bb#ffffff\u00bb circle_color__hover_enabled=\u00bboff|desktop\u00bb circle_color__hover=\u00bb#dc001b\u00bb transform_styles__hover_enabled=\u00bbon|hover\u00bb transform_scale__hover_enabled=\u00bbon|hover\u00bb transform_translate__hover_enabled=\u00bbon|desktop\u00bb transform_rotate__hover_enabled=\u00bbon|desktop\u00bb transform_skew__hover_enabled=\u00bbon|desktop\u00bb transform_origin__hover_enabled=\u00bbon|desktop\u00bb transform_scale__hover=\u00bb110%|110%\u00bb][\/et_pb_blurb][\/et_pb_column][et_pb_column type=\u00bb1_3&#8243; _builder_version=\u00bb4.5.8&#8243; _module_preset=\u00bbdefault\u00bb][et_pb_blurb title=\u00bbNuestra imagen de Don Bosco, una obra de arte\u00bb url=\u00bbhttps:\/\/www.facebook.com\/377599165645512\/videos\/418088022858853&#8243; use_icon=\u00bbon\u00bb font_icon=\u00bb%%258%%\u00bb use_circle=\u00bbon\u00bb circle_color=\u00bbrgba(0,0,0,0)\u00bb use_circle_border=\u00bbon\u00bb circle_border_color=\u00bbrgba(0,0,0,0)\u00bb use_icon_font_size=\u00bbon\u00bb icon_font_size=\u00bb90px\u00bb icon_color_last_edited=\u00bboff|desktop\u00bb content_max_width_last_edited=\u00bboff|desktop\u00bb admin_label=\u00bbAnuncio\u00bb _builder_version=\u00bb4.5.8&#8243; header_level=\u00bbh1&#8243; header_font=\u00bb|300|||||||\u00bb header_text_align=\u00bbcenter\u00bb header_text_color=\u00bb#dc001b\u00bb body_text_align=\u00bbcenter\u00bb background_color=\u00bb#ffffff\u00bb text_orientation=\u00bbcenter\u00bb custom_margin=\u00bb||||false|false\u00bb custom_padding=\u00bb20px|20px|20px|20px|true|true\u00bb link_option_url=\u00bbhttps:\/\/www.facebook.com\/377599165645512\/videos\/418088022858853&#8243; custom_css_blurb_image=\u00bbmargin-bottom:10px;\u00bb border_radii=\u00bbon|20px|20px|20px|20px\u00bb border_color_all=\u00bb#636a70&#8243; box_shadow_style=\u00bbpreset2&#8243; locked=\u00bboff\u00bb icon_color__hover_enabled=\u00bboff|hover\u00bb icon_color__hover=\u00bb#ffffff\u00bb circle_color__hover_enabled=\u00bboff|desktop\u00bb circle_color__hover=\u00bb#dc001b\u00bb transform_styles__hover_enabled=\u00bbon|hover\u00bb transform_scale__hover_enabled=\u00bbon|hover\u00bb transform_translate__hover_enabled=\u00bbon|desktop\u00bb transform_rotate__hover_enabled=\u00bbon|desktop\u00bb transform_skew__hover_enabled=\u00bbon|desktop\u00bb transform_origin__hover_enabled=\u00bbon|desktop\u00bb transform_scale__hover=\u00bb110%|110%\u00bb][\/et_pb_blurb][\/et_pb_column][\/et_pb_row][\/et_pb_section]<\/p>\n","protected":false},"excerpt":{"rendered":"<p>El mes de enero ha estado lleno de actividades para conmemorar la festividad de nuestro santo fundador en nuestra Casa de Alcal\u00e1 de Guada\u00edra.<\/p>\n","protected":false},"author":2,"featured_media":0,"comment_status":"closed","ping_status":"open","sticky":false,"template":"","format":"standard","meta":{"_et_pb_use_builder":"on","_et_pb_old_content":"","_et_gb_content_width":"","footnotes":""},"categories":[12,23,19,13,17,14,15,18,16,1],"tags":[],"class_list":["post-13796","post","type-post","status-publish","format-standard","hentry","category-colegio","category-covid","category-escuela-abierta","category-fasa","category-infantil","category-pastoral","category-portada","category-primaria","category-secundaria","category-uncategorized"],"yoast_head":"<!-- This site is optimized with the Yoast SEO plugin v28.4 - https:\/\/yoast.com\/product\/yoast-seo-wordpress\/ -->\n<title>Finalizan las actividades de San Juan Bosco - Colegio Salesiano Alcal\u00e1<\/title>\n<meta name=\"robots\" content=\"index, follow, max-snippet:-1, max-image-preview:large, max-video-preview:-1\" \/>\n<link rel=\"canonical\" href=\"https:\/\/alcala.salesianos.edu\/colegio\/blog\/2021\/02\/02\/fin-don-bosco\/\" \/>\n<meta property=\"og:locale\" content=\"es_ES\" \/>\n<meta property=\"og:type\" content=\"article\" \/>\n<meta property=\"og:title\" content=\"Finalizan las actividades de San Juan Bosco - Colegio Salesiano Alcal\u00e1\" \/>\n<meta property=\"og:description\" content=\"El mes de enero ha estado lleno de actividades para conmemorar la festividad de nuestro santo fundador en nuestra Casa de Alcal\u00e1 de Guada\u00edra.\" \/>\n<meta property=\"og:url\" content=\"https:\/\/alcala.salesianos.edu\/colegio\/blog\/2021\/02\/02\/fin-don-bosco\/\" \/>\n<meta property=\"og:site_name\" content=\"Colegio Salesiano Alcal\u00e1\" \/>\n<meta property=\"article:published_time\" content=\"2021-02-02T09:55:19+00:00\" \/>\n<meta property=\"article:modified_time\" content=\"2025-08-27T07:50:18+00:00\" \/>\n<meta name=\"author\" content=\"Administrador Web\" \/>\n<meta name=\"twitter:card\" content=\"summary_large_image\" \/>\n<meta name=\"twitter:label1\" content=\"Escrito por\" \/>\n\t<meta name=\"twitter:data1\" content=\"Administrador Web\" \/>\n\t<meta name=\"twitter:label2\" content=\"Tiempo de lectura\" \/>\n\t<meta name=\"twitter:data2\" content=\"8 minutos\" \/>\n<script type=\"application\/ld+json\" class=\"yoast-schema-graph\">{\"@context\":\"https:\\\/\\\/schema.org\",\"@graph\":[{\"@type\":\"Article\",\"@id\":\"https:\\\/\\\/alcala.salesianos.edu\\\/colegio\\\/blog\\\/2021\\\/02\\\/02\\\/fin-don-bosco\\\/#article\",\"isPartOf\":{\"@id\":\"https:\\\/\\\/alcala.salesianos.edu\\\/colegio\\\/blog\\\/2021\\\/02\\\/02\\\/fin-don-bosco\\\/\"},\"author\":{\"name\":\"Administrador Web\",\"@id\":\"https:\\\/\\\/alcala.salesianos.edu\\\/colegio\\\/#\\\/schema\\\/person\\\/afcc24f776dc91fc2bf9afb0998fca77\"},\"headline\":\"Finalizan las actividades de San Juan Bosco\",\"datePublished\":\"2021-02-02T09:55:19+00:00\",\"dateModified\":\"2025-08-27T07:50:18+00:00\",\"mainEntityOfPage\":{\"@id\":\"https:\\\/\\\/alcala.salesianos.edu\\\/colegio\\\/blog\\\/2021\\\/02\\\/02\\\/fin-don-bosco\\\/\"},\"wordCount\":1556,\"articleSection\":[\"Colegio\",\"covid\",\"Escuela abierta\",\"FASA\",\"Infantil\",\"Pastoral\",\"Portada\",\"Primaria\",\"Secundaria\",\"Uncategorized\"],\"inLanguage\":\"es\"},{\"@type\":\"WebPage\",\"@id\":\"https:\\\/\\\/alcala.salesianos.edu\\\/colegio\\\/blog\\\/2021\\\/02\\\/02\\\/fin-don-bosco\\\/\",\"url\":\"https:\\\/\\\/alcala.salesianos.edu\\\/colegio\\\/blog\\\/2021\\\/02\\\/02\\\/fin-don-bosco\\\/\",\"name\":\"Finalizan las actividades de San Juan Bosco - Colegio Salesiano Alcal\u00e1\",\"isPartOf\":{\"@id\":\"https:\\\/\\\/alcala.salesianos.edu\\\/colegio\\\/#website\"},\"datePublished\":\"2021-02-02T09:55:19+00:00\",\"dateModified\":\"2025-08-27T07:50:18+00:00\",\"author\":{\"@id\":\"https:\\\/\\\/alcala.salesianos.edu\\\/colegio\\\/#\\\/schema\\\/person\\\/afcc24f776dc91fc2bf9afb0998fca77\"},\"breadcrumb\":{\"@id\":\"https:\\\/\\\/alcala.salesianos.edu\\\/colegio\\\/blog\\\/2021\\\/02\\\/02\\\/fin-don-bosco\\\/#breadcrumb\"},\"inLanguage\":\"es\",\"potentialAction\":[{\"@type\":\"ReadAction\",\"target\":[\"https:\\\/\\\/alcala.salesianos.edu\\\/colegio\\\/blog\\\/2021\\\/02\\\/02\\\/fin-don-bosco\\\/\"]}]},{\"@type\":\"BreadcrumbList\",\"@id\":\"https:\\\/\\\/alcala.salesianos.edu\\\/colegio\\\/blog\\\/2021\\\/02\\\/02\\\/fin-don-bosco\\\/#breadcrumb\",\"itemListElement\":[{\"@type\":\"ListItem\",\"position\":1,\"name\":\"Portada\",\"item\":\"https:\\\/\\\/alcala.salesianos.edu\\\/colegio\\\/\"},{\"@type\":\"ListItem\",\"position\":2,\"name\":\"Finalizan las actividades de San Juan Bosco\"}]},{\"@type\":\"WebSite\",\"@id\":\"https:\\\/\\\/alcala.salesianos.edu\\\/colegio\\\/#website\",\"url\":\"https:\\\/\\\/alcala.salesianos.edu\\\/colegio\\\/\",\"name\":\"Colegio Salesiano Alcal\u00e1\",\"description\":\"P\u00e1gina oficial de Salesianos Alcal\u00e1 de Guadaira\",\"potentialAction\":[{\"@type\":\"SearchAction\",\"target\":{\"@type\":\"EntryPoint\",\"urlTemplate\":\"https:\\\/\\\/alcala.salesianos.edu\\\/colegio\\\/?s={search_term_string}\"},\"query-input\":{\"@type\":\"PropertyValueSpecification\",\"valueRequired\":true,\"valueName\":\"search_term_string\"}}],\"inLanguage\":\"es\"},{\"@type\":\"Person\",\"@id\":\"https:\\\/\\\/alcala.salesianos.edu\\\/colegio\\\/#\\\/schema\\\/person\\\/afcc24f776dc91fc2bf9afb0998fca77\",\"name\":\"Administrador Web\",\"image\":{\"@type\":\"ImageObject\",\"inLanguage\":\"es\",\"@id\":\"https:\\\/\\\/secure.gravatar.com\\\/avatar\\\/bc157e994689bd6da9645c00aa3bc4d55b727915b6652642660db0aef086585f?s=96&d=mm&r=g\",\"url\":\"https:\\\/\\\/secure.gravatar.com\\\/avatar\\\/bc157e994689bd6da9645c00aa3bc4d55b727915b6652642660db0aef086585f?s=96&d=mm&r=g\",\"contentUrl\":\"https:\\\/\\\/secure.gravatar.com\\\/avatar\\\/bc157e994689bd6da9645c00aa3bc4d55b727915b6652642660db0aef086585f?s=96&d=mm&r=g\",\"caption\":\"Administrador Web\"}}]}<\/script>\n<!-- \/ Yoast SEO plugin. -->","yoast_head_json":{"title":"Finalizan las actividades de San Juan Bosco - Colegio Salesiano Alcal\u00e1","robots":{"index":"index","follow":"follow","max-snippet":"max-snippet:-1","max-image-preview":"max-image-preview:large","max-video-preview":"max-video-preview:-1"},"canonical":"https:\/\/alcala.salesianos.edu\/colegio\/blog\/2021\/02\/02\/fin-don-bosco\/","og_locale":"es_ES","og_type":"article","og_title":"Finalizan las actividades de San Juan Bosco - Colegio Salesiano Alcal\u00e1","og_description":"El mes de enero ha estado lleno de actividades para conmemorar la festividad de nuestro santo fundador en nuestra Casa de Alcal\u00e1 de Guada\u00edra.","og_url":"https:\/\/alcala.salesianos.edu\/colegio\/blog\/2021\/02\/02\/fin-don-bosco\/","og_site_name":"Colegio Salesiano Alcal\u00e1","article_published_time":"2021-02-02T09:55:19+00:00","article_modified_time":"2025-08-27T07:50:18+00:00","author":"Administrador Web","twitter_card":"summary_large_image","twitter_misc":{"Escrito por":"Administrador Web","Tiempo de lectura":"8 minutos"},"schema":{"@context":"https:\/\/schema.org","@graph":[{"@type":"Article","@id":"https:\/\/alcala.salesianos.edu\/colegio\/blog\/2021\/02\/02\/fin-don-bosco\/#article","isPartOf":{"@id":"https:\/\/alcala.salesianos.edu\/colegio\/blog\/2021\/02\/02\/fin-don-bosco\/"},"author":{"name":"Administrador Web","@id":"https:\/\/alcala.salesianos.edu\/colegio\/#\/schema\/person\/afcc24f776dc91fc2bf9afb0998fca77"},"headline":"Finalizan las actividades de San Juan Bosco","datePublished":"2021-02-02T09:55:19+00:00","dateModified":"2025-08-27T07:50:18+00:00","mainEntityOfPage":{"@id":"https:\/\/alcala.salesianos.edu\/colegio\/blog\/2021\/02\/02\/fin-don-bosco\/"},"wordCount":1556,"articleSection":["Colegio","covid","Escuela abierta","FASA","Infantil","Pastoral","Portada","Primaria","Secundaria","Uncategorized"],"inLanguage":"es"},{"@type":"WebPage","@id":"https:\/\/alcala.salesianos.edu\/colegio\/blog\/2021\/02\/02\/fin-don-bosco\/","url":"https:\/\/alcala.salesianos.edu\/colegio\/blog\/2021\/02\/02\/fin-don-bosco\/","name":"Finalizan las actividades de San Juan Bosco - Colegio Salesiano Alcal\u00e1","isPartOf":{"@id":"https:\/\/alcala.salesianos.edu\/colegio\/#website"},"datePublished":"2021-02-02T09:55:19+00:00","dateModified":"2025-08-27T07:50:18+00:00","author":{"@id":"https:\/\/alcala.salesianos.edu\/colegio\/#\/schema\/person\/afcc24f776dc91fc2bf9afb0998fca77"},"breadcrumb":{"@id":"https:\/\/alcala.salesianos.edu\/colegio\/blog\/2021\/02\/02\/fin-don-bosco\/#breadcrumb"},"inLanguage":"es","potentialAction":[{"@type":"ReadAction","target":["https:\/\/alcala.salesianos.edu\/colegio\/blog\/2021\/02\/02\/fin-don-bosco\/"]}]},{"@type":"BreadcrumbList","@id":"https:\/\/alcala.salesianos.edu\/colegio\/blog\/2021\/02\/02\/fin-don-bosco\/#breadcrumb","itemListElement":[{"@type":"ListItem","position":1,"name":"Portada","item":"https:\/\/alcala.salesianos.edu\/colegio\/"},{"@type":"ListItem","position":2,"name":"Finalizan las actividades de San Juan Bosco"}]},{"@type":"WebSite","@id":"https:\/\/alcala.salesianos.edu\/colegio\/#website","url":"https:\/\/alcala.salesianos.edu\/colegio\/","name":"Colegio Salesiano Alcal\u00e1","description":"P\u00e1gina oficial de Salesianos Alcal\u00e1 de Guadaira","potentialAction":[{"@type":"SearchAction","target":{"@type":"EntryPoint","urlTemplate":"https:\/\/alcala.salesianos.edu\/colegio\/?s={search_term_string}"},"query-input":{"@type":"PropertyValueSpecification","valueRequired":true,"valueName":"search_term_string"}}],"inLanguage":"es"},{"@type":"Person","@id":"https:\/\/alcala.salesianos.edu\/colegio\/#\/schema\/person\/afcc24f776dc91fc2bf9afb0998fca77","name":"Administrador Web","image":{"@type":"ImageObject","inLanguage":"es","@id":"https:\/\/secure.gravatar.com\/avatar\/bc157e994689bd6da9645c00aa3bc4d55b727915b6652642660db0aef086585f?s=96&d=mm&r=g","url":"https:\/\/secure.gravatar.com\/avatar\/bc157e994689bd6da9645c00aa3bc4d55b727915b6652642660db0aef086585f?s=96&d=mm&r=g","contentUrl":"https:\/\/secure.gravatar.com\/avatar\/bc157e994689bd6da9645c00aa3bc4d55b727915b6652642660db0aef086585f?s=96&d=mm&r=g","caption":"Administrador Web"}}]}},"_links":{"self":[{"href":"https:\/\/alcala.salesianos.edu\/colegio\/wp-json\/wp\/v2\/posts\/13796","targetHints":{"allow":["GET"]}}],"collection":[{"href":"https:\/\/alcala.salesianos.edu\/colegio\/wp-json\/wp\/v2\/posts"}],"about":[{"href":"https:\/\/alcala.salesianos.edu\/colegio\/wp-json\/wp\/v2\/types\/post"}],"author":[{"embeddable":true,"href":"https:\/\/alcala.salesianos.edu\/colegio\/wp-json\/wp\/v2\/users\/2"}],"replies":[{"embeddable":true,"href":"https:\/\/alcala.salesianos.edu\/colegio\/wp-json\/wp\/v2\/comments?post=13796"}],"version-history":[{"count":1,"href":"https:\/\/alcala.salesianos.edu\/colegio\/wp-json\/wp\/v2\/posts\/13796\/revisions"}],"predecessor-version":[{"id":16711,"href":"https:\/\/alcala.salesianos.edu\/colegio\/wp-json\/wp\/v2\/posts\/13796\/revisions\/16711"}],"wp:attachment":[{"href":"https:\/\/alcala.salesianos.edu\/colegio\/wp-json\/wp\/v2\/media?parent=13796"}],"wp:term":[{"taxonomy":"category","embeddable":true,"href":"https:\/\/alcala.salesianos.edu\/colegio\/wp-json\/wp\/v2\/categories?post=13796"},{"taxonomy":"post_tag","embeddable":true,"href":"https:\/\/alcala.salesianos.edu\/colegio\/wp-json\/wp\/v2\/tags?post=13796"}],"curies":[{"name":"wp","href":"https:\/\/api.w.org\/{rel}","templated":true}]}}