{"id":13788,"date":"2021-02-01T08:19:17","date_gmt":"2021-02-01T07:19:17","guid":{"rendered":"https:\/\/alcala.salesianos.edu\/colegio\/blog\/2021\/02\/01\/djulio-alvarez\/"},"modified":"2025-08-27T08:50:20","modified_gmt":"2025-08-27T07:50:20","slug":"djulio-alvarez","status":"publish","type":"post","link":"https:\/\/alcala.salesianos.edu\/colegio\/blog\/2021\/02\/01\/djulio-alvarez\/","title":{"rendered":"D. Julio \u00c1lvarez, 50 a\u00f1os de dedicaci\u00f3n a los j\u00f3venes."},"content":{"rendered":"<div id=\"fb-root\"><\/div>\n\n[et_pb_section fb_built=\u00bb1&#8243; admin_label=\u00bbsection\u00bb _builder_version=\u00bb3.22&#8243;][et_pb_row _builder_version=\u00bb4.5.8&#8243; _module_preset=\u00bbdefault\u00bb][et_pb_column _builder_version=\u00bb4.5.8&#8243; _module_preset=\u00bbdefault\u00bb type=\u00bb4_4&#8243;][et_pb_text _builder_version=\u00bb4.5.8&#8243; _module_preset=\u00bbdefault\u00bb hover_enabled=\u00bb0&#8243;]<p>Hablar de D. Julio \u00c1lvarez Fern\u00e1ndez y hablar bien es f\u00e1cil.<\/p>\n<p>Julio que lleg\u00f3 a nuestra Casa en 1972, fue un maestro de la antigua escuela dedicado a sus alumnos en su clase, en el patio, organizando los viajes de final de curso\u2026<\/p>\n<p>Adem\u00e1s de ense\u00f1ar las matem\u00e1ticas, trabajaba en su taller de pretecnolog\u00eda con sus alumnos haciendo m\u00e1scaras de papel, dibujos y como no, azulejos.<\/p>\n<p>Fue con ellos con los que comenzar\u00eda en los a\u00f1os 80 a plasmar la vida de don Bosco pintada en madera. Hoy podemos disfrutar de ello gracias al trabajo que D. Julio ha realizado en unos preciosos y emotivos azulejos en nuestro patio de Mar\u00eda Auxiliadora.<\/p>\n<p>Desde el pasado viernes 29 de enero de este mismo a\u00f1o, acompa\u00f1an a esos azulejos uno especial como merecido homenaje a este gran maestro y artista de la Casa Salesiana.<\/p>\n<p>Todos sus alumnos lo recuerdan con cari\u00f1o por su amabilidad y buen humor. Pero no s\u00f3lo fue un buen maestro, sino que adem\u00e1s fue un magn\u00edfico compa\u00f1ero, el cual sigue visitando su Casa a menudo saludando tanto a antiguos compa\u00f1eros como a los que se van incorporando.<\/p>\n<p>Desde el 2018 sigue su relaci\u00f3n en la Casa con el teatro, donde se reencontr\u00f3 con los alumnos preparando un bonito musical. En las tardes de ensayo, no s\u00f3lo les ayuda a mejorar en la expresi\u00f3n verbal, corporal, el trabajo en equipo, las emociones\u2026; sino tambi\u00e9n en el esfuerzo, la constancia en el trabajo y el dar sin esperar nada a cambio, siempre con una sonrisa y buen talante.<\/p>\n<p>Con todo lo expuesto y mucho m\u00e1s que han dado estos casi 50 a\u00f1os de dedicaci\u00f3n a la Obra Salesiana, podemos decir que personas como t\u00fa, sois fundamentales para que el esp\u00edritu de Don Bosco siga vivo en nuestra ciudad.<\/p>\n<p>Gracias por seguir acompa\u00f1ando a los j\u00f3venes como el Maestro nos ense\u00f1\u00f3.<\/p>\n[\/et_pb_text][et_pb_video _builder_version=\u00bb4.5.8&#8243; _module_preset=\u00bbdefault\u00bb][\/et_pb_video][\/et_pb_column][\/et_pb_row][\/et_pb_section][et_pb_section fb_built=\u00bb1&#8243; _builder_version=\u00bb4.5.8&#8243; _module_preset=\u00bbdefault\u00bb][et_pb_row _builder_version=\u00bb4.5.8&#8243; _module_preset=\u00bbdefault\u00bb][et_pb_column _builder_version=\u00bb4.5.8&#8243; _module_preset=\u00bbdefault\u00bb type=\u00bb4_4&#8243;][et_pb_video _builder_version=\u00bb4.5.8&#8243; _module_preset=\u00bbdefault\u00bb src=\u00bbhttps:\/\/alcala.salesianos.edu\/wp-content\/uploads\/2021\/02\/VIDEO-2021-01-30-10-56-56.mp4&#8243; hover_enabled=\u00bb0&#8243;][\/et_pb_video][\/et_pb_column][\/et_pb_row][\/et_pb_section]\n","protected":false},"excerpt":{"rendered":"<p>El pasado viernes, present\u00f3 un azulejo en el patio de Mar\u00eda Auxiliadora en homenaje a su dedicaci\u00f3n y esfuerzo por los j\u00f3venes de nuestra localidad.<\/p>\n","protected":false},"author":2,"featured_media":13789,"comment_status":"closed","ping_status":"open","sticky":false,"template":"","format":"standard","meta":{"_et_pb_use_builder":"on","_et_pb_old_content":"","_et_gb_content_width":"","footnotes":""},"categories":[12,23,13,17,14,15,18,16,1],"tags":[],"class_list":["post-13788","post","type-post","status-publish","format-standard","has-post-thumbnail","hentry","category-colegio","category-covid","category-fasa","category-infantil","category-pastoral","category-portada","category-primaria","category-secundaria","category-uncategorized"],"yoast_head":"<!-- This site is optimized with the Yoast SEO plugin v28.4 - https:\/\/yoast.com\/product\/yoast-seo-wordpress\/ -->\n<title>D. Julio \u00c1lvarez, 50 a\u00f1os de dedicaci\u00f3n a los j\u00f3venes. - Colegio Salesiano Alcal\u00e1<\/title>\n<meta name=\"robots\" content=\"index, follow, max-snippet:-1, max-image-preview:large, max-video-preview:-1\" \/>\n<link rel=\"canonical\" href=\"https:\/\/alcala.salesianos.edu\/colegio\/blog\/2021\/02\/01\/djulio-alvarez\/\" \/>\n<meta property=\"og:locale\" content=\"es_ES\" \/>\n<meta property=\"og:type\" content=\"article\" \/>\n<meta property=\"og:title\" content=\"D. Julio \u00c1lvarez, 50 a\u00f1os de dedicaci\u00f3n a los j\u00f3venes. - Colegio Salesiano Alcal\u00e1\" \/>\n<meta property=\"og:description\" content=\"El pasado viernes, present\u00f3 un azulejo en el patio de Mar\u00eda Auxiliadora en homenaje a su dedicaci\u00f3n y esfuerzo por los j\u00f3venes de nuestra localidad.\" \/>\n<meta property=\"og:url\" content=\"https:\/\/alcala.salesianos.edu\/colegio\/blog\/2021\/02\/01\/djulio-alvarez\/\" \/>\n<meta property=\"og:site_name\" content=\"Colegio Salesiano Alcal\u00e1\" \/>\n<meta property=\"article:published_time\" content=\"2021-02-01T07:19:17+00:00\" \/>\n<meta property=\"article:modified_time\" content=\"2025-08-27T07:50:20+00:00\" \/>\n<meta property=\"og:image\" content=\"https:\/\/alcala.salesianos.edu\/colegio\/wp-content\/uploads\/sites\/2\/2021\/02\/PHOTO-2021-01-29-10-18-34.jpg\" \/>\n\t<meta property=\"og:image:width\" content=\"1024\" \/>\n\t<meta property=\"og:image:height\" content=\"768\" \/>\n\t<meta property=\"og:image:type\" content=\"image\/jpeg\" \/>\n<meta name=\"author\" content=\"Administrador Web\" \/>\n<meta name=\"twitter:card\" content=\"summary_large_image\" \/>\n<meta name=\"twitter:label1\" content=\"Escrito por\" \/>\n\t<meta name=\"twitter:data1\" content=\"Administrador Web\" \/>\n\t<meta name=\"twitter:label2\" content=\"Tiempo de lectura\" \/>\n\t<meta name=\"twitter:data2\" content=\"2 minutos\" \/>\n<script type=\"application\/ld+json\" class=\"yoast-schema-graph\">{\"@context\":\"https:\\\/\\\/schema.org\",\"@graph\":[{\"@type\":\"Article\",\"@id\":\"https:\\\/\\\/alcala.salesianos.edu\\\/colegio\\\/blog\\\/2021\\\/02\\\/01\\\/djulio-alvarez\\\/#article\",\"isPartOf\":{\"@id\":\"https:\\\/\\\/alcala.salesianos.edu\\\/colegio\\\/blog\\\/2021\\\/02\\\/01\\\/djulio-alvarez\\\/\"},\"author\":{\"name\":\"Administrador Web\",\"@id\":\"https:\\\/\\\/alcala.salesianos.edu\\\/colegio\\\/#\\\/schema\\\/person\\\/afcc24f776dc91fc2bf9afb0998fca77\"},\"headline\":\"D. Julio \u00c1lvarez, 50 a\u00f1os de dedicaci\u00f3n a los j\u00f3venes.\",\"datePublished\":\"2021-02-01T07:19:17+00:00\",\"dateModified\":\"2025-08-27T07:50:20+00:00\",\"mainEntityOfPage\":{\"@id\":\"https:\\\/\\\/alcala.salesianos.edu\\\/colegio\\\/blog\\\/2021\\\/02\\\/01\\\/djulio-alvarez\\\/\"},\"wordCount\":468,\"image\":{\"@id\":\"https:\\\/\\\/alcala.salesianos.edu\\\/colegio\\\/blog\\\/2021\\\/02\\\/01\\\/djulio-alvarez\\\/#primaryimage\"},\"thumbnailUrl\":\"https:\\\/\\\/alcala.salesianos.edu\\\/colegio\\\/wp-content\\\/uploads\\\/sites\\\/2\\\/2021\\\/02\\\/PHOTO-2021-01-29-10-18-34.jpg\",\"articleSection\":[\"Colegio\",\"covid\",\"FASA\",\"Infantil\",\"Pastoral\",\"Portada\",\"Primaria\",\"Secundaria\",\"Uncategorized\"],\"inLanguage\":\"es\"},{\"@type\":\"WebPage\",\"@id\":\"https:\\\/\\\/alcala.salesianos.edu\\\/colegio\\\/blog\\\/2021\\\/02\\\/01\\\/djulio-alvarez\\\/\",\"url\":\"https:\\\/\\\/alcala.salesianos.edu\\\/colegio\\\/blog\\\/2021\\\/02\\\/01\\\/djulio-alvarez\\\/\",\"name\":\"D. Julio \u00c1lvarez, 50 a\u00f1os de dedicaci\u00f3n a los j\u00f3venes. - Colegio Salesiano Alcal\u00e1\",\"isPartOf\":{\"@id\":\"https:\\\/\\\/alcala.salesianos.edu\\\/colegio\\\/#website\"},\"primaryImageOfPage\":{\"@id\":\"https:\\\/\\\/alcala.salesianos.edu\\\/colegio\\\/blog\\\/2021\\\/02\\\/01\\\/djulio-alvarez\\\/#primaryimage\"},\"image\":{\"@id\":\"https:\\\/\\\/alcala.salesianos.edu\\\/colegio\\\/blog\\\/2021\\\/02\\\/01\\\/djulio-alvarez\\\/#primaryimage\"},\"thumbnailUrl\":\"https:\\\/\\\/alcala.salesianos.edu\\\/colegio\\\/wp-content\\\/uploads\\\/sites\\\/2\\\/2021\\\/02\\\/PHOTO-2021-01-29-10-18-34.jpg\",\"datePublished\":\"2021-02-01T07:19:17+00:00\",\"dateModified\":\"2025-08-27T07:50:20+00:00\",\"author\":{\"@id\":\"https:\\\/\\\/alcala.salesianos.edu\\\/colegio\\\/#\\\/schema\\\/person\\\/afcc24f776dc91fc2bf9afb0998fca77\"},\"breadcrumb\":{\"@id\":\"https:\\\/\\\/alcala.salesianos.edu\\\/colegio\\\/blog\\\/2021\\\/02\\\/01\\\/djulio-alvarez\\\/#breadcrumb\"},\"inLanguage\":\"es\",\"potentialAction\":[{\"@type\":\"ReadAction\",\"target\":[\"https:\\\/\\\/alcala.salesianos.edu\\\/colegio\\\/blog\\\/2021\\\/02\\\/01\\\/djulio-alvarez\\\/\"]}]},{\"@type\":\"ImageObject\",\"inLanguage\":\"es\",\"@id\":\"https:\\\/\\\/alcala.salesianos.edu\\\/colegio\\\/blog\\\/2021\\\/02\\\/01\\\/djulio-alvarez\\\/#primaryimage\",\"url\":\"https:\\\/\\\/alcala.salesianos.edu\\\/colegio\\\/wp-content\\\/uploads\\\/sites\\\/2\\\/2021\\\/02\\\/PHOTO-2021-01-29-10-18-34.jpg\",\"contentUrl\":\"https:\\\/\\\/alcala.salesianos.edu\\\/colegio\\\/wp-content\\\/uploads\\\/sites\\\/2\\\/2021\\\/02\\\/PHOTO-2021-01-29-10-18-34.jpg\",\"width\":1024,\"height\":768},{\"@type\":\"BreadcrumbList\",\"@id\":\"https:\\\/\\\/alcala.salesianos.edu\\\/colegio\\\/blog\\\/2021\\\/02\\\/01\\\/djulio-alvarez\\\/#breadcrumb\",\"itemListElement\":[{\"@type\":\"ListItem\",\"position\":1,\"name\":\"Portada\",\"item\":\"https:\\\/\\\/alcala.salesianos.edu\\\/colegio\\\/\"},{\"@type\":\"ListItem\",\"position\":2,\"name\":\"D. Julio \u00c1lvarez, 50 a\u00f1os de dedicaci\u00f3n a los j\u00f3venes.\"}]},{\"@type\":\"WebSite\",\"@id\":\"https:\\\/\\\/alcala.salesianos.edu\\\/colegio\\\/#website\",\"url\":\"https:\\\/\\\/alcala.salesianos.edu\\\/colegio\\\/\",\"name\":\"Colegio Salesiano Alcal\u00e1\",\"description\":\"P\u00e1gina oficial de Salesianos Alcal\u00e1 de Guadaira\",\"potentialAction\":[{\"@type\":\"SearchAction\",\"target\":{\"@type\":\"EntryPoint\",\"urlTemplate\":\"https:\\\/\\\/alcala.salesianos.edu\\\/colegio\\\/?s={search_term_string}\"},\"query-input\":{\"@type\":\"PropertyValueSpecification\",\"valueRequired\":true,\"valueName\":\"search_term_string\"}}],\"inLanguage\":\"es\"},{\"@type\":\"Person\",\"@id\":\"https:\\\/\\\/alcala.salesianos.edu\\\/colegio\\\/#\\\/schema\\\/person\\\/afcc24f776dc91fc2bf9afb0998fca77\",\"name\":\"Administrador Web\",\"image\":{\"@type\":\"ImageObject\",\"inLanguage\":\"es\",\"@id\":\"https:\\\/\\\/secure.gravatar.com\\\/avatar\\\/bc157e994689bd6da9645c00aa3bc4d55b727915b6652642660db0aef086585f?s=96&d=mm&r=g\",\"url\":\"https:\\\/\\\/secure.gravatar.com\\\/avatar\\\/bc157e994689bd6da9645c00aa3bc4d55b727915b6652642660db0aef086585f?s=96&d=mm&r=g\",\"contentUrl\":\"https:\\\/\\\/secure.gravatar.com\\\/avatar\\\/bc157e994689bd6da9645c00aa3bc4d55b727915b6652642660db0aef086585f?s=96&d=mm&r=g\",\"caption\":\"Administrador Web\"}}]}<\/script>\n<!-- \/ Yoast SEO plugin. -->","yoast_head_json":{"title":"D. Julio \u00c1lvarez, 50 a\u00f1os de dedicaci\u00f3n a los j\u00f3venes. - Colegio Salesiano Alcal\u00e1","robots":{"index":"index","follow":"follow","max-snippet":"max-snippet:-1","max-image-preview":"max-image-preview:large","max-video-preview":"max-video-preview:-1"},"canonical":"https:\/\/alcala.salesianos.edu\/colegio\/blog\/2021\/02\/01\/djulio-alvarez\/","og_locale":"es_ES","og_type":"article","og_title":"D. Julio \u00c1lvarez, 50 a\u00f1os de dedicaci\u00f3n a los j\u00f3venes. - Colegio Salesiano Alcal\u00e1","og_description":"El pasado viernes, present\u00f3 un azulejo en el patio de Mar\u00eda Auxiliadora en homenaje a su dedicaci\u00f3n y esfuerzo por los j\u00f3venes de nuestra localidad.","og_url":"https:\/\/alcala.salesianos.edu\/colegio\/blog\/2021\/02\/01\/djulio-alvarez\/","og_site_name":"Colegio Salesiano Alcal\u00e1","article_published_time":"2021-02-01T07:19:17+00:00","article_modified_time":"2025-08-27T07:50:20+00:00","og_image":[{"width":1024,"height":768,"url":"https:\/\/alcala.salesianos.edu\/colegio\/wp-content\/uploads\/sites\/2\/2021\/02\/PHOTO-2021-01-29-10-18-34.jpg","type":"image\/jpeg"}],"author":"Administrador Web","twitter_card":"summary_large_image","twitter_misc":{"Escrito por":"Administrador Web","Tiempo de lectura":"2 minutos"},"schema":{"@context":"https:\/\/schema.org","@graph":[{"@type":"Article","@id":"https:\/\/alcala.salesianos.edu\/colegio\/blog\/2021\/02\/01\/djulio-alvarez\/#article","isPartOf":{"@id":"https:\/\/alcala.salesianos.edu\/colegio\/blog\/2021\/02\/01\/djulio-alvarez\/"},"author":{"name":"Administrador Web","@id":"https:\/\/alcala.salesianos.edu\/colegio\/#\/schema\/person\/afcc24f776dc91fc2bf9afb0998fca77"},"headline":"D. Julio \u00c1lvarez, 50 a\u00f1os de dedicaci\u00f3n a los j\u00f3venes.","datePublished":"2021-02-01T07:19:17+00:00","dateModified":"2025-08-27T07:50:20+00:00","mainEntityOfPage":{"@id":"https:\/\/alcala.salesianos.edu\/colegio\/blog\/2021\/02\/01\/djulio-alvarez\/"},"wordCount":468,"image":{"@id":"https:\/\/alcala.salesianos.edu\/colegio\/blog\/2021\/02\/01\/djulio-alvarez\/#primaryimage"},"thumbnailUrl":"https:\/\/alcala.salesianos.edu\/colegio\/wp-content\/uploads\/sites\/2\/2021\/02\/PHOTO-2021-01-29-10-18-34.jpg","articleSection":["Colegio","covid","FASA","Infantil","Pastoral","Portada","Primaria","Secundaria","Uncategorized"],"inLanguage":"es"},{"@type":"WebPage","@id":"https:\/\/alcala.salesianos.edu\/colegio\/blog\/2021\/02\/01\/djulio-alvarez\/","url":"https:\/\/alcala.salesianos.edu\/colegio\/blog\/2021\/02\/01\/djulio-alvarez\/","name":"D. Julio \u00c1lvarez, 50 a\u00f1os de dedicaci\u00f3n a los j\u00f3venes. - Colegio Salesiano Alcal\u00e1","isPartOf":{"@id":"https:\/\/alcala.salesianos.edu\/colegio\/#website"},"primaryImageOfPage":{"@id":"https:\/\/alcala.salesianos.edu\/colegio\/blog\/2021\/02\/01\/djulio-alvarez\/#primaryimage"},"image":{"@id":"https:\/\/alcala.salesianos.edu\/colegio\/blog\/2021\/02\/01\/djulio-alvarez\/#primaryimage"},"thumbnailUrl":"https:\/\/alcala.salesianos.edu\/colegio\/wp-content\/uploads\/sites\/2\/2021\/02\/PHOTO-2021-01-29-10-18-34.jpg","datePublished":"2021-02-01T07:19:17+00:00","dateModified":"2025-08-27T07:50:20+00:00","author":{"@id":"https:\/\/alcala.salesianos.edu\/colegio\/#\/schema\/person\/afcc24f776dc91fc2bf9afb0998fca77"},"breadcrumb":{"@id":"https:\/\/alcala.salesianos.edu\/colegio\/blog\/2021\/02\/01\/djulio-alvarez\/#breadcrumb"},"inLanguage":"es","potentialAction":[{"@type":"ReadAction","target":["https:\/\/alcala.salesianos.edu\/colegio\/blog\/2021\/02\/01\/djulio-alvarez\/"]}]},{"@type":"ImageObject","inLanguage":"es","@id":"https:\/\/alcala.salesianos.edu\/colegio\/blog\/2021\/02\/01\/djulio-alvarez\/#primaryimage","url":"https:\/\/alcala.salesianos.edu\/colegio\/wp-content\/uploads\/sites\/2\/2021\/02\/PHOTO-2021-01-29-10-18-34.jpg","contentUrl":"https:\/\/alcala.salesianos.edu\/colegio\/wp-content\/uploads\/sites\/2\/2021\/02\/PHOTO-2021-01-29-10-18-34.jpg","width":1024,"height":768},{"@type":"BreadcrumbList","@id":"https:\/\/alcala.salesianos.edu\/colegio\/blog\/2021\/02\/01\/djulio-alvarez\/#breadcrumb","itemListElement":[{"@type":"ListItem","position":1,"name":"Portada","item":"https:\/\/alcala.salesianos.edu\/colegio\/"},{"@type":"ListItem","position":2,"name":"D. Julio \u00c1lvarez, 50 a\u00f1os de dedicaci\u00f3n a los j\u00f3venes."}]},{"@type":"WebSite","@id":"https:\/\/alcala.salesianos.edu\/colegio\/#website","url":"https:\/\/alcala.salesianos.edu\/colegio\/","name":"Colegio Salesiano Alcal\u00e1","description":"P\u00e1gina oficial de Salesianos Alcal\u00e1 de Guadaira","potentialAction":[{"@type":"SearchAction","target":{"@type":"EntryPoint","urlTemplate":"https:\/\/alcala.salesianos.edu\/colegio\/?s={search_term_string}"},"query-input":{"@type":"PropertyValueSpecification","valueRequired":true,"valueName":"search_term_string"}}],"inLanguage":"es"},{"@type":"Person","@id":"https:\/\/alcala.salesianos.edu\/colegio\/#\/schema\/person\/afcc24f776dc91fc2bf9afb0998fca77","name":"Administrador Web","image":{"@type":"ImageObject","inLanguage":"es","@id":"https:\/\/secure.gravatar.com\/avatar\/bc157e994689bd6da9645c00aa3bc4d55b727915b6652642660db0aef086585f?s=96&d=mm&r=g","url":"https:\/\/secure.gravatar.com\/avatar\/bc157e994689bd6da9645c00aa3bc4d55b727915b6652642660db0aef086585f?s=96&d=mm&r=g","contentUrl":"https:\/\/secure.gravatar.com\/avatar\/bc157e994689bd6da9645c00aa3bc4d55b727915b6652642660db0aef086585f?s=96&d=mm&r=g","caption":"Administrador Web"}}]}},"_links":{"self":[{"href":"https:\/\/alcala.salesianos.edu\/colegio\/wp-json\/wp\/v2\/posts\/13788","targetHints":{"allow":["GET"]}}],"collection":[{"href":"https:\/\/alcala.salesianos.edu\/colegio\/wp-json\/wp\/v2\/posts"}],"about":[{"href":"https:\/\/alcala.salesianos.edu\/colegio\/wp-json\/wp\/v2\/types\/post"}],"author":[{"embeddable":true,"href":"https:\/\/alcala.salesianos.edu\/colegio\/wp-json\/wp\/v2\/users\/2"}],"replies":[{"embeddable":true,"href":"https:\/\/alcala.salesianos.edu\/colegio\/wp-json\/wp\/v2\/comments?post=13788"}],"version-history":[{"count":1,"href":"https:\/\/alcala.salesianos.edu\/colegio\/wp-json\/wp\/v2\/posts\/13788\/revisions"}],"predecessor-version":[{"id":13790,"href":"https:\/\/alcala.salesianos.edu\/colegio\/wp-json\/wp\/v2\/posts\/13788\/revisions\/13790"}],"wp:featuredmedia":[{"embeddable":true,"href":"https:\/\/alcala.salesianos.edu\/colegio\/wp-json\/wp\/v2\/media\/13789"}],"wp:attachment":[{"href":"https:\/\/alcala.salesianos.edu\/colegio\/wp-json\/wp\/v2\/media?parent=13788"}],"wp:term":[{"taxonomy":"category","embeddable":true,"href":"https:\/\/alcala.salesianos.edu\/colegio\/wp-json\/wp\/v2\/categories?post=13788"},{"taxonomy":"post_tag","embeddable":true,"href":"https:\/\/alcala.salesianos.edu\/colegio\/wp-json\/wp\/v2\/tags?post=13788"}],"curies":[{"name":"wp","href":"https:\/\/api.w.org\/{rel}","templated":true}]}}