{"id":13780,"date":"2021-01-19T17:05:30","date_gmt":"2021-01-19T16:05:30","guid":{"rendered":"https:\/\/alcala.salesianos.edu\/colegio\/blog\/2021\/01\/19\/ganadores-del-concurso-de-la-cabalgata-de-alcala\/"},"modified":"2025-08-27T08:50:46","modified_gmt":"2025-08-27T07:50:46","slug":"ganadores-del-concurso-de-la-cabalgata-de-alcala","status":"publish","type":"post","link":"https:\/\/alcala.salesianos.edu\/colegio\/blog\/2021\/01\/19\/ganadores-del-concurso-de-la-cabalgata-de-alcala\/","title":{"rendered":"Ganadores del concurso de la Cabalgata de Alcal\u00e1"},"content":{"rendered":"<div id=\"fb-root\"><\/div>\n<p>[et_pb_section fb_built=\u00bb1&#8243; _builder_version=\u00bb4.5.8&#8243; _module_preset=\u00bbdefault\u00bb][et_pb_row _builder_version=\u00bb4.5.8&#8243; _module_preset=\u00bbdefault\u00bb][et_pb_column _builder_version=\u00bb4.5.8&#8243; _module_preset=\u00bbdefault\u00bb type=\u00bb4_4&#8243;][et_pb_text _builder_version=\u00bb4.5.8&#8243; _module_preset=\u00bbdefault\u00bb hover_enabled=\u00bb0&#8243;]<\/p>\n<p>En el d\u00eda de ayer dos alumnos de nuestro centro, recibieron sus premios al ser ganadores del concurso \u201cPepe Mallado\u201d de la Asociaci\u00f3n de Amigos de los Reyes Magos de Alcal\u00e1 de Guada\u00edra.<\/p>\n<p>&nbsp;<\/p>\n<p>Entre los ganadores est\u00e1n nuestros alumnos Francisco de Borja Guti\u00e9rrez Casado de 5\u00baA y Sara Torres Bautista de 2\u00baB. Sus trabajos fueron seleccionados sobre \u00a0todos los entregados por los alumnos de Educaci\u00f3n Primaria de todos los centros educativos de nuestra localidad.<\/p>\n<p>&nbsp;<\/p>\n<p>Felicitamos a todos los ganadores del concurso y compartimos el magn\u00edfico poema de nuestro alumno Borja titulado \u201cPoema de Navidad y los Reyes Magos de Oriente 2020\/21\u201d.<\/p>\n<p style=\"text-align: center;\"><strong>Poema de la Navidad y los Reyes Magos de Oriente 2020\/21<\/strong><\/p>\n<p style=\"text-align: center;\">\n<p style=\"text-align: center;\">Ya est\u00e1 aqu\u00ed la Navidad,\u00a0<\/p>\n<p style=\"text-align: center;\">\u00a0Melchor, Gaspar y Baltasar\u00a0<\/p>\n<p style=\"text-align: center;\">ya van a adorar<\/p>\n<p style=\"text-align: center;\">al Ni\u00f1o que ha nacido en el portal.<\/p>\n<p style=\"text-align: center;\">\n<p style=\"text-align: center;\">Villancicos le van a cantar,<\/p>\n<p style=\"text-align: center;\">tambi\u00e9n le van a rezar<\/p>\n<p style=\"text-align: center;\">y al llegar al portal<\/p>\n<p style=\"text-align: center;\">los tres con sus mascarillas<\/p>\n<p style=\"text-align: center;\">se van a postrar de rodilla<\/p>\n<p style=\"text-align: center;\">ante el Rey de la humanidad.<\/p>\n<p style=\"text-align: center;\">\n<p style=\"text-align: center;\">Sesenta a\u00f1os de cabalgata<\/p>\n<p style=\"text-align: center;\">con su ilusi\u00f3n y paz\u00a0<\/p>\n<p style=\"text-align: center;\">para que los reyes magos<\/p>\n<p style=\"text-align: center;\">por la madrug\u00e1 puedan traer los regalos a los ni\u00f1os de Alcal\u00e1.<\/p>\n<p>&nbsp;<\/p>\n<p style=\"text-align: center;\">Aunque no haya cabalgata<\/p>\n<p style=\"text-align: center;\">habr\u00e1 fantas\u00eda,\u00a0<\/p>\n<p style=\"text-align: center;\">juguetes para los ni\u00f1os<\/p>\n<p style=\"text-align: center;\">con amor y alegr\u00eda.<\/p>\n<p style=\"text-align: center;\">\n<p style=\"text-align: center;\">Estar\u00e1n en la capilla<\/p>\n<p style=\"text-align: center;\">del colegio Salesiano,<\/p>\n<p style=\"text-align: center;\">para darles los juguetes\u00a0<\/p>\n<p style=\"text-align: center;\">vendr\u00e1n los tres Reyes Magos.<\/p>\n<p style=\"text-align: center;\">\n<p style=\"text-align: center;\">Melchor con su barba blanca<\/p>\n<p style=\"text-align: center;\">su capa de tono azul<\/p>\n<p style=\"text-align: center;\">nos va a traer la vacuna<\/p>\n<p style=\"text-align: center;\">para que tengamos salud.\u00a0<\/p>\n<p style=\"text-align: center;\">\n<p style=\"text-align: center;\">\n<p style=\"text-align: center;\">Gaspar y Baltasar<\/p>\n<p style=\"text-align: center;\">nos van a traer amor,<\/p>\n<p style=\"text-align: center;\">porque ese es el regalo<\/p>\n<p style=\"text-align: center;\">que m\u00e1s le gusta al Se\u00f1or.<\/p>\n<p style=\"text-align: center;\">\n<p style=\"text-align: center;\">\n<p style=\"text-align: center;\">Y en el dos mil veintid\u00f3s<\/p>\n<p style=\"text-align: center;\">los Reyes volver\u00e1n<\/p>\n<p style=\"text-align: center;\">en la mejor Cabalgata<\/p>\n<p style=\"text-align: center;\">por las calles de Alcal\u00e1<\/p>\n<p style=\"text-align: center;\">\n[\/et_pb_text][\/et_pb_column][\/et_pb_row][\/et_pb_section]<\/p>\n","protected":false},"excerpt":{"rendered":"<p>Los trabajos de Fco. de Borja Guti\u00e9rrez  y Sara Torres fueron seleccionados como ganadores por la Asociaci\u00f3n de Amigos de los Reyes Magos de nuestra ciudad.<\/p>\n","protected":false},"author":2,"featured_media":0,"comment_status":"closed","ping_status":"open","sticky":false,"template":"","format":"standard","meta":{"_et_pb_use_builder":"on","_et_pb_old_content":"","_et_gb_content_width":"","footnotes":""},"categories":[12,23,19,13,17,14,15,18,16,1],"tags":[],"class_list":["post-13780","post","type-post","status-publish","format-standard","hentry","category-colegio","category-covid","category-escuela-abierta","category-fasa","category-infantil","category-pastoral","category-portada","category-primaria","category-secundaria","category-uncategorized"],"yoast_head":"<!-- This site is optimized with the Yoast SEO plugin v28.4 - https:\/\/yoast.com\/product\/yoast-seo-wordpress\/ -->\n<title>Ganadores del concurso de la Cabalgata de Alcal\u00e1 - Colegio Salesiano Alcal\u00e1<\/title>\n<meta name=\"robots\" content=\"index, follow, max-snippet:-1, max-image-preview:large, max-video-preview:-1\" \/>\n<link rel=\"canonical\" href=\"https:\/\/alcala.salesianos.edu\/colegio\/blog\/2021\/01\/19\/ganadores-del-concurso-de-la-cabalgata-de-alcala\/\" \/>\n<meta property=\"og:locale\" content=\"es_ES\" \/>\n<meta property=\"og:type\" content=\"article\" \/>\n<meta property=\"og:title\" content=\"Ganadores del concurso de la Cabalgata de Alcal\u00e1 - Colegio Salesiano Alcal\u00e1\" \/>\n<meta property=\"og:description\" content=\"Los trabajos de Fco. de Borja Guti\u00e9rrez y Sara Torres fueron seleccionados como ganadores por la Asociaci\u00f3n de Amigos de los Reyes Magos de nuestra ciudad.\" \/>\n<meta property=\"og:url\" content=\"https:\/\/alcala.salesianos.edu\/colegio\/blog\/2021\/01\/19\/ganadores-del-concurso-de-la-cabalgata-de-alcala\/\" \/>\n<meta property=\"og:site_name\" content=\"Colegio Salesiano Alcal\u00e1\" \/>\n<meta property=\"article:published_time\" content=\"2021-01-19T16:05:30+00:00\" \/>\n<meta property=\"article:modified_time\" content=\"2025-08-27T07:50:46+00:00\" \/>\n<meta name=\"author\" content=\"Administrador Web\" \/>\n<meta name=\"twitter:card\" content=\"summary_large_image\" \/>\n<meta name=\"twitter:label1\" content=\"Escrito por\" \/>\n\t<meta name=\"twitter:data1\" content=\"Administrador Web\" \/>\n\t<meta name=\"twitter:label2\" content=\"Tiempo de lectura\" \/>\n\t<meta name=\"twitter:data2\" content=\"2 minutos\" \/>\n<script type=\"application\/ld+json\" class=\"yoast-schema-graph\">{\"@context\":\"https:\\\/\\\/schema.org\",\"@graph\":[{\"@type\":\"Article\",\"@id\":\"https:\\\/\\\/alcala.salesianos.edu\\\/colegio\\\/blog\\\/2021\\\/01\\\/19\\\/ganadores-del-concurso-de-la-cabalgata-de-alcala\\\/#article\",\"isPartOf\":{\"@id\":\"https:\\\/\\\/alcala.salesianos.edu\\\/colegio\\\/blog\\\/2021\\\/01\\\/19\\\/ganadores-del-concurso-de-la-cabalgata-de-alcala\\\/\"},\"author\":{\"name\":\"Administrador Web\",\"@id\":\"https:\\\/\\\/alcala.salesianos.edu\\\/colegio\\\/#\\\/schema\\\/person\\\/afcc24f776dc91fc2bf9afb0998fca77\"},\"headline\":\"Ganadores del concurso de la Cabalgata de Alcal\u00e1\",\"datePublished\":\"2021-01-19T16:05:30+00:00\",\"dateModified\":\"2025-08-27T07:50:46+00:00\",\"mainEntityOfPage\":{\"@id\":\"https:\\\/\\\/alcala.salesianos.edu\\\/colegio\\\/blog\\\/2021\\\/01\\\/19\\\/ganadores-del-concurso-de-la-cabalgata-de-alcala\\\/\"},\"wordCount\":357,\"articleSection\":[\"Colegio\",\"covid\",\"Escuela abierta\",\"FASA\",\"Infantil\",\"Pastoral\",\"Portada\",\"Primaria\",\"Secundaria\",\"Uncategorized\"],\"inLanguage\":\"es\"},{\"@type\":\"WebPage\",\"@id\":\"https:\\\/\\\/alcala.salesianos.edu\\\/colegio\\\/blog\\\/2021\\\/01\\\/19\\\/ganadores-del-concurso-de-la-cabalgata-de-alcala\\\/\",\"url\":\"https:\\\/\\\/alcala.salesianos.edu\\\/colegio\\\/blog\\\/2021\\\/01\\\/19\\\/ganadores-del-concurso-de-la-cabalgata-de-alcala\\\/\",\"name\":\"Ganadores del concurso de la Cabalgata de Alcal\u00e1 - Colegio Salesiano Alcal\u00e1\",\"isPartOf\":{\"@id\":\"https:\\\/\\\/alcala.salesianos.edu\\\/colegio\\\/#website\"},\"datePublished\":\"2021-01-19T16:05:30+00:00\",\"dateModified\":\"2025-08-27T07:50:46+00:00\",\"author\":{\"@id\":\"https:\\\/\\\/alcala.salesianos.edu\\\/colegio\\\/#\\\/schema\\\/person\\\/afcc24f776dc91fc2bf9afb0998fca77\"},\"breadcrumb\":{\"@id\":\"https:\\\/\\\/alcala.salesianos.edu\\\/colegio\\\/blog\\\/2021\\\/01\\\/19\\\/ganadores-del-concurso-de-la-cabalgata-de-alcala\\\/#breadcrumb\"},\"inLanguage\":\"es\",\"potentialAction\":[{\"@type\":\"ReadAction\",\"target\":[\"https:\\\/\\\/alcala.salesianos.edu\\\/colegio\\\/blog\\\/2021\\\/01\\\/19\\\/ganadores-del-concurso-de-la-cabalgata-de-alcala\\\/\"]}]},{\"@type\":\"BreadcrumbList\",\"@id\":\"https:\\\/\\\/alcala.salesianos.edu\\\/colegio\\\/blog\\\/2021\\\/01\\\/19\\\/ganadores-del-concurso-de-la-cabalgata-de-alcala\\\/#breadcrumb\",\"itemListElement\":[{\"@type\":\"ListItem\",\"position\":1,\"name\":\"Portada\",\"item\":\"https:\\\/\\\/alcala.salesianos.edu\\\/colegio\\\/\"},{\"@type\":\"ListItem\",\"position\":2,\"name\":\"Ganadores del concurso de la Cabalgata de Alcal\u00e1\"}]},{\"@type\":\"WebSite\",\"@id\":\"https:\\\/\\\/alcala.salesianos.edu\\\/colegio\\\/#website\",\"url\":\"https:\\\/\\\/alcala.salesianos.edu\\\/colegio\\\/\",\"name\":\"Colegio Salesiano Alcal\u00e1\",\"description\":\"P\u00e1gina oficial de Salesianos Alcal\u00e1 de Guadaira\",\"potentialAction\":[{\"@type\":\"SearchAction\",\"target\":{\"@type\":\"EntryPoint\",\"urlTemplate\":\"https:\\\/\\\/alcala.salesianos.edu\\\/colegio\\\/?s={search_term_string}\"},\"query-input\":{\"@type\":\"PropertyValueSpecification\",\"valueRequired\":true,\"valueName\":\"search_term_string\"}}],\"inLanguage\":\"es\"},{\"@type\":\"Person\",\"@id\":\"https:\\\/\\\/alcala.salesianos.edu\\\/colegio\\\/#\\\/schema\\\/person\\\/afcc24f776dc91fc2bf9afb0998fca77\",\"name\":\"Administrador Web\",\"image\":{\"@type\":\"ImageObject\",\"inLanguage\":\"es\",\"@id\":\"https:\\\/\\\/secure.gravatar.com\\\/avatar\\\/bc157e994689bd6da9645c00aa3bc4d55b727915b6652642660db0aef086585f?s=96&d=mm&r=g\",\"url\":\"https:\\\/\\\/secure.gravatar.com\\\/avatar\\\/bc157e994689bd6da9645c00aa3bc4d55b727915b6652642660db0aef086585f?s=96&d=mm&r=g\",\"contentUrl\":\"https:\\\/\\\/secure.gravatar.com\\\/avatar\\\/bc157e994689bd6da9645c00aa3bc4d55b727915b6652642660db0aef086585f?s=96&d=mm&r=g\",\"caption\":\"Administrador Web\"}}]}<\/script>\n<!-- \/ Yoast SEO plugin. -->","yoast_head_json":{"title":"Ganadores del concurso de la Cabalgata de Alcal\u00e1 - Colegio Salesiano Alcal\u00e1","robots":{"index":"index","follow":"follow","max-snippet":"max-snippet:-1","max-image-preview":"max-image-preview:large","max-video-preview":"max-video-preview:-1"},"canonical":"https:\/\/alcala.salesianos.edu\/colegio\/blog\/2021\/01\/19\/ganadores-del-concurso-de-la-cabalgata-de-alcala\/","og_locale":"es_ES","og_type":"article","og_title":"Ganadores del concurso de la Cabalgata de Alcal\u00e1 - Colegio Salesiano Alcal\u00e1","og_description":"Los trabajos de Fco. de Borja Guti\u00e9rrez y Sara Torres fueron seleccionados como ganadores por la Asociaci\u00f3n de Amigos de los Reyes Magos de nuestra ciudad.","og_url":"https:\/\/alcala.salesianos.edu\/colegio\/blog\/2021\/01\/19\/ganadores-del-concurso-de-la-cabalgata-de-alcala\/","og_site_name":"Colegio Salesiano Alcal\u00e1","article_published_time":"2021-01-19T16:05:30+00:00","article_modified_time":"2025-08-27T07:50:46+00:00","author":"Administrador Web","twitter_card":"summary_large_image","twitter_misc":{"Escrito por":"Administrador Web","Tiempo de lectura":"2 minutos"},"schema":{"@context":"https:\/\/schema.org","@graph":[{"@type":"Article","@id":"https:\/\/alcala.salesianos.edu\/colegio\/blog\/2021\/01\/19\/ganadores-del-concurso-de-la-cabalgata-de-alcala\/#article","isPartOf":{"@id":"https:\/\/alcala.salesianos.edu\/colegio\/blog\/2021\/01\/19\/ganadores-del-concurso-de-la-cabalgata-de-alcala\/"},"author":{"name":"Administrador Web","@id":"https:\/\/alcala.salesianos.edu\/colegio\/#\/schema\/person\/afcc24f776dc91fc2bf9afb0998fca77"},"headline":"Ganadores del concurso de la Cabalgata de Alcal\u00e1","datePublished":"2021-01-19T16:05:30+00:00","dateModified":"2025-08-27T07:50:46+00:00","mainEntityOfPage":{"@id":"https:\/\/alcala.salesianos.edu\/colegio\/blog\/2021\/01\/19\/ganadores-del-concurso-de-la-cabalgata-de-alcala\/"},"wordCount":357,"articleSection":["Colegio","covid","Escuela abierta","FASA","Infantil","Pastoral","Portada","Primaria","Secundaria","Uncategorized"],"inLanguage":"es"},{"@type":"WebPage","@id":"https:\/\/alcala.salesianos.edu\/colegio\/blog\/2021\/01\/19\/ganadores-del-concurso-de-la-cabalgata-de-alcala\/","url":"https:\/\/alcala.salesianos.edu\/colegio\/blog\/2021\/01\/19\/ganadores-del-concurso-de-la-cabalgata-de-alcala\/","name":"Ganadores del concurso de la Cabalgata de Alcal\u00e1 - Colegio Salesiano Alcal\u00e1","isPartOf":{"@id":"https:\/\/alcala.salesianos.edu\/colegio\/#website"},"datePublished":"2021-01-19T16:05:30+00:00","dateModified":"2025-08-27T07:50:46+00:00","author":{"@id":"https:\/\/alcala.salesianos.edu\/colegio\/#\/schema\/person\/afcc24f776dc91fc2bf9afb0998fca77"},"breadcrumb":{"@id":"https:\/\/alcala.salesianos.edu\/colegio\/blog\/2021\/01\/19\/ganadores-del-concurso-de-la-cabalgata-de-alcala\/#breadcrumb"},"inLanguage":"es","potentialAction":[{"@type":"ReadAction","target":["https:\/\/alcala.salesianos.edu\/colegio\/blog\/2021\/01\/19\/ganadores-del-concurso-de-la-cabalgata-de-alcala\/"]}]},{"@type":"BreadcrumbList","@id":"https:\/\/alcala.salesianos.edu\/colegio\/blog\/2021\/01\/19\/ganadores-del-concurso-de-la-cabalgata-de-alcala\/#breadcrumb","itemListElement":[{"@type":"ListItem","position":1,"name":"Portada","item":"https:\/\/alcala.salesianos.edu\/colegio\/"},{"@type":"ListItem","position":2,"name":"Ganadores del concurso de la Cabalgata de Alcal\u00e1"}]},{"@type":"WebSite","@id":"https:\/\/alcala.salesianos.edu\/colegio\/#website","url":"https:\/\/alcala.salesianos.edu\/colegio\/","name":"Colegio Salesiano Alcal\u00e1","description":"P\u00e1gina oficial de Salesianos Alcal\u00e1 de Guadaira","potentialAction":[{"@type":"SearchAction","target":{"@type":"EntryPoint","urlTemplate":"https:\/\/alcala.salesianos.edu\/colegio\/?s={search_term_string}"},"query-input":{"@type":"PropertyValueSpecification","valueRequired":true,"valueName":"search_term_string"}}],"inLanguage":"es"},{"@type":"Person","@id":"https:\/\/alcala.salesianos.edu\/colegio\/#\/schema\/person\/afcc24f776dc91fc2bf9afb0998fca77","name":"Administrador Web","image":{"@type":"ImageObject","inLanguage":"es","@id":"https:\/\/secure.gravatar.com\/avatar\/bc157e994689bd6da9645c00aa3bc4d55b727915b6652642660db0aef086585f?s=96&d=mm&r=g","url":"https:\/\/secure.gravatar.com\/avatar\/bc157e994689bd6da9645c00aa3bc4d55b727915b6652642660db0aef086585f?s=96&d=mm&r=g","contentUrl":"https:\/\/secure.gravatar.com\/avatar\/bc157e994689bd6da9645c00aa3bc4d55b727915b6652642660db0aef086585f?s=96&d=mm&r=g","caption":"Administrador Web"}}]}},"_links":{"self":[{"href":"https:\/\/alcala.salesianos.edu\/colegio\/wp-json\/wp\/v2\/posts\/13780","targetHints":{"allow":["GET"]}}],"collection":[{"href":"https:\/\/alcala.salesianos.edu\/colegio\/wp-json\/wp\/v2\/posts"}],"about":[{"href":"https:\/\/alcala.salesianos.edu\/colegio\/wp-json\/wp\/v2\/types\/post"}],"author":[{"embeddable":true,"href":"https:\/\/alcala.salesianos.edu\/colegio\/wp-json\/wp\/v2\/users\/2"}],"replies":[{"embeddable":true,"href":"https:\/\/alcala.salesianos.edu\/colegio\/wp-json\/wp\/v2\/comments?post=13780"}],"version-history":[{"count":1,"href":"https:\/\/alcala.salesianos.edu\/colegio\/wp-json\/wp\/v2\/posts\/13780\/revisions"}],"predecessor-version":[{"id":16714,"href":"https:\/\/alcala.salesianos.edu\/colegio\/wp-json\/wp\/v2\/posts\/13780\/revisions\/16714"}],"wp:attachment":[{"href":"https:\/\/alcala.salesianos.edu\/colegio\/wp-json\/wp\/v2\/media?parent=13780"}],"wp:term":[{"taxonomy":"category","embeddable":true,"href":"https:\/\/alcala.salesianos.edu\/colegio\/wp-json\/wp\/v2\/categories?post=13780"},{"taxonomy":"post_tag","embeddable":true,"href":"https:\/\/alcala.salesianos.edu\/colegio\/wp-json\/wp\/v2\/tags?post=13780"}],"curies":[{"name":"wp","href":"https:\/\/api.w.org\/{rel}","templated":true}]}}