{"id":13756,"date":"2021-01-07T09:34:45","date_gmt":"2021-01-07T08:34:45","guid":{"rendered":"https:\/\/alcala.salesianos.edu\/colegio\/blog\/2021\/01\/07\/aguinaldo\/"},"modified":"2025-08-27T08:50:49","modified_gmt":"2025-08-27T07:50:49","slug":"aguinaldo","status":"publish","type":"post","link":"https:\/\/alcala.salesianos.edu\/colegio\/blog\/2021\/01\/07\/aguinaldo\/","title":{"rendered":"Aguinaldo 2021 del Rector Mayor D. \u00c1ngel Fern\u00e1ndez"},"content":{"rendered":"<div id=\"fb-root\"><\/div>\n<p>[et_pb_section fb_built=\u00bb1&#8243; _builder_version=\u00bb4.5.8&#8243; _module_preset=\u00bbdefault\u00bb][et_pb_row _builder_version=\u00bb4.5.8&#8243; _module_preset=\u00bbdefault\u00bb][et_pb_column type=\u00bb4_4&#8243; _builder_version=\u00bb4.5.8&#8243; _module_preset=\u00bbdefault\u00bb][et_pb_text _builder_version=\u00bb4.5.8&#8243; _module_preset=\u00bbdefault\u00bb]<\/p>\n<p>La primera proyecci\u00f3n mundial del Aguinaldo del Rector Mayor para 2021 tuvo lugar el 26 de diciembre, fiesta de San Esteban protom\u00e1rtir, sobre el tema\u00a0<b>\u00abNos mueve la esperanza: \u2018Quiero hacer nuevas todas las cosas\u2019 (Ap 21.5)\u00bb<\/b>.\u00a0<\/p>\n<p>El programa de actividades comenz\u00f3 a las 16.00 con el tradicional encuentro del Rector Mayor, el padre \u00c1ngel Fern\u00e1ndez Artime, con la Madre General de las Hijas de Mar\u00eda Auxiliadora (FMA) y con un peque\u00f1o grupo de hermanas en la Casa general de las FMA. Es a ellas a quienes el X Sucesor de Don Bosco present\u00f3 un avance del contenido de lema del Aguinaldo, perpetuando la tradici\u00f3n de que el Rector Mayor de los Salesianos de Don Bosco, Padre y Centro de Unidad de la Familia Salesiana, sea el primero en entregar a las FMA, el mensaje del Aguinaldo para el nuevo a\u00f1o.<\/p>\n<p>[\/et_pb_text][et_pb_video src=\u00bbhttps:\/\/www.youtube.com\/watch?v=Xym_RKRz0Sk&#038;feature=emb_title&#038;ab_channel=SalesianosSMX\u00bb _builder_version=\u00bb4.5.8&#8243; _module_preset=\u00bbdefault\u00bb][\/et_pb_video][et_pb_text _builder_version=\u00bb4.5.8&#8243; _module_preset=\u00bbdefault\u00bb]<\/p>\n<p>Posteriormente, a las 18:00 \u2013 como principal novedad \u2013 tuvo lugar la transmisi\u00f3n en directo en la p\u00e1gina Facebook de ANS, con comentarios simult\u00e1neos traducidos en cinco idiomas, del v\u00eddeo del\u00a0Aguinaldo lo que permiti\u00f3 difundir de inmediato en todo el mundo salesiano la perspectiva indicada por el padre Fern\u00e1ndez Artime a todos los seguidores y admiradores que hoy tiene Don Bosco.<\/p>\n<p>Tras la proyecci\u00f3n del v\u00eddeo, el Rector Mayor atendi\u00f3 en una entrevista en directo en la que tambi\u00e9n se pudo participar sugiriendo preguntas, profundizando as\u00ed los temas y contenidos m\u00e1s destacados del Aguinaldo.<\/p>\n<p>[\/et_pb_text][et_pb_blurb title=\u00bbAguinaldo 2021&#8243; url=\u00bbhttps:\/\/www.salesianos.edu\/aguinaldo\/\u00bb url_new_window=\u00bbon\u00bb use_icon=\u00bbon\u00bb font_icon=\u00bb%%137%%\u00bb _builder_version=\u00bb4.5.8&#8243; _module_preset=\u00bbdefault\u00bb header_text_align=\u00bbcenter\u00bb header_text_color=\u00bb#dc001b\u00bb body_text_align=\u00bbcenter\u00bb body_text_color=\u00bb#dc001b\u00bb background_enable_color=\u00bboff\u00bb text_orientation=\u00bbcenter\u00bb link_option_url=\u00bbhttps:\/\/www.salesianos.edu\/aguinaldo\/\u00bb link_option_url_new_window=\u00bbon\u00bb]<\/p>\n<p>Acceda a toda la informaci\u00f3n desde aqu\u00ed.<\/p>\n<p>[\/et_pb_blurb][\/et_pb_column][\/et_pb_row][\/et_pb_section]<\/p>\n","protected":false},"excerpt":{"rendered":"<p>\u00abNos mueve la esperanza: \u2018Quiero hacer nuevas todas las cosas\u2019 (Ap 21.5)\u00bb. Este es el t\u00edtulo elegido por D. \u00c1ngel Fern\u00e1ndez para el Aguinaldo de este a\u00f1o.<\/p>\n","protected":false},"author":2,"featured_media":0,"comment_status":"closed","ping_status":"open","sticky":false,"template":"","format":"standard","meta":{"_et_pb_use_builder":"on","_et_pb_old_content":"","_et_gb_content_width":"","footnotes":""},"categories":[12,23,19,13,17,14,15,18,16,1],"tags":[],"class_list":["post-13756","post","type-post","status-publish","format-standard","hentry","category-colegio","category-covid","category-escuela-abierta","category-fasa","category-infantil","category-pastoral","category-portada","category-primaria","category-secundaria","category-uncategorized"],"yoast_head":"<!-- This site is optimized with the Yoast SEO plugin v28.4 - https:\/\/yoast.com\/product\/yoast-seo-wordpress\/ -->\n<title>Aguinaldo 2021 del Rector Mayor D. \u00c1ngel Fern\u00e1ndez - Colegio Salesiano Alcal\u00e1<\/title>\n<meta name=\"robots\" content=\"index, follow, max-snippet:-1, max-image-preview:large, max-video-preview:-1\" \/>\n<link rel=\"canonical\" href=\"https:\/\/alcala.salesianos.edu\/colegio\/blog\/2021\/01\/07\/aguinaldo\/\" \/>\n<meta property=\"og:locale\" content=\"es_ES\" \/>\n<meta property=\"og:type\" content=\"article\" \/>\n<meta property=\"og:title\" content=\"Aguinaldo 2021 del Rector Mayor D. \u00c1ngel Fern\u00e1ndez - Colegio Salesiano Alcal\u00e1\" \/>\n<meta property=\"og:description\" content=\"\u00abNos mueve la esperanza: \u2018Quiero hacer nuevas todas las cosas\u2019 (Ap 21.5)\u00bb. Este es el t\u00edtulo elegido por D. \u00c1ngel Fern\u00e1ndez para el Aguinaldo de este a\u00f1o.\" \/>\n<meta property=\"og:url\" content=\"https:\/\/alcala.salesianos.edu\/colegio\/blog\/2021\/01\/07\/aguinaldo\/\" \/>\n<meta property=\"og:site_name\" content=\"Colegio Salesiano Alcal\u00e1\" \/>\n<meta property=\"article:published_time\" content=\"2021-01-07T08:34:45+00:00\" \/>\n<meta property=\"article:modified_time\" content=\"2025-08-27T07:50:49+00:00\" \/>\n<meta name=\"author\" content=\"Administrador Web\" \/>\n<meta name=\"twitter:card\" content=\"summary_large_image\" \/>\n<meta name=\"twitter:label1\" content=\"Escrito por\" \/>\n\t<meta name=\"twitter:data1\" content=\"Administrador Web\" \/>\n\t<meta name=\"twitter:label2\" content=\"Tiempo de lectura\" \/>\n\t<meta name=\"twitter:data2\" content=\"2 minutos\" \/>\n<script type=\"application\/ld+json\" class=\"yoast-schema-graph\">{\"@context\":\"https:\\\/\\\/schema.org\",\"@graph\":[{\"@type\":\"Article\",\"@id\":\"https:\\\/\\\/alcala.salesianos.edu\\\/colegio\\\/blog\\\/2021\\\/01\\\/07\\\/aguinaldo\\\/#article\",\"isPartOf\":{\"@id\":\"https:\\\/\\\/alcala.salesianos.edu\\\/colegio\\\/blog\\\/2021\\\/01\\\/07\\\/aguinaldo\\\/\"},\"author\":{\"name\":\"Administrador Web\",\"@id\":\"https:\\\/\\\/alcala.salesianos.edu\\\/colegio\\\/#\\\/schema\\\/person\\\/afcc24f776dc91fc2bf9afb0998fca77\"},\"headline\":\"Aguinaldo 2021 del Rector Mayor D. \u00c1ngel Fern\u00e1ndez\",\"datePublished\":\"2021-01-07T08:34:45+00:00\",\"dateModified\":\"2025-08-27T07:50:49+00:00\",\"mainEntityOfPage\":{\"@id\":\"https:\\\/\\\/alcala.salesianos.edu\\\/colegio\\\/blog\\\/2021\\\/01\\\/07\\\/aguinaldo\\\/\"},\"wordCount\":413,\"articleSection\":[\"Colegio\",\"covid\",\"Escuela abierta\",\"FASA\",\"Infantil\",\"Pastoral\",\"Portada\",\"Primaria\",\"Secundaria\",\"Uncategorized\"],\"inLanguage\":\"es\"},{\"@type\":\"WebPage\",\"@id\":\"https:\\\/\\\/alcala.salesianos.edu\\\/colegio\\\/blog\\\/2021\\\/01\\\/07\\\/aguinaldo\\\/\",\"url\":\"https:\\\/\\\/alcala.salesianos.edu\\\/colegio\\\/blog\\\/2021\\\/01\\\/07\\\/aguinaldo\\\/\",\"name\":\"Aguinaldo 2021 del Rector Mayor D. \u00c1ngel Fern\u00e1ndez - Colegio Salesiano Alcal\u00e1\",\"isPartOf\":{\"@id\":\"https:\\\/\\\/alcala.salesianos.edu\\\/colegio\\\/#website\"},\"datePublished\":\"2021-01-07T08:34:45+00:00\",\"dateModified\":\"2025-08-27T07:50:49+00:00\",\"author\":{\"@id\":\"https:\\\/\\\/alcala.salesianos.edu\\\/colegio\\\/#\\\/schema\\\/person\\\/afcc24f776dc91fc2bf9afb0998fca77\"},\"breadcrumb\":{\"@id\":\"https:\\\/\\\/alcala.salesianos.edu\\\/colegio\\\/blog\\\/2021\\\/01\\\/07\\\/aguinaldo\\\/#breadcrumb\"},\"inLanguage\":\"es\",\"potentialAction\":[{\"@type\":\"ReadAction\",\"target\":[\"https:\\\/\\\/alcala.salesianos.edu\\\/colegio\\\/blog\\\/2021\\\/01\\\/07\\\/aguinaldo\\\/\"]}]},{\"@type\":\"BreadcrumbList\",\"@id\":\"https:\\\/\\\/alcala.salesianos.edu\\\/colegio\\\/blog\\\/2021\\\/01\\\/07\\\/aguinaldo\\\/#breadcrumb\",\"itemListElement\":[{\"@type\":\"ListItem\",\"position\":1,\"name\":\"Portada\",\"item\":\"https:\\\/\\\/alcala.salesianos.edu\\\/colegio\\\/\"},{\"@type\":\"ListItem\",\"position\":2,\"name\":\"Aguinaldo 2021 del Rector Mayor D. \u00c1ngel Fern\u00e1ndez\"}]},{\"@type\":\"WebSite\",\"@id\":\"https:\\\/\\\/alcala.salesianos.edu\\\/colegio\\\/#website\",\"url\":\"https:\\\/\\\/alcala.salesianos.edu\\\/colegio\\\/\",\"name\":\"Colegio Salesiano Alcal\u00e1\",\"description\":\"P\u00e1gina oficial de Salesianos Alcal\u00e1 de Guadaira\",\"potentialAction\":[{\"@type\":\"SearchAction\",\"target\":{\"@type\":\"EntryPoint\",\"urlTemplate\":\"https:\\\/\\\/alcala.salesianos.edu\\\/colegio\\\/?s={search_term_string}\"},\"query-input\":{\"@type\":\"PropertyValueSpecification\",\"valueRequired\":true,\"valueName\":\"search_term_string\"}}],\"inLanguage\":\"es\"},{\"@type\":\"Person\",\"@id\":\"https:\\\/\\\/alcala.salesianos.edu\\\/colegio\\\/#\\\/schema\\\/person\\\/afcc24f776dc91fc2bf9afb0998fca77\",\"name\":\"Administrador Web\",\"image\":{\"@type\":\"ImageObject\",\"inLanguage\":\"es\",\"@id\":\"https:\\\/\\\/secure.gravatar.com\\\/avatar\\\/bc157e994689bd6da9645c00aa3bc4d55b727915b6652642660db0aef086585f?s=96&d=mm&r=g\",\"url\":\"https:\\\/\\\/secure.gravatar.com\\\/avatar\\\/bc157e994689bd6da9645c00aa3bc4d55b727915b6652642660db0aef086585f?s=96&d=mm&r=g\",\"contentUrl\":\"https:\\\/\\\/secure.gravatar.com\\\/avatar\\\/bc157e994689bd6da9645c00aa3bc4d55b727915b6652642660db0aef086585f?s=96&d=mm&r=g\",\"caption\":\"Administrador Web\"}}]}<\/script>\n<!-- \/ Yoast SEO plugin. -->","yoast_head_json":{"title":"Aguinaldo 2021 del Rector Mayor D. \u00c1ngel Fern\u00e1ndez - Colegio Salesiano Alcal\u00e1","robots":{"index":"index","follow":"follow","max-snippet":"max-snippet:-1","max-image-preview":"max-image-preview:large","max-video-preview":"max-video-preview:-1"},"canonical":"https:\/\/alcala.salesianos.edu\/colegio\/blog\/2021\/01\/07\/aguinaldo\/","og_locale":"es_ES","og_type":"article","og_title":"Aguinaldo 2021 del Rector Mayor D. \u00c1ngel Fern\u00e1ndez - Colegio Salesiano Alcal\u00e1","og_description":"\u00abNos mueve la esperanza: \u2018Quiero hacer nuevas todas las cosas\u2019 (Ap 21.5)\u00bb. Este es el t\u00edtulo elegido por D. \u00c1ngel Fern\u00e1ndez para el Aguinaldo de este a\u00f1o.","og_url":"https:\/\/alcala.salesianos.edu\/colegio\/blog\/2021\/01\/07\/aguinaldo\/","og_site_name":"Colegio Salesiano Alcal\u00e1","article_published_time":"2021-01-07T08:34:45+00:00","article_modified_time":"2025-08-27T07:50:49+00:00","author":"Administrador Web","twitter_card":"summary_large_image","twitter_misc":{"Escrito por":"Administrador Web","Tiempo de lectura":"2 minutos"},"schema":{"@context":"https:\/\/schema.org","@graph":[{"@type":"Article","@id":"https:\/\/alcala.salesianos.edu\/colegio\/blog\/2021\/01\/07\/aguinaldo\/#article","isPartOf":{"@id":"https:\/\/alcala.salesianos.edu\/colegio\/blog\/2021\/01\/07\/aguinaldo\/"},"author":{"name":"Administrador Web","@id":"https:\/\/alcala.salesianos.edu\/colegio\/#\/schema\/person\/afcc24f776dc91fc2bf9afb0998fca77"},"headline":"Aguinaldo 2021 del Rector Mayor D. \u00c1ngel Fern\u00e1ndez","datePublished":"2021-01-07T08:34:45+00:00","dateModified":"2025-08-27T07:50:49+00:00","mainEntityOfPage":{"@id":"https:\/\/alcala.salesianos.edu\/colegio\/blog\/2021\/01\/07\/aguinaldo\/"},"wordCount":413,"articleSection":["Colegio","covid","Escuela abierta","FASA","Infantil","Pastoral","Portada","Primaria","Secundaria","Uncategorized"],"inLanguage":"es"},{"@type":"WebPage","@id":"https:\/\/alcala.salesianos.edu\/colegio\/blog\/2021\/01\/07\/aguinaldo\/","url":"https:\/\/alcala.salesianos.edu\/colegio\/blog\/2021\/01\/07\/aguinaldo\/","name":"Aguinaldo 2021 del Rector Mayor D. \u00c1ngel Fern\u00e1ndez - Colegio Salesiano Alcal\u00e1","isPartOf":{"@id":"https:\/\/alcala.salesianos.edu\/colegio\/#website"},"datePublished":"2021-01-07T08:34:45+00:00","dateModified":"2025-08-27T07:50:49+00:00","author":{"@id":"https:\/\/alcala.salesianos.edu\/colegio\/#\/schema\/person\/afcc24f776dc91fc2bf9afb0998fca77"},"breadcrumb":{"@id":"https:\/\/alcala.salesianos.edu\/colegio\/blog\/2021\/01\/07\/aguinaldo\/#breadcrumb"},"inLanguage":"es","potentialAction":[{"@type":"ReadAction","target":["https:\/\/alcala.salesianos.edu\/colegio\/blog\/2021\/01\/07\/aguinaldo\/"]}]},{"@type":"BreadcrumbList","@id":"https:\/\/alcala.salesianos.edu\/colegio\/blog\/2021\/01\/07\/aguinaldo\/#breadcrumb","itemListElement":[{"@type":"ListItem","position":1,"name":"Portada","item":"https:\/\/alcala.salesianos.edu\/colegio\/"},{"@type":"ListItem","position":2,"name":"Aguinaldo 2021 del Rector Mayor D. \u00c1ngel Fern\u00e1ndez"}]},{"@type":"WebSite","@id":"https:\/\/alcala.salesianos.edu\/colegio\/#website","url":"https:\/\/alcala.salesianos.edu\/colegio\/","name":"Colegio Salesiano Alcal\u00e1","description":"P\u00e1gina oficial de Salesianos Alcal\u00e1 de Guadaira","potentialAction":[{"@type":"SearchAction","target":{"@type":"EntryPoint","urlTemplate":"https:\/\/alcala.salesianos.edu\/colegio\/?s={search_term_string}"},"query-input":{"@type":"PropertyValueSpecification","valueRequired":true,"valueName":"search_term_string"}}],"inLanguage":"es"},{"@type":"Person","@id":"https:\/\/alcala.salesianos.edu\/colegio\/#\/schema\/person\/afcc24f776dc91fc2bf9afb0998fca77","name":"Administrador Web","image":{"@type":"ImageObject","inLanguage":"es","@id":"https:\/\/secure.gravatar.com\/avatar\/bc157e994689bd6da9645c00aa3bc4d55b727915b6652642660db0aef086585f?s=96&d=mm&r=g","url":"https:\/\/secure.gravatar.com\/avatar\/bc157e994689bd6da9645c00aa3bc4d55b727915b6652642660db0aef086585f?s=96&d=mm&r=g","contentUrl":"https:\/\/secure.gravatar.com\/avatar\/bc157e994689bd6da9645c00aa3bc4d55b727915b6652642660db0aef086585f?s=96&d=mm&r=g","caption":"Administrador Web"}}]}},"_links":{"self":[{"href":"https:\/\/alcala.salesianos.edu\/colegio\/wp-json\/wp\/v2\/posts\/13756","targetHints":{"allow":["GET"]}}],"collection":[{"href":"https:\/\/alcala.salesianos.edu\/colegio\/wp-json\/wp\/v2\/posts"}],"about":[{"href":"https:\/\/alcala.salesianos.edu\/colegio\/wp-json\/wp\/v2\/types\/post"}],"author":[{"embeddable":true,"href":"https:\/\/alcala.salesianos.edu\/colegio\/wp-json\/wp\/v2\/users\/2"}],"replies":[{"embeddable":true,"href":"https:\/\/alcala.salesianos.edu\/colegio\/wp-json\/wp\/v2\/comments?post=13756"}],"version-history":[{"count":1,"href":"https:\/\/alcala.salesianos.edu\/colegio\/wp-json\/wp\/v2\/posts\/13756\/revisions"}],"predecessor-version":[{"id":16716,"href":"https:\/\/alcala.salesianos.edu\/colegio\/wp-json\/wp\/v2\/posts\/13756\/revisions\/16716"}],"wp:attachment":[{"href":"https:\/\/alcala.salesianos.edu\/colegio\/wp-json\/wp\/v2\/media?parent=13756"}],"wp:term":[{"taxonomy":"category","embeddable":true,"href":"https:\/\/alcala.salesianos.edu\/colegio\/wp-json\/wp\/v2\/categories?post=13756"},{"taxonomy":"post_tag","embeddable":true,"href":"https:\/\/alcala.salesianos.edu\/colegio\/wp-json\/wp\/v2\/tags?post=13756"}],"curies":[{"name":"wp","href":"https:\/\/api.w.org\/{rel}","templated":true}]}}