{"id":13344,"date":"2020-12-09T11:17:53","date_gmt":"2020-12-09T10:17:53","guid":{"rendered":"https:\/\/alcala.salesianos.edu\/colegio\/blog\/2020\/12\/09\/salesianos-y-victor-kuppers-ofrecen-optimismo-frente-a-la-pandemia\/"},"modified":"2025-08-27T08:50:52","modified_gmt":"2025-08-27T07:50:52","slug":"salesianos-y-victor-kuppers-ofrecen-optimismo-frente-a-la-pandemia","status":"publish","type":"post","link":"https:\/\/alcala.salesianos.edu\/colegio\/blog\/2020\/12\/09\/salesianos-y-victor-kuppers-ofrecen-optimismo-frente-a-la-pandemia\/","title":{"rendered":"Salesianos y Victor K\u00fcppers ofrecen \u2018Optimismo frente a la pandemia\u2019"},"content":{"rendered":"<div id=\"fb-root\"><\/div>\n\n\n[et_pb_section fb_built=\u00bb1&#8243; _builder_version=\u00bb4.5.8&#8243; _module_preset=\u00bbdefault\u00bb][et_pb_row _builder_version=\u00bb4.5.8&#8243; _module_preset=\u00bbdefault\u00bb][et_pb_column _builder_version=\u00bb4.5.8&#8243; _module_preset=\u00bbdefault\u00bb type=\u00bb4_4&#8243;][et_pb_text _builder_version=\u00bb4.5.8&#8243; _module_preset=\u00bbdefault\u00bb hover_enabled=\u00bb0&#8243;]\r\n<div dir=\"ltr\">\r\n\r\nLas Escuelas Salesianas ofrecer\u00e1n el pr\u00f3ximo d\u00eda 9 de diciembre un Di\u00e1logo con el formador\u00a0<strong>V\u00edctor K\u00fcppers<\/strong>\u00a0titulado\u00a0<strong>\u2018Optimismo frente a la pandemia\u2019<\/strong>. El encuentro, que ser\u00e1 virtual y privado, va dirigido a todas las familias, educadores y personal de administraci\u00f3n y servicios de la inspector\u00eda y estar\u00e1 organizado por el\u00a0<strong>Colegio Salesiano de Burriana<\/strong>\u00a0con la colaboraci\u00f3n de la Federaci\u00f3n de Asociaciones de Madres y Padres Salesianos (FAPASI). El objetivo de las conferencias de K\u00fcppers es que act\u00faen de revulsivo y ayuden a los participantes a reflexionar para que logren potenciar su motivaci\u00f3n y que trabajen y vivan con m\u00e1s alegr\u00eda, ilusi\u00f3n y optimismo.\r\n\r\n<b>Estoy plenamente convencido, la \u00fanica vida que tiene sentido es una vida con sentido<\/b>\r\n\r\nV\u00edctor K\u00fcppers es uno de los formadores m\u00e1s prestigiosos, sus conferencias sobre motivaci\u00f3n y ventas son escuchadas por miles de personas. A los 28 a\u00f1os un accidente lo postr\u00f3 seis meses en la cama. Fue el momento en que se reh\u00edzo en su vocaci\u00f3n. Licenciado en Administraci\u00f3n y Direcci\u00f3n de Empresas y Doctor en Humanidades. Trabaja como formador y conferenciante y da clases en la Universidad de Barcelona y en la Universidad Aut\u00f3noma de Barcelona. Anteriormente trabaj\u00f3 como vicepresidente de Barna Consulting Group y Research Assistant de IESE.\r\n\r\n<\/div>\r\n<blockquote>\r\n<div dir=\"ltr\">\r\n\r\n\u00abCreo firmemente que se puede vivir y trabajar con alegr\u00eda en un entorno que no ayuda y que lo normal, si no tienes un drama en tu vida, es vivir con pasi\u00f3n, con ganas, con ilusi\u00f3n; no es lo habitual pero si lo normal y uno tiene que aspirar a ser normal\u00bb, comparte\u00a0K\u00fcppers a modo de carta de presentaci\u00f3n. \u00abEn mi trabajo considero muy importante facilitar que las personas trabajen en base a principios y valores humanos, ser buenas personas es la base de todo en esta vida, las personas no nos gustan por su curriculum sino por su manera de ser\u00bb, a\u00f1ade.\r\n\r\n<\/div><\/blockquote>\r\n[\/et_pb_text][et_pb_video _builder_version=\u00bb4.5.8&#8243; _module_preset=\u00bbdefault\u00bb src=\u00bbhttps:\/\/www.youtube.com\/watch?v=nWecIwtN2ho\u00bb hover_enabled=\u00bb0&#8243;][\/et_pb_video][et_pb_text _builder_version=\u00bb4.5.8&#8243; _module_preset=\u00bbdefault\u00bb hover_enabled=\u00bb0&#8243;]\r\n<div dir=\"ltr\">\r\n\r\n<b>Una gran red de escuelas salesianas<\/b>\r\n\r\nLa\u00a0<strong>inspector\u00eda Mar\u00eda Auxiliadora<\/strong>\u00a0cuenta con 59 Colegios repartidos en 8 Comunidades Aut\u00f3nomas con 39958 alumnos y 2742 docentes. La visi\u00f3n estrat\u00e9gica marcada desde la coordinaci\u00f3n de Escuelas est\u00e1 estructurada en torno a cinco n\u00facleos: fortalecer la identidad carism\u00e1tica; organizaci\u00f3n y estrategia; cuidado de la Comunidad Educativo-Pastoral, escuela inclusiva y popular, e innovaci\u00f3n pedag\u00f3gica.\r\n\r\n<\/div>\r\n<div dir=\"ltr\">\r\n\r\n\u201cEn el desarrollo de esta estrategia, el equipo de escuelas de la Inspector\u00eda est\u00e1 realizando una apuesta por el trabajo en red entre los centros, por el acompa\u00f1amiento en innovaci\u00f3n, por la Formaci\u00f3n Profesional, por la coordinaci\u00f3n de proyectos europeos y por la formaci\u00f3n de las personas\u201d afirma\u00a0<strong>Miguel Canino<\/strong>, coordinador inspectorial de Escuelas.\r\n\r\n<\/div>\r\n[\/et_pb_text][\/et_pb_column][\/et_pb_row][\/et_pb_section]\n\n","protected":false},"excerpt":{"rendered":"<p>Salesianos Burriana y la inspector\u00eda Salesianos Mar\u00eda Auxiliadora nos ofrecen esta charla hoy a las 19,00 h. El enlace ser\u00e1 enviado a trav\u00e9s de la plataforma Qualitas Escuela Familia.<\/p>\n","protected":false},"author":2,"featured_media":0,"comment_status":"closed","ping_status":"open","sticky":false,"template":"","format":"standard","meta":{"_et_pb_use_builder":"on","_et_pb_old_content":"","_et_gb_content_width":"","footnotes":""},"categories":[1],"tags":[],"class_list":["post-13344","post","type-post","status-publish","format-standard","hentry","category-uncategorized"],"yoast_head":"<!-- This site is optimized with the Yoast SEO plugin v28.4 - https:\/\/yoast.com\/product\/yoast-seo-wordpress\/ -->\n<title>Salesianos y Victor K\u00fcppers ofrecen \u2018Optimismo frente a la pandemia\u2019 - Colegio Salesiano Alcal\u00e1<\/title>\n<meta name=\"robots\" content=\"index, follow, max-snippet:-1, max-image-preview:large, max-video-preview:-1\" \/>\n<link rel=\"canonical\" href=\"https:\/\/alcala.salesianos.edu\/colegio\/blog\/2020\/12\/09\/salesianos-y-victor-kuppers-ofrecen-optimismo-frente-a-la-pandemia\/\" \/>\n<meta property=\"og:locale\" content=\"es_ES\" \/>\n<meta property=\"og:type\" content=\"article\" \/>\n<meta property=\"og:title\" content=\"Salesianos y Victor K\u00fcppers ofrecen \u2018Optimismo frente a la pandemia\u2019 - Colegio Salesiano Alcal\u00e1\" \/>\n<meta property=\"og:description\" content=\"Salesianos Burriana y la inspector\u00eda Salesianos Mar\u00eda Auxiliadora nos ofrecen esta charla hoy a las 19,00 h. El enlace ser\u00e1 enviado a trav\u00e9s de la plataforma Qualitas Escuela Familia.\" \/>\n<meta property=\"og:url\" content=\"https:\/\/alcala.salesianos.edu\/colegio\/blog\/2020\/12\/09\/salesianos-y-victor-kuppers-ofrecen-optimismo-frente-a-la-pandemia\/\" \/>\n<meta property=\"og:site_name\" content=\"Colegio Salesiano Alcal\u00e1\" \/>\n<meta property=\"article:published_time\" content=\"2020-12-09T10:17:53+00:00\" \/>\n<meta property=\"article:modified_time\" content=\"2025-08-27T07:50:52+00:00\" \/>\n<meta name=\"author\" content=\"Administrador Web\" \/>\n<meta name=\"twitter:card\" content=\"summary_large_image\" \/>\n<meta name=\"twitter:label1\" content=\"Escrito por\" \/>\n\t<meta name=\"twitter:data1\" content=\"Administrador Web\" \/>\n\t<meta name=\"twitter:label2\" content=\"Tiempo de lectura\" \/>\n\t<meta name=\"twitter:data2\" content=\"3 minutos\" \/>\n<script type=\"application\/ld+json\" class=\"yoast-schema-graph\">{\"@context\":\"https:\\\/\\\/schema.org\",\"@graph\":[{\"@type\":\"Article\",\"@id\":\"https:\\\/\\\/alcala.salesianos.edu\\\/colegio\\\/blog\\\/2020\\\/12\\\/09\\\/salesianos-y-victor-kuppers-ofrecen-optimismo-frente-a-la-pandemia\\\/#article\",\"isPartOf\":{\"@id\":\"https:\\\/\\\/alcala.salesianos.edu\\\/colegio\\\/blog\\\/2020\\\/12\\\/09\\\/salesianos-y-victor-kuppers-ofrecen-optimismo-frente-a-la-pandemia\\\/\"},\"author\":{\"name\":\"Administrador Web\",\"@id\":\"https:\\\/\\\/alcala.salesianos.edu\\\/colegio\\\/#\\\/schema\\\/person\\\/afcc24f776dc91fc2bf9afb0998fca77\"},\"headline\":\"Salesianos y Victor K\u00fcppers ofrecen \u2018Optimismo frente a la pandemia\u2019\",\"datePublished\":\"2020-12-09T10:17:53+00:00\",\"dateModified\":\"2025-08-27T07:50:52+00:00\",\"mainEntityOfPage\":{\"@id\":\"https:\\\/\\\/alcala.salesianos.edu\\\/colegio\\\/blog\\\/2020\\\/12\\\/09\\\/salesianos-y-victor-kuppers-ofrecen-optimismo-frente-a-la-pandemia\\\/\"},\"wordCount\":563,\"articleSection\":[\"Uncategorized\"],\"inLanguage\":\"es\"},{\"@type\":\"WebPage\",\"@id\":\"https:\\\/\\\/alcala.salesianos.edu\\\/colegio\\\/blog\\\/2020\\\/12\\\/09\\\/salesianos-y-victor-kuppers-ofrecen-optimismo-frente-a-la-pandemia\\\/\",\"url\":\"https:\\\/\\\/alcala.salesianos.edu\\\/colegio\\\/blog\\\/2020\\\/12\\\/09\\\/salesianos-y-victor-kuppers-ofrecen-optimismo-frente-a-la-pandemia\\\/\",\"name\":\"Salesianos y Victor K\u00fcppers ofrecen \u2018Optimismo frente a la pandemia\u2019 - Colegio Salesiano Alcal\u00e1\",\"isPartOf\":{\"@id\":\"https:\\\/\\\/alcala.salesianos.edu\\\/colegio\\\/#website\"},\"datePublished\":\"2020-12-09T10:17:53+00:00\",\"dateModified\":\"2025-08-27T07:50:52+00:00\",\"author\":{\"@id\":\"https:\\\/\\\/alcala.salesianos.edu\\\/colegio\\\/#\\\/schema\\\/person\\\/afcc24f776dc91fc2bf9afb0998fca77\"},\"breadcrumb\":{\"@id\":\"https:\\\/\\\/alcala.salesianos.edu\\\/colegio\\\/blog\\\/2020\\\/12\\\/09\\\/salesianos-y-victor-kuppers-ofrecen-optimismo-frente-a-la-pandemia\\\/#breadcrumb\"},\"inLanguage\":\"es\",\"potentialAction\":[{\"@type\":\"ReadAction\",\"target\":[\"https:\\\/\\\/alcala.salesianos.edu\\\/colegio\\\/blog\\\/2020\\\/12\\\/09\\\/salesianos-y-victor-kuppers-ofrecen-optimismo-frente-a-la-pandemia\\\/\"]}]},{\"@type\":\"BreadcrumbList\",\"@id\":\"https:\\\/\\\/alcala.salesianos.edu\\\/colegio\\\/blog\\\/2020\\\/12\\\/09\\\/salesianos-y-victor-kuppers-ofrecen-optimismo-frente-a-la-pandemia\\\/#breadcrumb\",\"itemListElement\":[{\"@type\":\"ListItem\",\"position\":1,\"name\":\"Portada\",\"item\":\"https:\\\/\\\/alcala.salesianos.edu\\\/colegio\\\/\"},{\"@type\":\"ListItem\",\"position\":2,\"name\":\"Salesianos y Victor K\u00fcppers ofrecen \u2018Optimismo frente a la pandemia\u2019\"}]},{\"@type\":\"WebSite\",\"@id\":\"https:\\\/\\\/alcala.salesianos.edu\\\/colegio\\\/#website\",\"url\":\"https:\\\/\\\/alcala.salesianos.edu\\\/colegio\\\/\",\"name\":\"Colegio Salesiano Alcal\u00e1\",\"description\":\"P\u00e1gina oficial de Salesianos Alcal\u00e1 de Guadaira\",\"potentialAction\":[{\"@type\":\"SearchAction\",\"target\":{\"@type\":\"EntryPoint\",\"urlTemplate\":\"https:\\\/\\\/alcala.salesianos.edu\\\/colegio\\\/?s={search_term_string}\"},\"query-input\":{\"@type\":\"PropertyValueSpecification\",\"valueRequired\":true,\"valueName\":\"search_term_string\"}}],\"inLanguage\":\"es\"},{\"@type\":\"Person\",\"@id\":\"https:\\\/\\\/alcala.salesianos.edu\\\/colegio\\\/#\\\/schema\\\/person\\\/afcc24f776dc91fc2bf9afb0998fca77\",\"name\":\"Administrador Web\",\"image\":{\"@type\":\"ImageObject\",\"inLanguage\":\"es\",\"@id\":\"https:\\\/\\\/secure.gravatar.com\\\/avatar\\\/bc157e994689bd6da9645c00aa3bc4d55b727915b6652642660db0aef086585f?s=96&d=mm&r=g\",\"url\":\"https:\\\/\\\/secure.gravatar.com\\\/avatar\\\/bc157e994689bd6da9645c00aa3bc4d55b727915b6652642660db0aef086585f?s=96&d=mm&r=g\",\"contentUrl\":\"https:\\\/\\\/secure.gravatar.com\\\/avatar\\\/bc157e994689bd6da9645c00aa3bc4d55b727915b6652642660db0aef086585f?s=96&d=mm&r=g\",\"caption\":\"Administrador Web\"}}]}<\/script>\n<!-- \/ Yoast SEO plugin. -->","yoast_head_json":{"title":"Salesianos y Victor K\u00fcppers ofrecen \u2018Optimismo frente a la pandemia\u2019 - Colegio Salesiano Alcal\u00e1","robots":{"index":"index","follow":"follow","max-snippet":"max-snippet:-1","max-image-preview":"max-image-preview:large","max-video-preview":"max-video-preview:-1"},"canonical":"https:\/\/alcala.salesianos.edu\/colegio\/blog\/2020\/12\/09\/salesianos-y-victor-kuppers-ofrecen-optimismo-frente-a-la-pandemia\/","og_locale":"es_ES","og_type":"article","og_title":"Salesianos y Victor K\u00fcppers ofrecen \u2018Optimismo frente a la pandemia\u2019 - Colegio Salesiano Alcal\u00e1","og_description":"Salesianos Burriana y la inspector\u00eda Salesianos Mar\u00eda Auxiliadora nos ofrecen esta charla hoy a las 19,00 h. El enlace ser\u00e1 enviado a trav\u00e9s de la plataforma Qualitas Escuela Familia.","og_url":"https:\/\/alcala.salesianos.edu\/colegio\/blog\/2020\/12\/09\/salesianos-y-victor-kuppers-ofrecen-optimismo-frente-a-la-pandemia\/","og_site_name":"Colegio Salesiano Alcal\u00e1","article_published_time":"2020-12-09T10:17:53+00:00","article_modified_time":"2025-08-27T07:50:52+00:00","author":"Administrador Web","twitter_card":"summary_large_image","twitter_misc":{"Escrito por":"Administrador Web","Tiempo de lectura":"3 minutos"},"schema":{"@context":"https:\/\/schema.org","@graph":[{"@type":"Article","@id":"https:\/\/alcala.salesianos.edu\/colegio\/blog\/2020\/12\/09\/salesianos-y-victor-kuppers-ofrecen-optimismo-frente-a-la-pandemia\/#article","isPartOf":{"@id":"https:\/\/alcala.salesianos.edu\/colegio\/blog\/2020\/12\/09\/salesianos-y-victor-kuppers-ofrecen-optimismo-frente-a-la-pandemia\/"},"author":{"name":"Administrador Web","@id":"https:\/\/alcala.salesianos.edu\/colegio\/#\/schema\/person\/afcc24f776dc91fc2bf9afb0998fca77"},"headline":"Salesianos y Victor K\u00fcppers ofrecen \u2018Optimismo frente a la pandemia\u2019","datePublished":"2020-12-09T10:17:53+00:00","dateModified":"2025-08-27T07:50:52+00:00","mainEntityOfPage":{"@id":"https:\/\/alcala.salesianos.edu\/colegio\/blog\/2020\/12\/09\/salesianos-y-victor-kuppers-ofrecen-optimismo-frente-a-la-pandemia\/"},"wordCount":563,"articleSection":["Uncategorized"],"inLanguage":"es"},{"@type":"WebPage","@id":"https:\/\/alcala.salesianos.edu\/colegio\/blog\/2020\/12\/09\/salesianos-y-victor-kuppers-ofrecen-optimismo-frente-a-la-pandemia\/","url":"https:\/\/alcala.salesianos.edu\/colegio\/blog\/2020\/12\/09\/salesianos-y-victor-kuppers-ofrecen-optimismo-frente-a-la-pandemia\/","name":"Salesianos y Victor K\u00fcppers ofrecen \u2018Optimismo frente a la pandemia\u2019 - Colegio Salesiano Alcal\u00e1","isPartOf":{"@id":"https:\/\/alcala.salesianos.edu\/colegio\/#website"},"datePublished":"2020-12-09T10:17:53+00:00","dateModified":"2025-08-27T07:50:52+00:00","author":{"@id":"https:\/\/alcala.salesianos.edu\/colegio\/#\/schema\/person\/afcc24f776dc91fc2bf9afb0998fca77"},"breadcrumb":{"@id":"https:\/\/alcala.salesianos.edu\/colegio\/blog\/2020\/12\/09\/salesianos-y-victor-kuppers-ofrecen-optimismo-frente-a-la-pandemia\/#breadcrumb"},"inLanguage":"es","potentialAction":[{"@type":"ReadAction","target":["https:\/\/alcala.salesianos.edu\/colegio\/blog\/2020\/12\/09\/salesianos-y-victor-kuppers-ofrecen-optimismo-frente-a-la-pandemia\/"]}]},{"@type":"BreadcrumbList","@id":"https:\/\/alcala.salesianos.edu\/colegio\/blog\/2020\/12\/09\/salesianos-y-victor-kuppers-ofrecen-optimismo-frente-a-la-pandemia\/#breadcrumb","itemListElement":[{"@type":"ListItem","position":1,"name":"Portada","item":"https:\/\/alcala.salesianos.edu\/colegio\/"},{"@type":"ListItem","position":2,"name":"Salesianos y Victor K\u00fcppers ofrecen \u2018Optimismo frente a la pandemia\u2019"}]},{"@type":"WebSite","@id":"https:\/\/alcala.salesianos.edu\/colegio\/#website","url":"https:\/\/alcala.salesianos.edu\/colegio\/","name":"Colegio Salesiano Alcal\u00e1","description":"P\u00e1gina oficial de Salesianos Alcal\u00e1 de Guadaira","potentialAction":[{"@type":"SearchAction","target":{"@type":"EntryPoint","urlTemplate":"https:\/\/alcala.salesianos.edu\/colegio\/?s={search_term_string}"},"query-input":{"@type":"PropertyValueSpecification","valueRequired":true,"valueName":"search_term_string"}}],"inLanguage":"es"},{"@type":"Person","@id":"https:\/\/alcala.salesianos.edu\/colegio\/#\/schema\/person\/afcc24f776dc91fc2bf9afb0998fca77","name":"Administrador Web","image":{"@type":"ImageObject","inLanguage":"es","@id":"https:\/\/secure.gravatar.com\/avatar\/bc157e994689bd6da9645c00aa3bc4d55b727915b6652642660db0aef086585f?s=96&d=mm&r=g","url":"https:\/\/secure.gravatar.com\/avatar\/bc157e994689bd6da9645c00aa3bc4d55b727915b6652642660db0aef086585f?s=96&d=mm&r=g","contentUrl":"https:\/\/secure.gravatar.com\/avatar\/bc157e994689bd6da9645c00aa3bc4d55b727915b6652642660db0aef086585f?s=96&d=mm&r=g","caption":"Administrador Web"}}]}},"_links":{"self":[{"href":"https:\/\/alcala.salesianos.edu\/colegio\/wp-json\/wp\/v2\/posts\/13344","targetHints":{"allow":["GET"]}}],"collection":[{"href":"https:\/\/alcala.salesianos.edu\/colegio\/wp-json\/wp\/v2\/posts"}],"about":[{"href":"https:\/\/alcala.salesianos.edu\/colegio\/wp-json\/wp\/v2\/types\/post"}],"author":[{"embeddable":true,"href":"https:\/\/alcala.salesianos.edu\/colegio\/wp-json\/wp\/v2\/users\/2"}],"replies":[{"embeddable":true,"href":"https:\/\/alcala.salesianos.edu\/colegio\/wp-json\/wp\/v2\/comments?post=13344"}],"version-history":[{"count":1,"href":"https:\/\/alcala.salesianos.edu\/colegio\/wp-json\/wp\/v2\/posts\/13344\/revisions"}],"predecessor-version":[{"id":13349,"href":"https:\/\/alcala.salesianos.edu\/colegio\/wp-json\/wp\/v2\/posts\/13344\/revisions\/13349"}],"wp:attachment":[{"href":"https:\/\/alcala.salesianos.edu\/colegio\/wp-json\/wp\/v2\/media?parent=13344"}],"wp:term":[{"taxonomy":"category","embeddable":true,"href":"https:\/\/alcala.salesianos.edu\/colegio\/wp-json\/wp\/v2\/categories?post=13344"},{"taxonomy":"post_tag","embeddable":true,"href":"https:\/\/alcala.salesianos.edu\/colegio\/wp-json\/wp\/v2\/tags?post=13344"}],"curies":[{"name":"wp","href":"https:\/\/api.w.org\/{rel}","templated":true}]}}