{"id":13335,"date":"2020-12-02T11:49:20","date_gmt":"2020-12-02T10:49:20","guid":{"rendered":"https:\/\/alcala.salesianos.edu\/colegio\/blog\/2020\/12\/02\/carmen-miranda\/"},"modified":"2025-08-27T08:50:52","modified_gmt":"2025-08-27T07:50:52","slug":"carmen-miranda","status":"publish","type":"post","link":"https:\/\/alcala.salesianos.edu\/colegio\/blog\/2020\/12\/02\/carmen-miranda\/","title":{"rendered":"Carmen Miranda, una vida entregada a su familia y a sus alumnos"},"content":{"rendered":"<div id=\"fb-root\"><\/div>\n<p>[et_pb_section fb_built=\u00bb1&#8243; _builder_version=\u00bb4.5.8&#8243; _module_preset=\u00bbdefault\u00bb][et_pb_row _builder_version=\u00bb4.5.8&#8243; _module_preset=\u00bbdefault\u00bb][et_pb_column type=\u00bb4_4&#8243; _builder_version=\u00bb4.5.8&#8243; _module_preset=\u00bbdefault\u00bb][et_pb_text _builder_version=\u00bb4.5.8&#8243; _module_preset=\u00bbdefault\u00bb]<\/p>\n<p style=\"text-align: justify;\">Lamentamos comunicar a toda la Familia Salesiana de nuestra Casa el fallecimiento de nuestra maestra y compa\u00f1era D\u00f1a. M\u00aa Carmen Miranda. Nuestra Casa Salesiana se une al dolor de su familia y al de sus compa\u00f1eros.<\/p>\n<p style=\"text-align: justify;\">Numerosas eran las actividades que organizaba junto a su marido D. Francisco Hermos\u00edn. Todas ellas siempre relacionadas con sus pasiones: la naturaleza, la m\u00fasica y la literatura, que con tanto dinamismo transmiti\u00f3 a sus alumnos siempre con su inagotable sonrisa.<\/p>\n<p style=\"text-align: justify;\">En las redes sociales podemos encontrar abundantes muestras de cari\u00f1o sincero ya que ha dejado una impronta muy profunda en los corazones de sus alumnos y compa\u00f1eros, tal y como hizo nuestro santo fundador.<\/p>\n<p style=\"text-align: justify;\">Destacamos un extracto de la Lecci\u00f3n Inaugural de D. Antonio Garc\u00eda Calder\u00f3n del curso 2015\/16. En dicho extracto podemos apreciar la gran vocaci\u00f3n y entrega de M\u00aa Carmen y c\u00f3mo transmiti\u00f3 el gusto por la literatura y las artes pl\u00e1sticas en su gran trayectoria como docente de nuestra Casa.<\/p>\n<p style=\"text-align: justify;\">\n<p style=\"text-align: justify;\">Rogamos a Mar\u00eda Auxiliadora, a la que tanto am\u00f3, que interceda por ella para que el Se\u00f1or la acoja en su Reino.<\/p>\n<p style=\"text-align: justify;\">Descanse en paz<\/p>\n<p>&nbsp;<\/p>\n<p>&nbsp;<\/p>\n<p>&nbsp;<\/p>\n<p style=\"text-align: center;\"><span style=\"font-size: xx-large;\"><strong>Extracto de la Lecci\u00f3n Inaugural del Colegio Salesianos de Alcal\u00e1 de Guada\u00edra. Curso 2015-16.<\/strong><\/span><\/p>\n<p style=\"text-align: right;\">A Carmen Miranda,<\/p>\n<p style=\"text-align: right;\">eternamente agradecido.<\/p>\n<p>&nbsp;<\/p>\n<p style=\"text-align: justify;\">Aqu\u00ed he pasado sin duda los mejores a\u00f1os de mi vida, aqu\u00ed conoc\u00ed a los que siguen siendo mis mejores amigos, que lo son como hermanos de una gran familia, y aqu\u00ed me ense\u00f1aron una de las cosas m\u00e1s importantes para m\u00ed: en este colegio me ensa\u00f1aron a leer por segunda vez. S\u00ed, por segunda vez, quiz\u00e1s la m\u00e1s importante de todas. Porque en la vida aprendemos a leer hasta tres veces, yo ahora estoy en esa fase, intentando aprender por tercera vez. Pero, \u00bfc\u00f3mo es eso de que hay que aprender a leer tres veces? \u00bfEs que a leer se olvida? Lo explico: la primera vez me ense\u00f1o una monja que se llama Sor Catalina, que a\u00fan vive y es ya casi centenaria, como este Colegio, y que ha ense\u00f1ado a generaciones de alcalare\u00f1os durante d\u00e9cadas. Ella me ense\u00f1\u00f3 a descifrar las letras, a juntarlas para formar s\u00edlabas, con las que terminar construyendo palabras, que unidas unas con otras configuraban una frase. A partir de entonces lo le\u00eda todo, hasta lo peri\u00f3dicos de mis abuelos, pero \u00fanicamente con el fin de demostrar que era capaz de descifrar aquel c\u00f3digo, que pod\u00eda reproducir lo que estaba escrito.<\/p>\n<p style=\"text-align: justify;\">\u00a0<\/p>\n<p style=\"text-align: justify;\">Pero como he dicho antes, la segunda vez que aprendes a leer es la m\u00e1s importante, y quiero tener un recuerdo especial para mi maestra Carmen Miranda que fue la que me ense\u00f1o esta segunda vez; me ense\u00f1\u00f3 a pasar de aprender a leer a aprender leyendo. Cada ma\u00f1ana, a primera hora, despu\u00e9s de entrar de los Buenos D\u00edas, a\u00fan con los ojos a medio abrir y tras dejar las carpetas en los pupitres, a su orden de \u201clectura compresiva\u201d, nos levant\u00e1bamos a por alguno de los libros alineados en una modesta pero bien surtida biblioteca al fondo de la clase para leer durante un buen rato, hasta que aquellos compa\u00f1eros m\u00e1s inquietos romp\u00edan con sus charlas un silencio casi sagrado y nos obligaba a pasar a otras tareas. En un cuaderno ten\u00edamos que llevar un registro de los libros que hab\u00edamos le\u00eddo e incluir un peque\u00f1o resumen con la trama de la historia y sus personajes. Carmen Miranda tuvo la culpa de inculcarme el h\u00e1bito de leer, de aprender leyendo, me contagio un virus que con el tiempo me hizo enfermar de literatura, de convertirse en un vicio sano para siempre. Recuerdo con nostalgia la fabulosa colecci\u00f3n de historias del Barco de Vapor y los buenos ratos que me hicieron pasar algunos libros que pasaron por mis manos como \u201cLa historia interminable\u201d, \u201cLa Isla del Tesoro\u201d o \u201cLas aventuras de Huckleberry Finn\u201d.<\/p>\n<p style=\"text-align: justify;\">\u00a0<\/p>\n<p style=\"text-align: justify;\">Y hasta hay una tercera vez que aprendes a leer y es la que m\u00e1s se disfruta. Es un aprendizaje que no acaba. Es cuando tienes que aprender a escoger los libros adecuados, los que te van a hacer gozar m\u00e1s, a seleccionar entre los miles de opciones que se nos presentan. Son los propios libros los que te contar\u00e1n cuales son los siguientes libros que tendr\u00e1s que leer, por referencias dentro de los mismos o por recomendaciones de los propios autores. En eso estoy, tengo ya 40 a\u00f1os y sigo aprendiendo a leer.<\/p>\n<p>&nbsp;<\/p>\n<p>Antonio Garc\u00eda Calder\u00f3n.<\/p>\n<p>Septiembre de 2015<\/p>\n<p>[\/et_pb_text][\/et_pb_column][\/et_pb_row][\/et_pb_section]<\/p>\n","protected":false},"excerpt":{"rendered":"<p>Lamentamos comunicar a toda la Familia Salesiana de nuestra Casa el fallecimiento de nuestra maestra y compa\u00f1era D\u00f1a. M\u00aa Carmen Miranda.<\/p>\n","protected":false},"author":2,"featured_media":13336,"comment_status":"closed","ping_status":"open","sticky":false,"template":"","format":"standard","meta":{"_et_pb_use_builder":"on","_et_pb_old_content":"","_et_gb_content_width":"","footnotes":""},"categories":[12,13,17,15,18,16,1],"tags":[],"class_list":["post-13335","post","type-post","status-publish","format-standard","has-post-thumbnail","hentry","category-colegio","category-fasa","category-infantil","category-portada","category-primaria","category-secundaria","category-uncategorized"],"yoast_head":"<!-- This site is optimized with the Yoast SEO plugin v28.4 - https:\/\/yoast.com\/product\/yoast-seo-wordpress\/ -->\n<title>Carmen Miranda, una vida entregada a su familia y a sus alumnos - Colegio Salesiano Alcal\u00e1<\/title>\n<meta name=\"robots\" content=\"index, follow, max-snippet:-1, max-image-preview:large, max-video-preview:-1\" \/>\n<link rel=\"canonical\" href=\"https:\/\/alcala.salesianos.edu\/colegio\/blog\/2020\/12\/02\/carmen-miranda\/\" \/>\n<meta property=\"og:locale\" content=\"es_ES\" \/>\n<meta property=\"og:type\" content=\"article\" \/>\n<meta property=\"og:title\" content=\"Carmen Miranda, una vida entregada a su familia y a sus alumnos - Colegio Salesiano Alcal\u00e1\" \/>\n<meta property=\"og:description\" content=\"Lamentamos comunicar a toda la Familia Salesiana de nuestra Casa el fallecimiento de nuestra maestra y compa\u00f1era D\u00f1a. M\u00aa Carmen Miranda.\" \/>\n<meta property=\"og:url\" content=\"https:\/\/alcala.salesianos.edu\/colegio\/blog\/2020\/12\/02\/carmen-miranda\/\" \/>\n<meta property=\"og:site_name\" content=\"Colegio Salesiano Alcal\u00e1\" \/>\n<meta property=\"article:published_time\" content=\"2020-12-02T10:49:20+00:00\" \/>\n<meta property=\"article:modified_time\" content=\"2025-08-27T07:50:52+00:00\" \/>\n<meta property=\"og:image\" content=\"https:\/\/alcala.salesianos.edu\/colegio\/wp-content\/uploads\/sites\/2\/2020\/12\/carmen-miranda.jpeg\" \/>\n\t<meta property=\"og:image:width\" content=\"720\" \/>\n\t<meta property=\"og:image:height\" content=\"488\" \/>\n\t<meta property=\"og:image:type\" content=\"image\/jpeg\" \/>\n<meta name=\"author\" content=\"Administrador Web\" \/>\n<meta name=\"twitter:card\" content=\"summary_large_image\" \/>\n<meta name=\"twitter:label1\" content=\"Escrito por\" \/>\n\t<meta name=\"twitter:data1\" content=\"Administrador Web\" \/>\n\t<meta name=\"twitter:label2\" content=\"Tiempo de lectura\" \/>\n\t<meta name=\"twitter:data2\" content=\"4 minutos\" \/>\n<script type=\"application\/ld+json\" class=\"yoast-schema-graph\">{\"@context\":\"https:\\\/\\\/schema.org\",\"@graph\":[{\"@type\":\"Article\",\"@id\":\"https:\\\/\\\/alcala.salesianos.edu\\\/colegio\\\/blog\\\/2020\\\/12\\\/02\\\/carmen-miranda\\\/#article\",\"isPartOf\":{\"@id\":\"https:\\\/\\\/alcala.salesianos.edu\\\/colegio\\\/blog\\\/2020\\\/12\\\/02\\\/carmen-miranda\\\/\"},\"author\":{\"name\":\"Administrador Web\",\"@id\":\"https:\\\/\\\/alcala.salesianos.edu\\\/colegio\\\/#\\\/schema\\\/person\\\/afcc24f776dc91fc2bf9afb0998fca77\"},\"headline\":\"Carmen Miranda, una vida entregada a su familia y a sus alumnos\",\"datePublished\":\"2020-12-02T10:49:20+00:00\",\"dateModified\":\"2025-08-27T07:50:52+00:00\",\"mainEntityOfPage\":{\"@id\":\"https:\\\/\\\/alcala.salesianos.edu\\\/colegio\\\/blog\\\/2020\\\/12\\\/02\\\/carmen-miranda\\\/\"},\"wordCount\":851,\"image\":{\"@id\":\"https:\\\/\\\/alcala.salesianos.edu\\\/colegio\\\/blog\\\/2020\\\/12\\\/02\\\/carmen-miranda\\\/#primaryimage\"},\"thumbnailUrl\":\"https:\\\/\\\/alcala.salesianos.edu\\\/colegio\\\/wp-content\\\/uploads\\\/sites\\\/2\\\/2020\\\/12\\\/carmen-miranda.jpeg\",\"articleSection\":[\"Colegio\",\"FASA\",\"Infantil\",\"Portada\",\"Primaria\",\"Secundaria\",\"Uncategorized\"],\"inLanguage\":\"es\"},{\"@type\":\"WebPage\",\"@id\":\"https:\\\/\\\/alcala.salesianos.edu\\\/colegio\\\/blog\\\/2020\\\/12\\\/02\\\/carmen-miranda\\\/\",\"url\":\"https:\\\/\\\/alcala.salesianos.edu\\\/colegio\\\/blog\\\/2020\\\/12\\\/02\\\/carmen-miranda\\\/\",\"name\":\"Carmen Miranda, una vida entregada a su familia y a sus alumnos - Colegio Salesiano Alcal\u00e1\",\"isPartOf\":{\"@id\":\"https:\\\/\\\/alcala.salesianos.edu\\\/colegio\\\/#website\"},\"primaryImageOfPage\":{\"@id\":\"https:\\\/\\\/alcala.salesianos.edu\\\/colegio\\\/blog\\\/2020\\\/12\\\/02\\\/carmen-miranda\\\/#primaryimage\"},\"image\":{\"@id\":\"https:\\\/\\\/alcala.salesianos.edu\\\/colegio\\\/blog\\\/2020\\\/12\\\/02\\\/carmen-miranda\\\/#primaryimage\"},\"thumbnailUrl\":\"https:\\\/\\\/alcala.salesianos.edu\\\/colegio\\\/wp-content\\\/uploads\\\/sites\\\/2\\\/2020\\\/12\\\/carmen-miranda.jpeg\",\"datePublished\":\"2020-12-02T10:49:20+00:00\",\"dateModified\":\"2025-08-27T07:50:52+00:00\",\"author\":{\"@id\":\"https:\\\/\\\/alcala.salesianos.edu\\\/colegio\\\/#\\\/schema\\\/person\\\/afcc24f776dc91fc2bf9afb0998fca77\"},\"breadcrumb\":{\"@id\":\"https:\\\/\\\/alcala.salesianos.edu\\\/colegio\\\/blog\\\/2020\\\/12\\\/02\\\/carmen-miranda\\\/#breadcrumb\"},\"inLanguage\":\"es\",\"potentialAction\":[{\"@type\":\"ReadAction\",\"target\":[\"https:\\\/\\\/alcala.salesianos.edu\\\/colegio\\\/blog\\\/2020\\\/12\\\/02\\\/carmen-miranda\\\/\"]}]},{\"@type\":\"ImageObject\",\"inLanguage\":\"es\",\"@id\":\"https:\\\/\\\/alcala.salesianos.edu\\\/colegio\\\/blog\\\/2020\\\/12\\\/02\\\/carmen-miranda\\\/#primaryimage\",\"url\":\"https:\\\/\\\/alcala.salesianos.edu\\\/colegio\\\/wp-content\\\/uploads\\\/sites\\\/2\\\/2020\\\/12\\\/carmen-miranda.jpeg\",\"contentUrl\":\"https:\\\/\\\/alcala.salesianos.edu\\\/colegio\\\/wp-content\\\/uploads\\\/sites\\\/2\\\/2020\\\/12\\\/carmen-miranda.jpeg\",\"width\":720,\"height\":488},{\"@type\":\"BreadcrumbList\",\"@id\":\"https:\\\/\\\/alcala.salesianos.edu\\\/colegio\\\/blog\\\/2020\\\/12\\\/02\\\/carmen-miranda\\\/#breadcrumb\",\"itemListElement\":[{\"@type\":\"ListItem\",\"position\":1,\"name\":\"Portada\",\"item\":\"https:\\\/\\\/alcala.salesianos.edu\\\/colegio\\\/\"},{\"@type\":\"ListItem\",\"position\":2,\"name\":\"Carmen Miranda, una vida entregada a su familia y a sus alumnos\"}]},{\"@type\":\"WebSite\",\"@id\":\"https:\\\/\\\/alcala.salesianos.edu\\\/colegio\\\/#website\",\"url\":\"https:\\\/\\\/alcala.salesianos.edu\\\/colegio\\\/\",\"name\":\"Colegio Salesiano Alcal\u00e1\",\"description\":\"P\u00e1gina oficial de Salesianos Alcal\u00e1 de Guadaira\",\"potentialAction\":[{\"@type\":\"SearchAction\",\"target\":{\"@type\":\"EntryPoint\",\"urlTemplate\":\"https:\\\/\\\/alcala.salesianos.edu\\\/colegio\\\/?s={search_term_string}\"},\"query-input\":{\"@type\":\"PropertyValueSpecification\",\"valueRequired\":true,\"valueName\":\"search_term_string\"}}],\"inLanguage\":\"es\"},{\"@type\":\"Person\",\"@id\":\"https:\\\/\\\/alcala.salesianos.edu\\\/colegio\\\/#\\\/schema\\\/person\\\/afcc24f776dc91fc2bf9afb0998fca77\",\"name\":\"Administrador Web\",\"image\":{\"@type\":\"ImageObject\",\"inLanguage\":\"es\",\"@id\":\"https:\\\/\\\/secure.gravatar.com\\\/avatar\\\/bc157e994689bd6da9645c00aa3bc4d55b727915b6652642660db0aef086585f?s=96&d=mm&r=g\",\"url\":\"https:\\\/\\\/secure.gravatar.com\\\/avatar\\\/bc157e994689bd6da9645c00aa3bc4d55b727915b6652642660db0aef086585f?s=96&d=mm&r=g\",\"contentUrl\":\"https:\\\/\\\/secure.gravatar.com\\\/avatar\\\/bc157e994689bd6da9645c00aa3bc4d55b727915b6652642660db0aef086585f?s=96&d=mm&r=g\",\"caption\":\"Administrador Web\"}}]}<\/script>\n<!-- \/ Yoast SEO plugin. -->","yoast_head_json":{"title":"Carmen Miranda, una vida entregada a su familia y a sus alumnos - Colegio Salesiano Alcal\u00e1","robots":{"index":"index","follow":"follow","max-snippet":"max-snippet:-1","max-image-preview":"max-image-preview:large","max-video-preview":"max-video-preview:-1"},"canonical":"https:\/\/alcala.salesianos.edu\/colegio\/blog\/2020\/12\/02\/carmen-miranda\/","og_locale":"es_ES","og_type":"article","og_title":"Carmen Miranda, una vida entregada a su familia y a sus alumnos - Colegio Salesiano Alcal\u00e1","og_description":"Lamentamos comunicar a toda la Familia Salesiana de nuestra Casa el fallecimiento de nuestra maestra y compa\u00f1era D\u00f1a. M\u00aa Carmen Miranda.","og_url":"https:\/\/alcala.salesianos.edu\/colegio\/blog\/2020\/12\/02\/carmen-miranda\/","og_site_name":"Colegio Salesiano Alcal\u00e1","article_published_time":"2020-12-02T10:49:20+00:00","article_modified_time":"2025-08-27T07:50:52+00:00","og_image":[{"width":720,"height":488,"url":"https:\/\/alcala.salesianos.edu\/colegio\/wp-content\/uploads\/sites\/2\/2020\/12\/carmen-miranda.jpeg","type":"image\/jpeg"}],"author":"Administrador Web","twitter_card":"summary_large_image","twitter_misc":{"Escrito por":"Administrador Web","Tiempo de lectura":"4 minutos"},"schema":{"@context":"https:\/\/schema.org","@graph":[{"@type":"Article","@id":"https:\/\/alcala.salesianos.edu\/colegio\/blog\/2020\/12\/02\/carmen-miranda\/#article","isPartOf":{"@id":"https:\/\/alcala.salesianos.edu\/colegio\/blog\/2020\/12\/02\/carmen-miranda\/"},"author":{"name":"Administrador Web","@id":"https:\/\/alcala.salesianos.edu\/colegio\/#\/schema\/person\/afcc24f776dc91fc2bf9afb0998fca77"},"headline":"Carmen Miranda, una vida entregada a su familia y a sus alumnos","datePublished":"2020-12-02T10:49:20+00:00","dateModified":"2025-08-27T07:50:52+00:00","mainEntityOfPage":{"@id":"https:\/\/alcala.salesianos.edu\/colegio\/blog\/2020\/12\/02\/carmen-miranda\/"},"wordCount":851,"image":{"@id":"https:\/\/alcala.salesianos.edu\/colegio\/blog\/2020\/12\/02\/carmen-miranda\/#primaryimage"},"thumbnailUrl":"https:\/\/alcala.salesianos.edu\/colegio\/wp-content\/uploads\/sites\/2\/2020\/12\/carmen-miranda.jpeg","articleSection":["Colegio","FASA","Infantil","Portada","Primaria","Secundaria","Uncategorized"],"inLanguage":"es"},{"@type":"WebPage","@id":"https:\/\/alcala.salesianos.edu\/colegio\/blog\/2020\/12\/02\/carmen-miranda\/","url":"https:\/\/alcala.salesianos.edu\/colegio\/blog\/2020\/12\/02\/carmen-miranda\/","name":"Carmen Miranda, una vida entregada a su familia y a sus alumnos - Colegio Salesiano Alcal\u00e1","isPartOf":{"@id":"https:\/\/alcala.salesianos.edu\/colegio\/#website"},"primaryImageOfPage":{"@id":"https:\/\/alcala.salesianos.edu\/colegio\/blog\/2020\/12\/02\/carmen-miranda\/#primaryimage"},"image":{"@id":"https:\/\/alcala.salesianos.edu\/colegio\/blog\/2020\/12\/02\/carmen-miranda\/#primaryimage"},"thumbnailUrl":"https:\/\/alcala.salesianos.edu\/colegio\/wp-content\/uploads\/sites\/2\/2020\/12\/carmen-miranda.jpeg","datePublished":"2020-12-02T10:49:20+00:00","dateModified":"2025-08-27T07:50:52+00:00","author":{"@id":"https:\/\/alcala.salesianos.edu\/colegio\/#\/schema\/person\/afcc24f776dc91fc2bf9afb0998fca77"},"breadcrumb":{"@id":"https:\/\/alcala.salesianos.edu\/colegio\/blog\/2020\/12\/02\/carmen-miranda\/#breadcrumb"},"inLanguage":"es","potentialAction":[{"@type":"ReadAction","target":["https:\/\/alcala.salesianos.edu\/colegio\/blog\/2020\/12\/02\/carmen-miranda\/"]}]},{"@type":"ImageObject","inLanguage":"es","@id":"https:\/\/alcala.salesianos.edu\/colegio\/blog\/2020\/12\/02\/carmen-miranda\/#primaryimage","url":"https:\/\/alcala.salesianos.edu\/colegio\/wp-content\/uploads\/sites\/2\/2020\/12\/carmen-miranda.jpeg","contentUrl":"https:\/\/alcala.salesianos.edu\/colegio\/wp-content\/uploads\/sites\/2\/2020\/12\/carmen-miranda.jpeg","width":720,"height":488},{"@type":"BreadcrumbList","@id":"https:\/\/alcala.salesianos.edu\/colegio\/blog\/2020\/12\/02\/carmen-miranda\/#breadcrumb","itemListElement":[{"@type":"ListItem","position":1,"name":"Portada","item":"https:\/\/alcala.salesianos.edu\/colegio\/"},{"@type":"ListItem","position":2,"name":"Carmen Miranda, una vida entregada a su familia y a sus alumnos"}]},{"@type":"WebSite","@id":"https:\/\/alcala.salesianos.edu\/colegio\/#website","url":"https:\/\/alcala.salesianos.edu\/colegio\/","name":"Colegio Salesiano Alcal\u00e1","description":"P\u00e1gina oficial de Salesianos Alcal\u00e1 de Guadaira","potentialAction":[{"@type":"SearchAction","target":{"@type":"EntryPoint","urlTemplate":"https:\/\/alcala.salesianos.edu\/colegio\/?s={search_term_string}"},"query-input":{"@type":"PropertyValueSpecification","valueRequired":true,"valueName":"search_term_string"}}],"inLanguage":"es"},{"@type":"Person","@id":"https:\/\/alcala.salesianos.edu\/colegio\/#\/schema\/person\/afcc24f776dc91fc2bf9afb0998fca77","name":"Administrador Web","image":{"@type":"ImageObject","inLanguage":"es","@id":"https:\/\/secure.gravatar.com\/avatar\/bc157e994689bd6da9645c00aa3bc4d55b727915b6652642660db0aef086585f?s=96&d=mm&r=g","url":"https:\/\/secure.gravatar.com\/avatar\/bc157e994689bd6da9645c00aa3bc4d55b727915b6652642660db0aef086585f?s=96&d=mm&r=g","contentUrl":"https:\/\/secure.gravatar.com\/avatar\/bc157e994689bd6da9645c00aa3bc4d55b727915b6652642660db0aef086585f?s=96&d=mm&r=g","caption":"Administrador Web"}}]}},"_links":{"self":[{"href":"https:\/\/alcala.salesianos.edu\/colegio\/wp-json\/wp\/v2\/posts\/13335","targetHints":{"allow":["GET"]}}],"collection":[{"href":"https:\/\/alcala.salesianos.edu\/colegio\/wp-json\/wp\/v2\/posts"}],"about":[{"href":"https:\/\/alcala.salesianos.edu\/colegio\/wp-json\/wp\/v2\/types\/post"}],"author":[{"embeddable":true,"href":"https:\/\/alcala.salesianos.edu\/colegio\/wp-json\/wp\/v2\/users\/2"}],"replies":[{"embeddable":true,"href":"https:\/\/alcala.salesianos.edu\/colegio\/wp-json\/wp\/v2\/comments?post=13335"}],"version-history":[{"count":3,"href":"https:\/\/alcala.salesianos.edu\/colegio\/wp-json\/wp\/v2\/posts\/13335\/revisions"}],"predecessor-version":[{"id":13343,"href":"https:\/\/alcala.salesianos.edu\/colegio\/wp-json\/wp\/v2\/posts\/13335\/revisions\/13343"}],"wp:featuredmedia":[{"embeddable":true,"href":"https:\/\/alcala.salesianos.edu\/colegio\/wp-json\/wp\/v2\/media\/13336"}],"wp:attachment":[{"href":"https:\/\/alcala.salesianos.edu\/colegio\/wp-json\/wp\/v2\/media?parent=13335"}],"wp:term":[{"taxonomy":"category","embeddable":true,"href":"https:\/\/alcala.salesianos.edu\/colegio\/wp-json\/wp\/v2\/categories?post=13335"},{"taxonomy":"post_tag","embeddable":true,"href":"https:\/\/alcala.salesianos.edu\/colegio\/wp-json\/wp\/v2\/tags?post=13335"}],"curies":[{"name":"wp","href":"https:\/\/api.w.org\/{rel}","templated":true}]}}