{"id":13306,"date":"2020-11-24T09:47:14","date_gmt":"2020-11-24T08:47:14","guid":{"rendered":"https:\/\/alcala.salesianos.edu\/colegio\/blog\/2020\/11\/24\/nuestros-alumnos-se-preparan-para-el-adviento-honrando-a-maria-auxiliadora\/"},"modified":"2025-08-27T08:50:53","modified_gmt":"2025-08-27T07:50:53","slug":"nuestros-alumnos-se-preparan-para-el-adviento-honrando-a-maria-auxiliadora","status":"publish","type":"post","link":"https:\/\/alcala.salesianos.edu\/colegio\/blog\/2020\/11\/24\/nuestros-alumnos-se-preparan-para-el-adviento-honrando-a-maria-auxiliadora\/","title":{"rendered":"Nuestros alumnos se preparan para el Adviento honrando a Mar\u00eda Auxiliadora."},"content":{"rendered":"<div id=\"fb-root\"><\/div>\n\n[et_pb_section fb_built=\u00bb1&#8243; _builder_version=\u00bb4.5.8&#8243; _module_preset=\u00bbdefault\u00bb][et_pb_row _builder_version=\u00bb4.5.8&#8243; _module_preset=\u00bbdefault\u00bb][et_pb_column _builder_version=\u00bb4.5.8&#8243; _module_preset=\u00bbdefault\u00bb type=\u00bb4_4&#8243;][et_pb_text _builder_version=\u00bb4.5.8&#8243; _module_preset=\u00bbdefault\u00bb hover_enabled=\u00bb0&#8243;]<p>Los alumnos de nuestro centro conmemoran a Mar\u00eda Auxiliadora yendo a la capilla para sus respectivas celebraciones que adem\u00e1s sirven de antesala al Adviento, tiempo lit\u00fargico que comienza el pr\u00f3ximo domingo. Tras una organizaci\u00f3n exhaustiva y respetando todas las normas sanitarias, nuestros j\u00f3venes acuden a la llamada mensual que la madre de Don Bosco nos hace. Una vez m\u00e1s, nos hacemos eco del canto a la Virgen cuando dice \u201cuna Madre no se cansa de esperar\u201d.\u00a0 Los j\u00f3venes, tomando como ejemplo a Don Bosco, ven en Mar\u00eda un camino de esperanza que nos lleva al encuentro con Jes\u00fas.<\/p>\n<p>&nbsp;<\/p>\n<p>Pidamos al Se\u00f1or que nuestra devoci\u00f3n, especialmente la de j\u00f3venes, sea cada vez m\u00e1s profunda y m\u00e1s amorosa para quien nos protege continuamente con su portentoso manto celestial.<\/p>\n[\/et_pb_text][\/et_pb_column][\/et_pb_row][\/et_pb_section]\n","protected":false},"excerpt":{"rendered":"<p>Pidamos al Se\u00f1or que nuestra devoci\u00f3n, especialmente la de j\u00f3venes, sea cada vez m\u00e1s profunda y m\u00e1s amorosa para quien nos protege continuamente.<\/p>\n","protected":false},"author":2,"featured_media":0,"comment_status":"closed","ping_status":"open","sticky":false,"template":"","format":"standard","meta":{"_et_pb_use_builder":"on","_et_pb_old_content":"","_et_gb_content_width":"","footnotes":""},"categories":[12,23,13,17,14,15,18,16,1],"tags":[],"class_list":["post-13306","post","type-post","status-publish","format-standard","hentry","category-colegio","category-covid","category-fasa","category-infantil","category-pastoral","category-portada","category-primaria","category-secundaria","category-uncategorized"],"yoast_head":"<!-- This site is optimized with the Yoast SEO plugin v28.4 - https:\/\/yoast.com\/product\/yoast-seo-wordpress\/ -->\n<title>Nuestros alumnos se preparan para el Adviento honrando a Mar\u00eda Auxiliadora. - Colegio Salesiano Alcal\u00e1<\/title>\n<meta name=\"robots\" content=\"index, follow, max-snippet:-1, max-image-preview:large, max-video-preview:-1\" \/>\n<link rel=\"canonical\" href=\"https:\/\/alcala.salesianos.edu\/colegio\/blog\/2020\/11\/24\/nuestros-alumnos-se-preparan-para-el-adviento-honrando-a-maria-auxiliadora\/\" \/>\n<meta property=\"og:locale\" content=\"es_ES\" \/>\n<meta property=\"og:type\" content=\"article\" \/>\n<meta property=\"og:title\" content=\"Nuestros alumnos se preparan para el Adviento honrando a Mar\u00eda Auxiliadora. - Colegio Salesiano Alcal\u00e1\" \/>\n<meta property=\"og:description\" content=\"Pidamos al Se\u00f1or que nuestra devoci\u00f3n, especialmente la de j\u00f3venes, sea cada vez m\u00e1s profunda y m\u00e1s amorosa para quien nos protege continuamente.\" \/>\n<meta property=\"og:url\" content=\"https:\/\/alcala.salesianos.edu\/colegio\/blog\/2020\/11\/24\/nuestros-alumnos-se-preparan-para-el-adviento-honrando-a-maria-auxiliadora\/\" \/>\n<meta property=\"og:site_name\" content=\"Colegio Salesiano Alcal\u00e1\" \/>\n<meta property=\"article:published_time\" content=\"2020-11-24T08:47:14+00:00\" \/>\n<meta property=\"article:modified_time\" content=\"2025-08-27T07:50:53+00:00\" \/>\n<meta name=\"author\" content=\"Administrador Web\" \/>\n<meta name=\"twitter:card\" content=\"summary_large_image\" \/>\n<meta name=\"twitter:label1\" content=\"Escrito por\" \/>\n\t<meta name=\"twitter:data1\" content=\"Administrador Web\" \/>\n\t<meta name=\"twitter:label2\" content=\"Tiempo de lectura\" \/>\n\t<meta name=\"twitter:data2\" content=\"1 minuto\" \/>\n<script type=\"application\/ld+json\" class=\"yoast-schema-graph\">{\"@context\":\"https:\\\/\\\/schema.org\",\"@graph\":[{\"@type\":\"Article\",\"@id\":\"https:\\\/\\\/alcala.salesianos.edu\\\/colegio\\\/blog\\\/2020\\\/11\\\/24\\\/nuestros-alumnos-se-preparan-para-el-adviento-honrando-a-maria-auxiliadora\\\/#article\",\"isPartOf\":{\"@id\":\"https:\\\/\\\/alcala.salesianos.edu\\\/colegio\\\/blog\\\/2020\\\/11\\\/24\\\/nuestros-alumnos-se-preparan-para-el-adviento-honrando-a-maria-auxiliadora\\\/\"},\"author\":{\"name\":\"Administrador Web\",\"@id\":\"https:\\\/\\\/alcala.salesianos.edu\\\/colegio\\\/#\\\/schema\\\/person\\\/afcc24f776dc91fc2bf9afb0998fca77\"},\"headline\":\"Nuestros alumnos se preparan para el Adviento honrando a Mar\u00eda Auxiliadora.\",\"datePublished\":\"2020-11-24T08:47:14+00:00\",\"dateModified\":\"2025-08-27T07:50:53+00:00\",\"mainEntityOfPage\":{\"@id\":\"https:\\\/\\\/alcala.salesianos.edu\\\/colegio\\\/blog\\\/2020\\\/11\\\/24\\\/nuestros-alumnos-se-preparan-para-el-adviento-honrando-a-maria-auxiliadora\\\/\"},\"wordCount\":203,\"articleSection\":[\"Colegio\",\"covid\",\"FASA\",\"Infantil\",\"Pastoral\",\"Portada\",\"Primaria\",\"Secundaria\",\"Uncategorized\"],\"inLanguage\":\"es\"},{\"@type\":\"WebPage\",\"@id\":\"https:\\\/\\\/alcala.salesianos.edu\\\/colegio\\\/blog\\\/2020\\\/11\\\/24\\\/nuestros-alumnos-se-preparan-para-el-adviento-honrando-a-maria-auxiliadora\\\/\",\"url\":\"https:\\\/\\\/alcala.salesianos.edu\\\/colegio\\\/blog\\\/2020\\\/11\\\/24\\\/nuestros-alumnos-se-preparan-para-el-adviento-honrando-a-maria-auxiliadora\\\/\",\"name\":\"Nuestros alumnos se preparan para el Adviento honrando a Mar\u00eda Auxiliadora. - Colegio Salesiano Alcal\u00e1\",\"isPartOf\":{\"@id\":\"https:\\\/\\\/alcala.salesianos.edu\\\/colegio\\\/#website\"},\"datePublished\":\"2020-11-24T08:47:14+00:00\",\"dateModified\":\"2025-08-27T07:50:53+00:00\",\"author\":{\"@id\":\"https:\\\/\\\/alcala.salesianos.edu\\\/colegio\\\/#\\\/schema\\\/person\\\/afcc24f776dc91fc2bf9afb0998fca77\"},\"breadcrumb\":{\"@id\":\"https:\\\/\\\/alcala.salesianos.edu\\\/colegio\\\/blog\\\/2020\\\/11\\\/24\\\/nuestros-alumnos-se-preparan-para-el-adviento-honrando-a-maria-auxiliadora\\\/#breadcrumb\"},\"inLanguage\":\"es\",\"potentialAction\":[{\"@type\":\"ReadAction\",\"target\":[\"https:\\\/\\\/alcala.salesianos.edu\\\/colegio\\\/blog\\\/2020\\\/11\\\/24\\\/nuestros-alumnos-se-preparan-para-el-adviento-honrando-a-maria-auxiliadora\\\/\"]}]},{\"@type\":\"BreadcrumbList\",\"@id\":\"https:\\\/\\\/alcala.salesianos.edu\\\/colegio\\\/blog\\\/2020\\\/11\\\/24\\\/nuestros-alumnos-se-preparan-para-el-adviento-honrando-a-maria-auxiliadora\\\/#breadcrumb\",\"itemListElement\":[{\"@type\":\"ListItem\",\"position\":1,\"name\":\"Portada\",\"item\":\"https:\\\/\\\/alcala.salesianos.edu\\\/colegio\\\/\"},{\"@type\":\"ListItem\",\"position\":2,\"name\":\"Nuestros alumnos se preparan para el Adviento honrando a Mar\u00eda Auxiliadora.\"}]},{\"@type\":\"WebSite\",\"@id\":\"https:\\\/\\\/alcala.salesianos.edu\\\/colegio\\\/#website\",\"url\":\"https:\\\/\\\/alcala.salesianos.edu\\\/colegio\\\/\",\"name\":\"Colegio Salesiano Alcal\u00e1\",\"description\":\"P\u00e1gina oficial de Salesianos Alcal\u00e1 de Guadaira\",\"potentialAction\":[{\"@type\":\"SearchAction\",\"target\":{\"@type\":\"EntryPoint\",\"urlTemplate\":\"https:\\\/\\\/alcala.salesianos.edu\\\/colegio\\\/?s={search_term_string}\"},\"query-input\":{\"@type\":\"PropertyValueSpecification\",\"valueRequired\":true,\"valueName\":\"search_term_string\"}}],\"inLanguage\":\"es\"},{\"@type\":\"Person\",\"@id\":\"https:\\\/\\\/alcala.salesianos.edu\\\/colegio\\\/#\\\/schema\\\/person\\\/afcc24f776dc91fc2bf9afb0998fca77\",\"name\":\"Administrador Web\",\"image\":{\"@type\":\"ImageObject\",\"inLanguage\":\"es\",\"@id\":\"https:\\\/\\\/secure.gravatar.com\\\/avatar\\\/bc157e994689bd6da9645c00aa3bc4d55b727915b6652642660db0aef086585f?s=96&d=mm&r=g\",\"url\":\"https:\\\/\\\/secure.gravatar.com\\\/avatar\\\/bc157e994689bd6da9645c00aa3bc4d55b727915b6652642660db0aef086585f?s=96&d=mm&r=g\",\"contentUrl\":\"https:\\\/\\\/secure.gravatar.com\\\/avatar\\\/bc157e994689bd6da9645c00aa3bc4d55b727915b6652642660db0aef086585f?s=96&d=mm&r=g\",\"caption\":\"Administrador Web\"}}]}<\/script>\n<!-- \/ Yoast SEO plugin. -->","yoast_head_json":{"title":"Nuestros alumnos se preparan para el Adviento honrando a Mar\u00eda Auxiliadora. - Colegio Salesiano Alcal\u00e1","robots":{"index":"index","follow":"follow","max-snippet":"max-snippet:-1","max-image-preview":"max-image-preview:large","max-video-preview":"max-video-preview:-1"},"canonical":"https:\/\/alcala.salesianos.edu\/colegio\/blog\/2020\/11\/24\/nuestros-alumnos-se-preparan-para-el-adviento-honrando-a-maria-auxiliadora\/","og_locale":"es_ES","og_type":"article","og_title":"Nuestros alumnos se preparan para el Adviento honrando a Mar\u00eda Auxiliadora. - Colegio Salesiano Alcal\u00e1","og_description":"Pidamos al Se\u00f1or que nuestra devoci\u00f3n, especialmente la de j\u00f3venes, sea cada vez m\u00e1s profunda y m\u00e1s amorosa para quien nos protege continuamente.","og_url":"https:\/\/alcala.salesianos.edu\/colegio\/blog\/2020\/11\/24\/nuestros-alumnos-se-preparan-para-el-adviento-honrando-a-maria-auxiliadora\/","og_site_name":"Colegio Salesiano Alcal\u00e1","article_published_time":"2020-11-24T08:47:14+00:00","article_modified_time":"2025-08-27T07:50:53+00:00","author":"Administrador Web","twitter_card":"summary_large_image","twitter_misc":{"Escrito por":"Administrador Web","Tiempo de lectura":"1 minuto"},"schema":{"@context":"https:\/\/schema.org","@graph":[{"@type":"Article","@id":"https:\/\/alcala.salesianos.edu\/colegio\/blog\/2020\/11\/24\/nuestros-alumnos-se-preparan-para-el-adviento-honrando-a-maria-auxiliadora\/#article","isPartOf":{"@id":"https:\/\/alcala.salesianos.edu\/colegio\/blog\/2020\/11\/24\/nuestros-alumnos-se-preparan-para-el-adviento-honrando-a-maria-auxiliadora\/"},"author":{"name":"Administrador Web","@id":"https:\/\/alcala.salesianos.edu\/colegio\/#\/schema\/person\/afcc24f776dc91fc2bf9afb0998fca77"},"headline":"Nuestros alumnos se preparan para el Adviento honrando a Mar\u00eda Auxiliadora.","datePublished":"2020-11-24T08:47:14+00:00","dateModified":"2025-08-27T07:50:53+00:00","mainEntityOfPage":{"@id":"https:\/\/alcala.salesianos.edu\/colegio\/blog\/2020\/11\/24\/nuestros-alumnos-se-preparan-para-el-adviento-honrando-a-maria-auxiliadora\/"},"wordCount":203,"articleSection":["Colegio","covid","FASA","Infantil","Pastoral","Portada","Primaria","Secundaria","Uncategorized"],"inLanguage":"es"},{"@type":"WebPage","@id":"https:\/\/alcala.salesianos.edu\/colegio\/blog\/2020\/11\/24\/nuestros-alumnos-se-preparan-para-el-adviento-honrando-a-maria-auxiliadora\/","url":"https:\/\/alcala.salesianos.edu\/colegio\/blog\/2020\/11\/24\/nuestros-alumnos-se-preparan-para-el-adviento-honrando-a-maria-auxiliadora\/","name":"Nuestros alumnos se preparan para el Adviento honrando a Mar\u00eda Auxiliadora. - Colegio Salesiano Alcal\u00e1","isPartOf":{"@id":"https:\/\/alcala.salesianos.edu\/colegio\/#website"},"datePublished":"2020-11-24T08:47:14+00:00","dateModified":"2025-08-27T07:50:53+00:00","author":{"@id":"https:\/\/alcala.salesianos.edu\/colegio\/#\/schema\/person\/afcc24f776dc91fc2bf9afb0998fca77"},"breadcrumb":{"@id":"https:\/\/alcala.salesianos.edu\/colegio\/blog\/2020\/11\/24\/nuestros-alumnos-se-preparan-para-el-adviento-honrando-a-maria-auxiliadora\/#breadcrumb"},"inLanguage":"es","potentialAction":[{"@type":"ReadAction","target":["https:\/\/alcala.salesianos.edu\/colegio\/blog\/2020\/11\/24\/nuestros-alumnos-se-preparan-para-el-adviento-honrando-a-maria-auxiliadora\/"]}]},{"@type":"BreadcrumbList","@id":"https:\/\/alcala.salesianos.edu\/colegio\/blog\/2020\/11\/24\/nuestros-alumnos-se-preparan-para-el-adviento-honrando-a-maria-auxiliadora\/#breadcrumb","itemListElement":[{"@type":"ListItem","position":1,"name":"Portada","item":"https:\/\/alcala.salesianos.edu\/colegio\/"},{"@type":"ListItem","position":2,"name":"Nuestros alumnos se preparan para el Adviento honrando a Mar\u00eda Auxiliadora."}]},{"@type":"WebSite","@id":"https:\/\/alcala.salesianos.edu\/colegio\/#website","url":"https:\/\/alcala.salesianos.edu\/colegio\/","name":"Colegio Salesiano Alcal\u00e1","description":"P\u00e1gina oficial de Salesianos Alcal\u00e1 de Guadaira","potentialAction":[{"@type":"SearchAction","target":{"@type":"EntryPoint","urlTemplate":"https:\/\/alcala.salesianos.edu\/colegio\/?s={search_term_string}"},"query-input":{"@type":"PropertyValueSpecification","valueRequired":true,"valueName":"search_term_string"}}],"inLanguage":"es"},{"@type":"Person","@id":"https:\/\/alcala.salesianos.edu\/colegio\/#\/schema\/person\/afcc24f776dc91fc2bf9afb0998fca77","name":"Administrador Web","image":{"@type":"ImageObject","inLanguage":"es","@id":"https:\/\/secure.gravatar.com\/avatar\/bc157e994689bd6da9645c00aa3bc4d55b727915b6652642660db0aef086585f?s=96&d=mm&r=g","url":"https:\/\/secure.gravatar.com\/avatar\/bc157e994689bd6da9645c00aa3bc4d55b727915b6652642660db0aef086585f?s=96&d=mm&r=g","contentUrl":"https:\/\/secure.gravatar.com\/avatar\/bc157e994689bd6da9645c00aa3bc4d55b727915b6652642660db0aef086585f?s=96&d=mm&r=g","caption":"Administrador Web"}}]}},"_links":{"self":[{"href":"https:\/\/alcala.salesianos.edu\/colegio\/wp-json\/wp\/v2\/posts\/13306","targetHints":{"allow":["GET"]}}],"collection":[{"href":"https:\/\/alcala.salesianos.edu\/colegio\/wp-json\/wp\/v2\/posts"}],"about":[{"href":"https:\/\/alcala.salesianos.edu\/colegio\/wp-json\/wp\/v2\/types\/post"}],"author":[{"embeddable":true,"href":"https:\/\/alcala.salesianos.edu\/colegio\/wp-json\/wp\/v2\/users\/2"}],"replies":[{"embeddable":true,"href":"https:\/\/alcala.salesianos.edu\/colegio\/wp-json\/wp\/v2\/comments?post=13306"}],"version-history":[{"count":2,"href":"https:\/\/alcala.salesianos.edu\/colegio\/wp-json\/wp\/v2\/posts\/13306\/revisions"}],"predecessor-version":[{"id":13310,"href":"https:\/\/alcala.salesianos.edu\/colegio\/wp-json\/wp\/v2\/posts\/13306\/revisions\/13310"}],"wp:attachment":[{"href":"https:\/\/alcala.salesianos.edu\/colegio\/wp-json\/wp\/v2\/media?parent=13306"}],"wp:term":[{"taxonomy":"category","embeddable":true,"href":"https:\/\/alcala.salesianos.edu\/colegio\/wp-json\/wp\/v2\/categories?post=13306"},{"taxonomy":"post_tag","embeddable":true,"href":"https:\/\/alcala.salesianos.edu\/colegio\/wp-json\/wp\/v2\/tags?post=13306"}],"curies":[{"name":"wp","href":"https:\/\/api.w.org\/{rel}","templated":true}]}}