{"id":13290,"date":"2020-11-18T15:51:45","date_gmt":"2020-11-18T14:51:45","guid":{"rendered":"https:\/\/alcala.salesianos.edu\/colegio\/blog\/2020\/11\/18\/concentracion-y-lectura-de-manifiesto-en-contra-de-la-aprobacion-de-la-lomloe\/"},"modified":"2025-08-27T08:50:54","modified_gmt":"2025-08-27T07:50:54","slug":"concentracion-y-lectura-de-manifiesto-en-contra-de-la-aprobacion-de-la-lomloe","status":"publish","type":"post","link":"https:\/\/alcala.salesianos.edu\/colegio\/blog\/2020\/11\/18\/concentracion-y-lectura-de-manifiesto-en-contra-de-la-aprobacion-de-la-lomloe\/","title":{"rendered":"Concentraci\u00f3n y lectura de manifiesto en contra de la aprobaci\u00f3n de la LOMLOE"},"content":{"rendered":"<div id=\"fb-root\"><\/div>\n\n[et_pb_section fb_built=\u00bb1&#8243; _builder_version=\u00bb4.5.8&#8243; _module_preset=\u00bbdefault\u00bb][et_pb_row _builder_version=\u00bb4.5.8&#8243; _module_preset=\u00bbdefault\u00bb][et_pb_column _builder_version=\u00bb4.5.8&#8243; _module_preset=\u00bbdefault\u00bb type=\u00bb4_4&#8243;][et_pb_text _builder_version=\u00bb4.5.8&#8243; _module_preset=\u00bbdefault\u00bb hover_enabled=\u00bb0&#8243;]\r\n<div>En el d\u00eda de hoy una representaci\u00f3n de la Comunidad Educativa del Centro Salesiano de la ciudad, se ha concentrado a las puertas de su Colegio para pedir la paralizaci\u00f3n de la nueva Ley Org\u00e1nica de Educaci\u00f3n. Esta concentraci\u00f3n se ha realizado cumpliendo con todas las medidas sanitarias impuestas por los diferentes estamentos y por el exigente protocolo que el Colegio desarrolla.<\/div>\r\n<div><\/div>\r\n<div>En el acto, han guardado dos minutos de silencio en favor de la Escuela Concertada y han le\u00eddo el manifiesto\u00a0que la Plataforma MasPlurales ha elaborado para toda Espa\u00f1a\r\n<br clear=\"all\" \/>\r\n<div>Con esto, el Centro Educativo y el sector de la ense\u00f1anza concertada y privada en Sevilla considera que la reforma de la LOE se est\u00e1 tramitando sin contar con la comunidad educativa, en plena ola de la pandemia y pretendiendo instaurar la escuela \u00fanica, hurtando el derecho primario de los padres madres y tutores a elegir la educaci\u00f3n de sus hijos conforme a sus creencias religiosa, filos\u00f3ficas y pedag\u00f3gicas.<\/div>\r\n<div>\u2022 Afecta a la educaci\u00f3n infantil espec\u00edfica del 0-3 a\u00f1os, pues s\u00f3lo promover\u00e1 su oferta en centros p\u00fablicos.<\/div>\r\n<div><\/div>\r\n<div>\r\n\r\n\u2022 Anula el criterio de la demanda social en la programaci\u00f3n de los puestos escolares sostenidos con fondos p\u00fablicos. Esto es = a programar plazas en los centros que ellos quieran y no los que quieran las familias.\r\n\r\n\u2022 Limita los conciertos educativos promoviendo s\u00f3lo plazas en centros p\u00fablicos.\r\n\r\n<\/div>\r\n<div>\u2022 Le quita sustantividad a la ense\u00f1anza de Religi\u00f3n Cat\u00f3lica, que recordemos es voluntaria.<\/div>\r\n<div>\u2022 Proh\u00edbe en contra de la doctrina del Tribunal Constitucional, la financiaci\u00f3n del modelo pedag\u00f3gico diferenciado por sexo, quit\u00e1ndole de un plumazo la libertad de elegir a esas familias que lo prefieren.<\/div>\r\n<div>\u2022 Pretenden desmantelar en contra de las familias afectadas los centros concertados espec\u00edficos de educaci\u00f3n especial.<\/div>\r\n<div>\u2022 El peligro de p\u00e9rdida de puestos de trabajo es inminente.<\/div>\r\n<div>\r\n\r\nLas organizaciones firmantes piden al gobierno, a las instituciones y a la Administraci\u00f3n en\r\ngeneral un sistema educativo plural, siendo el deber de la Administraci\u00f3n el de garantizar el\r\nejercicio los derechos de las familias y centros, evitando obstaculizarlos como es el caso.\r\n\r\n<\/div>\r\n<div>\r\n\r\nCon esto, el Centro y la red de Escuelas Cat\u00f3licas, busca una escuela plural, inclusiva, de\r\niniciativa social, con los controles necesarios para cumplir los est\u00e1ndares de calidad que son\r\ntan necesarios.\r\n\r\n<\/div>\r\n<div>La reforma de la LOE en tramitaci\u00f3n pretende anular la voluntad de los ciudadanos y que el Estado decida por ti.<\/div>\r\n<div><\/div>\r\n<div><a href=\"https:\/\/masplurales.es\/#firmarmanifiesto\" target=\"_blank\" rel=\"noopener noreferrer\" data-saferedirecturl=\"https:\/\/www.google.com\/url?q=https:\/\/masplurales.es\/%23firmarmanifiesto&amp;source=gmail&amp;ust=1605797445673000&amp;usg=AFQjCNEv-fnmdXL57G2qaSqFGB9M6Z6wwA\">https:\/\/masplurales.es\/#<wbr \/>firmarmanifiesto<\/a><\/div>\r\n<\/div>\r\n[\/et_pb_text][\/et_pb_column][\/et_pb_row][\/et_pb_section]\n","protected":false},"excerpt":{"rendered":"<p>Reclamamos una #EducacionPlural donde todos podamos estar presentes. Pedimos el cese de esta Ley Org\u00e1nica que cercena la libertad de ense\u00f1anza #Masplurales <\/p>\n","protected":false},"author":2,"featured_media":0,"comment_status":"closed","ping_status":"open","sticky":false,"template":"","format":"standard","meta":{"_et_pb_use_builder":"on","_et_pb_old_content":"","_et_gb_content_width":"","footnotes":""},"categories":[12,23,19,13,17,14,15,18,16,1],"tags":[],"class_list":["post-13290","post","type-post","status-publish","format-standard","hentry","category-colegio","category-covid","category-escuela-abierta","category-fasa","category-infantil","category-pastoral","category-portada","category-primaria","category-secundaria","category-uncategorized"],"yoast_head":"<!-- This site is optimized with the Yoast SEO plugin v28.4 - https:\/\/yoast.com\/product\/yoast-seo-wordpress\/ -->\n<title>Concentraci\u00f3n y lectura de manifiesto en contra de la aprobaci\u00f3n de la LOMLOE - Colegio Salesiano Alcal\u00e1<\/title>\n<meta name=\"robots\" content=\"index, follow, max-snippet:-1, max-image-preview:large, max-video-preview:-1\" \/>\n<link rel=\"canonical\" href=\"https:\/\/alcala.salesianos.edu\/colegio\/blog\/2020\/11\/18\/concentracion-y-lectura-de-manifiesto-en-contra-de-la-aprobacion-de-la-lomloe\/\" \/>\n<meta property=\"og:locale\" content=\"es_ES\" \/>\n<meta property=\"og:type\" content=\"article\" \/>\n<meta property=\"og:title\" content=\"Concentraci\u00f3n y lectura de manifiesto en contra de la aprobaci\u00f3n de la LOMLOE - Colegio Salesiano Alcal\u00e1\" \/>\n<meta property=\"og:description\" content=\"Reclamamos una #EducacionPlural donde todos podamos estar presentes. Pedimos el cese de esta Ley Org\u00e1nica que cercena la libertad de ense\u00f1anza #Masplurales\" \/>\n<meta property=\"og:url\" content=\"https:\/\/alcala.salesianos.edu\/colegio\/blog\/2020\/11\/18\/concentracion-y-lectura-de-manifiesto-en-contra-de-la-aprobacion-de-la-lomloe\/\" \/>\n<meta property=\"og:site_name\" content=\"Colegio Salesiano Alcal\u00e1\" \/>\n<meta property=\"article:published_time\" content=\"2020-11-18T14:51:45+00:00\" \/>\n<meta property=\"article:modified_time\" content=\"2025-08-27T07:50:54+00:00\" \/>\n<meta name=\"author\" content=\"Administrador Web\" \/>\n<meta name=\"twitter:card\" content=\"summary_large_image\" \/>\n<meta name=\"twitter:label1\" content=\"Escrito por\" \/>\n\t<meta name=\"twitter:data1\" content=\"Administrador Web\" \/>\n\t<meta name=\"twitter:label2\" content=\"Tiempo de lectura\" \/>\n\t<meta name=\"twitter:data2\" content=\"2 minutos\" \/>\n<script type=\"application\/ld+json\" class=\"yoast-schema-graph\">{\"@context\":\"https:\\\/\\\/schema.org\",\"@graph\":[{\"@type\":\"Article\",\"@id\":\"https:\\\/\\\/alcala.salesianos.edu\\\/colegio\\\/blog\\\/2020\\\/11\\\/18\\\/concentracion-y-lectura-de-manifiesto-en-contra-de-la-aprobacion-de-la-lomloe\\\/#article\",\"isPartOf\":{\"@id\":\"https:\\\/\\\/alcala.salesianos.edu\\\/colegio\\\/blog\\\/2020\\\/11\\\/18\\\/concentracion-y-lectura-de-manifiesto-en-contra-de-la-aprobacion-de-la-lomloe\\\/\"},\"author\":{\"name\":\"Administrador Web\",\"@id\":\"https:\\\/\\\/alcala.salesianos.edu\\\/colegio\\\/#\\\/schema\\\/person\\\/afcc24f776dc91fc2bf9afb0998fca77\"},\"headline\":\"Concentraci\u00f3n y lectura de manifiesto en contra de la aprobaci\u00f3n de la LOMLOE\",\"datePublished\":\"2020-11-18T14:51:45+00:00\",\"dateModified\":\"2025-08-27T07:50:54+00:00\",\"mainEntityOfPage\":{\"@id\":\"https:\\\/\\\/alcala.salesianos.edu\\\/colegio\\\/blog\\\/2020\\\/11\\\/18\\\/concentracion-y-lectura-de-manifiesto-en-contra-de-la-aprobacion-de-la-lomloe\\\/\"},\"wordCount\":492,\"articleSection\":[\"Colegio\",\"covid\",\"Escuela abierta\",\"FASA\",\"Infantil\",\"Pastoral\",\"Portada\",\"Primaria\",\"Secundaria\",\"Uncategorized\"],\"inLanguage\":\"es\"},{\"@type\":\"WebPage\",\"@id\":\"https:\\\/\\\/alcala.salesianos.edu\\\/colegio\\\/blog\\\/2020\\\/11\\\/18\\\/concentracion-y-lectura-de-manifiesto-en-contra-de-la-aprobacion-de-la-lomloe\\\/\",\"url\":\"https:\\\/\\\/alcala.salesianos.edu\\\/colegio\\\/blog\\\/2020\\\/11\\\/18\\\/concentracion-y-lectura-de-manifiesto-en-contra-de-la-aprobacion-de-la-lomloe\\\/\",\"name\":\"Concentraci\u00f3n y lectura de manifiesto en contra de la aprobaci\u00f3n de la LOMLOE - Colegio Salesiano Alcal\u00e1\",\"isPartOf\":{\"@id\":\"https:\\\/\\\/alcala.salesianos.edu\\\/colegio\\\/#website\"},\"datePublished\":\"2020-11-18T14:51:45+00:00\",\"dateModified\":\"2025-08-27T07:50:54+00:00\",\"author\":{\"@id\":\"https:\\\/\\\/alcala.salesianos.edu\\\/colegio\\\/#\\\/schema\\\/person\\\/afcc24f776dc91fc2bf9afb0998fca77\"},\"breadcrumb\":{\"@id\":\"https:\\\/\\\/alcala.salesianos.edu\\\/colegio\\\/blog\\\/2020\\\/11\\\/18\\\/concentracion-y-lectura-de-manifiesto-en-contra-de-la-aprobacion-de-la-lomloe\\\/#breadcrumb\"},\"inLanguage\":\"es\",\"potentialAction\":[{\"@type\":\"ReadAction\",\"target\":[\"https:\\\/\\\/alcala.salesianos.edu\\\/colegio\\\/blog\\\/2020\\\/11\\\/18\\\/concentracion-y-lectura-de-manifiesto-en-contra-de-la-aprobacion-de-la-lomloe\\\/\"]}]},{\"@type\":\"BreadcrumbList\",\"@id\":\"https:\\\/\\\/alcala.salesianos.edu\\\/colegio\\\/blog\\\/2020\\\/11\\\/18\\\/concentracion-y-lectura-de-manifiesto-en-contra-de-la-aprobacion-de-la-lomloe\\\/#breadcrumb\",\"itemListElement\":[{\"@type\":\"ListItem\",\"position\":1,\"name\":\"Portada\",\"item\":\"https:\\\/\\\/alcala.salesianos.edu\\\/colegio\\\/\"},{\"@type\":\"ListItem\",\"position\":2,\"name\":\"Concentraci\u00f3n y lectura de manifiesto en contra de la aprobaci\u00f3n de la LOMLOE\"}]},{\"@type\":\"WebSite\",\"@id\":\"https:\\\/\\\/alcala.salesianos.edu\\\/colegio\\\/#website\",\"url\":\"https:\\\/\\\/alcala.salesianos.edu\\\/colegio\\\/\",\"name\":\"Colegio Salesiano Alcal\u00e1\",\"description\":\"P\u00e1gina oficial de Salesianos Alcal\u00e1 de Guadaira\",\"potentialAction\":[{\"@type\":\"SearchAction\",\"target\":{\"@type\":\"EntryPoint\",\"urlTemplate\":\"https:\\\/\\\/alcala.salesianos.edu\\\/colegio\\\/?s={search_term_string}\"},\"query-input\":{\"@type\":\"PropertyValueSpecification\",\"valueRequired\":true,\"valueName\":\"search_term_string\"}}],\"inLanguage\":\"es\"},{\"@type\":\"Person\",\"@id\":\"https:\\\/\\\/alcala.salesianos.edu\\\/colegio\\\/#\\\/schema\\\/person\\\/afcc24f776dc91fc2bf9afb0998fca77\",\"name\":\"Administrador Web\",\"image\":{\"@type\":\"ImageObject\",\"inLanguage\":\"es\",\"@id\":\"https:\\\/\\\/secure.gravatar.com\\\/avatar\\\/bc157e994689bd6da9645c00aa3bc4d55b727915b6652642660db0aef086585f?s=96&d=mm&r=g\",\"url\":\"https:\\\/\\\/secure.gravatar.com\\\/avatar\\\/bc157e994689bd6da9645c00aa3bc4d55b727915b6652642660db0aef086585f?s=96&d=mm&r=g\",\"contentUrl\":\"https:\\\/\\\/secure.gravatar.com\\\/avatar\\\/bc157e994689bd6da9645c00aa3bc4d55b727915b6652642660db0aef086585f?s=96&d=mm&r=g\",\"caption\":\"Administrador Web\"}}]}<\/script>\n<!-- \/ Yoast SEO plugin. -->","yoast_head_json":{"title":"Concentraci\u00f3n y lectura de manifiesto en contra de la aprobaci\u00f3n de la LOMLOE - Colegio Salesiano Alcal\u00e1","robots":{"index":"index","follow":"follow","max-snippet":"max-snippet:-1","max-image-preview":"max-image-preview:large","max-video-preview":"max-video-preview:-1"},"canonical":"https:\/\/alcala.salesianos.edu\/colegio\/blog\/2020\/11\/18\/concentracion-y-lectura-de-manifiesto-en-contra-de-la-aprobacion-de-la-lomloe\/","og_locale":"es_ES","og_type":"article","og_title":"Concentraci\u00f3n y lectura de manifiesto en contra de la aprobaci\u00f3n de la LOMLOE - Colegio Salesiano Alcal\u00e1","og_description":"Reclamamos una #EducacionPlural donde todos podamos estar presentes. Pedimos el cese de esta Ley Org\u00e1nica que cercena la libertad de ense\u00f1anza #Masplurales","og_url":"https:\/\/alcala.salesianos.edu\/colegio\/blog\/2020\/11\/18\/concentracion-y-lectura-de-manifiesto-en-contra-de-la-aprobacion-de-la-lomloe\/","og_site_name":"Colegio Salesiano Alcal\u00e1","article_published_time":"2020-11-18T14:51:45+00:00","article_modified_time":"2025-08-27T07:50:54+00:00","author":"Administrador Web","twitter_card":"summary_large_image","twitter_misc":{"Escrito por":"Administrador Web","Tiempo de lectura":"2 minutos"},"schema":{"@context":"https:\/\/schema.org","@graph":[{"@type":"Article","@id":"https:\/\/alcala.salesianos.edu\/colegio\/blog\/2020\/11\/18\/concentracion-y-lectura-de-manifiesto-en-contra-de-la-aprobacion-de-la-lomloe\/#article","isPartOf":{"@id":"https:\/\/alcala.salesianos.edu\/colegio\/blog\/2020\/11\/18\/concentracion-y-lectura-de-manifiesto-en-contra-de-la-aprobacion-de-la-lomloe\/"},"author":{"name":"Administrador Web","@id":"https:\/\/alcala.salesianos.edu\/colegio\/#\/schema\/person\/afcc24f776dc91fc2bf9afb0998fca77"},"headline":"Concentraci\u00f3n y lectura de manifiesto en contra de la aprobaci\u00f3n de la LOMLOE","datePublished":"2020-11-18T14:51:45+00:00","dateModified":"2025-08-27T07:50:54+00:00","mainEntityOfPage":{"@id":"https:\/\/alcala.salesianos.edu\/colegio\/blog\/2020\/11\/18\/concentracion-y-lectura-de-manifiesto-en-contra-de-la-aprobacion-de-la-lomloe\/"},"wordCount":492,"articleSection":["Colegio","covid","Escuela abierta","FASA","Infantil","Pastoral","Portada","Primaria","Secundaria","Uncategorized"],"inLanguage":"es"},{"@type":"WebPage","@id":"https:\/\/alcala.salesianos.edu\/colegio\/blog\/2020\/11\/18\/concentracion-y-lectura-de-manifiesto-en-contra-de-la-aprobacion-de-la-lomloe\/","url":"https:\/\/alcala.salesianos.edu\/colegio\/blog\/2020\/11\/18\/concentracion-y-lectura-de-manifiesto-en-contra-de-la-aprobacion-de-la-lomloe\/","name":"Concentraci\u00f3n y lectura de manifiesto en contra de la aprobaci\u00f3n de la LOMLOE - Colegio Salesiano Alcal\u00e1","isPartOf":{"@id":"https:\/\/alcala.salesianos.edu\/colegio\/#website"},"datePublished":"2020-11-18T14:51:45+00:00","dateModified":"2025-08-27T07:50:54+00:00","author":{"@id":"https:\/\/alcala.salesianos.edu\/colegio\/#\/schema\/person\/afcc24f776dc91fc2bf9afb0998fca77"},"breadcrumb":{"@id":"https:\/\/alcala.salesianos.edu\/colegio\/blog\/2020\/11\/18\/concentracion-y-lectura-de-manifiesto-en-contra-de-la-aprobacion-de-la-lomloe\/#breadcrumb"},"inLanguage":"es","potentialAction":[{"@type":"ReadAction","target":["https:\/\/alcala.salesianos.edu\/colegio\/blog\/2020\/11\/18\/concentracion-y-lectura-de-manifiesto-en-contra-de-la-aprobacion-de-la-lomloe\/"]}]},{"@type":"BreadcrumbList","@id":"https:\/\/alcala.salesianos.edu\/colegio\/blog\/2020\/11\/18\/concentracion-y-lectura-de-manifiesto-en-contra-de-la-aprobacion-de-la-lomloe\/#breadcrumb","itemListElement":[{"@type":"ListItem","position":1,"name":"Portada","item":"https:\/\/alcala.salesianos.edu\/colegio\/"},{"@type":"ListItem","position":2,"name":"Concentraci\u00f3n y lectura de manifiesto en contra de la aprobaci\u00f3n de la LOMLOE"}]},{"@type":"WebSite","@id":"https:\/\/alcala.salesianos.edu\/colegio\/#website","url":"https:\/\/alcala.salesianos.edu\/colegio\/","name":"Colegio Salesiano Alcal\u00e1","description":"P\u00e1gina oficial de Salesianos Alcal\u00e1 de Guadaira","potentialAction":[{"@type":"SearchAction","target":{"@type":"EntryPoint","urlTemplate":"https:\/\/alcala.salesianos.edu\/colegio\/?s={search_term_string}"},"query-input":{"@type":"PropertyValueSpecification","valueRequired":true,"valueName":"search_term_string"}}],"inLanguage":"es"},{"@type":"Person","@id":"https:\/\/alcala.salesianos.edu\/colegio\/#\/schema\/person\/afcc24f776dc91fc2bf9afb0998fca77","name":"Administrador Web","image":{"@type":"ImageObject","inLanguage":"es","@id":"https:\/\/secure.gravatar.com\/avatar\/bc157e994689bd6da9645c00aa3bc4d55b727915b6652642660db0aef086585f?s=96&d=mm&r=g","url":"https:\/\/secure.gravatar.com\/avatar\/bc157e994689bd6da9645c00aa3bc4d55b727915b6652642660db0aef086585f?s=96&d=mm&r=g","contentUrl":"https:\/\/secure.gravatar.com\/avatar\/bc157e994689bd6da9645c00aa3bc4d55b727915b6652642660db0aef086585f?s=96&d=mm&r=g","caption":"Administrador Web"}}]}},"_links":{"self":[{"href":"https:\/\/alcala.salesianos.edu\/colegio\/wp-json\/wp\/v2\/posts\/13290","targetHints":{"allow":["GET"]}}],"collection":[{"href":"https:\/\/alcala.salesianos.edu\/colegio\/wp-json\/wp\/v2\/posts"}],"about":[{"href":"https:\/\/alcala.salesianos.edu\/colegio\/wp-json\/wp\/v2\/types\/post"}],"author":[{"embeddable":true,"href":"https:\/\/alcala.salesianos.edu\/colegio\/wp-json\/wp\/v2\/users\/2"}],"replies":[{"embeddable":true,"href":"https:\/\/alcala.salesianos.edu\/colegio\/wp-json\/wp\/v2\/comments?post=13290"}],"version-history":[{"count":1,"href":"https:\/\/alcala.salesianos.edu\/colegio\/wp-json\/wp\/v2\/posts\/13290\/revisions"}],"predecessor-version":[{"id":13297,"href":"https:\/\/alcala.salesianos.edu\/colegio\/wp-json\/wp\/v2\/posts\/13290\/revisions\/13297"}],"wp:attachment":[{"href":"https:\/\/alcala.salesianos.edu\/colegio\/wp-json\/wp\/v2\/media?parent=13290"}],"wp:term":[{"taxonomy":"category","embeddable":true,"href":"https:\/\/alcala.salesianos.edu\/colegio\/wp-json\/wp\/v2\/categories?post=13290"},{"taxonomy":"post_tag","embeddable":true,"href":"https:\/\/alcala.salesianos.edu\/colegio\/wp-json\/wp\/v2\/tags?post=13290"}],"curies":[{"name":"wp","href":"https:\/\/api.w.org\/{rel}","templated":true}]}}