{"id":13283,"date":"2020-11-16T13:06:17","date_gmt":"2020-11-16T12:06:17","guid":{"rendered":"https:\/\/alcala.salesianos.edu\/colegio\/blog\/2020\/11\/16\/las-oportunidades-del-patio-salesiano-de-oscar-bartolome-fernandez-sdb\/"},"modified":"2025-08-27T08:50:54","modified_gmt":"2025-08-27T07:50:54","slug":"las-oportunidades-del-patio-salesiano-de-oscar-bartolome-fernandez-sdb","status":"publish","type":"post","link":"https:\/\/alcala.salesianos.edu\/colegio\/blog\/2020\/11\/16\/las-oportunidades-del-patio-salesiano-de-oscar-bartolome-fernandez-sdb\/","title":{"rendered":"\u00abLas oportunidades del patio salesiano\u00bb de \u00d3scar Bartolom\u00e9 Fern\u00e1ndez sdb"},"content":{"rendered":"<div id=\"fb-root\"><\/div>\n\n[et_pb_section fb_built=\u00bb1&#8243; _builder_version=\u00bb4.5.8&#8243; _module_preset=\u00bbdefault\u00bb][et_pb_row _builder_version=\u00bb4.5.8&#8243; _module_preset=\u00bbdefault\u00bb][et_pb_column _builder_version=\u00bb4.5.8&#8243; _module_preset=\u00bbdefault\u00bb type=\u00bb4_4&#8243;][et_pb_text _builder_version=\u00bb4.5.8&#8243; _module_preset=\u00bbdefault\u00bb hover_enabled=\u00bb0&#8243;]\r\n\r\nHace tiempo le\u00ed un texto de Don\u00a0<a href=\"http:\/\/josemiguelsdb.blogspot.com.es\/2010\/01\/os-he-preparado-una-emboscada.html\">Alberto Caviglia<\/a>\u00a0que me impresion\u00f3 profundamente. Dec\u00eda as\u00ed: \u00ab<em><strong>El patio es Don Bosco entre los j\u00f3venes<\/strong><\/em>\u00bb. Me llama tambi\u00e9n poderosamente la atenci\u00f3n c\u00f3mo los encuentros m\u00e1s importantes pedag\u00f3gicamente que nos ofrece Don Bosco se produjeron en el patio. Y creo que esto como educadores nos tiene que hacer reflexionar sobre nuestra actitud en el patio. Es m\u00e1s, el patio no se puede quitar de la vida de nuestro fundador, sino no ser\u00eda Don Bosco. Hemos de entender el patio como toda relaci\u00f3n informal, espont\u00e1nea y cercana con chicos y j\u00f3venes. La m\u00fasica, el teatro, las excursiones, el recreo, las fiestas, el deporte, los campamentos, las convivencias, las redes sociales\u2026 son nuestros \u00abpatios salesianos\u00bb.\r\n\r\nLo importante no es el espacio o el lugar. No se trata de un patio grande o peque\u00f1o y lo digo desde la experiencia de estar, probablemente, en un colegio con uno de los patios m\u00e1s peque\u00f1os del mundo salesiano,\u00a0<em><strong>se trata de una forma de estar<\/strong><\/em>.\u00a0<em>Estar<\/em>\u00a0con una actitud atenta y disponible al joven.\u00a0<em>Estar<\/em>\u00a0a tiro de quien pide ayuda, incluso muchas veces sin palabras, o de quien necesita una palabra amiga, una \u00abpalabra al o\u00eddo\u00bb, de \u00e1nimo, de correcci\u00f3n, de preocupaci\u00f3n.\u00a0<em>Estar<\/em>\u00a0como educador apasionado con su tarea.\u00a0<em>Estar<\/em>\u00a0para escuchar.\u00a0<em>Estar<\/em>\u00a0para acompa\u00f1ar.\u00a0<em>Estar<\/em>\u00a0para animar.\u00a0<em>Estar<\/em>\u00a0para corregir.\u00a0<em>Estar<\/em>\u00a0para\u2026 Lo importante y esencial es la actitud del educador en el \u00ab<strong>patio<\/strong>\u00bb, y como educadores salesianos tenemos patio en el centro juvenil, en el colegio, en la parroquia, en las plataformas sociales, en definitiva, all\u00ed donde estemos y haya j\u00f3venes.\r\n\r\nEspontaneidad, libertad, confianza, cordialidad, cercan\u00eda, preocupaci\u00f3n, inter\u00e9s\u2026 son palabras que nos hablan de la verdadera actitud del educador de patio salesiano que debe estar atento a cada chico y debe ofrecer unas actitudes b\u00e1sicas que garanticen o posibiliten esa relaci\u00f3n educativa informal que puede dar frutos mucho m\u00e1s interesantes que la relaci\u00f3n correcta y formal de un aula.\r\n\r\nHace tiempo en un campamento de verano una animadora, que tambi\u00e9n era profesora en uno de nuestros colegios, me dijo que hab\u00eda conocido m\u00e1s a los chicos en la semana de campamento que durante todo el curso escolar. Estas palabras quedaron profundamente grabadas en mi memoria y me hicieron caer, una vez m\u00e1s, en la cuenta de las m\u00faltiples y variadas oportunidades que nos ofrece el patio salesiano entendido correctamente, pues patio es todo espacio o momento en el que el chico o el joven se relaciona con confianza y apertura sincera con un educador. As\u00ed que, como no nos faltan ni j\u00f3venes, ni patios, aprovechemos a tope las ocasiones que se nos brindan para trabajar con nuestros j\u00f3venes \u00absiendo Don Bosco hoy\u00bb para cada uno de ellos.\r\n\r\n&nbsp;\r\n\r\n<strong>\u00d3scar Bartolom\u00e9 Fern\u00e1ndez, SDB<\/strong>\r\nDirector de la Obra salesiana de Lugo\r\nMiembro de la Comisi\u00f3n Nacional de Animaci\u00f3n Vocacional\r\n\r\n<strong>Origen del art\u00edculo:<\/strong> <a href=\"http:\/\/www.pastoraljuvenil.es\/las-oportunidades-del-patio-salesiano\/\">http:\/\/www.pastoraljuvenil.es\/las-oportunidades-del-patio-salesiano\/<\/a>\r\n\r\n[\/et_pb_text][\/et_pb_column][\/et_pb_row][\/et_pb_section]\n","protected":false},"excerpt":{"rendered":"<p>\u00abLa m\u00fasica, el teatro, las excursiones, el recreo, las fiestas, el deporte, los campamentos, las convivencias, las redes sociales\u2026 son nuestros \u00abpatios salesianos\u00bb\u00bb.<\/p>\n","protected":false},"author":2,"featured_media":13282,"comment_status":"closed","ping_status":"open","sticky":false,"template":"","format":"standard","meta":{"_et_pb_use_builder":"on","_et_pb_old_content":"","_et_gb_content_width":"","footnotes":""},"categories":[12,23,19,13,17,14,15,18,16,1],"tags":[],"class_list":["post-13283","post","type-post","status-publish","format-standard","has-post-thumbnail","hentry","category-colegio","category-covid","category-escuela-abierta","category-fasa","category-infantil","category-pastoral","category-portada","category-primaria","category-secundaria","category-uncategorized"],"yoast_head":"<!-- This site is optimized with the Yoast SEO plugin v28.4 - https:\/\/yoast.com\/product\/yoast-seo-wordpress\/ -->\n<title>\u00abLas oportunidades del patio salesiano\u00bb de \u00d3scar Bartolom\u00e9 Fern\u00e1ndez sdb - Colegio Salesiano Alcal\u00e1<\/title>\n<meta name=\"robots\" content=\"index, follow, max-snippet:-1, max-image-preview:large, max-video-preview:-1\" \/>\n<link rel=\"canonical\" href=\"https:\/\/alcala.salesianos.edu\/colegio\/blog\/2020\/11\/16\/las-oportunidades-del-patio-salesiano-de-oscar-bartolome-fernandez-sdb\/\" \/>\n<meta property=\"og:locale\" content=\"es_ES\" \/>\n<meta property=\"og:type\" content=\"article\" \/>\n<meta property=\"og:title\" content=\"\u00abLas oportunidades del patio salesiano\u00bb de \u00d3scar Bartolom\u00e9 Fern\u00e1ndez sdb - Colegio Salesiano Alcal\u00e1\" \/>\n<meta property=\"og:description\" content=\"&quot;La m\u00fasica, el teatro, las excursiones, el recreo, las fiestas, el deporte, los campamentos, las convivencias, las redes sociales\u2026 son nuestros \u00abpatios salesianos\u00bb&quot;.\" \/>\n<meta property=\"og:url\" content=\"https:\/\/alcala.salesianos.edu\/colegio\/blog\/2020\/11\/16\/las-oportunidades-del-patio-salesiano-de-oscar-bartolome-fernandez-sdb\/\" \/>\n<meta property=\"og:site_name\" content=\"Colegio Salesiano Alcal\u00e1\" \/>\n<meta property=\"article:published_time\" content=\"2020-11-16T12:06:17+00:00\" \/>\n<meta property=\"article:modified_time\" content=\"2025-08-27T07:50:54+00:00\" \/>\n<meta property=\"og:image\" content=\"https:\/\/alcala.salesianos.edu\/colegio\/wp-content\/uploads\/sites\/2\/2020\/11\/Patio-Salesiano-2.png\" \/>\n\t<meta property=\"og:image:width\" content=\"1920\" \/>\n\t<meta property=\"og:image:height\" content=\"1080\" \/>\n\t<meta property=\"og:image:type\" content=\"image\/png\" \/>\n<meta name=\"author\" content=\"Administrador Web\" \/>\n<meta name=\"twitter:card\" content=\"summary_large_image\" \/>\n<meta name=\"twitter:label1\" content=\"Escrito por\" \/>\n\t<meta name=\"twitter:data1\" content=\"Administrador Web\" \/>\n\t<meta name=\"twitter:label2\" content=\"Tiempo de lectura\" \/>\n\t<meta name=\"twitter:data2\" content=\"3 minutos\" \/>\n<script type=\"application\/ld+json\" class=\"yoast-schema-graph\">{\"@context\":\"https:\\\/\\\/schema.org\",\"@graph\":[{\"@type\":\"Article\",\"@id\":\"https:\\\/\\\/alcala.salesianos.edu\\\/colegio\\\/blog\\\/2020\\\/11\\\/16\\\/las-oportunidades-del-patio-salesiano-de-oscar-bartolome-fernandez-sdb\\\/#article\",\"isPartOf\":{\"@id\":\"https:\\\/\\\/alcala.salesianos.edu\\\/colegio\\\/blog\\\/2020\\\/11\\\/16\\\/las-oportunidades-del-patio-salesiano-de-oscar-bartolome-fernandez-sdb\\\/\"},\"author\":{\"name\":\"Administrador Web\",\"@id\":\"https:\\\/\\\/alcala.salesianos.edu\\\/colegio\\\/#\\\/schema\\\/person\\\/afcc24f776dc91fc2bf9afb0998fca77\"},\"headline\":\"\u00abLas oportunidades del patio salesiano\u00bb de \u00d3scar Bartolom\u00e9 Fern\u00e1ndez sdb\",\"datePublished\":\"2020-11-16T12:06:17+00:00\",\"dateModified\":\"2025-08-27T07:50:54+00:00\",\"mainEntityOfPage\":{\"@id\":\"https:\\\/\\\/alcala.salesianos.edu\\\/colegio\\\/blog\\\/2020\\\/11\\\/16\\\/las-oportunidades-del-patio-salesiano-de-oscar-bartolome-fernandez-sdb\\\/\"},\"wordCount\":579,\"image\":{\"@id\":\"https:\\\/\\\/alcala.salesianos.edu\\\/colegio\\\/blog\\\/2020\\\/11\\\/16\\\/las-oportunidades-del-patio-salesiano-de-oscar-bartolome-fernandez-sdb\\\/#primaryimage\"},\"thumbnailUrl\":\"https:\\\/\\\/alcala.salesianos.edu\\\/colegio\\\/wp-content\\\/uploads\\\/sites\\\/2\\\/2020\\\/11\\\/Patio-Salesiano-2.png\",\"articleSection\":[\"Colegio\",\"covid\",\"Escuela abierta\",\"FASA\",\"Infantil\",\"Pastoral\",\"Portada\",\"Primaria\",\"Secundaria\",\"Uncategorized\"],\"inLanguage\":\"es\"},{\"@type\":\"WebPage\",\"@id\":\"https:\\\/\\\/alcala.salesianos.edu\\\/colegio\\\/blog\\\/2020\\\/11\\\/16\\\/las-oportunidades-del-patio-salesiano-de-oscar-bartolome-fernandez-sdb\\\/\",\"url\":\"https:\\\/\\\/alcala.salesianos.edu\\\/colegio\\\/blog\\\/2020\\\/11\\\/16\\\/las-oportunidades-del-patio-salesiano-de-oscar-bartolome-fernandez-sdb\\\/\",\"name\":\"\u00abLas oportunidades del patio salesiano\u00bb de \u00d3scar Bartolom\u00e9 Fern\u00e1ndez sdb - Colegio Salesiano Alcal\u00e1\",\"isPartOf\":{\"@id\":\"https:\\\/\\\/alcala.salesianos.edu\\\/colegio\\\/#website\"},\"primaryImageOfPage\":{\"@id\":\"https:\\\/\\\/alcala.salesianos.edu\\\/colegio\\\/blog\\\/2020\\\/11\\\/16\\\/las-oportunidades-del-patio-salesiano-de-oscar-bartolome-fernandez-sdb\\\/#primaryimage\"},\"image\":{\"@id\":\"https:\\\/\\\/alcala.salesianos.edu\\\/colegio\\\/blog\\\/2020\\\/11\\\/16\\\/las-oportunidades-del-patio-salesiano-de-oscar-bartolome-fernandez-sdb\\\/#primaryimage\"},\"thumbnailUrl\":\"https:\\\/\\\/alcala.salesianos.edu\\\/colegio\\\/wp-content\\\/uploads\\\/sites\\\/2\\\/2020\\\/11\\\/Patio-Salesiano-2.png\",\"datePublished\":\"2020-11-16T12:06:17+00:00\",\"dateModified\":\"2025-08-27T07:50:54+00:00\",\"author\":{\"@id\":\"https:\\\/\\\/alcala.salesianos.edu\\\/colegio\\\/#\\\/schema\\\/person\\\/afcc24f776dc91fc2bf9afb0998fca77\"},\"breadcrumb\":{\"@id\":\"https:\\\/\\\/alcala.salesianos.edu\\\/colegio\\\/blog\\\/2020\\\/11\\\/16\\\/las-oportunidades-del-patio-salesiano-de-oscar-bartolome-fernandez-sdb\\\/#breadcrumb\"},\"inLanguage\":\"es\",\"potentialAction\":[{\"@type\":\"ReadAction\",\"target\":[\"https:\\\/\\\/alcala.salesianos.edu\\\/colegio\\\/blog\\\/2020\\\/11\\\/16\\\/las-oportunidades-del-patio-salesiano-de-oscar-bartolome-fernandez-sdb\\\/\"]}]},{\"@type\":\"ImageObject\",\"inLanguage\":\"es\",\"@id\":\"https:\\\/\\\/alcala.salesianos.edu\\\/colegio\\\/blog\\\/2020\\\/11\\\/16\\\/las-oportunidades-del-patio-salesiano-de-oscar-bartolome-fernandez-sdb\\\/#primaryimage\",\"url\":\"https:\\\/\\\/alcala.salesianos.edu\\\/colegio\\\/wp-content\\\/uploads\\\/sites\\\/2\\\/2020\\\/11\\\/Patio-Salesiano-2.png\",\"contentUrl\":\"https:\\\/\\\/alcala.salesianos.edu\\\/colegio\\\/wp-content\\\/uploads\\\/sites\\\/2\\\/2020\\\/11\\\/Patio-Salesiano-2.png\",\"width\":1920,\"height\":1080},{\"@type\":\"BreadcrumbList\",\"@id\":\"https:\\\/\\\/alcala.salesianos.edu\\\/colegio\\\/blog\\\/2020\\\/11\\\/16\\\/las-oportunidades-del-patio-salesiano-de-oscar-bartolome-fernandez-sdb\\\/#breadcrumb\",\"itemListElement\":[{\"@type\":\"ListItem\",\"position\":1,\"name\":\"Portada\",\"item\":\"https:\\\/\\\/alcala.salesianos.edu\\\/colegio\\\/\"},{\"@type\":\"ListItem\",\"position\":2,\"name\":\"\u00abLas oportunidades del patio salesiano\u00bb de \u00d3scar Bartolom\u00e9 Fern\u00e1ndez sdb\"}]},{\"@type\":\"WebSite\",\"@id\":\"https:\\\/\\\/alcala.salesianos.edu\\\/colegio\\\/#website\",\"url\":\"https:\\\/\\\/alcala.salesianos.edu\\\/colegio\\\/\",\"name\":\"Colegio Salesiano Alcal\u00e1\",\"description\":\"P\u00e1gina oficial de Salesianos Alcal\u00e1 de Guadaira\",\"potentialAction\":[{\"@type\":\"SearchAction\",\"target\":{\"@type\":\"EntryPoint\",\"urlTemplate\":\"https:\\\/\\\/alcala.salesianos.edu\\\/colegio\\\/?s={search_term_string}\"},\"query-input\":{\"@type\":\"PropertyValueSpecification\",\"valueRequired\":true,\"valueName\":\"search_term_string\"}}],\"inLanguage\":\"es\"},{\"@type\":\"Person\",\"@id\":\"https:\\\/\\\/alcala.salesianos.edu\\\/colegio\\\/#\\\/schema\\\/person\\\/afcc24f776dc91fc2bf9afb0998fca77\",\"name\":\"Administrador Web\",\"image\":{\"@type\":\"ImageObject\",\"inLanguage\":\"es\",\"@id\":\"https:\\\/\\\/secure.gravatar.com\\\/avatar\\\/bc157e994689bd6da9645c00aa3bc4d55b727915b6652642660db0aef086585f?s=96&d=mm&r=g\",\"url\":\"https:\\\/\\\/secure.gravatar.com\\\/avatar\\\/bc157e994689bd6da9645c00aa3bc4d55b727915b6652642660db0aef086585f?s=96&d=mm&r=g\",\"contentUrl\":\"https:\\\/\\\/secure.gravatar.com\\\/avatar\\\/bc157e994689bd6da9645c00aa3bc4d55b727915b6652642660db0aef086585f?s=96&d=mm&r=g\",\"caption\":\"Administrador Web\"}}]}<\/script>\n<!-- \/ Yoast SEO plugin. -->","yoast_head_json":{"title":"\u00abLas oportunidades del patio salesiano\u00bb de \u00d3scar Bartolom\u00e9 Fern\u00e1ndez sdb - Colegio Salesiano Alcal\u00e1","robots":{"index":"index","follow":"follow","max-snippet":"max-snippet:-1","max-image-preview":"max-image-preview:large","max-video-preview":"max-video-preview:-1"},"canonical":"https:\/\/alcala.salesianos.edu\/colegio\/blog\/2020\/11\/16\/las-oportunidades-del-patio-salesiano-de-oscar-bartolome-fernandez-sdb\/","og_locale":"es_ES","og_type":"article","og_title":"\u00abLas oportunidades del patio salesiano\u00bb de \u00d3scar Bartolom\u00e9 Fern\u00e1ndez sdb - Colegio Salesiano Alcal\u00e1","og_description":"\"La m\u00fasica, el teatro, las excursiones, el recreo, las fiestas, el deporte, los campamentos, las convivencias, las redes sociales\u2026 son nuestros \u00abpatios salesianos\u00bb\".","og_url":"https:\/\/alcala.salesianos.edu\/colegio\/blog\/2020\/11\/16\/las-oportunidades-del-patio-salesiano-de-oscar-bartolome-fernandez-sdb\/","og_site_name":"Colegio Salesiano Alcal\u00e1","article_published_time":"2020-11-16T12:06:17+00:00","article_modified_time":"2025-08-27T07:50:54+00:00","og_image":[{"width":1920,"height":1080,"url":"https:\/\/alcala.salesianos.edu\/colegio\/wp-content\/uploads\/sites\/2\/2020\/11\/Patio-Salesiano-2.png","type":"image\/png"}],"author":"Administrador Web","twitter_card":"summary_large_image","twitter_misc":{"Escrito por":"Administrador Web","Tiempo de lectura":"3 minutos"},"schema":{"@context":"https:\/\/schema.org","@graph":[{"@type":"Article","@id":"https:\/\/alcala.salesianos.edu\/colegio\/blog\/2020\/11\/16\/las-oportunidades-del-patio-salesiano-de-oscar-bartolome-fernandez-sdb\/#article","isPartOf":{"@id":"https:\/\/alcala.salesianos.edu\/colegio\/blog\/2020\/11\/16\/las-oportunidades-del-patio-salesiano-de-oscar-bartolome-fernandez-sdb\/"},"author":{"name":"Administrador Web","@id":"https:\/\/alcala.salesianos.edu\/colegio\/#\/schema\/person\/afcc24f776dc91fc2bf9afb0998fca77"},"headline":"\u00abLas oportunidades del patio salesiano\u00bb de \u00d3scar Bartolom\u00e9 Fern\u00e1ndez sdb","datePublished":"2020-11-16T12:06:17+00:00","dateModified":"2025-08-27T07:50:54+00:00","mainEntityOfPage":{"@id":"https:\/\/alcala.salesianos.edu\/colegio\/blog\/2020\/11\/16\/las-oportunidades-del-patio-salesiano-de-oscar-bartolome-fernandez-sdb\/"},"wordCount":579,"image":{"@id":"https:\/\/alcala.salesianos.edu\/colegio\/blog\/2020\/11\/16\/las-oportunidades-del-patio-salesiano-de-oscar-bartolome-fernandez-sdb\/#primaryimage"},"thumbnailUrl":"https:\/\/alcala.salesianos.edu\/colegio\/wp-content\/uploads\/sites\/2\/2020\/11\/Patio-Salesiano-2.png","articleSection":["Colegio","covid","Escuela abierta","FASA","Infantil","Pastoral","Portada","Primaria","Secundaria","Uncategorized"],"inLanguage":"es"},{"@type":"WebPage","@id":"https:\/\/alcala.salesianos.edu\/colegio\/blog\/2020\/11\/16\/las-oportunidades-del-patio-salesiano-de-oscar-bartolome-fernandez-sdb\/","url":"https:\/\/alcala.salesianos.edu\/colegio\/blog\/2020\/11\/16\/las-oportunidades-del-patio-salesiano-de-oscar-bartolome-fernandez-sdb\/","name":"\u00abLas oportunidades del patio salesiano\u00bb de \u00d3scar Bartolom\u00e9 Fern\u00e1ndez sdb - Colegio Salesiano Alcal\u00e1","isPartOf":{"@id":"https:\/\/alcala.salesianos.edu\/colegio\/#website"},"primaryImageOfPage":{"@id":"https:\/\/alcala.salesianos.edu\/colegio\/blog\/2020\/11\/16\/las-oportunidades-del-patio-salesiano-de-oscar-bartolome-fernandez-sdb\/#primaryimage"},"image":{"@id":"https:\/\/alcala.salesianos.edu\/colegio\/blog\/2020\/11\/16\/las-oportunidades-del-patio-salesiano-de-oscar-bartolome-fernandez-sdb\/#primaryimage"},"thumbnailUrl":"https:\/\/alcala.salesianos.edu\/colegio\/wp-content\/uploads\/sites\/2\/2020\/11\/Patio-Salesiano-2.png","datePublished":"2020-11-16T12:06:17+00:00","dateModified":"2025-08-27T07:50:54+00:00","author":{"@id":"https:\/\/alcala.salesianos.edu\/colegio\/#\/schema\/person\/afcc24f776dc91fc2bf9afb0998fca77"},"breadcrumb":{"@id":"https:\/\/alcala.salesianos.edu\/colegio\/blog\/2020\/11\/16\/las-oportunidades-del-patio-salesiano-de-oscar-bartolome-fernandez-sdb\/#breadcrumb"},"inLanguage":"es","potentialAction":[{"@type":"ReadAction","target":["https:\/\/alcala.salesianos.edu\/colegio\/blog\/2020\/11\/16\/las-oportunidades-del-patio-salesiano-de-oscar-bartolome-fernandez-sdb\/"]}]},{"@type":"ImageObject","inLanguage":"es","@id":"https:\/\/alcala.salesianos.edu\/colegio\/blog\/2020\/11\/16\/las-oportunidades-del-patio-salesiano-de-oscar-bartolome-fernandez-sdb\/#primaryimage","url":"https:\/\/alcala.salesianos.edu\/colegio\/wp-content\/uploads\/sites\/2\/2020\/11\/Patio-Salesiano-2.png","contentUrl":"https:\/\/alcala.salesianos.edu\/colegio\/wp-content\/uploads\/sites\/2\/2020\/11\/Patio-Salesiano-2.png","width":1920,"height":1080},{"@type":"BreadcrumbList","@id":"https:\/\/alcala.salesianos.edu\/colegio\/blog\/2020\/11\/16\/las-oportunidades-del-patio-salesiano-de-oscar-bartolome-fernandez-sdb\/#breadcrumb","itemListElement":[{"@type":"ListItem","position":1,"name":"Portada","item":"https:\/\/alcala.salesianos.edu\/colegio\/"},{"@type":"ListItem","position":2,"name":"\u00abLas oportunidades del patio salesiano\u00bb de \u00d3scar Bartolom\u00e9 Fern\u00e1ndez sdb"}]},{"@type":"WebSite","@id":"https:\/\/alcala.salesianos.edu\/colegio\/#website","url":"https:\/\/alcala.salesianos.edu\/colegio\/","name":"Colegio Salesiano Alcal\u00e1","description":"P\u00e1gina oficial de Salesianos Alcal\u00e1 de Guadaira","potentialAction":[{"@type":"SearchAction","target":{"@type":"EntryPoint","urlTemplate":"https:\/\/alcala.salesianos.edu\/colegio\/?s={search_term_string}"},"query-input":{"@type":"PropertyValueSpecification","valueRequired":true,"valueName":"search_term_string"}}],"inLanguage":"es"},{"@type":"Person","@id":"https:\/\/alcala.salesianos.edu\/colegio\/#\/schema\/person\/afcc24f776dc91fc2bf9afb0998fca77","name":"Administrador Web","image":{"@type":"ImageObject","inLanguage":"es","@id":"https:\/\/secure.gravatar.com\/avatar\/bc157e994689bd6da9645c00aa3bc4d55b727915b6652642660db0aef086585f?s=96&d=mm&r=g","url":"https:\/\/secure.gravatar.com\/avatar\/bc157e994689bd6da9645c00aa3bc4d55b727915b6652642660db0aef086585f?s=96&d=mm&r=g","contentUrl":"https:\/\/secure.gravatar.com\/avatar\/bc157e994689bd6da9645c00aa3bc4d55b727915b6652642660db0aef086585f?s=96&d=mm&r=g","caption":"Administrador Web"}}]}},"_links":{"self":[{"href":"https:\/\/alcala.salesianos.edu\/colegio\/wp-json\/wp\/v2\/posts\/13283","targetHints":{"allow":["GET"]}}],"collection":[{"href":"https:\/\/alcala.salesianos.edu\/colegio\/wp-json\/wp\/v2\/posts"}],"about":[{"href":"https:\/\/alcala.salesianos.edu\/colegio\/wp-json\/wp\/v2\/types\/post"}],"author":[{"embeddable":true,"href":"https:\/\/alcala.salesianos.edu\/colegio\/wp-json\/wp\/v2\/users\/2"}],"replies":[{"embeddable":true,"href":"https:\/\/alcala.salesianos.edu\/colegio\/wp-json\/wp\/v2\/comments?post=13283"}],"version-history":[{"count":1,"href":"https:\/\/alcala.salesianos.edu\/colegio\/wp-json\/wp\/v2\/posts\/13283\/revisions"}],"predecessor-version":[{"id":13288,"href":"https:\/\/alcala.salesianos.edu\/colegio\/wp-json\/wp\/v2\/posts\/13283\/revisions\/13288"}],"wp:featuredmedia":[{"embeddable":true,"href":"https:\/\/alcala.salesianos.edu\/colegio\/wp-json\/wp\/v2\/media\/13282"}],"wp:attachment":[{"href":"https:\/\/alcala.salesianos.edu\/colegio\/wp-json\/wp\/v2\/media?parent=13283"}],"wp:term":[{"taxonomy":"category","embeddable":true,"href":"https:\/\/alcala.salesianos.edu\/colegio\/wp-json\/wp\/v2\/categories?post=13283"},{"taxonomy":"post_tag","embeddable":true,"href":"https:\/\/alcala.salesianos.edu\/colegio\/wp-json\/wp\/v2\/tags?post=13283"}],"curies":[{"name":"wp","href":"https:\/\/api.w.org\/{rel}","templated":true}]}}