{"id":13273,"date":"2020-11-14T17:37:38","date_gmt":"2020-11-14T16:37:38","guid":{"rendered":"https:\/\/alcala.salesianos.edu\/colegio\/blog\/2020\/11\/14\/ganadores-del-concurso-nacional-inspiraciencia\/"},"modified":"2025-08-27T08:50:55","modified_gmt":"2025-08-27T07:50:55","slug":"ganadores-del-concurso-nacional-inspiraciencia","status":"publish","type":"post","link":"https:\/\/alcala.salesianos.edu\/colegio\/blog\/2020\/11\/14\/ganadores-del-concurso-nacional-inspiraciencia\/","title":{"rendered":"Ganadores del concurso nacional Inspiraciencia"},"content":{"rendered":"<div id=\"fb-root\"><\/div>\n<p>[et_pb_section fb_built=\u00bb1&#8243; _builder_version=\u00bb4.5.8&#8243; _module_preset=\u00bbdefault\u00bb][et_pb_row _builder_version=\u00bb4.5.8&#8243; _module_preset=\u00bbdefault\u00bb][et_pb_column type=\u00bb4_4&#8243; _builder_version=\u00bb4.5.8&#8243; _module_preset=\u00bbdefault\u00bb][et_pb_text _builder_version=\u00bb4.5.8&#8243; _module_preset=\u00bbdefault\u00bb custom_padding=\u00bb||0px|||\u00bb]<\/p>\n<div class=\"kvgmc6g5 cxmmr5t8 oygrvhab hcukyx3x c1et5uql ii04i59q\"><\/div>\n<div class=\"o9v6fnle cxmmr5t8 oygrvhab hcukyx3x c1et5uql ii04i59q\">\n<div dir=\"auto\">\n<p>Durante el confinamiento por la Covid\u201919 el Colegio Salesiano \u201cNuestra Se\u00f1ora del \u00c1guila\u201d recibi\u00f3 la convocatoria, como otros a\u00f1os, al Concurso nacional de relatos de inspiraci\u00f3n cient\u00edfica \u201cInspiraciencia\u201d. En este caso era la X Edici\u00f3n.<\/p>\n<p>El Departamento de Ciencias de este Centro se puso en contacto con el de Lengua Castellana y Literatura para que esta informaci\u00f3n llegara a los alumnos para que realizaran cuentos \u201cm\u00e1gicos\u201d en el momento tan at\u00edpico e ins\u00f3lito que les estaba tocando vivir.<\/p>\n<p>Como siempre que se propone algo en esta Casa, los alumnos recibieron la noticia con entusiasmo y se pusieron a trabajar en ello.<\/p>\n<p>Las profesoras de Lengua y Literatura comenzaron a recibir esas historias personales, ins\u00f3litas, originales y \u00fanicas para su revisi\u00f3n y en junio se enviaron al lugar de recepci\u00f3n de las mismas.<\/p>\n<p>Terminado el plazo y pasado un tiempo, tras conocer que la organizaci\u00f3n de Inspiraciencia hab\u00eda recibido 513 trabajos, todos de alt\u00edsima calidad, recibimos la grata noticia de que un alumno de 3\u00ba de ESO de este colegio salesiano, don <strong>Juan Miguel Guerrero Pi\u00f1a<\/strong> hab\u00eda sido elegido como finalista con su fant\u00e1stico relato titulado <strong><em>Walter<\/em><\/strong>, candidato a ganar el premio del p\u00fablico en la categor\u00eda Joven. En la misma situaci\u00f3n, qued\u00f3 el profesor del \u00c1rea de Ciencias, don <strong>V\u00edctor Garz\u00f3n Machado<\/strong>, con su original relato <strong><em>14032020<\/em><\/strong>, finalista en la categor\u00eda Adulto.<\/p>\n<p>Ambos quedaban convocados para el d\u00eda 13 de noviembre, d\u00eda en el que se celebrar\u00eda el acto de entrega de premios en la Residencia de Investigadores de Barcelona.<\/p>\n<p>Las circunstancias actuales de alerta sanitaria no han hecho posible la presencia de los finalistas en Barcelona. Sin embargo, el acto se celebr\u00f3 este viernes, en la fecha prevista, de forma telem\u00e1tica con el deseado y grato resultado de que ambos han resultado ser los ganadores del Concurso en ambas categor\u00edas.<\/p>\n<p>FELICIDADES A LOS DOS.\u00a0 \u00a0\u00a0\u00a0<\/p><\/div>\n<\/div>\n<div class=\"o9v6fnle cxmmr5t8 oygrvhab hcukyx3x c1et5uql ii04i59q\">\n<div dir=\"auto\">\n<div class=\"nc684nl6\"><\/div>\n<\/div>\n<\/div>\n<p>[\/et_pb_text][et_pb_button button_url=\u00bbhttps:\/\/inspiraciencia.es\/es\/?fbclid=IwAR0utDGR9YSCO3AkT9_9OpJRfgF9RnRzGjluIM6SYMdd8uom66BXwYCzRek\u00bb url_new_window=\u00bbon\u00bb button_text=\u00bbRelatos ganadores\u00bb button_alignment=\u00bbcenter\u00bb _builder_version=\u00bb4.5.8&#8243; _module_preset=\u00bbdefault\u00bb custom_button=\u00bbon\u00bb button_text_size=\u00bb34px\u00bb button_text_color=\u00bb#ffffff\u00bb button_bg_color=\u00bb#dc001b\u00bb button_text_shadow_style=\u00bbpreset1&#8243;][\/et_pb_button][\/et_pb_column][\/et_pb_row][et_pb_row column_structure=\u00bb1_2,1_2&#8243; _builder_version=\u00bb4.5.8&#8243; _module_preset=\u00bbdefault\u00bb][et_pb_column type=\u00bb1_2&#8243; _builder_version=\u00bb4.5.8&#8243; _module_preset=\u00bbdefault\u00bb][et_pb_video src=\u00bbhttps:\/\/www.youtube.com\/watch?v=rknD0YCMWVs&#038;feature=emb_title&#038;ab_channel=inspiraciencia\u00bb _builder_version=\u00bb4.5.8&#8243; _module_preset=\u00bbdefault\u00bb][\/et_pb_video][\/et_pb_column][et_pb_column type=\u00bb1_2&#8243; _builder_version=\u00bb4.5.8&#8243; _module_preset=\u00bbdefault\u00bb][et_pb_video src=\u00bbhttps:\/\/www.youtube.com\/watch?v=TOon6deFbRo&#038;feature=emb_title&#038;ab_channel=inspiraciencia\u00bb _builder_version=\u00bb4.5.8&#8243; _module_preset=\u00bbdefault\u00bb][\/et_pb_video][\/et_pb_column][\/et_pb_row][\/et_pb_section]<\/p>\n","protected":false},"excerpt":{"rendered":"<p>Nuestro alumno Juan Miguel Guerrero y nuestro compa\u00f1ero V\u00edctor Garz\u00f3n han sido proclamados ganadores del concurso nacional Inspiraciencia en sus diversas modalidades.<\/p>\n","protected":false},"author":2,"featured_media":0,"comment_status":"closed","ping_status":"open","sticky":false,"template":"","format":"standard","meta":{"_et_pb_use_builder":"on","_et_pb_old_content":"","_et_gb_content_width":"","footnotes":""},"categories":[12,13,15,16,1],"tags":[],"class_list":["post-13273","post","type-post","status-publish","format-standard","hentry","category-colegio","category-fasa","category-portada","category-secundaria","category-uncategorized"],"yoast_head":"<!-- This site is optimized with the Yoast SEO plugin v28.4 - https:\/\/yoast.com\/product\/yoast-seo-wordpress\/ -->\n<title>Ganadores del concurso nacional Inspiraciencia - Colegio Salesiano Alcal\u00e1<\/title>\n<meta name=\"robots\" content=\"index, follow, max-snippet:-1, max-image-preview:large, max-video-preview:-1\" \/>\n<link rel=\"canonical\" href=\"https:\/\/alcala.salesianos.edu\/colegio\/blog\/2020\/11\/14\/ganadores-del-concurso-nacional-inspiraciencia\/\" \/>\n<meta property=\"og:locale\" content=\"es_ES\" \/>\n<meta property=\"og:type\" content=\"article\" \/>\n<meta property=\"og:title\" content=\"Ganadores del concurso nacional Inspiraciencia - Colegio Salesiano Alcal\u00e1\" \/>\n<meta property=\"og:description\" content=\"Nuestro alumno Juan Miguel Guerrero y nuestro compa\u00f1ero V\u00edctor Garz\u00f3n han sido proclamados ganadores del concurso nacional Inspiraciencia en sus diversas modalidades.\" \/>\n<meta property=\"og:url\" content=\"https:\/\/alcala.salesianos.edu\/colegio\/blog\/2020\/11\/14\/ganadores-del-concurso-nacional-inspiraciencia\/\" \/>\n<meta property=\"og:site_name\" content=\"Colegio Salesiano Alcal\u00e1\" \/>\n<meta property=\"article:published_time\" content=\"2020-11-14T16:37:38+00:00\" \/>\n<meta property=\"article:modified_time\" content=\"2025-08-27T07:50:55+00:00\" \/>\n<meta name=\"author\" content=\"Administrador Web\" \/>\n<meta name=\"twitter:card\" content=\"summary_large_image\" \/>\n<meta name=\"twitter:label1\" content=\"Escrito por\" \/>\n\t<meta name=\"twitter:data1\" content=\"Administrador Web\" \/>\n\t<meta name=\"twitter:label2\" content=\"Tiempo de lectura\" \/>\n\t<meta name=\"twitter:data2\" content=\"3 minutos\" \/>\n<script type=\"application\/ld+json\" class=\"yoast-schema-graph\">{\"@context\":\"https:\\\/\\\/schema.org\",\"@graph\":[{\"@type\":\"Article\",\"@id\":\"https:\\\/\\\/alcala.salesianos.edu\\\/colegio\\\/blog\\\/2020\\\/11\\\/14\\\/ganadores-del-concurso-nacional-inspiraciencia\\\/#article\",\"isPartOf\":{\"@id\":\"https:\\\/\\\/alcala.salesianos.edu\\\/colegio\\\/blog\\\/2020\\\/11\\\/14\\\/ganadores-del-concurso-nacional-inspiraciencia\\\/\"},\"author\":{\"name\":\"Administrador Web\",\"@id\":\"https:\\\/\\\/alcala.salesianos.edu\\\/colegio\\\/#\\\/schema\\\/person\\\/afcc24f776dc91fc2bf9afb0998fca77\"},\"headline\":\"Ganadores del concurso nacional Inspiraciencia\",\"datePublished\":\"2020-11-14T16:37:38+00:00\",\"dateModified\":\"2025-08-27T07:50:55+00:00\",\"mainEntityOfPage\":{\"@id\":\"https:\\\/\\\/alcala.salesianos.edu\\\/colegio\\\/blog\\\/2020\\\/11\\\/14\\\/ganadores-del-concurso-nacional-inspiraciencia\\\/\"},\"wordCount\":533,\"articleSection\":[\"Colegio\",\"FASA\",\"Portada\",\"Secundaria\",\"Uncategorized\"],\"inLanguage\":\"es\"},{\"@type\":\"WebPage\",\"@id\":\"https:\\\/\\\/alcala.salesianos.edu\\\/colegio\\\/blog\\\/2020\\\/11\\\/14\\\/ganadores-del-concurso-nacional-inspiraciencia\\\/\",\"url\":\"https:\\\/\\\/alcala.salesianos.edu\\\/colegio\\\/blog\\\/2020\\\/11\\\/14\\\/ganadores-del-concurso-nacional-inspiraciencia\\\/\",\"name\":\"Ganadores del concurso nacional Inspiraciencia - Colegio Salesiano Alcal\u00e1\",\"isPartOf\":{\"@id\":\"https:\\\/\\\/alcala.salesianos.edu\\\/colegio\\\/#website\"},\"datePublished\":\"2020-11-14T16:37:38+00:00\",\"dateModified\":\"2025-08-27T07:50:55+00:00\",\"author\":{\"@id\":\"https:\\\/\\\/alcala.salesianos.edu\\\/colegio\\\/#\\\/schema\\\/person\\\/afcc24f776dc91fc2bf9afb0998fca77\"},\"breadcrumb\":{\"@id\":\"https:\\\/\\\/alcala.salesianos.edu\\\/colegio\\\/blog\\\/2020\\\/11\\\/14\\\/ganadores-del-concurso-nacional-inspiraciencia\\\/#breadcrumb\"},\"inLanguage\":\"es\",\"potentialAction\":[{\"@type\":\"ReadAction\",\"target\":[\"https:\\\/\\\/alcala.salesianos.edu\\\/colegio\\\/blog\\\/2020\\\/11\\\/14\\\/ganadores-del-concurso-nacional-inspiraciencia\\\/\"]}]},{\"@type\":\"BreadcrumbList\",\"@id\":\"https:\\\/\\\/alcala.salesianos.edu\\\/colegio\\\/blog\\\/2020\\\/11\\\/14\\\/ganadores-del-concurso-nacional-inspiraciencia\\\/#breadcrumb\",\"itemListElement\":[{\"@type\":\"ListItem\",\"position\":1,\"name\":\"Portada\",\"item\":\"https:\\\/\\\/alcala.salesianos.edu\\\/colegio\\\/\"},{\"@type\":\"ListItem\",\"position\":2,\"name\":\"Ganadores del concurso nacional Inspiraciencia\"}]},{\"@type\":\"WebSite\",\"@id\":\"https:\\\/\\\/alcala.salesianos.edu\\\/colegio\\\/#website\",\"url\":\"https:\\\/\\\/alcala.salesianos.edu\\\/colegio\\\/\",\"name\":\"Colegio Salesiano Alcal\u00e1\",\"description\":\"P\u00e1gina oficial de Salesianos Alcal\u00e1 de Guadaira\",\"potentialAction\":[{\"@type\":\"SearchAction\",\"target\":{\"@type\":\"EntryPoint\",\"urlTemplate\":\"https:\\\/\\\/alcala.salesianos.edu\\\/colegio\\\/?s={search_term_string}\"},\"query-input\":{\"@type\":\"PropertyValueSpecification\",\"valueRequired\":true,\"valueName\":\"search_term_string\"}}],\"inLanguage\":\"es\"},{\"@type\":\"Person\",\"@id\":\"https:\\\/\\\/alcala.salesianos.edu\\\/colegio\\\/#\\\/schema\\\/person\\\/afcc24f776dc91fc2bf9afb0998fca77\",\"name\":\"Administrador Web\",\"image\":{\"@type\":\"ImageObject\",\"inLanguage\":\"es\",\"@id\":\"https:\\\/\\\/secure.gravatar.com\\\/avatar\\\/bc157e994689bd6da9645c00aa3bc4d55b727915b6652642660db0aef086585f?s=96&d=mm&r=g\",\"url\":\"https:\\\/\\\/secure.gravatar.com\\\/avatar\\\/bc157e994689bd6da9645c00aa3bc4d55b727915b6652642660db0aef086585f?s=96&d=mm&r=g\",\"contentUrl\":\"https:\\\/\\\/secure.gravatar.com\\\/avatar\\\/bc157e994689bd6da9645c00aa3bc4d55b727915b6652642660db0aef086585f?s=96&d=mm&r=g\",\"caption\":\"Administrador Web\"}}]}<\/script>\n<!-- \/ Yoast SEO plugin. -->","yoast_head_json":{"title":"Ganadores del concurso nacional Inspiraciencia - Colegio Salesiano Alcal\u00e1","robots":{"index":"index","follow":"follow","max-snippet":"max-snippet:-1","max-image-preview":"max-image-preview:large","max-video-preview":"max-video-preview:-1"},"canonical":"https:\/\/alcala.salesianos.edu\/colegio\/blog\/2020\/11\/14\/ganadores-del-concurso-nacional-inspiraciencia\/","og_locale":"es_ES","og_type":"article","og_title":"Ganadores del concurso nacional Inspiraciencia - Colegio Salesiano Alcal\u00e1","og_description":"Nuestro alumno Juan Miguel Guerrero y nuestro compa\u00f1ero V\u00edctor Garz\u00f3n han sido proclamados ganadores del concurso nacional Inspiraciencia en sus diversas modalidades.","og_url":"https:\/\/alcala.salesianos.edu\/colegio\/blog\/2020\/11\/14\/ganadores-del-concurso-nacional-inspiraciencia\/","og_site_name":"Colegio Salesiano Alcal\u00e1","article_published_time":"2020-11-14T16:37:38+00:00","article_modified_time":"2025-08-27T07:50:55+00:00","author":"Administrador Web","twitter_card":"summary_large_image","twitter_misc":{"Escrito por":"Administrador Web","Tiempo de lectura":"3 minutos"},"schema":{"@context":"https:\/\/schema.org","@graph":[{"@type":"Article","@id":"https:\/\/alcala.salesianos.edu\/colegio\/blog\/2020\/11\/14\/ganadores-del-concurso-nacional-inspiraciencia\/#article","isPartOf":{"@id":"https:\/\/alcala.salesianos.edu\/colegio\/blog\/2020\/11\/14\/ganadores-del-concurso-nacional-inspiraciencia\/"},"author":{"name":"Administrador Web","@id":"https:\/\/alcala.salesianos.edu\/colegio\/#\/schema\/person\/afcc24f776dc91fc2bf9afb0998fca77"},"headline":"Ganadores del concurso nacional Inspiraciencia","datePublished":"2020-11-14T16:37:38+00:00","dateModified":"2025-08-27T07:50:55+00:00","mainEntityOfPage":{"@id":"https:\/\/alcala.salesianos.edu\/colegio\/blog\/2020\/11\/14\/ganadores-del-concurso-nacional-inspiraciencia\/"},"wordCount":533,"articleSection":["Colegio","FASA","Portada","Secundaria","Uncategorized"],"inLanguage":"es"},{"@type":"WebPage","@id":"https:\/\/alcala.salesianos.edu\/colegio\/blog\/2020\/11\/14\/ganadores-del-concurso-nacional-inspiraciencia\/","url":"https:\/\/alcala.salesianos.edu\/colegio\/blog\/2020\/11\/14\/ganadores-del-concurso-nacional-inspiraciencia\/","name":"Ganadores del concurso nacional Inspiraciencia - Colegio Salesiano Alcal\u00e1","isPartOf":{"@id":"https:\/\/alcala.salesianos.edu\/colegio\/#website"},"datePublished":"2020-11-14T16:37:38+00:00","dateModified":"2025-08-27T07:50:55+00:00","author":{"@id":"https:\/\/alcala.salesianos.edu\/colegio\/#\/schema\/person\/afcc24f776dc91fc2bf9afb0998fca77"},"breadcrumb":{"@id":"https:\/\/alcala.salesianos.edu\/colegio\/blog\/2020\/11\/14\/ganadores-del-concurso-nacional-inspiraciencia\/#breadcrumb"},"inLanguage":"es","potentialAction":[{"@type":"ReadAction","target":["https:\/\/alcala.salesianos.edu\/colegio\/blog\/2020\/11\/14\/ganadores-del-concurso-nacional-inspiraciencia\/"]}]},{"@type":"BreadcrumbList","@id":"https:\/\/alcala.salesianos.edu\/colegio\/blog\/2020\/11\/14\/ganadores-del-concurso-nacional-inspiraciencia\/#breadcrumb","itemListElement":[{"@type":"ListItem","position":1,"name":"Portada","item":"https:\/\/alcala.salesianos.edu\/colegio\/"},{"@type":"ListItem","position":2,"name":"Ganadores del concurso nacional Inspiraciencia"}]},{"@type":"WebSite","@id":"https:\/\/alcala.salesianos.edu\/colegio\/#website","url":"https:\/\/alcala.salesianos.edu\/colegio\/","name":"Colegio Salesiano Alcal\u00e1","description":"P\u00e1gina oficial de Salesianos Alcal\u00e1 de Guadaira","potentialAction":[{"@type":"SearchAction","target":{"@type":"EntryPoint","urlTemplate":"https:\/\/alcala.salesianos.edu\/colegio\/?s={search_term_string}"},"query-input":{"@type":"PropertyValueSpecification","valueRequired":true,"valueName":"search_term_string"}}],"inLanguage":"es"},{"@type":"Person","@id":"https:\/\/alcala.salesianos.edu\/colegio\/#\/schema\/person\/afcc24f776dc91fc2bf9afb0998fca77","name":"Administrador Web","image":{"@type":"ImageObject","inLanguage":"es","@id":"https:\/\/secure.gravatar.com\/avatar\/bc157e994689bd6da9645c00aa3bc4d55b727915b6652642660db0aef086585f?s=96&d=mm&r=g","url":"https:\/\/secure.gravatar.com\/avatar\/bc157e994689bd6da9645c00aa3bc4d55b727915b6652642660db0aef086585f?s=96&d=mm&r=g","contentUrl":"https:\/\/secure.gravatar.com\/avatar\/bc157e994689bd6da9645c00aa3bc4d55b727915b6652642660db0aef086585f?s=96&d=mm&r=g","caption":"Administrador Web"}}]}},"_links":{"self":[{"href":"https:\/\/alcala.salesianos.edu\/colegio\/wp-json\/wp\/v2\/posts\/13273","targetHints":{"allow":["GET"]}}],"collection":[{"href":"https:\/\/alcala.salesianos.edu\/colegio\/wp-json\/wp\/v2\/posts"}],"about":[{"href":"https:\/\/alcala.salesianos.edu\/colegio\/wp-json\/wp\/v2\/types\/post"}],"author":[{"embeddable":true,"href":"https:\/\/alcala.salesianos.edu\/colegio\/wp-json\/wp\/v2\/users\/2"}],"replies":[{"embeddable":true,"href":"https:\/\/alcala.salesianos.edu\/colegio\/wp-json\/wp\/v2\/comments?post=13273"}],"version-history":[{"count":1,"href":"https:\/\/alcala.salesianos.edu\/colegio\/wp-json\/wp\/v2\/posts\/13273\/revisions"}],"predecessor-version":[{"id":13289,"href":"https:\/\/alcala.salesianos.edu\/colegio\/wp-json\/wp\/v2\/posts\/13273\/revisions\/13289"}],"wp:attachment":[{"href":"https:\/\/alcala.salesianos.edu\/colegio\/wp-json\/wp\/v2\/media?parent=13273"}],"wp:term":[{"taxonomy":"category","embeddable":true,"href":"https:\/\/alcala.salesianos.edu\/colegio\/wp-json\/wp\/v2\/categories?post=13273"},{"taxonomy":"post_tag","embeddable":true,"href":"https:\/\/alcala.salesianos.edu\/colegio\/wp-json\/wp\/v2\/tags?post=13273"}],"curies":[{"name":"wp","href":"https:\/\/api.w.org\/{rel}","templated":true}]}}