{"id":13236,"date":"2020-11-12T18:15:17","date_gmt":"2020-11-12T17:15:17","guid":{"rendered":"https:\/\/alcala.salesianos.edu\/colegio\/blog\/2020\/11\/12\/lanzamientos-de-grupos-de-fe-del-movimiento-juvenil-salesiano-de-nuestra-casa\/"},"modified":"2025-08-27T08:50:55","modified_gmt":"2025-08-27T07:50:55","slug":"lanzamientos-de-grupos-de-fe-del-movimiento-juvenil-salesiano-de-nuestra-casa","status":"publish","type":"post","link":"https:\/\/alcala.salesianos.edu\/colegio\/blog\/2020\/11\/12\/lanzamientos-de-grupos-de-fe-del-movimiento-juvenil-salesiano-de-nuestra-casa\/","title":{"rendered":"Lanzamientos de grupos de fe del movimiento juvenil salesiano de nuestra Casa"},"content":{"rendered":"<div id=\"fb-root\"><\/div>\n<p>[et_pb_section fb_built=\u00bb1&#8243; _builder_version=\u00bb4.5.8&#8243; _module_preset=\u00bbdefault\u00bb][et_pb_row _builder_version=\u00bb4.5.8&#8243; _module_preset=\u00bbdefault\u00bb][et_pb_column type=\u00bb4_4&#8243; _builder_version=\u00bb4.5.8&#8243; _module_preset=\u00bbdefault\u00bb][et_pb_text _builder_version=\u00bb4.5.8&#8243; _module_preset=\u00bbdefault\u00bb]<\/p>\n<p>Ma\u00f1ana viernes 13 de noviembre todos los j\u00f3venes de nuestra Casa comenzar\u00e1n los grupos de fe del movimiento juvenil salesiano. Por motivos de seguridad comenzaremos las formaciones por videoconferencia a trav\u00e9s de Google Meet.<\/p>\n<p>Por responsabilidad social los grupos tendr\u00e1n que ser desde casa pero como siempre, continuaremos sinti\u00e9ndonos Uno y acompa\u00f1ados por los animadores de nuestra Casa. El Movimiento Juvenil Salesiano de nuestra Casa comenzar\u00e1 a rodar\u00a0 siendo herederos de la misi\u00f3n recibida de Dios por san Juan Bosco, que comprendi\u00f3 con sensibilidad y compasi\u00f3n la dif\u00edcil situaci\u00f3n de los j\u00f3venes en Tur\u00edn.<\/p>\n<p>Tambi\u00e9n nosotros, en comuni\u00f3n con la Iglesia, entendemos que la evangelizaci\u00f3n y la transmisi\u00f3n de la fe son parte esencial de la misi\u00f3n de la Iglesia. \u201cEvangelizar constituye, en efecto, la dicha y vocaci\u00f3n propia de la Iglesia, su identidad m\u00e1s profunda\u201d (EN 14). Y para ello buscamos los m\u00e9todos mejores en cada \u00e9poca de la historia y en cada contexto cultural. La palabra m\u00e9todo recuerda, en su etimolog\u00eda griega, la idea de seguir un buen camino. Y para recorrer adecuadamente un camino, necesitamos itinerarios.<\/p>\n<p>Un\u00a0<strong>Itinerario de Educaci\u00f3n en la Fe es un<\/strong>\u00a0proceso educativo global, seg\u00fan la l\u00f3gica de la Iniciaci\u00f3n Cristiana, que, teniendo en cuenta la realidad del ser humano en su integridad, gu\u00eda y acompa\u00f1a al adolescente y al joven en el camino hacia la maduraci\u00f3n cristiana en el mundo de hoy.<\/p>\n<p>&nbsp;<\/p>\n<p>[\/et_pb_text][et_pb_video src=\u00bbhttps:\/\/www.youtube.com\/watch?v=yeO7NZO3zfc&#038;ab_channel=CentroJuvenilAkila\u00bb _builder_version=\u00bb4.5.8&#8243; _module_preset=\u00bbdefault\u00bb hover_enabled=\u00bb0&#8243;][\/et_pb_video][\/et_pb_column][\/et_pb_row][\/et_pb_section]<\/p>\n","protected":false},"excerpt":{"rendered":"<p>Un\u00a0Itinerario de Educaci\u00f3n en la Fe es un\u00a0proceso educativo global, seg\u00fan la l\u00f3gica de la Iniciaci\u00f3n Cristiana, que gu\u00eda y acompa\u00f1a al adolescente y al joven en el camino hacia la maduraci\u00f3n cristiana en el mundo de hoy.<\/p>\n","protected":false},"author":2,"featured_media":0,"comment_status":"closed","ping_status":"open","sticky":false,"template":"","format":"standard","meta":{"_et_pb_use_builder":"on","_et_pb_old_content":"","_et_gb_content_width":"","footnotes":""},"categories":[12,23,13,17,14,18,16,1],"tags":[],"class_list":["post-13236","post","type-post","status-publish","format-standard","hentry","category-colegio","category-covid","category-fasa","category-infantil","category-pastoral","category-primaria","category-secundaria","category-uncategorized"],"yoast_head":"<!-- This site is optimized with the Yoast SEO plugin v28.4 - https:\/\/yoast.com\/product\/yoast-seo-wordpress\/ -->\n<title>Lanzamientos de grupos de fe del movimiento juvenil salesiano de nuestra Casa - Colegio Salesiano Alcal\u00e1<\/title>\n<meta name=\"robots\" content=\"index, follow, max-snippet:-1, max-image-preview:large, max-video-preview:-1\" \/>\n<link rel=\"canonical\" href=\"https:\/\/alcala.salesianos.edu\/colegio\/blog\/2020\/11\/12\/lanzamientos-de-grupos-de-fe-del-movimiento-juvenil-salesiano-de-nuestra-casa\/\" \/>\n<meta property=\"og:locale\" content=\"es_ES\" \/>\n<meta property=\"og:type\" content=\"article\" \/>\n<meta property=\"og:title\" content=\"Lanzamientos de grupos de fe del movimiento juvenil salesiano de nuestra Casa - Colegio Salesiano Alcal\u00e1\" \/>\n<meta property=\"og:description\" content=\"Un\u00a0Itinerario de Educaci\u00f3n en la Fe es un\u00a0proceso educativo global, seg\u00fan la l\u00f3gica de la Iniciaci\u00f3n Cristiana, que gu\u00eda y acompa\u00f1a al adolescente y al joven en el camino hacia la maduraci\u00f3n cristiana en el mundo de hoy.\" \/>\n<meta property=\"og:url\" content=\"https:\/\/alcala.salesianos.edu\/colegio\/blog\/2020\/11\/12\/lanzamientos-de-grupos-de-fe-del-movimiento-juvenil-salesiano-de-nuestra-casa\/\" \/>\n<meta property=\"og:site_name\" content=\"Colegio Salesiano Alcal\u00e1\" \/>\n<meta property=\"article:published_time\" content=\"2020-11-12T17:15:17+00:00\" \/>\n<meta property=\"article:modified_time\" content=\"2025-08-27T07:50:55+00:00\" \/>\n<meta name=\"author\" content=\"Administrador Web\" \/>\n<meta name=\"twitter:card\" content=\"summary_large_image\" \/>\n<meta name=\"twitter:label1\" content=\"Escrito por\" \/>\n\t<meta name=\"twitter:data1\" content=\"Administrador Web\" \/>\n\t<meta name=\"twitter:label2\" content=\"Tiempo de lectura\" \/>\n\t<meta name=\"twitter:data2\" content=\"2 minutos\" \/>\n<script type=\"application\/ld+json\" class=\"yoast-schema-graph\">{\"@context\":\"https:\\\/\\\/schema.org\",\"@graph\":[{\"@type\":\"Article\",\"@id\":\"https:\\\/\\\/alcala.salesianos.edu\\\/colegio\\\/blog\\\/2020\\\/11\\\/12\\\/lanzamientos-de-grupos-de-fe-del-movimiento-juvenil-salesiano-de-nuestra-casa\\\/#article\",\"isPartOf\":{\"@id\":\"https:\\\/\\\/alcala.salesianos.edu\\\/colegio\\\/blog\\\/2020\\\/11\\\/12\\\/lanzamientos-de-grupos-de-fe-del-movimiento-juvenil-salesiano-de-nuestra-casa\\\/\"},\"author\":{\"name\":\"Administrador Web\",\"@id\":\"https:\\\/\\\/alcala.salesianos.edu\\\/colegio\\\/#\\\/schema\\\/person\\\/afcc24f776dc91fc2bf9afb0998fca77\"},\"headline\":\"Lanzamientos de grupos de fe del movimiento juvenil salesiano de nuestra Casa\",\"datePublished\":\"2020-11-12T17:15:17+00:00\",\"dateModified\":\"2025-08-27T07:50:55+00:00\",\"mainEntityOfPage\":{\"@id\":\"https:\\\/\\\/alcala.salesianos.edu\\\/colegio\\\/blog\\\/2020\\\/11\\\/12\\\/lanzamientos-de-grupos-de-fe-del-movimiento-juvenil-salesiano-de-nuestra-casa\\\/\"},\"wordCount\":344,\"articleSection\":[\"Colegio\",\"covid\",\"FASA\",\"Infantil\",\"Pastoral\",\"Primaria\",\"Secundaria\",\"Uncategorized\"],\"inLanguage\":\"es\"},{\"@type\":\"WebPage\",\"@id\":\"https:\\\/\\\/alcala.salesianos.edu\\\/colegio\\\/blog\\\/2020\\\/11\\\/12\\\/lanzamientos-de-grupos-de-fe-del-movimiento-juvenil-salesiano-de-nuestra-casa\\\/\",\"url\":\"https:\\\/\\\/alcala.salesianos.edu\\\/colegio\\\/blog\\\/2020\\\/11\\\/12\\\/lanzamientos-de-grupos-de-fe-del-movimiento-juvenil-salesiano-de-nuestra-casa\\\/\",\"name\":\"Lanzamientos de grupos de fe del movimiento juvenil salesiano de nuestra Casa - Colegio Salesiano Alcal\u00e1\",\"isPartOf\":{\"@id\":\"https:\\\/\\\/alcala.salesianos.edu\\\/colegio\\\/#website\"},\"datePublished\":\"2020-11-12T17:15:17+00:00\",\"dateModified\":\"2025-08-27T07:50:55+00:00\",\"author\":{\"@id\":\"https:\\\/\\\/alcala.salesianos.edu\\\/colegio\\\/#\\\/schema\\\/person\\\/afcc24f776dc91fc2bf9afb0998fca77\"},\"breadcrumb\":{\"@id\":\"https:\\\/\\\/alcala.salesianos.edu\\\/colegio\\\/blog\\\/2020\\\/11\\\/12\\\/lanzamientos-de-grupos-de-fe-del-movimiento-juvenil-salesiano-de-nuestra-casa\\\/#breadcrumb\"},\"inLanguage\":\"es\",\"potentialAction\":[{\"@type\":\"ReadAction\",\"target\":[\"https:\\\/\\\/alcala.salesianos.edu\\\/colegio\\\/blog\\\/2020\\\/11\\\/12\\\/lanzamientos-de-grupos-de-fe-del-movimiento-juvenil-salesiano-de-nuestra-casa\\\/\"]}]},{\"@type\":\"BreadcrumbList\",\"@id\":\"https:\\\/\\\/alcala.salesianos.edu\\\/colegio\\\/blog\\\/2020\\\/11\\\/12\\\/lanzamientos-de-grupos-de-fe-del-movimiento-juvenil-salesiano-de-nuestra-casa\\\/#breadcrumb\",\"itemListElement\":[{\"@type\":\"ListItem\",\"position\":1,\"name\":\"Portada\",\"item\":\"https:\\\/\\\/alcala.salesianos.edu\\\/colegio\\\/\"},{\"@type\":\"ListItem\",\"position\":2,\"name\":\"Lanzamientos de grupos de fe del movimiento juvenil salesiano de nuestra Casa\"}]},{\"@type\":\"WebSite\",\"@id\":\"https:\\\/\\\/alcala.salesianos.edu\\\/colegio\\\/#website\",\"url\":\"https:\\\/\\\/alcala.salesianos.edu\\\/colegio\\\/\",\"name\":\"Colegio Salesiano Alcal\u00e1\",\"description\":\"P\u00e1gina oficial de Salesianos Alcal\u00e1 de Guadaira\",\"potentialAction\":[{\"@type\":\"SearchAction\",\"target\":{\"@type\":\"EntryPoint\",\"urlTemplate\":\"https:\\\/\\\/alcala.salesianos.edu\\\/colegio\\\/?s={search_term_string}\"},\"query-input\":{\"@type\":\"PropertyValueSpecification\",\"valueRequired\":true,\"valueName\":\"search_term_string\"}}],\"inLanguage\":\"es\"},{\"@type\":\"Person\",\"@id\":\"https:\\\/\\\/alcala.salesianos.edu\\\/colegio\\\/#\\\/schema\\\/person\\\/afcc24f776dc91fc2bf9afb0998fca77\",\"name\":\"Administrador Web\",\"image\":{\"@type\":\"ImageObject\",\"inLanguage\":\"es\",\"@id\":\"https:\\\/\\\/secure.gravatar.com\\\/avatar\\\/bc157e994689bd6da9645c00aa3bc4d55b727915b6652642660db0aef086585f?s=96&d=mm&r=g\",\"url\":\"https:\\\/\\\/secure.gravatar.com\\\/avatar\\\/bc157e994689bd6da9645c00aa3bc4d55b727915b6652642660db0aef086585f?s=96&d=mm&r=g\",\"contentUrl\":\"https:\\\/\\\/secure.gravatar.com\\\/avatar\\\/bc157e994689bd6da9645c00aa3bc4d55b727915b6652642660db0aef086585f?s=96&d=mm&r=g\",\"caption\":\"Administrador Web\"}}]}<\/script>\n<!-- \/ Yoast SEO plugin. -->","yoast_head_json":{"title":"Lanzamientos de grupos de fe del movimiento juvenil salesiano de nuestra Casa - Colegio Salesiano Alcal\u00e1","robots":{"index":"index","follow":"follow","max-snippet":"max-snippet:-1","max-image-preview":"max-image-preview:large","max-video-preview":"max-video-preview:-1"},"canonical":"https:\/\/alcala.salesianos.edu\/colegio\/blog\/2020\/11\/12\/lanzamientos-de-grupos-de-fe-del-movimiento-juvenil-salesiano-de-nuestra-casa\/","og_locale":"es_ES","og_type":"article","og_title":"Lanzamientos de grupos de fe del movimiento juvenil salesiano de nuestra Casa - Colegio Salesiano Alcal\u00e1","og_description":"Un\u00a0Itinerario de Educaci\u00f3n en la Fe es un\u00a0proceso educativo global, seg\u00fan la l\u00f3gica de la Iniciaci\u00f3n Cristiana, que gu\u00eda y acompa\u00f1a al adolescente y al joven en el camino hacia la maduraci\u00f3n cristiana en el mundo de hoy.","og_url":"https:\/\/alcala.salesianos.edu\/colegio\/blog\/2020\/11\/12\/lanzamientos-de-grupos-de-fe-del-movimiento-juvenil-salesiano-de-nuestra-casa\/","og_site_name":"Colegio Salesiano Alcal\u00e1","article_published_time":"2020-11-12T17:15:17+00:00","article_modified_time":"2025-08-27T07:50:55+00:00","author":"Administrador Web","twitter_card":"summary_large_image","twitter_misc":{"Escrito por":"Administrador Web","Tiempo de lectura":"2 minutos"},"schema":{"@context":"https:\/\/schema.org","@graph":[{"@type":"Article","@id":"https:\/\/alcala.salesianos.edu\/colegio\/blog\/2020\/11\/12\/lanzamientos-de-grupos-de-fe-del-movimiento-juvenil-salesiano-de-nuestra-casa\/#article","isPartOf":{"@id":"https:\/\/alcala.salesianos.edu\/colegio\/blog\/2020\/11\/12\/lanzamientos-de-grupos-de-fe-del-movimiento-juvenil-salesiano-de-nuestra-casa\/"},"author":{"name":"Administrador Web","@id":"https:\/\/alcala.salesianos.edu\/colegio\/#\/schema\/person\/afcc24f776dc91fc2bf9afb0998fca77"},"headline":"Lanzamientos de grupos de fe del movimiento juvenil salesiano de nuestra Casa","datePublished":"2020-11-12T17:15:17+00:00","dateModified":"2025-08-27T07:50:55+00:00","mainEntityOfPage":{"@id":"https:\/\/alcala.salesianos.edu\/colegio\/blog\/2020\/11\/12\/lanzamientos-de-grupos-de-fe-del-movimiento-juvenil-salesiano-de-nuestra-casa\/"},"wordCount":344,"articleSection":["Colegio","covid","FASA","Infantil","Pastoral","Primaria","Secundaria","Uncategorized"],"inLanguage":"es"},{"@type":"WebPage","@id":"https:\/\/alcala.salesianos.edu\/colegio\/blog\/2020\/11\/12\/lanzamientos-de-grupos-de-fe-del-movimiento-juvenil-salesiano-de-nuestra-casa\/","url":"https:\/\/alcala.salesianos.edu\/colegio\/blog\/2020\/11\/12\/lanzamientos-de-grupos-de-fe-del-movimiento-juvenil-salesiano-de-nuestra-casa\/","name":"Lanzamientos de grupos de fe del movimiento juvenil salesiano de nuestra Casa - Colegio Salesiano Alcal\u00e1","isPartOf":{"@id":"https:\/\/alcala.salesianos.edu\/colegio\/#website"},"datePublished":"2020-11-12T17:15:17+00:00","dateModified":"2025-08-27T07:50:55+00:00","author":{"@id":"https:\/\/alcala.salesianos.edu\/colegio\/#\/schema\/person\/afcc24f776dc91fc2bf9afb0998fca77"},"breadcrumb":{"@id":"https:\/\/alcala.salesianos.edu\/colegio\/blog\/2020\/11\/12\/lanzamientos-de-grupos-de-fe-del-movimiento-juvenil-salesiano-de-nuestra-casa\/#breadcrumb"},"inLanguage":"es","potentialAction":[{"@type":"ReadAction","target":["https:\/\/alcala.salesianos.edu\/colegio\/blog\/2020\/11\/12\/lanzamientos-de-grupos-de-fe-del-movimiento-juvenil-salesiano-de-nuestra-casa\/"]}]},{"@type":"BreadcrumbList","@id":"https:\/\/alcala.salesianos.edu\/colegio\/blog\/2020\/11\/12\/lanzamientos-de-grupos-de-fe-del-movimiento-juvenil-salesiano-de-nuestra-casa\/#breadcrumb","itemListElement":[{"@type":"ListItem","position":1,"name":"Portada","item":"https:\/\/alcala.salesianos.edu\/colegio\/"},{"@type":"ListItem","position":2,"name":"Lanzamientos de grupos de fe del movimiento juvenil salesiano de nuestra Casa"}]},{"@type":"WebSite","@id":"https:\/\/alcala.salesianos.edu\/colegio\/#website","url":"https:\/\/alcala.salesianos.edu\/colegio\/","name":"Colegio Salesiano Alcal\u00e1","description":"P\u00e1gina oficial de Salesianos Alcal\u00e1 de Guadaira","potentialAction":[{"@type":"SearchAction","target":{"@type":"EntryPoint","urlTemplate":"https:\/\/alcala.salesianos.edu\/colegio\/?s={search_term_string}"},"query-input":{"@type":"PropertyValueSpecification","valueRequired":true,"valueName":"search_term_string"}}],"inLanguage":"es"},{"@type":"Person","@id":"https:\/\/alcala.salesianos.edu\/colegio\/#\/schema\/person\/afcc24f776dc91fc2bf9afb0998fca77","name":"Administrador Web","image":{"@type":"ImageObject","inLanguage":"es","@id":"https:\/\/secure.gravatar.com\/avatar\/bc157e994689bd6da9645c00aa3bc4d55b727915b6652642660db0aef086585f?s=96&d=mm&r=g","url":"https:\/\/secure.gravatar.com\/avatar\/bc157e994689bd6da9645c00aa3bc4d55b727915b6652642660db0aef086585f?s=96&d=mm&r=g","contentUrl":"https:\/\/secure.gravatar.com\/avatar\/bc157e994689bd6da9645c00aa3bc4d55b727915b6652642660db0aef086585f?s=96&d=mm&r=g","caption":"Administrador Web"}}]}},"_links":{"self":[{"href":"https:\/\/alcala.salesianos.edu\/colegio\/wp-json\/wp\/v2\/posts\/13236","targetHints":{"allow":["GET"]}}],"collection":[{"href":"https:\/\/alcala.salesianos.edu\/colegio\/wp-json\/wp\/v2\/posts"}],"about":[{"href":"https:\/\/alcala.salesianos.edu\/colegio\/wp-json\/wp\/v2\/types\/post"}],"author":[{"embeddable":true,"href":"https:\/\/alcala.salesianos.edu\/colegio\/wp-json\/wp\/v2\/users\/2"}],"replies":[{"embeddable":true,"href":"https:\/\/alcala.salesianos.edu\/colegio\/wp-json\/wp\/v2\/comments?post=13236"}],"version-history":[{"count":1,"href":"https:\/\/alcala.salesianos.edu\/colegio\/wp-json\/wp\/v2\/posts\/13236\/revisions"}],"predecessor-version":[{"id":13238,"href":"https:\/\/alcala.salesianos.edu\/colegio\/wp-json\/wp\/v2\/posts\/13236\/revisions\/13238"}],"wp:attachment":[{"href":"https:\/\/alcala.salesianos.edu\/colegio\/wp-json\/wp\/v2\/media?parent=13236"}],"wp:term":[{"taxonomy":"category","embeddable":true,"href":"https:\/\/alcala.salesianos.edu\/colegio\/wp-json\/wp\/v2\/categories?post=13236"},{"taxonomy":"post_tag","embeddable":true,"href":"https:\/\/alcala.salesianos.edu\/colegio\/wp-json\/wp\/v2\/tags?post=13236"}],"curies":[{"name":"wp","href":"https:\/\/api.w.org\/{rel}","templated":true}]}}