{"id":13229,"date":"2020-11-09T19:45:15","date_gmt":"2020-11-09T18:45:15","guid":{"rendered":"https:\/\/alcala.salesianos.edu\/colegio\/blog\/2020\/11\/09\/un-antiguo-alumno-salesiano-crea-el-video-viral-por-su-mensaje-impactante-a-los-jovenes\/"},"modified":"2025-08-27T08:50:56","modified_gmt":"2025-08-27T07:50:56","slug":"un-antiguo-alumno-salesiano-crea-el-video-viral-por-su-mensaje-impactante-a-los-jovenes","status":"publish","type":"post","link":"https:\/\/alcala.salesianos.edu\/colegio\/blog\/2020\/11\/09\/un-antiguo-alumno-salesiano-crea-el-video-viral-por-su-mensaje-impactante-a-los-jovenes\/","title":{"rendered":"Un antiguo alumno salesiano crea el v\u00eddeo viral por su mensaje impactante a los j\u00f3venes"},"content":{"rendered":"<div id=\"fb-root\"><\/div>\n\n[et_pb_section fb_built=\u00bb1&#8243; _builder_version=\u00bb4.5.8&#8243; _module_preset=\u00bbdefault\u00bb][et_pb_row _builder_version=\u00bb4.5.8&#8243; _module_preset=\u00bbdefault\u00bb][et_pb_column _builder_version=\u00bb4.5.8&#8243; _module_preset=\u00bbdefault\u00bb type=\u00bb4_4&#8243;][et_pb_text _builder_version=\u00bb4.5.8&#8243; _module_preset=\u00bbdefault\u00bb hover_enabled=\u00bb0&#8243;]<div>\n<p>Un corto creado por Willy Su\u00e1rez, antiguo alumno de Salesianos Las Palmas y animador del Centro Juvenil Confeti, para @culturainquieta y el Instituto del Cine de Canarias y de Madrid ha generado en las \u00faltimas horas un gran impacto en las redes sociales y las aplicaciones de mensajer\u00eda instant\u00e1nea por su realismo y el mensaje a los j\u00f3venes sobre la incidencia del coronavirus. El v\u00eddeo se ha convertido en lo m\u00e1s compartido y ha recibido miles de halagos por su contundencia.<\/p>\n<\/div>\n[\/et_pb_text][et_pb_video _builder_version=\u00bb4.5.8&#8243; _module_preset=\u00bbdefault\u00bb src=\u00bbhttps:\/\/www.youtube.com\/watch?v=YolGcDOkL7E&#038;feature=emb_title\u00bb hover_enabled=\u00bb0&#8243; admin_label=\u00bbV\u00eddeo\u00bb][\/et_pb_video][et_pb_text _builder_version=\u00bb4.5.8&#8243; _module_preset=\u00bbdefault\u00bb hover_enabled=\u00bb0&#8243;]<p>En las im\u00e1genes del v\u00eddeo +1, como se titula el corto, se puede ver c\u00f3mo un joven, de fiesta en casa de un amigo, recibe la llamada de su madre pregunt\u00e1ndole d\u00f3nde se encuentra antes de darle una triste noticia: su abuela se est\u00e1 muriendo afectada por el coronavirus. El protagonista, con la mascarilla en la garganta y fumando, como sus acompa\u00f1antes y en clara actitud de estar de fiesta responde \u00abaqu\u00ed en casa de Javi, estudiando, \u00bfpor qu\u00e9?\u00bb. En ese momento, la madre le comunica que la abuela est\u00e1 hospitalizada por coronavirus y muy probablemente \u00abno creen que salga de esta noche\u00bb.<\/p>\n<p>\u00abNo sabemos c\u00f3mo lo cogi\u00f3 si todos tuvimos mucho cuidado, \u00bft\u00fa no habr\u00e1s ido de fiesta?\u00bb, le pregunta sin respuesta la interlocutora. El joven, ya con semblante serio, responde \u00abpero si el otro d\u00eda fui a verla y estaba perfecta\u00bb, en un claro ejemplo sobre que la relajaci\u00f3n en las precauciones pueden tener efectos fatales sobre los j\u00f3venes o sus allegados mayores.<\/p>\n[\/et_pb_text][et_pb_video _builder_version=\u00bb4.5.8&#8243; _module_preset=\u00bbdefault\u00bb src=\u00bbhttps:\/\/www.youtube.com\/watch?v=beu7Sz5UENs&#038;feature=emb_title&#038;ab_channel=RTVENoticias\u00bb hover_enabled=\u00bb0&#8243;][\/et_pb_video][\/et_pb_column][\/et_pb_row][\/et_pb_section]\n","protected":false},"excerpt":{"rendered":"<p>Este v\u00eddeo viral tiene ADN salesiano. El director es antiguo alumno de Las Palmas y actualmente es animador del Centro Juvenil.<br \/>\nTrabajo ganador del primer premio del concurso de micro-cine de Cultura Inquieta.<\/p>\n","protected":false},"author":2,"featured_media":0,"comment_status":"closed","ping_status":"open","sticky":false,"template":"","format":"standard","meta":{"_et_pb_use_builder":"on","_et_pb_old_content":"","_et_gb_content_width":"","footnotes":""},"categories":[12,23,19,13,17,14,15,18,16,1],"tags":[],"class_list":["post-13229","post","type-post","status-publish","format-standard","hentry","category-colegio","category-covid","category-escuela-abierta","category-fasa","category-infantil","category-pastoral","category-portada","category-primaria","category-secundaria","category-uncategorized"],"yoast_head":"<!-- This site is optimized with the Yoast SEO plugin v28.4 - https:\/\/yoast.com\/product\/yoast-seo-wordpress\/ -->\n<title>Un antiguo alumno salesiano crea el v\u00eddeo viral por su mensaje impactante a los j\u00f3venes - Colegio Salesiano Alcal\u00e1<\/title>\n<meta name=\"robots\" content=\"index, follow, max-snippet:-1, max-image-preview:large, max-video-preview:-1\" \/>\n<link rel=\"canonical\" href=\"https:\/\/alcala.salesianos.edu\/colegio\/blog\/2020\/11\/09\/un-antiguo-alumno-salesiano-crea-el-video-viral-por-su-mensaje-impactante-a-los-jovenes\/\" \/>\n<meta property=\"og:locale\" content=\"es_ES\" \/>\n<meta property=\"og:type\" content=\"article\" \/>\n<meta property=\"og:title\" content=\"Un antiguo alumno salesiano crea el v\u00eddeo viral por su mensaje impactante a los j\u00f3venes - Colegio Salesiano Alcal\u00e1\" \/>\n<meta property=\"og:description\" content=\"Este v\u00eddeo viral tiene ADN salesiano. El director es antiguo alumno de Las Palmas y actualmente es animador del Centro Juvenil. Trabajo ganador del primer premio del concurso de micro-cine de Cultura Inquieta.\" \/>\n<meta property=\"og:url\" content=\"https:\/\/alcala.salesianos.edu\/colegio\/blog\/2020\/11\/09\/un-antiguo-alumno-salesiano-crea-el-video-viral-por-su-mensaje-impactante-a-los-jovenes\/\" \/>\n<meta property=\"og:site_name\" content=\"Colegio Salesiano Alcal\u00e1\" \/>\n<meta property=\"article:published_time\" content=\"2020-11-09T18:45:15+00:00\" \/>\n<meta property=\"article:modified_time\" content=\"2025-08-27T07:50:56+00:00\" \/>\n<meta name=\"author\" content=\"Administrador Web\" \/>\n<meta name=\"twitter:card\" content=\"summary_large_image\" \/>\n<meta name=\"twitter:label1\" content=\"Escrito por\" \/>\n\t<meta name=\"twitter:data1\" content=\"Administrador Web\" \/>\n\t<meta name=\"twitter:label2\" content=\"Tiempo de lectura\" \/>\n\t<meta name=\"twitter:data2\" content=\"2 minutos\" \/>\n<script type=\"application\/ld+json\" class=\"yoast-schema-graph\">{\"@context\":\"https:\\\/\\\/schema.org\",\"@graph\":[{\"@type\":\"Article\",\"@id\":\"https:\\\/\\\/alcala.salesianos.edu\\\/colegio\\\/blog\\\/2020\\\/11\\\/09\\\/un-antiguo-alumno-salesiano-crea-el-video-viral-por-su-mensaje-impactante-a-los-jovenes\\\/#article\",\"isPartOf\":{\"@id\":\"https:\\\/\\\/alcala.salesianos.edu\\\/colegio\\\/blog\\\/2020\\\/11\\\/09\\\/un-antiguo-alumno-salesiano-crea-el-video-viral-por-su-mensaje-impactante-a-los-jovenes\\\/\"},\"author\":{\"name\":\"Administrador Web\",\"@id\":\"https:\\\/\\\/alcala.salesianos.edu\\\/colegio\\\/#\\\/schema\\\/person\\\/afcc24f776dc91fc2bf9afb0998fca77\"},\"headline\":\"Un antiguo alumno salesiano crea el v\u00eddeo viral por su mensaje impactante a los j\u00f3venes\",\"datePublished\":\"2020-11-09T18:45:15+00:00\",\"dateModified\":\"2025-08-27T07:50:56+00:00\",\"mainEntityOfPage\":{\"@id\":\"https:\\\/\\\/alcala.salesianos.edu\\\/colegio\\\/blog\\\/2020\\\/11\\\/09\\\/un-antiguo-alumno-salesiano-crea-el-video-viral-por-su-mensaje-impactante-a-los-jovenes\\\/\"},\"wordCount\":399,\"articleSection\":[\"Colegio\",\"covid\",\"Escuela abierta\",\"FASA\",\"Infantil\",\"Pastoral\",\"Portada\",\"Primaria\",\"Secundaria\",\"Uncategorized\"],\"inLanguage\":\"es\"},{\"@type\":\"WebPage\",\"@id\":\"https:\\\/\\\/alcala.salesianos.edu\\\/colegio\\\/blog\\\/2020\\\/11\\\/09\\\/un-antiguo-alumno-salesiano-crea-el-video-viral-por-su-mensaje-impactante-a-los-jovenes\\\/\",\"url\":\"https:\\\/\\\/alcala.salesianos.edu\\\/colegio\\\/blog\\\/2020\\\/11\\\/09\\\/un-antiguo-alumno-salesiano-crea-el-video-viral-por-su-mensaje-impactante-a-los-jovenes\\\/\",\"name\":\"Un antiguo alumno salesiano crea el v\u00eddeo viral por su mensaje impactante a los j\u00f3venes - Colegio Salesiano Alcal\u00e1\",\"isPartOf\":{\"@id\":\"https:\\\/\\\/alcala.salesianos.edu\\\/colegio\\\/#website\"},\"datePublished\":\"2020-11-09T18:45:15+00:00\",\"dateModified\":\"2025-08-27T07:50:56+00:00\",\"author\":{\"@id\":\"https:\\\/\\\/alcala.salesianos.edu\\\/colegio\\\/#\\\/schema\\\/person\\\/afcc24f776dc91fc2bf9afb0998fca77\"},\"breadcrumb\":{\"@id\":\"https:\\\/\\\/alcala.salesianos.edu\\\/colegio\\\/blog\\\/2020\\\/11\\\/09\\\/un-antiguo-alumno-salesiano-crea-el-video-viral-por-su-mensaje-impactante-a-los-jovenes\\\/#breadcrumb\"},\"inLanguage\":\"es\",\"potentialAction\":[{\"@type\":\"ReadAction\",\"target\":[\"https:\\\/\\\/alcala.salesianos.edu\\\/colegio\\\/blog\\\/2020\\\/11\\\/09\\\/un-antiguo-alumno-salesiano-crea-el-video-viral-por-su-mensaje-impactante-a-los-jovenes\\\/\"]}]},{\"@type\":\"BreadcrumbList\",\"@id\":\"https:\\\/\\\/alcala.salesianos.edu\\\/colegio\\\/blog\\\/2020\\\/11\\\/09\\\/un-antiguo-alumno-salesiano-crea-el-video-viral-por-su-mensaje-impactante-a-los-jovenes\\\/#breadcrumb\",\"itemListElement\":[{\"@type\":\"ListItem\",\"position\":1,\"name\":\"Portada\",\"item\":\"https:\\\/\\\/alcala.salesianos.edu\\\/colegio\\\/\"},{\"@type\":\"ListItem\",\"position\":2,\"name\":\"Un antiguo alumno salesiano crea el v\u00eddeo viral por su mensaje impactante a los j\u00f3venes\"}]},{\"@type\":\"WebSite\",\"@id\":\"https:\\\/\\\/alcala.salesianos.edu\\\/colegio\\\/#website\",\"url\":\"https:\\\/\\\/alcala.salesianos.edu\\\/colegio\\\/\",\"name\":\"Colegio Salesiano Alcal\u00e1\",\"description\":\"P\u00e1gina oficial de Salesianos Alcal\u00e1 de Guadaira\",\"potentialAction\":[{\"@type\":\"SearchAction\",\"target\":{\"@type\":\"EntryPoint\",\"urlTemplate\":\"https:\\\/\\\/alcala.salesianos.edu\\\/colegio\\\/?s={search_term_string}\"},\"query-input\":{\"@type\":\"PropertyValueSpecification\",\"valueRequired\":true,\"valueName\":\"search_term_string\"}}],\"inLanguage\":\"es\"},{\"@type\":\"Person\",\"@id\":\"https:\\\/\\\/alcala.salesianos.edu\\\/colegio\\\/#\\\/schema\\\/person\\\/afcc24f776dc91fc2bf9afb0998fca77\",\"name\":\"Administrador Web\",\"image\":{\"@type\":\"ImageObject\",\"inLanguage\":\"es\",\"@id\":\"https:\\\/\\\/secure.gravatar.com\\\/avatar\\\/bc157e994689bd6da9645c00aa3bc4d55b727915b6652642660db0aef086585f?s=96&d=mm&r=g\",\"url\":\"https:\\\/\\\/secure.gravatar.com\\\/avatar\\\/bc157e994689bd6da9645c00aa3bc4d55b727915b6652642660db0aef086585f?s=96&d=mm&r=g\",\"contentUrl\":\"https:\\\/\\\/secure.gravatar.com\\\/avatar\\\/bc157e994689bd6da9645c00aa3bc4d55b727915b6652642660db0aef086585f?s=96&d=mm&r=g\",\"caption\":\"Administrador Web\"}}]}<\/script>\n<!-- \/ Yoast SEO plugin. -->","yoast_head_json":{"title":"Un antiguo alumno salesiano crea el v\u00eddeo viral por su mensaje impactante a los j\u00f3venes - Colegio Salesiano Alcal\u00e1","robots":{"index":"index","follow":"follow","max-snippet":"max-snippet:-1","max-image-preview":"max-image-preview:large","max-video-preview":"max-video-preview:-1"},"canonical":"https:\/\/alcala.salesianos.edu\/colegio\/blog\/2020\/11\/09\/un-antiguo-alumno-salesiano-crea-el-video-viral-por-su-mensaje-impactante-a-los-jovenes\/","og_locale":"es_ES","og_type":"article","og_title":"Un antiguo alumno salesiano crea el v\u00eddeo viral por su mensaje impactante a los j\u00f3venes - Colegio Salesiano Alcal\u00e1","og_description":"Este v\u00eddeo viral tiene ADN salesiano. El director es antiguo alumno de Las Palmas y actualmente es animador del Centro Juvenil. Trabajo ganador del primer premio del concurso de micro-cine de Cultura Inquieta.","og_url":"https:\/\/alcala.salesianos.edu\/colegio\/blog\/2020\/11\/09\/un-antiguo-alumno-salesiano-crea-el-video-viral-por-su-mensaje-impactante-a-los-jovenes\/","og_site_name":"Colegio Salesiano Alcal\u00e1","article_published_time":"2020-11-09T18:45:15+00:00","article_modified_time":"2025-08-27T07:50:56+00:00","author":"Administrador Web","twitter_card":"summary_large_image","twitter_misc":{"Escrito por":"Administrador Web","Tiempo de lectura":"2 minutos"},"schema":{"@context":"https:\/\/schema.org","@graph":[{"@type":"Article","@id":"https:\/\/alcala.salesianos.edu\/colegio\/blog\/2020\/11\/09\/un-antiguo-alumno-salesiano-crea-el-video-viral-por-su-mensaje-impactante-a-los-jovenes\/#article","isPartOf":{"@id":"https:\/\/alcala.salesianos.edu\/colegio\/blog\/2020\/11\/09\/un-antiguo-alumno-salesiano-crea-el-video-viral-por-su-mensaje-impactante-a-los-jovenes\/"},"author":{"name":"Administrador Web","@id":"https:\/\/alcala.salesianos.edu\/colegio\/#\/schema\/person\/afcc24f776dc91fc2bf9afb0998fca77"},"headline":"Un antiguo alumno salesiano crea el v\u00eddeo viral por su mensaje impactante a los j\u00f3venes","datePublished":"2020-11-09T18:45:15+00:00","dateModified":"2025-08-27T07:50:56+00:00","mainEntityOfPage":{"@id":"https:\/\/alcala.salesianos.edu\/colegio\/blog\/2020\/11\/09\/un-antiguo-alumno-salesiano-crea-el-video-viral-por-su-mensaje-impactante-a-los-jovenes\/"},"wordCount":399,"articleSection":["Colegio","covid","Escuela abierta","FASA","Infantil","Pastoral","Portada","Primaria","Secundaria","Uncategorized"],"inLanguage":"es"},{"@type":"WebPage","@id":"https:\/\/alcala.salesianos.edu\/colegio\/blog\/2020\/11\/09\/un-antiguo-alumno-salesiano-crea-el-video-viral-por-su-mensaje-impactante-a-los-jovenes\/","url":"https:\/\/alcala.salesianos.edu\/colegio\/blog\/2020\/11\/09\/un-antiguo-alumno-salesiano-crea-el-video-viral-por-su-mensaje-impactante-a-los-jovenes\/","name":"Un antiguo alumno salesiano crea el v\u00eddeo viral por su mensaje impactante a los j\u00f3venes - Colegio Salesiano Alcal\u00e1","isPartOf":{"@id":"https:\/\/alcala.salesianos.edu\/colegio\/#website"},"datePublished":"2020-11-09T18:45:15+00:00","dateModified":"2025-08-27T07:50:56+00:00","author":{"@id":"https:\/\/alcala.salesianos.edu\/colegio\/#\/schema\/person\/afcc24f776dc91fc2bf9afb0998fca77"},"breadcrumb":{"@id":"https:\/\/alcala.salesianos.edu\/colegio\/blog\/2020\/11\/09\/un-antiguo-alumno-salesiano-crea-el-video-viral-por-su-mensaje-impactante-a-los-jovenes\/#breadcrumb"},"inLanguage":"es","potentialAction":[{"@type":"ReadAction","target":["https:\/\/alcala.salesianos.edu\/colegio\/blog\/2020\/11\/09\/un-antiguo-alumno-salesiano-crea-el-video-viral-por-su-mensaje-impactante-a-los-jovenes\/"]}]},{"@type":"BreadcrumbList","@id":"https:\/\/alcala.salesianos.edu\/colegio\/blog\/2020\/11\/09\/un-antiguo-alumno-salesiano-crea-el-video-viral-por-su-mensaje-impactante-a-los-jovenes\/#breadcrumb","itemListElement":[{"@type":"ListItem","position":1,"name":"Portada","item":"https:\/\/alcala.salesianos.edu\/colegio\/"},{"@type":"ListItem","position":2,"name":"Un antiguo alumno salesiano crea el v\u00eddeo viral por su mensaje impactante a los j\u00f3venes"}]},{"@type":"WebSite","@id":"https:\/\/alcala.salesianos.edu\/colegio\/#website","url":"https:\/\/alcala.salesianos.edu\/colegio\/","name":"Colegio Salesiano Alcal\u00e1","description":"P\u00e1gina oficial de Salesianos Alcal\u00e1 de Guadaira","potentialAction":[{"@type":"SearchAction","target":{"@type":"EntryPoint","urlTemplate":"https:\/\/alcala.salesianos.edu\/colegio\/?s={search_term_string}"},"query-input":{"@type":"PropertyValueSpecification","valueRequired":true,"valueName":"search_term_string"}}],"inLanguage":"es"},{"@type":"Person","@id":"https:\/\/alcala.salesianos.edu\/colegio\/#\/schema\/person\/afcc24f776dc91fc2bf9afb0998fca77","name":"Administrador Web","image":{"@type":"ImageObject","inLanguage":"es","@id":"https:\/\/secure.gravatar.com\/avatar\/bc157e994689bd6da9645c00aa3bc4d55b727915b6652642660db0aef086585f?s=96&d=mm&r=g","url":"https:\/\/secure.gravatar.com\/avatar\/bc157e994689bd6da9645c00aa3bc4d55b727915b6652642660db0aef086585f?s=96&d=mm&r=g","contentUrl":"https:\/\/secure.gravatar.com\/avatar\/bc157e994689bd6da9645c00aa3bc4d55b727915b6652642660db0aef086585f?s=96&d=mm&r=g","caption":"Administrador Web"}}]}},"_links":{"self":[{"href":"https:\/\/alcala.salesianos.edu\/colegio\/wp-json\/wp\/v2\/posts\/13229","targetHints":{"allow":["GET"]}}],"collection":[{"href":"https:\/\/alcala.salesianos.edu\/colegio\/wp-json\/wp\/v2\/posts"}],"about":[{"href":"https:\/\/alcala.salesianos.edu\/colegio\/wp-json\/wp\/v2\/types\/post"}],"author":[{"embeddable":true,"href":"https:\/\/alcala.salesianos.edu\/colegio\/wp-json\/wp\/v2\/users\/2"}],"replies":[{"embeddable":true,"href":"https:\/\/alcala.salesianos.edu\/colegio\/wp-json\/wp\/v2\/comments?post=13229"}],"version-history":[{"count":1,"href":"https:\/\/alcala.salesianos.edu\/colegio\/wp-json\/wp\/v2\/posts\/13229\/revisions"}],"predecessor-version":[{"id":13231,"href":"https:\/\/alcala.salesianos.edu\/colegio\/wp-json\/wp\/v2\/posts\/13229\/revisions\/13231"}],"wp:attachment":[{"href":"https:\/\/alcala.salesianos.edu\/colegio\/wp-json\/wp\/v2\/media?parent=13229"}],"wp:term":[{"taxonomy":"category","embeddable":true,"href":"https:\/\/alcala.salesianos.edu\/colegio\/wp-json\/wp\/v2\/categories?post=13229"},{"taxonomy":"post_tag","embeddable":true,"href":"https:\/\/alcala.salesianos.edu\/colegio\/wp-json\/wp\/v2\/tags?post=13229"}],"curies":[{"name":"wp","href":"https:\/\/api.w.org\/{rel}","templated":true}]}}