{"id":13226,"date":"2020-11-09T19:34:43","date_gmt":"2020-11-09T18:34:43","guid":{"rendered":"https:\/\/alcala.salesianos.edu\/colegio\/blog\/2020\/11\/09\/una-cosa-te-falta-10-preguntas-para-comprender-hoy-la-animacion-vocacional\/"},"modified":"2025-08-27T08:50:57","modified_gmt":"2025-08-27T07:50:57","slug":"una-cosa-te-falta-10-preguntas-para-comprender-hoy-la-animacion-vocacional","status":"publish","type":"post","link":"https:\/\/alcala.salesianos.edu\/colegio\/blog\/2020\/11\/09\/una-cosa-te-falta-10-preguntas-para-comprender-hoy-la-animacion-vocacional\/","title":{"rendered":"Una cosa te falta, 10 preguntas para comprender hoy la Animaci\u00f3n Vocacional"},"content":{"rendered":"<div id=\"fb-root\"><\/div>\n\n[et_pb_section fb_built=\u00bb1&#8243; _builder_version=\u00bb4.5.8&#8243; _module_preset=\u00bbdefault\u00bb][et_pb_row _builder_version=\u00bb4.5.8&#8243; _module_preset=\u00bbdefault\u00bb][et_pb_column type=\u00bb4_4&#8243; _builder_version=\u00bb4.5.8&#8243; _module_preset=\u00bbdefault\u00bb][et_pb_text _builder_version=\u00bb4.5.8&#8243; _module_preset=\u00bbdefault\u00bb hover_enabled=\u00bb0&#8243;]<p>El salesiano Jorge J. Reyes present\u00f3 el 5 de noviembre el \u00faltimo libro dedicado a la animaci\u00f3n vocacional y dirigido a todos los agentes de pastoral que deseen prepararse en esta disciplina pastoral desde su condici\u00f3n laical, consagrada o ministerial. El Colegio Mayor San Juan Bosco de Sevilla fue el escenario que acoja la presentaci\u00f3n digital de \u00abUna cosa te falta. 10 preguntas para comprender hoy la animaci\u00f3n vocacional\u00bb en un acto que contar\u00e1 con las intervenciones de Juan Carlos P\u00e9rez Godoy, consejero regional de la Congregaci\u00f3n, Jos\u00e9 Miguel N\u00fa\u00f1ez, delegado nacional de Pastoral Juvenil, Jordi Lleix\u00e0, delegado inspectorial de Pastoral Juvenil o Francisco Jos\u00e9 P\u00e9rez, coordinador inspectorial de Animaci\u00f3n Vocacional, para profundizar sobre qu\u00e9 se entiende por vocaci\u00f3n y vocaciones en la Iglesia actual.<\/p>\n<p>La emisi\u00f3n pudo seguirse de forma \u00edntegra a trav\u00e9s de internet como medida preventiva alineada con las restricciones de aforo condicionadas por la pandemia, tuvo tambi\u00e9n un espacio para dar voz de los j\u00f3venes. En este foro se hicieron presente Pablo Baltasar, de Salesianos Huesca, y Marta Mart\u00edn, de Salesianos Triana, como representantes de los j\u00f3venes comprometidos desde la Pastoral Juvenil.<\/p>\n<p>El acto, fue conducido por la Delegaci\u00f3n Inspectorial de Comunicaci\u00f3n, hizo un recorrido por el sentido de la pastoral juvenil vocacional y la cultura vocacional, la importancia del perfil del animador vocacional, su vinculaci\u00f3n con los itinerarios de educaci\u00f3n en la fe, la importancia del discernimiento y el acompa\u00f1amiento personal o la relaci\u00f3n del libro con la Evangelii Gaudium y el S\u00ednodo de los j\u00f3venes como fuente de inspiraci\u00f3n.<\/p>[\/et_pb_text][et_pb_text _builder_version=\u00bb4.5.8&#8243; _module_preset=\u00bbdefault\u00bb]<h1>Presentaci\u00f3n del libro<\/h1>[\/et_pb_text][et_pb_video src=\u00bbhttps:\/\/www.youtube.com\/watch?v=z2fmcMR2S98&#038;feature=youtu.be&#038;fbclid=IwAR3xh-Ul46T-LYRy2UWfpbWInKLCz1KcAcX5u70MGwooRep2BJU9j2YiTIg&#038;ab_channel=SalesianosSMX\u00bb _builder_version=\u00bb4.5.8&#8243; _module_preset=\u00bbdefault\u00bb][\/et_pb_video][\/et_pb_column][\/et_pb_row][\/et_pb_section]\n","protected":false},"excerpt":{"rendered":"<p>Presentaci\u00f3n del libro a cargo de D. Jorge Juan Reyes sdb, desde el Colegio Mayor San Juan Bosco de Sevilla. Incluido el video del acto conducido por D. Carlos Mart\u00edn, delegado inspectorial de Comunicaci\u00f3n Social.<\/p>\n","protected":false},"author":2,"featured_media":0,"comment_status":"closed","ping_status":"open","sticky":false,"template":"","format":"standard","meta":{"_et_pb_use_builder":"on","_et_pb_old_content":"","_et_gb_content_width":"","footnotes":""},"categories":[1],"tags":[],"class_list":["post-13226","post","type-post","status-publish","format-standard","hentry","category-uncategorized"],"yoast_head":"<!-- This site is optimized with the Yoast SEO plugin v28.4 - https:\/\/yoast.com\/product\/yoast-seo-wordpress\/ -->\n<title>Una cosa te falta, 10 preguntas para comprender hoy la Animaci\u00f3n Vocacional - Colegio Salesiano Alcal\u00e1<\/title>\n<meta name=\"robots\" content=\"index, follow, max-snippet:-1, max-image-preview:large, max-video-preview:-1\" \/>\n<link rel=\"canonical\" href=\"https:\/\/alcala.salesianos.edu\/colegio\/blog\/2020\/11\/09\/una-cosa-te-falta-10-preguntas-para-comprender-hoy-la-animacion-vocacional\/\" \/>\n<meta property=\"og:locale\" content=\"es_ES\" \/>\n<meta property=\"og:type\" content=\"article\" \/>\n<meta property=\"og:title\" content=\"Una cosa te falta, 10 preguntas para comprender hoy la Animaci\u00f3n Vocacional - Colegio Salesiano Alcal\u00e1\" \/>\n<meta property=\"og:description\" content=\"Presentaci\u00f3n del libro a cargo de D. Jorge Juan Reyes sdb, desde el Colegio Mayor San Juan Bosco de Sevilla. Incluido el video del acto conducido por D. Carlos Mart\u00edn, delegado inspectorial de Comunicaci\u00f3n Social.\" \/>\n<meta property=\"og:url\" content=\"https:\/\/alcala.salesianos.edu\/colegio\/blog\/2020\/11\/09\/una-cosa-te-falta-10-preguntas-para-comprender-hoy-la-animacion-vocacional\/\" \/>\n<meta property=\"og:site_name\" content=\"Colegio Salesiano Alcal\u00e1\" \/>\n<meta property=\"article:published_time\" content=\"2020-11-09T18:34:43+00:00\" \/>\n<meta property=\"article:modified_time\" content=\"2025-08-27T07:50:57+00:00\" \/>\n<meta name=\"author\" content=\"Administrador Web\" \/>\n<meta name=\"twitter:card\" content=\"summary_large_image\" \/>\n<meta name=\"twitter:label1\" content=\"Escrito por\" \/>\n\t<meta name=\"twitter:data1\" content=\"Administrador Web\" \/>\n\t<meta name=\"twitter:label2\" content=\"Tiempo de lectura\" \/>\n\t<meta name=\"twitter:data2\" content=\"2 minutos\" \/>\n<script type=\"application\/ld+json\" class=\"yoast-schema-graph\">{\"@context\":\"https:\\\/\\\/schema.org\",\"@graph\":[{\"@type\":\"Article\",\"@id\":\"https:\\\/\\\/alcala.salesianos.edu\\\/colegio\\\/blog\\\/2020\\\/11\\\/09\\\/una-cosa-te-falta-10-preguntas-para-comprender-hoy-la-animacion-vocacional\\\/#article\",\"isPartOf\":{\"@id\":\"https:\\\/\\\/alcala.salesianos.edu\\\/colegio\\\/blog\\\/2020\\\/11\\\/09\\\/una-cosa-te-falta-10-preguntas-para-comprender-hoy-la-animacion-vocacional\\\/\"},\"author\":{\"name\":\"Administrador Web\",\"@id\":\"https:\\\/\\\/alcala.salesianos.edu\\\/colegio\\\/#\\\/schema\\\/person\\\/afcc24f776dc91fc2bf9afb0998fca77\"},\"headline\":\"Una cosa te falta, 10 preguntas para comprender hoy la Animaci\u00f3n Vocacional\",\"datePublished\":\"2020-11-09T18:34:43+00:00\",\"dateModified\":\"2025-08-27T07:50:57+00:00\",\"mainEntityOfPage\":{\"@id\":\"https:\\\/\\\/alcala.salesianos.edu\\\/colegio\\\/blog\\\/2020\\\/11\\\/09\\\/una-cosa-te-falta-10-preguntas-para-comprender-hoy-la-animacion-vocacional\\\/\"},\"wordCount\":392,\"articleSection\":[\"Uncategorized\"],\"inLanguage\":\"es\"},{\"@type\":\"WebPage\",\"@id\":\"https:\\\/\\\/alcala.salesianos.edu\\\/colegio\\\/blog\\\/2020\\\/11\\\/09\\\/una-cosa-te-falta-10-preguntas-para-comprender-hoy-la-animacion-vocacional\\\/\",\"url\":\"https:\\\/\\\/alcala.salesianos.edu\\\/colegio\\\/blog\\\/2020\\\/11\\\/09\\\/una-cosa-te-falta-10-preguntas-para-comprender-hoy-la-animacion-vocacional\\\/\",\"name\":\"Una cosa te falta, 10 preguntas para comprender hoy la Animaci\u00f3n Vocacional - Colegio Salesiano Alcal\u00e1\",\"isPartOf\":{\"@id\":\"https:\\\/\\\/alcala.salesianos.edu\\\/colegio\\\/#website\"},\"datePublished\":\"2020-11-09T18:34:43+00:00\",\"dateModified\":\"2025-08-27T07:50:57+00:00\",\"author\":{\"@id\":\"https:\\\/\\\/alcala.salesianos.edu\\\/colegio\\\/#\\\/schema\\\/person\\\/afcc24f776dc91fc2bf9afb0998fca77\"},\"breadcrumb\":{\"@id\":\"https:\\\/\\\/alcala.salesianos.edu\\\/colegio\\\/blog\\\/2020\\\/11\\\/09\\\/una-cosa-te-falta-10-preguntas-para-comprender-hoy-la-animacion-vocacional\\\/#breadcrumb\"},\"inLanguage\":\"es\",\"potentialAction\":[{\"@type\":\"ReadAction\",\"target\":[\"https:\\\/\\\/alcala.salesianos.edu\\\/colegio\\\/blog\\\/2020\\\/11\\\/09\\\/una-cosa-te-falta-10-preguntas-para-comprender-hoy-la-animacion-vocacional\\\/\"]}]},{\"@type\":\"BreadcrumbList\",\"@id\":\"https:\\\/\\\/alcala.salesianos.edu\\\/colegio\\\/blog\\\/2020\\\/11\\\/09\\\/una-cosa-te-falta-10-preguntas-para-comprender-hoy-la-animacion-vocacional\\\/#breadcrumb\",\"itemListElement\":[{\"@type\":\"ListItem\",\"position\":1,\"name\":\"Portada\",\"item\":\"https:\\\/\\\/alcala.salesianos.edu\\\/colegio\\\/\"},{\"@type\":\"ListItem\",\"position\":2,\"name\":\"Una cosa te falta, 10 preguntas para comprender hoy la Animaci\u00f3n Vocacional\"}]},{\"@type\":\"WebSite\",\"@id\":\"https:\\\/\\\/alcala.salesianos.edu\\\/colegio\\\/#website\",\"url\":\"https:\\\/\\\/alcala.salesianos.edu\\\/colegio\\\/\",\"name\":\"Colegio Salesiano Alcal\u00e1\",\"description\":\"P\u00e1gina oficial de Salesianos Alcal\u00e1 de Guadaira\",\"potentialAction\":[{\"@type\":\"SearchAction\",\"target\":{\"@type\":\"EntryPoint\",\"urlTemplate\":\"https:\\\/\\\/alcala.salesianos.edu\\\/colegio\\\/?s={search_term_string}\"},\"query-input\":{\"@type\":\"PropertyValueSpecification\",\"valueRequired\":true,\"valueName\":\"search_term_string\"}}],\"inLanguage\":\"es\"},{\"@type\":\"Person\",\"@id\":\"https:\\\/\\\/alcala.salesianos.edu\\\/colegio\\\/#\\\/schema\\\/person\\\/afcc24f776dc91fc2bf9afb0998fca77\",\"name\":\"Administrador Web\",\"image\":{\"@type\":\"ImageObject\",\"inLanguage\":\"es\",\"@id\":\"https:\\\/\\\/secure.gravatar.com\\\/avatar\\\/bc157e994689bd6da9645c00aa3bc4d55b727915b6652642660db0aef086585f?s=96&d=mm&r=g\",\"url\":\"https:\\\/\\\/secure.gravatar.com\\\/avatar\\\/bc157e994689bd6da9645c00aa3bc4d55b727915b6652642660db0aef086585f?s=96&d=mm&r=g\",\"contentUrl\":\"https:\\\/\\\/secure.gravatar.com\\\/avatar\\\/bc157e994689bd6da9645c00aa3bc4d55b727915b6652642660db0aef086585f?s=96&d=mm&r=g\",\"caption\":\"Administrador Web\"}}]}<\/script>\n<!-- \/ Yoast SEO plugin. -->","yoast_head_json":{"title":"Una cosa te falta, 10 preguntas para comprender hoy la Animaci\u00f3n Vocacional - Colegio Salesiano Alcal\u00e1","robots":{"index":"index","follow":"follow","max-snippet":"max-snippet:-1","max-image-preview":"max-image-preview:large","max-video-preview":"max-video-preview:-1"},"canonical":"https:\/\/alcala.salesianos.edu\/colegio\/blog\/2020\/11\/09\/una-cosa-te-falta-10-preguntas-para-comprender-hoy-la-animacion-vocacional\/","og_locale":"es_ES","og_type":"article","og_title":"Una cosa te falta, 10 preguntas para comprender hoy la Animaci\u00f3n Vocacional - Colegio Salesiano Alcal\u00e1","og_description":"Presentaci\u00f3n del libro a cargo de D. Jorge Juan Reyes sdb, desde el Colegio Mayor San Juan Bosco de Sevilla. Incluido el video del acto conducido por D. Carlos Mart\u00edn, delegado inspectorial de Comunicaci\u00f3n Social.","og_url":"https:\/\/alcala.salesianos.edu\/colegio\/blog\/2020\/11\/09\/una-cosa-te-falta-10-preguntas-para-comprender-hoy-la-animacion-vocacional\/","og_site_name":"Colegio Salesiano Alcal\u00e1","article_published_time":"2020-11-09T18:34:43+00:00","article_modified_time":"2025-08-27T07:50:57+00:00","author":"Administrador Web","twitter_card":"summary_large_image","twitter_misc":{"Escrito por":"Administrador Web","Tiempo de lectura":"2 minutos"},"schema":{"@context":"https:\/\/schema.org","@graph":[{"@type":"Article","@id":"https:\/\/alcala.salesianos.edu\/colegio\/blog\/2020\/11\/09\/una-cosa-te-falta-10-preguntas-para-comprender-hoy-la-animacion-vocacional\/#article","isPartOf":{"@id":"https:\/\/alcala.salesianos.edu\/colegio\/blog\/2020\/11\/09\/una-cosa-te-falta-10-preguntas-para-comprender-hoy-la-animacion-vocacional\/"},"author":{"name":"Administrador Web","@id":"https:\/\/alcala.salesianos.edu\/colegio\/#\/schema\/person\/afcc24f776dc91fc2bf9afb0998fca77"},"headline":"Una cosa te falta, 10 preguntas para comprender hoy la Animaci\u00f3n Vocacional","datePublished":"2020-11-09T18:34:43+00:00","dateModified":"2025-08-27T07:50:57+00:00","mainEntityOfPage":{"@id":"https:\/\/alcala.salesianos.edu\/colegio\/blog\/2020\/11\/09\/una-cosa-te-falta-10-preguntas-para-comprender-hoy-la-animacion-vocacional\/"},"wordCount":392,"articleSection":["Uncategorized"],"inLanguage":"es"},{"@type":"WebPage","@id":"https:\/\/alcala.salesianos.edu\/colegio\/blog\/2020\/11\/09\/una-cosa-te-falta-10-preguntas-para-comprender-hoy-la-animacion-vocacional\/","url":"https:\/\/alcala.salesianos.edu\/colegio\/blog\/2020\/11\/09\/una-cosa-te-falta-10-preguntas-para-comprender-hoy-la-animacion-vocacional\/","name":"Una cosa te falta, 10 preguntas para comprender hoy la Animaci\u00f3n Vocacional - Colegio Salesiano Alcal\u00e1","isPartOf":{"@id":"https:\/\/alcala.salesianos.edu\/colegio\/#website"},"datePublished":"2020-11-09T18:34:43+00:00","dateModified":"2025-08-27T07:50:57+00:00","author":{"@id":"https:\/\/alcala.salesianos.edu\/colegio\/#\/schema\/person\/afcc24f776dc91fc2bf9afb0998fca77"},"breadcrumb":{"@id":"https:\/\/alcala.salesianos.edu\/colegio\/blog\/2020\/11\/09\/una-cosa-te-falta-10-preguntas-para-comprender-hoy-la-animacion-vocacional\/#breadcrumb"},"inLanguage":"es","potentialAction":[{"@type":"ReadAction","target":["https:\/\/alcala.salesianos.edu\/colegio\/blog\/2020\/11\/09\/una-cosa-te-falta-10-preguntas-para-comprender-hoy-la-animacion-vocacional\/"]}]},{"@type":"BreadcrumbList","@id":"https:\/\/alcala.salesianos.edu\/colegio\/blog\/2020\/11\/09\/una-cosa-te-falta-10-preguntas-para-comprender-hoy-la-animacion-vocacional\/#breadcrumb","itemListElement":[{"@type":"ListItem","position":1,"name":"Portada","item":"https:\/\/alcala.salesianos.edu\/colegio\/"},{"@type":"ListItem","position":2,"name":"Una cosa te falta, 10 preguntas para comprender hoy la Animaci\u00f3n Vocacional"}]},{"@type":"WebSite","@id":"https:\/\/alcala.salesianos.edu\/colegio\/#website","url":"https:\/\/alcala.salesianos.edu\/colegio\/","name":"Colegio Salesiano Alcal\u00e1","description":"P\u00e1gina oficial de Salesianos Alcal\u00e1 de Guadaira","potentialAction":[{"@type":"SearchAction","target":{"@type":"EntryPoint","urlTemplate":"https:\/\/alcala.salesianos.edu\/colegio\/?s={search_term_string}"},"query-input":{"@type":"PropertyValueSpecification","valueRequired":true,"valueName":"search_term_string"}}],"inLanguage":"es"},{"@type":"Person","@id":"https:\/\/alcala.salesianos.edu\/colegio\/#\/schema\/person\/afcc24f776dc91fc2bf9afb0998fca77","name":"Administrador Web","image":{"@type":"ImageObject","inLanguage":"es","@id":"https:\/\/secure.gravatar.com\/avatar\/bc157e994689bd6da9645c00aa3bc4d55b727915b6652642660db0aef086585f?s=96&d=mm&r=g","url":"https:\/\/secure.gravatar.com\/avatar\/bc157e994689bd6da9645c00aa3bc4d55b727915b6652642660db0aef086585f?s=96&d=mm&r=g","contentUrl":"https:\/\/secure.gravatar.com\/avatar\/bc157e994689bd6da9645c00aa3bc4d55b727915b6652642660db0aef086585f?s=96&d=mm&r=g","caption":"Administrador Web"}}]}},"_links":{"self":[{"href":"https:\/\/alcala.salesianos.edu\/colegio\/wp-json\/wp\/v2\/posts\/13226","targetHints":{"allow":["GET"]}}],"collection":[{"href":"https:\/\/alcala.salesianos.edu\/colegio\/wp-json\/wp\/v2\/posts"}],"about":[{"href":"https:\/\/alcala.salesianos.edu\/colegio\/wp-json\/wp\/v2\/types\/post"}],"author":[{"embeddable":true,"href":"https:\/\/alcala.salesianos.edu\/colegio\/wp-json\/wp\/v2\/users\/2"}],"replies":[{"embeddable":true,"href":"https:\/\/alcala.salesianos.edu\/colegio\/wp-json\/wp\/v2\/comments?post=13226"}],"version-history":[{"count":1,"href":"https:\/\/alcala.salesianos.edu\/colegio\/wp-json\/wp\/v2\/posts\/13226\/revisions"}],"predecessor-version":[{"id":13228,"href":"https:\/\/alcala.salesianos.edu\/colegio\/wp-json\/wp\/v2\/posts\/13226\/revisions\/13228"}],"wp:attachment":[{"href":"https:\/\/alcala.salesianos.edu\/colegio\/wp-json\/wp\/v2\/media?parent=13226"}],"wp:term":[{"taxonomy":"category","embeddable":true,"href":"https:\/\/alcala.salesianos.edu\/colegio\/wp-json\/wp\/v2\/categories?post=13226"},{"taxonomy":"post_tag","embeddable":true,"href":"https:\/\/alcala.salesianos.edu\/colegio\/wp-json\/wp\/v2\/tags?post=13226"}],"curies":[{"name":"wp","href":"https:\/\/api.w.org\/{rel}","templated":true}]}}