{"id":13183,"date":"2020-11-04T20:34:13","date_gmt":"2020-11-04T19:34:13","guid":{"rendered":"https:\/\/alcala.salesianos.edu\/colegio\/blog\/2020\/11\/04\/mas-plurales-mas-libres-mas-iguales\/"},"modified":"2025-08-27T08:50:58","modified_gmt":"2025-08-27T07:50:58","slug":"mas-plurales-mas-libres-mas-iguales","status":"publish","type":"post","link":"https:\/\/alcala.salesianos.edu\/colegio\/blog\/2020\/11\/04\/mas-plurales-mas-libres-mas-iguales\/","title":{"rendered":"M\u00e1s plurales, m\u00e1s libres, m\u00e1s iguales por la igualdad en la educaci\u00f3n"},"content":{"rendered":"<div id=\"fb-root\"><\/div>\n<p>[et_pb_section fb_built=\u00bb1&#8243; specialty=\u00bbon\u00bb _builder_version=\u00bb4.5.8&#8243; _module_preset=\u00bbdefault\u00bb][et_pb_column type=\u00bb3_4&#8243; specialty_columns=\u00bb3&#8243; _builder_version=\u00bb3.25&#8243; custom_padding=\u00bb|||\u00bb custom_padding__hover=\u00bb|||\u00bb][et_pb_row_inner _builder_version=\u00bb4.5.8&#8243; _module_preset=\u00bbdefault\u00bb][et_pb_column_inner saved_specialty_column_type=\u00bb3_4&#8243; _builder_version=\u00bb4.5.8&#8243; _module_preset=\u00bbdefault\u00bb][et_pb_text _builder_version=\u00bb4.5.8&#8243; _module_preset=\u00bbdefault\u00bb]<\/p>\n<p><strong>La reforma de la Ley Org\u00e1nica de Educaci\u00f3n (LOMLOE) es fuertemente intervencionista, promueve la restricci\u00f3n de derechos y libertades ciudadanas y atenta contra la pluralidad de nuestro sistema educativo que es clave en una sociedad democr\u00e1tica.<\/strong>\u00a0Es una reforma que conduce hacia el dominio sist\u00e9mico del Estado, dotando a las Administraciones con facultades cada vez m\u00e1s amplias en detrimento de las familias como primeras educadoras de sus hijos. La LOMLOE permite distribuir a los alumnos por centros reduciendo significativamente la elecci\u00f3n educativa de sus padres, un derecho avalado por la Declaraci\u00f3n Universal de los Derechos Humanos. Se inventa un derecho a la educaci\u00f3n p\u00fablica -cuando el derecho reconocido en la Constituci\u00f3n es el derecho a la educaci\u00f3n-; la enfrenta al modelo de educaci\u00f3n concertada, ampliamente implantado en Europa, rompiendo la complementariedad de redes recogida en la Constituci\u00f3n; deval\u00faa la ense\u00f1anza de la asignatura de Religi\u00f3n en la escuela aplicando un laicismo impropio y pone en duda la supervivencia de los centros de educaci\u00f3n especial, entre otros aspectos.<\/p>\n<p><strong>Por todo ello<\/strong>, gran diversidad de entidades y colectivos ciudadanos de docentes, familias, alumnos y titulares de centros\u00a0<strong>pedimos la protecci\u00f3n y la continuidad de la pluralidad de nuestro sistema educativo actual<\/strong>, puesto que:<\/p>\n<p>[\/et_pb_text][\/et_pb_column_inner][\/et_pb_row_inner][\/et_pb_column][et_pb_column type=\u00bb1_4&#8243; _builder_version=\u00bb3.25&#8243; custom_padding=\u00bb|||\u00bb custom_padding__hover=\u00bb|||\u00bb][et_pb_button button_url=\u00bbhttps:\/\/masplurales.es\/#firmarmanifiesto\u00bb url_new_window=\u00bbon\u00bb button_text=\u00bb\u00a1Firma!\u00bb _builder_version=\u00bb4.5.8&#8243; _module_preset=\u00bbdefault\u00bb][\/et_pb_button][\/et_pb_column][\/et_pb_section][et_pb_section fb_built=\u00bb1&#8243; _builder_version=\u00bb4.5.8&#8243; _module_preset=\u00bbdefault\u00bb][et_pb_row _builder_version=\u00bb4.5.8&#8243; _module_preset=\u00bbdefault\u00bb][et_pb_column type=\u00bb4_4&#8243; _builder_version=\u00bb4.5.8&#8243; _module_preset=\u00bbdefault\u00bb][et_pb_accordion _builder_version=\u00bb4.5.8&#8243; _module_preset=\u00bbdefault\u00bb][et_pb_accordion_item title=\u00bbLa escuela m\u00e1s adecuada\u00bb open=\u00bbon\u00bb _builder_version=\u00bb4.5.8&#8243; _module_preset=\u00bbdefault\u00bb]<strong>La sociedad espa\u00f1ola es diversa y democr\u00e1tica. Fundamenta su convivencia sobre los valores de la tolerancia y la participaci\u00f3n.<\/strong>\u00a0Por ello, la escuela m\u00e1s adecuada para una sociedad como la nuestra debe ser una escuela tambi\u00e9n plural, gratuita y universal. Esto s\u00f3lo es posible si hay una diversidad de escuelas con proyectos educativos y pedag\u00f3gicos propios y autonom\u00eda de los centros para dotarse de ellos y ponerlos en pr\u00e1ctica.<br \/>\n[\/et_pb_accordion_item][et_pb_accordion_item title=\u00bbModelo plural, heterog\u00e9neo e inclusivo.\u00bb _builder_version=\u00bb4.5.8&#8243; _module_preset=\u00bbdefault\u00bb]<strong>La ense\u00f1anza concertada posibilita un modelo plural, heterog\u00e9neo e inclusivo.<\/strong>\u00a0Deseamos una educaci\u00f3n p\u00fablica plural y de calidad, pero eso no se logra legislando contra la ense\u00f1anza concertada y su diversidad de proyectos.\u00a0<strong>La hostilidad que manifiesta la LOMLOE hacia la ense\u00f1anza concertada crea un escenario de desigualdad de oportunidades para las familias que desean una ense\u00f1anza plural asequible a todos.<\/strong><br \/>\n[\/et_pb_accordion_item][et_pb_accordion_item title=\u00bbP\u00fablica, concertada y privada.\u00bb _builder_version=\u00bb4.5.8&#8243; _module_preset=\u00bbdefault\u00bb]<\/p>\n<div class=\"column mcb-column mcb-item-o1tfd3uqh one-second column_list\">\n<div class=\"list_item lists_1 clearfix\">\n<div class=\"list_right\">\n<div class=\"desc\">\n<p><strong>Defendemos la pac\u00edfica y arm\u00f3nica convivencia de las tres redes: p\u00fablica, privada concertada y privada. No aceptamos que la LOMLOE permita a las autoridades educativas imponer la distribuci\u00f3n del alumnado basada en la planificaci\u00f3n arbitraria de la Administraci\u00f3n por encima de necesidades reales de escolarizaci\u00f3n manifestadas por las familias.<\/strong><\/p>\n<\/div>\n<\/div>\n<\/div>\n<\/div>\n<div class=\"column mcb-column mcb-item-ij9gse83m one-second column_list\">\n<div class=\"list_item lists_1 clearfix\"><\/div>\n<\/div>\n<p>[\/et_pb_accordion_item][et_pb_accordion_item title=\u00bbFinanciaci\u00f3n adecuada de centros p\u00fablicos y concertados.\u00bb _builder_version=\u00bb4.5.8&#8243; _module_preset=\u00bbdefault\u00bb]<\/p>\n<div class=\"column mcb-column mcb-item-ij9gse83m one-second column_list\">\n<div class=\"list_item lists_1 clearfix\">\n<div class=\"list_right\">\n<div class=\"desc\">\n<p><strong>El Estado tiene igualmente la obligaci\u00f3n de financiar adecuadamente los centros educativos p\u00fablicos y concertados para garantizar la gratuidad real de ambos.<\/strong>\u00a0Y esta financiaci\u00f3n, respetando la naturaleza e idiosincrasia de cada red de centros, debe cubrir sus necesidades materiales y sus recursos humanos en igualdad de condiciones, pues ambas redes deben prestar un servicio educativo de igual calidad al alcance de todos.<\/p>\n<\/div>\n<\/div>\n<\/div>\n<\/div>\n<div class=\"column mcb-column mcb-item-0930icxtr one-second column_list\">\n<div class=\"list_item lists_1 clearfix\"><\/div>\n<\/div>\n<p>[\/et_pb_accordion_item][et_pb_accordion_item title=\u00bbControl pol\u00edtico: Agresi\u00f3n a la libertad de conciencia.\u00bb _builder_version=\u00bb4.5.8&#8243; _module_preset=\u00bbdefault\u00bb]<\/p>\n<div class=\"column mcb-column mcb-item-0930icxtr one-second column_list\">\n<div class=\"list_item lists_1 clearfix\">\n<div class=\"list_right\">\n<div class=\"desc\">\n<p><strong>A trav\u00e9s del control pol\u00edtico de la educaci\u00f3n, estamos asistiendo tambi\u00e9n a una agresi\u00f3n a la libertad de conciencia<\/strong>\u00a0en favor de la imposici\u00f3n de una ideolog\u00eda laicista impropia de un Estado no confesional. La asignatura de Religi\u00f3n, que se cursa con absoluta normalidad en casi todos los pa\u00edses europeos, es una opci\u00f3n mayoritaria de las familias espa\u00f1olas que la eligen libre y voluntariamente cada a\u00f1o y cuya voluntad debe ser respetada.<\/p>\n<\/div>\n<\/div>\n<\/div>\n<\/div>\n<div class=\"column mcb-column mcb-item-pv6vz8pbf one-second column_list\">\n<div class=\"list_item lists_1 clearfix\"><\/div>\n<\/div>\n<p>[\/et_pb_accordion_item][et_pb_accordion_item title=\u00bbDesaparici\u00f3n de centros de educaci\u00f3n especial en contra de las familias.\u00bb _builder_version=\u00bb4.5.8&#8243; _module_preset=\u00bbdefault\u00bb]<\/p>\n<div class=\"column mcb-column mcb-item-pv6vz8pbf one-second column_list\">\n<div class=\"list_item lists_1 clearfix\">\n<div class=\"list_right\">\n<div class=\"desc\">\n<p><strong>La intrusi\u00f3n en la LOMLOE de un concepto de inclusi\u00f3n radical<\/strong>\u00a0conduce a los actuales centros de educaci\u00f3n especial a su desaparici\u00f3n a pesar de contar con un alto grado de satisfacci\u00f3n de las familias que escolarizan all\u00ed a sus hijos. Pedimos al Gobierno una dotaci\u00f3n suficiente de recursos para atender a los alumnos con discapacidad en los centros ordinarios y en los colegios de educaci\u00f3n especial.<\/p>\n<\/div>\n<\/div>\n<\/div>\n<\/div>\n<div class=\"column mcb-column mcb-item-vkt0uw005 one-second column_list\">\n<div class=\"list_item lists_1 clearfix\"><\/div>\n<\/div>\n<p>[\/et_pb_accordion_item][et_pb_accordion_item title=\u00bbLibertad de elecci\u00f3n de centro.\u00bb _builder_version=\u00bb4.5.8&#8243; _module_preset=\u00bbdefault\u00bb]<\/p>\n<div class=\"column mcb-column mcb-item-vkt0uw005 one-second column_list\">\n<div class=\"list_item lists_1 clearfix\">\n<div class=\"list_right\">\n<div class=\"desc\">\n<p><strong>La pluralidad educativa, la libertad de elecci\u00f3n de centro y la formaci\u00f3n en los valores \u00e9ticos, filos\u00f3ficos o religiosos contribuyen a un mejor rendimiento y desarrollo integral de la persona.<\/strong>\u00a0La identificaci\u00f3n de las familias con el proyecto educativo elegido favorece una mayor implicaci\u00f3n en la educaci\u00f3n de sus hijos, y las evidencias demuestran que una mayor implicaci\u00f3n familiar est\u00e1 relacionada con un mejor rendimiento escolar, especialmente de los m\u00e1s desfavorecidos.<\/p>\n<\/div>\n<\/div>\n<\/div>\n<\/div>\n<div class=\"column mcb-column mcb-item-le5yzei9i one-second column_list\">\n<div class=\"list_item lists_1 clearfix\"><\/div>\n<\/div>\n<p>[\/et_pb_accordion_item][et_pb_accordion_item title=\u00bbMejoras reales para el personal de los centros.\u00bb _builder_version=\u00bb4.5.8&#8243; _module_preset=\u00bbdefault\u00bb]<\/p>\n<div class=\"section mcb-section mcb-section-7ovks1fhw hide-mobile\">\n<div class=\"section_wrapper mcb-section-inner\">\n<div class=\"wrap mcb-wrap mcb-wrap-w4q70r9wh one  valign-top clearfix\">\n<div class=\"mcb-wrap-inner\">\n<div class=\"column mcb-column mcb-item-le5yzei9i one-second column_list\">\n<div class=\"list_item lists_1 clearfix\">\n<div class=\"list_right\">\n<div class=\"desc\">\n<p><strong>Mejoras reales para el personal docente y no docente de los centros. La LOMLOE abandona a los profesionales de la concertada y de educaci\u00f3n especial al no introducir ni una sola mejora que permita equiparar y mejorar sus condiciones.<\/strong>\u00a0La nueva ley de educaci\u00f3n debe garantizar que se aporte financiaci\u00f3n suficiente para mejorar las condiciones laborales, retribuciones y jornada de los docentes, personal de administraci\u00f3n y servicios y personal complementario de todos los centros de la red concertada y de educaci\u00f3n especial.<\/p>\n<\/div>\n<\/div>\n<\/div>\n<\/div>\n<\/div>\n<\/div>\n<\/div>\n<\/div>\n<div id=\"firmarmanifiesto\" class=\"section mcb-section mcb-section-5f711174f\" data-id=\"#firmarmanifiesto\">\n<div class=\"section_wrapper mcb-section-inner\">\n<div class=\"wrap mcb-wrap mcb-wrap-qndpsug6r one  valign-top clearfix\">\n<div class=\"mcb-wrap-inner\">\n<div class=\"column mcb-column mcb-item-9yee372wd one column_column\">\n<div class=\"column_attr clearfix\"><\/div>\n<\/div>\n<\/div>\n<\/div>\n<\/div>\n<\/div>\n<p>[\/et_pb_accordion_item][\/et_pb_accordion][\/et_pb_column][\/et_pb_row][\/et_pb_section]<\/p>\n","protected":false},"excerpt":{"rendered":"<p>Porque a todos -familias, centros, docentes y alumnos- nos une el mismo objetivo: un sistema educativo de calidad que contribuya a una sociedad mejor. Por un modelo heterog\u00e9neo, plural e inclusivo.<\/p>\n","protected":false},"author":2,"featured_media":0,"comment_status":"closed","ping_status":"open","sticky":false,"template":"","format":"standard","meta":{"_et_pb_use_builder":"on","_et_pb_old_content":"","_et_gb_content_width":"","footnotes":""},"categories":[1],"tags":[],"class_list":["post-13183","post","type-post","status-publish","format-standard","hentry","category-uncategorized"],"yoast_head":"<!-- This site is optimized with the Yoast SEO plugin v28.4 - https:\/\/yoast.com\/product\/yoast-seo-wordpress\/ -->\n<title>M\u00e1s plurales, m\u00e1s libres, m\u00e1s iguales por la igualdad en la educaci\u00f3n - Colegio Salesiano Alcal\u00e1<\/title>\n<meta name=\"robots\" content=\"index, follow, max-snippet:-1, max-image-preview:large, max-video-preview:-1\" \/>\n<link rel=\"canonical\" href=\"https:\/\/alcala.salesianos.edu\/colegio\/blog\/2020\/11\/04\/mas-plurales-mas-libres-mas-iguales\/\" \/>\n<meta property=\"og:locale\" content=\"es_ES\" \/>\n<meta property=\"og:type\" content=\"article\" \/>\n<meta property=\"og:title\" content=\"M\u00e1s plurales, m\u00e1s libres, m\u00e1s iguales por la igualdad en la educaci\u00f3n - Colegio Salesiano Alcal\u00e1\" \/>\n<meta property=\"og:description\" content=\"Porque a todos -familias, centros, docentes y alumnos- nos une el mismo objetivo: un sistema educativo de calidad que contribuya a una sociedad mejor. Por un modelo heterog\u00e9neo, plural e inclusivo.\" \/>\n<meta property=\"og:url\" content=\"https:\/\/alcala.salesianos.edu\/colegio\/blog\/2020\/11\/04\/mas-plurales-mas-libres-mas-iguales\/\" \/>\n<meta property=\"og:site_name\" content=\"Colegio Salesiano Alcal\u00e1\" \/>\n<meta property=\"article:published_time\" content=\"2020-11-04T19:34:13+00:00\" \/>\n<meta property=\"article:modified_time\" content=\"2025-08-27T07:50:58+00:00\" \/>\n<meta name=\"author\" content=\"Administrador Web\" \/>\n<meta name=\"twitter:card\" content=\"summary_large_image\" \/>\n<meta name=\"twitter:label1\" content=\"Escrito por\" \/>\n\t<meta name=\"twitter:data1\" content=\"Administrador Web\" \/>\n\t<meta name=\"twitter:label2\" content=\"Tiempo de lectura\" \/>\n\t<meta name=\"twitter:data2\" content=\"6 minutos\" \/>\n<script type=\"application\/ld+json\" class=\"yoast-schema-graph\">{\"@context\":\"https:\\\/\\\/schema.org\",\"@graph\":[{\"@type\":\"Article\",\"@id\":\"https:\\\/\\\/alcala.salesianos.edu\\\/colegio\\\/blog\\\/2020\\\/11\\\/04\\\/mas-plurales-mas-libres-mas-iguales\\\/#article\",\"isPartOf\":{\"@id\":\"https:\\\/\\\/alcala.salesianos.edu\\\/colegio\\\/blog\\\/2020\\\/11\\\/04\\\/mas-plurales-mas-libres-mas-iguales\\\/\"},\"author\":{\"name\":\"Administrador Web\",\"@id\":\"https:\\\/\\\/alcala.salesianos.edu\\\/colegio\\\/#\\\/schema\\\/person\\\/afcc24f776dc91fc2bf9afb0998fca77\"},\"headline\":\"M\u00e1s plurales, m\u00e1s libres, m\u00e1s iguales por la igualdad en la educaci\u00f3n\",\"datePublished\":\"2020-11-04T19:34:13+00:00\",\"dateModified\":\"2025-08-27T07:50:58+00:00\",\"mainEntityOfPage\":{\"@id\":\"https:\\\/\\\/alcala.salesianos.edu\\\/colegio\\\/blog\\\/2020\\\/11\\\/04\\\/mas-plurales-mas-libres-mas-iguales\\\/\"},\"wordCount\":1161,\"articleSection\":[\"Uncategorized\"],\"inLanguage\":\"es\"},{\"@type\":\"WebPage\",\"@id\":\"https:\\\/\\\/alcala.salesianos.edu\\\/colegio\\\/blog\\\/2020\\\/11\\\/04\\\/mas-plurales-mas-libres-mas-iguales\\\/\",\"url\":\"https:\\\/\\\/alcala.salesianos.edu\\\/colegio\\\/blog\\\/2020\\\/11\\\/04\\\/mas-plurales-mas-libres-mas-iguales\\\/\",\"name\":\"M\u00e1s plurales, m\u00e1s libres, m\u00e1s iguales por la igualdad en la educaci\u00f3n - Colegio Salesiano Alcal\u00e1\",\"isPartOf\":{\"@id\":\"https:\\\/\\\/alcala.salesianos.edu\\\/colegio\\\/#website\"},\"datePublished\":\"2020-11-04T19:34:13+00:00\",\"dateModified\":\"2025-08-27T07:50:58+00:00\",\"author\":{\"@id\":\"https:\\\/\\\/alcala.salesianos.edu\\\/colegio\\\/#\\\/schema\\\/person\\\/afcc24f776dc91fc2bf9afb0998fca77\"},\"breadcrumb\":{\"@id\":\"https:\\\/\\\/alcala.salesianos.edu\\\/colegio\\\/blog\\\/2020\\\/11\\\/04\\\/mas-plurales-mas-libres-mas-iguales\\\/#breadcrumb\"},\"inLanguage\":\"es\",\"potentialAction\":[{\"@type\":\"ReadAction\",\"target\":[\"https:\\\/\\\/alcala.salesianos.edu\\\/colegio\\\/blog\\\/2020\\\/11\\\/04\\\/mas-plurales-mas-libres-mas-iguales\\\/\"]}]},{\"@type\":\"BreadcrumbList\",\"@id\":\"https:\\\/\\\/alcala.salesianos.edu\\\/colegio\\\/blog\\\/2020\\\/11\\\/04\\\/mas-plurales-mas-libres-mas-iguales\\\/#breadcrumb\",\"itemListElement\":[{\"@type\":\"ListItem\",\"position\":1,\"name\":\"Portada\",\"item\":\"https:\\\/\\\/alcala.salesianos.edu\\\/colegio\\\/\"},{\"@type\":\"ListItem\",\"position\":2,\"name\":\"M\u00e1s plurales, m\u00e1s libres, m\u00e1s iguales por la igualdad en la educaci\u00f3n\"}]},{\"@type\":\"WebSite\",\"@id\":\"https:\\\/\\\/alcala.salesianos.edu\\\/colegio\\\/#website\",\"url\":\"https:\\\/\\\/alcala.salesianos.edu\\\/colegio\\\/\",\"name\":\"Colegio Salesiano Alcal\u00e1\",\"description\":\"P\u00e1gina oficial de Salesianos Alcal\u00e1 de Guadaira\",\"potentialAction\":[{\"@type\":\"SearchAction\",\"target\":{\"@type\":\"EntryPoint\",\"urlTemplate\":\"https:\\\/\\\/alcala.salesianos.edu\\\/colegio\\\/?s={search_term_string}\"},\"query-input\":{\"@type\":\"PropertyValueSpecification\",\"valueRequired\":true,\"valueName\":\"search_term_string\"}}],\"inLanguage\":\"es\"},{\"@type\":\"Person\",\"@id\":\"https:\\\/\\\/alcala.salesianos.edu\\\/colegio\\\/#\\\/schema\\\/person\\\/afcc24f776dc91fc2bf9afb0998fca77\",\"name\":\"Administrador Web\",\"image\":{\"@type\":\"ImageObject\",\"inLanguage\":\"es\",\"@id\":\"https:\\\/\\\/secure.gravatar.com\\\/avatar\\\/bc157e994689bd6da9645c00aa3bc4d55b727915b6652642660db0aef086585f?s=96&d=mm&r=g\",\"url\":\"https:\\\/\\\/secure.gravatar.com\\\/avatar\\\/bc157e994689bd6da9645c00aa3bc4d55b727915b6652642660db0aef086585f?s=96&d=mm&r=g\",\"contentUrl\":\"https:\\\/\\\/secure.gravatar.com\\\/avatar\\\/bc157e994689bd6da9645c00aa3bc4d55b727915b6652642660db0aef086585f?s=96&d=mm&r=g\",\"caption\":\"Administrador Web\"}}]}<\/script>\n<!-- \/ Yoast SEO plugin. -->","yoast_head_json":{"title":"M\u00e1s plurales, m\u00e1s libres, m\u00e1s iguales por la igualdad en la educaci\u00f3n - Colegio Salesiano Alcal\u00e1","robots":{"index":"index","follow":"follow","max-snippet":"max-snippet:-1","max-image-preview":"max-image-preview:large","max-video-preview":"max-video-preview:-1"},"canonical":"https:\/\/alcala.salesianos.edu\/colegio\/blog\/2020\/11\/04\/mas-plurales-mas-libres-mas-iguales\/","og_locale":"es_ES","og_type":"article","og_title":"M\u00e1s plurales, m\u00e1s libres, m\u00e1s iguales por la igualdad en la educaci\u00f3n - Colegio Salesiano Alcal\u00e1","og_description":"Porque a todos -familias, centros, docentes y alumnos- nos une el mismo objetivo: un sistema educativo de calidad que contribuya a una sociedad mejor. Por un modelo heterog\u00e9neo, plural e inclusivo.","og_url":"https:\/\/alcala.salesianos.edu\/colegio\/blog\/2020\/11\/04\/mas-plurales-mas-libres-mas-iguales\/","og_site_name":"Colegio Salesiano Alcal\u00e1","article_published_time":"2020-11-04T19:34:13+00:00","article_modified_time":"2025-08-27T07:50:58+00:00","author":"Administrador Web","twitter_card":"summary_large_image","twitter_misc":{"Escrito por":"Administrador Web","Tiempo de lectura":"6 minutos"},"schema":{"@context":"https:\/\/schema.org","@graph":[{"@type":"Article","@id":"https:\/\/alcala.salesianos.edu\/colegio\/blog\/2020\/11\/04\/mas-plurales-mas-libres-mas-iguales\/#article","isPartOf":{"@id":"https:\/\/alcala.salesianos.edu\/colegio\/blog\/2020\/11\/04\/mas-plurales-mas-libres-mas-iguales\/"},"author":{"name":"Administrador Web","@id":"https:\/\/alcala.salesianos.edu\/colegio\/#\/schema\/person\/afcc24f776dc91fc2bf9afb0998fca77"},"headline":"M\u00e1s plurales, m\u00e1s libres, m\u00e1s iguales por la igualdad en la educaci\u00f3n","datePublished":"2020-11-04T19:34:13+00:00","dateModified":"2025-08-27T07:50:58+00:00","mainEntityOfPage":{"@id":"https:\/\/alcala.salesianos.edu\/colegio\/blog\/2020\/11\/04\/mas-plurales-mas-libres-mas-iguales\/"},"wordCount":1161,"articleSection":["Uncategorized"],"inLanguage":"es"},{"@type":"WebPage","@id":"https:\/\/alcala.salesianos.edu\/colegio\/blog\/2020\/11\/04\/mas-plurales-mas-libres-mas-iguales\/","url":"https:\/\/alcala.salesianos.edu\/colegio\/blog\/2020\/11\/04\/mas-plurales-mas-libres-mas-iguales\/","name":"M\u00e1s plurales, m\u00e1s libres, m\u00e1s iguales por la igualdad en la educaci\u00f3n - Colegio Salesiano Alcal\u00e1","isPartOf":{"@id":"https:\/\/alcala.salesianos.edu\/colegio\/#website"},"datePublished":"2020-11-04T19:34:13+00:00","dateModified":"2025-08-27T07:50:58+00:00","author":{"@id":"https:\/\/alcala.salesianos.edu\/colegio\/#\/schema\/person\/afcc24f776dc91fc2bf9afb0998fca77"},"breadcrumb":{"@id":"https:\/\/alcala.salesianos.edu\/colegio\/blog\/2020\/11\/04\/mas-plurales-mas-libres-mas-iguales\/#breadcrumb"},"inLanguage":"es","potentialAction":[{"@type":"ReadAction","target":["https:\/\/alcala.salesianos.edu\/colegio\/blog\/2020\/11\/04\/mas-plurales-mas-libres-mas-iguales\/"]}]},{"@type":"BreadcrumbList","@id":"https:\/\/alcala.salesianos.edu\/colegio\/blog\/2020\/11\/04\/mas-plurales-mas-libres-mas-iguales\/#breadcrumb","itemListElement":[{"@type":"ListItem","position":1,"name":"Portada","item":"https:\/\/alcala.salesianos.edu\/colegio\/"},{"@type":"ListItem","position":2,"name":"M\u00e1s plurales, m\u00e1s libres, m\u00e1s iguales por la igualdad en la educaci\u00f3n"}]},{"@type":"WebSite","@id":"https:\/\/alcala.salesianos.edu\/colegio\/#website","url":"https:\/\/alcala.salesianos.edu\/colegio\/","name":"Colegio Salesiano Alcal\u00e1","description":"P\u00e1gina oficial de Salesianos Alcal\u00e1 de Guadaira","potentialAction":[{"@type":"SearchAction","target":{"@type":"EntryPoint","urlTemplate":"https:\/\/alcala.salesianos.edu\/colegio\/?s={search_term_string}"},"query-input":{"@type":"PropertyValueSpecification","valueRequired":true,"valueName":"search_term_string"}}],"inLanguage":"es"},{"@type":"Person","@id":"https:\/\/alcala.salesianos.edu\/colegio\/#\/schema\/person\/afcc24f776dc91fc2bf9afb0998fca77","name":"Administrador Web","image":{"@type":"ImageObject","inLanguage":"es","@id":"https:\/\/secure.gravatar.com\/avatar\/bc157e994689bd6da9645c00aa3bc4d55b727915b6652642660db0aef086585f?s=96&d=mm&r=g","url":"https:\/\/secure.gravatar.com\/avatar\/bc157e994689bd6da9645c00aa3bc4d55b727915b6652642660db0aef086585f?s=96&d=mm&r=g","contentUrl":"https:\/\/secure.gravatar.com\/avatar\/bc157e994689bd6da9645c00aa3bc4d55b727915b6652642660db0aef086585f?s=96&d=mm&r=g","caption":"Administrador Web"}}]}},"_links":{"self":[{"href":"https:\/\/alcala.salesianos.edu\/colegio\/wp-json\/wp\/v2\/posts\/13183","targetHints":{"allow":["GET"]}}],"collection":[{"href":"https:\/\/alcala.salesianos.edu\/colegio\/wp-json\/wp\/v2\/posts"}],"about":[{"href":"https:\/\/alcala.salesianos.edu\/colegio\/wp-json\/wp\/v2\/types\/post"}],"author":[{"embeddable":true,"href":"https:\/\/alcala.salesianos.edu\/colegio\/wp-json\/wp\/v2\/users\/2"}],"replies":[{"embeddable":true,"href":"https:\/\/alcala.salesianos.edu\/colegio\/wp-json\/wp\/v2\/comments?post=13183"}],"version-history":[{"count":2,"href":"https:\/\/alcala.salesianos.edu\/colegio\/wp-json\/wp\/v2\/posts\/13183\/revisions"}],"predecessor-version":[{"id":13223,"href":"https:\/\/alcala.salesianos.edu\/colegio\/wp-json\/wp\/v2\/posts\/13183\/revisions\/13223"}],"wp:attachment":[{"href":"https:\/\/alcala.salesianos.edu\/colegio\/wp-json\/wp\/v2\/media?parent=13183"}],"wp:term":[{"taxonomy":"category","embeddable":true,"href":"https:\/\/alcala.salesianos.edu\/colegio\/wp-json\/wp\/v2\/categories?post=13183"},{"taxonomy":"post_tag","embeddable":true,"href":"https:\/\/alcala.salesianos.edu\/colegio\/wp-json\/wp\/v2\/tags?post=13183"}],"curies":[{"name":"wp","href":"https:\/\/api.w.org\/{rel}","templated":true}]}}