{"id":13093,"date":"2020-10-26T11:32:25","date_gmt":"2020-10-26T10:32:25","guid":{"rendered":"https:\/\/alcala.salesianos.edu\/colegio\/blog\/2020\/10\/26\/presentacion-de-los-proyectos-de-la-familia-salesiana\/"},"modified":"2025-08-27T08:51:04","modified_gmt":"2025-08-27T07:51:04","slug":"presentacion-de-los-proyectos-de-la-familia-salesiana","status":"publish","type":"post","link":"https:\/\/alcala.salesianos.edu\/colegio\/blog\/2020\/10\/26\/presentacion-de-los-proyectos-de-la-familia-salesiana\/","title":{"rendered":"Presentaci\u00f3n de los proyectos de la Familia Salesiana"},"content":{"rendered":"<div id=\"fb-root\"><\/div>\n<p>[et_pb_section fb_built=\u00bb1&#8243; _builder_version=\u00bb4.5.8&#8243; _module_preset=\u00bbdefault\u00bb][et_pb_row _builder_version=\u00bb4.5.8&#8243; _module_preset=\u00bbdefault\u00bb][et_pb_column _builder_version=\u00bb4.5.8&#8243; _module_preset=\u00bbdefault\u00bb type=\u00bb4_4&#8243;][et_pb_text _builder_version=\u00bb4.5.8&#8243; _module_preset=\u00bbdefault\u00bb hover_enabled=\u00bb0&#8243;]<\/p>\n<p>Como cada veinticuatro de cada mes la Familia Salesiana de nuestra Casa se re\u00fane en torno al altar para celebrar la eucarist\u00eda en conmemoraci\u00f3n a Mar\u00eda Auxiliadora Coronada.<\/p>\n<p>&nbsp;<\/p>\n<p>Este mes de octubre, como viene siendo tradicional, cada grupo que forma la Familia \u00a0Salesiana entreg\u00f3 sus proyectos con los que trabajar\u00e1n en este curso pastoral, orientados por la campa\u00f1a vocacional \u201cSomos Uno\u201d que trabaja toda la Inspector\u00eda.<\/p>\n<p>&nbsp;<\/p>\n<p>En dichos proyectos est\u00e1n recogidos todas los objetivos y acciones que desarrollar\u00e1n este a\u00f1o para poder alcanzar las metas propuestas en el Consejo de la Obra, siempre orientados al desarrollo de los j\u00f3venes de nuestra localidad, especialmente los m\u00e1s desfavorecidos.<\/p>\n<p>&nbsp;<\/p>\n<p>\u201cEn la Familia Salesiana tenemos, por voluntad del Fundador, responsabilidades peculiares: mantener la unidad de esp\u00edritu y estimular el di\u00e1logo y la colaboraci\u00f3n fraterna para un enriquecimiento rec\u00edproco y una mayor fecundidad apost\u00f3lica.\u201d (Const. 5).<\/p>\n<p>[\/et_pb_text][\/et_pb_column][\/et_pb_row][\/et_pb_section]<\/p>\n","protected":false},"excerpt":{"rendered":"<p>Cada grupo que forma la Familia \u00a0Salesiana entreg\u00f3 sus proyectos con los que trabajar\u00e1n en este curso pastoral, orientados por la campa\u00f1a vocacional \u201cSomos Uno\u201d que trabaja toda la Inspector\u00eda.<\/p>\n","protected":false},"author":2,"featured_media":13094,"comment_status":"closed","ping_status":"open","sticky":false,"template":"","format":"standard","meta":{"_et_pb_use_builder":"on","_et_pb_old_content":"","_et_gb_content_width":"","footnotes":""},"categories":[12,23,19,13,17,14,15,18,16,1],"tags":[],"class_list":["post-13093","post","type-post","status-publish","format-standard","has-post-thumbnail","hentry","category-colegio","category-covid","category-escuela-abierta","category-fasa","category-infantil","category-pastoral","category-portada","category-primaria","category-secundaria","category-uncategorized"],"yoast_head":"<!-- This site is optimized with the Yoast SEO plugin v28.4 - https:\/\/yoast.com\/product\/yoast-seo-wordpress\/ -->\n<title>Presentaci\u00f3n de los proyectos de la Familia Salesiana - Colegio Salesiano Alcal\u00e1<\/title>\n<meta name=\"robots\" content=\"index, follow, max-snippet:-1, max-image-preview:large, max-video-preview:-1\" \/>\n<link rel=\"canonical\" href=\"https:\/\/alcala.salesianos.edu\/colegio\/blog\/2020\/10\/26\/presentacion-de-los-proyectos-de-la-familia-salesiana\/\" \/>\n<meta property=\"og:locale\" content=\"es_ES\" \/>\n<meta property=\"og:type\" content=\"article\" \/>\n<meta property=\"og:title\" content=\"Presentaci\u00f3n de los proyectos de la Familia Salesiana - Colegio Salesiano Alcal\u00e1\" \/>\n<meta property=\"og:description\" content=\"Cada grupo que forma la Familia \u00a0Salesiana entreg\u00f3 sus proyectos con los que trabajar\u00e1n en este curso pastoral, orientados por la campa\u00f1a vocacional \u201cSomos Uno\u201d que trabaja toda la Inspector\u00eda.\" \/>\n<meta property=\"og:url\" content=\"https:\/\/alcala.salesianos.edu\/colegio\/blog\/2020\/10\/26\/presentacion-de-los-proyectos-de-la-familia-salesiana\/\" \/>\n<meta property=\"og:site_name\" content=\"Colegio Salesiano Alcal\u00e1\" \/>\n<meta property=\"article:published_time\" content=\"2020-10-26T10:32:25+00:00\" \/>\n<meta property=\"article:modified_time\" content=\"2025-08-27T07:51:04+00:00\" \/>\n<meta property=\"og:image\" content=\"https:\/\/alcala.salesianos.edu\/colegio\/wp-content\/uploads\/sites\/2\/2020\/10\/WhatsApp-Image-2020-10-26-at-08.23.17.jpeg\" \/>\n\t<meta property=\"og:image:width\" content=\"957\" \/>\n\t<meta property=\"og:image:height\" content=\"1263\" \/>\n\t<meta property=\"og:image:type\" content=\"image\/jpeg\" \/>\n<meta name=\"author\" content=\"Administrador Web\" \/>\n<meta name=\"twitter:card\" content=\"summary_large_image\" \/>\n<meta name=\"twitter:label1\" content=\"Escrito por\" \/>\n\t<meta name=\"twitter:data1\" content=\"Administrador Web\" \/>\n\t<meta name=\"twitter:label2\" content=\"Tiempo de lectura\" \/>\n\t<meta name=\"twitter:data2\" content=\"1 minuto\" \/>\n<script type=\"application\/ld+json\" class=\"yoast-schema-graph\">{\"@context\":\"https:\\\/\\\/schema.org\",\"@graph\":[{\"@type\":\"Article\",\"@id\":\"https:\\\/\\\/alcala.salesianos.edu\\\/colegio\\\/blog\\\/2020\\\/10\\\/26\\\/presentacion-de-los-proyectos-de-la-familia-salesiana\\\/#article\",\"isPartOf\":{\"@id\":\"https:\\\/\\\/alcala.salesianos.edu\\\/colegio\\\/blog\\\/2020\\\/10\\\/26\\\/presentacion-de-los-proyectos-de-la-familia-salesiana\\\/\"},\"author\":{\"name\":\"Administrador Web\",\"@id\":\"https:\\\/\\\/alcala.salesianos.edu\\\/colegio\\\/#\\\/schema\\\/person\\\/afcc24f776dc91fc2bf9afb0998fca77\"},\"headline\":\"Presentaci\u00f3n de los proyectos de la Familia Salesiana\",\"datePublished\":\"2020-10-26T10:32:25+00:00\",\"dateModified\":\"2025-08-27T07:51:04+00:00\",\"mainEntityOfPage\":{\"@id\":\"https:\\\/\\\/alcala.salesianos.edu\\\/colegio\\\/blog\\\/2020\\\/10\\\/26\\\/presentacion-de-los-proyectos-de-la-familia-salesiana\\\/\"},\"wordCount\":218,\"image\":{\"@id\":\"https:\\\/\\\/alcala.salesianos.edu\\\/colegio\\\/blog\\\/2020\\\/10\\\/26\\\/presentacion-de-los-proyectos-de-la-familia-salesiana\\\/#primaryimage\"},\"thumbnailUrl\":\"https:\\\/\\\/alcala.salesianos.edu\\\/colegio\\\/wp-content\\\/uploads\\\/sites\\\/2\\\/2020\\\/10\\\/WhatsApp-Image-2020-10-26-at-08.23.17.jpeg\",\"articleSection\":[\"Colegio\",\"covid\",\"Escuela abierta\",\"FASA\",\"Infantil\",\"Pastoral\",\"Portada\",\"Primaria\",\"Secundaria\",\"Uncategorized\"],\"inLanguage\":\"es\"},{\"@type\":\"WebPage\",\"@id\":\"https:\\\/\\\/alcala.salesianos.edu\\\/colegio\\\/blog\\\/2020\\\/10\\\/26\\\/presentacion-de-los-proyectos-de-la-familia-salesiana\\\/\",\"url\":\"https:\\\/\\\/alcala.salesianos.edu\\\/colegio\\\/blog\\\/2020\\\/10\\\/26\\\/presentacion-de-los-proyectos-de-la-familia-salesiana\\\/\",\"name\":\"Presentaci\u00f3n de los proyectos de la Familia Salesiana - Colegio Salesiano Alcal\u00e1\",\"isPartOf\":{\"@id\":\"https:\\\/\\\/alcala.salesianos.edu\\\/colegio\\\/#website\"},\"primaryImageOfPage\":{\"@id\":\"https:\\\/\\\/alcala.salesianos.edu\\\/colegio\\\/blog\\\/2020\\\/10\\\/26\\\/presentacion-de-los-proyectos-de-la-familia-salesiana\\\/#primaryimage\"},\"image\":{\"@id\":\"https:\\\/\\\/alcala.salesianos.edu\\\/colegio\\\/blog\\\/2020\\\/10\\\/26\\\/presentacion-de-los-proyectos-de-la-familia-salesiana\\\/#primaryimage\"},\"thumbnailUrl\":\"https:\\\/\\\/alcala.salesianos.edu\\\/colegio\\\/wp-content\\\/uploads\\\/sites\\\/2\\\/2020\\\/10\\\/WhatsApp-Image-2020-10-26-at-08.23.17.jpeg\",\"datePublished\":\"2020-10-26T10:32:25+00:00\",\"dateModified\":\"2025-08-27T07:51:04+00:00\",\"author\":{\"@id\":\"https:\\\/\\\/alcala.salesianos.edu\\\/colegio\\\/#\\\/schema\\\/person\\\/afcc24f776dc91fc2bf9afb0998fca77\"},\"breadcrumb\":{\"@id\":\"https:\\\/\\\/alcala.salesianos.edu\\\/colegio\\\/blog\\\/2020\\\/10\\\/26\\\/presentacion-de-los-proyectos-de-la-familia-salesiana\\\/#breadcrumb\"},\"inLanguage\":\"es\",\"potentialAction\":[{\"@type\":\"ReadAction\",\"target\":[\"https:\\\/\\\/alcala.salesianos.edu\\\/colegio\\\/blog\\\/2020\\\/10\\\/26\\\/presentacion-de-los-proyectos-de-la-familia-salesiana\\\/\"]}]},{\"@type\":\"ImageObject\",\"inLanguage\":\"es\",\"@id\":\"https:\\\/\\\/alcala.salesianos.edu\\\/colegio\\\/blog\\\/2020\\\/10\\\/26\\\/presentacion-de-los-proyectos-de-la-familia-salesiana\\\/#primaryimage\",\"url\":\"https:\\\/\\\/alcala.salesianos.edu\\\/colegio\\\/wp-content\\\/uploads\\\/sites\\\/2\\\/2020\\\/10\\\/WhatsApp-Image-2020-10-26-at-08.23.17.jpeg\",\"contentUrl\":\"https:\\\/\\\/alcala.salesianos.edu\\\/colegio\\\/wp-content\\\/uploads\\\/sites\\\/2\\\/2020\\\/10\\\/WhatsApp-Image-2020-10-26-at-08.23.17.jpeg\",\"width\":957,\"height\":1263},{\"@type\":\"BreadcrumbList\",\"@id\":\"https:\\\/\\\/alcala.salesianos.edu\\\/colegio\\\/blog\\\/2020\\\/10\\\/26\\\/presentacion-de-los-proyectos-de-la-familia-salesiana\\\/#breadcrumb\",\"itemListElement\":[{\"@type\":\"ListItem\",\"position\":1,\"name\":\"Portada\",\"item\":\"https:\\\/\\\/alcala.salesianos.edu\\\/colegio\\\/\"},{\"@type\":\"ListItem\",\"position\":2,\"name\":\"Presentaci\u00f3n de los proyectos de la Familia Salesiana\"}]},{\"@type\":\"WebSite\",\"@id\":\"https:\\\/\\\/alcala.salesianos.edu\\\/colegio\\\/#website\",\"url\":\"https:\\\/\\\/alcala.salesianos.edu\\\/colegio\\\/\",\"name\":\"Colegio Salesiano Alcal\u00e1\",\"description\":\"P\u00e1gina oficial de Salesianos Alcal\u00e1 de Guadaira\",\"potentialAction\":[{\"@type\":\"SearchAction\",\"target\":{\"@type\":\"EntryPoint\",\"urlTemplate\":\"https:\\\/\\\/alcala.salesianos.edu\\\/colegio\\\/?s={search_term_string}\"},\"query-input\":{\"@type\":\"PropertyValueSpecification\",\"valueRequired\":true,\"valueName\":\"search_term_string\"}}],\"inLanguage\":\"es\"},{\"@type\":\"Person\",\"@id\":\"https:\\\/\\\/alcala.salesianos.edu\\\/colegio\\\/#\\\/schema\\\/person\\\/afcc24f776dc91fc2bf9afb0998fca77\",\"name\":\"Administrador Web\",\"image\":{\"@type\":\"ImageObject\",\"inLanguage\":\"es\",\"@id\":\"https:\\\/\\\/secure.gravatar.com\\\/avatar\\\/bc157e994689bd6da9645c00aa3bc4d55b727915b6652642660db0aef086585f?s=96&d=mm&r=g\",\"url\":\"https:\\\/\\\/secure.gravatar.com\\\/avatar\\\/bc157e994689bd6da9645c00aa3bc4d55b727915b6652642660db0aef086585f?s=96&d=mm&r=g\",\"contentUrl\":\"https:\\\/\\\/secure.gravatar.com\\\/avatar\\\/bc157e994689bd6da9645c00aa3bc4d55b727915b6652642660db0aef086585f?s=96&d=mm&r=g\",\"caption\":\"Administrador Web\"}}]}<\/script>\n<!-- \/ Yoast SEO plugin. -->","yoast_head_json":{"title":"Presentaci\u00f3n de los proyectos de la Familia Salesiana - Colegio Salesiano Alcal\u00e1","robots":{"index":"index","follow":"follow","max-snippet":"max-snippet:-1","max-image-preview":"max-image-preview:large","max-video-preview":"max-video-preview:-1"},"canonical":"https:\/\/alcala.salesianos.edu\/colegio\/blog\/2020\/10\/26\/presentacion-de-los-proyectos-de-la-familia-salesiana\/","og_locale":"es_ES","og_type":"article","og_title":"Presentaci\u00f3n de los proyectos de la Familia Salesiana - Colegio Salesiano Alcal\u00e1","og_description":"Cada grupo que forma la Familia \u00a0Salesiana entreg\u00f3 sus proyectos con los que trabajar\u00e1n en este curso pastoral, orientados por la campa\u00f1a vocacional \u201cSomos Uno\u201d que trabaja toda la Inspector\u00eda.","og_url":"https:\/\/alcala.salesianos.edu\/colegio\/blog\/2020\/10\/26\/presentacion-de-los-proyectos-de-la-familia-salesiana\/","og_site_name":"Colegio Salesiano Alcal\u00e1","article_published_time":"2020-10-26T10:32:25+00:00","article_modified_time":"2025-08-27T07:51:04+00:00","og_image":[{"width":957,"height":1263,"url":"https:\/\/alcala.salesianos.edu\/colegio\/wp-content\/uploads\/sites\/2\/2020\/10\/WhatsApp-Image-2020-10-26-at-08.23.17.jpeg","type":"image\/jpeg"}],"author":"Administrador Web","twitter_card":"summary_large_image","twitter_misc":{"Escrito por":"Administrador Web","Tiempo de lectura":"1 minuto"},"schema":{"@context":"https:\/\/schema.org","@graph":[{"@type":"Article","@id":"https:\/\/alcala.salesianos.edu\/colegio\/blog\/2020\/10\/26\/presentacion-de-los-proyectos-de-la-familia-salesiana\/#article","isPartOf":{"@id":"https:\/\/alcala.salesianos.edu\/colegio\/blog\/2020\/10\/26\/presentacion-de-los-proyectos-de-la-familia-salesiana\/"},"author":{"name":"Administrador Web","@id":"https:\/\/alcala.salesianos.edu\/colegio\/#\/schema\/person\/afcc24f776dc91fc2bf9afb0998fca77"},"headline":"Presentaci\u00f3n de los proyectos de la Familia Salesiana","datePublished":"2020-10-26T10:32:25+00:00","dateModified":"2025-08-27T07:51:04+00:00","mainEntityOfPage":{"@id":"https:\/\/alcala.salesianos.edu\/colegio\/blog\/2020\/10\/26\/presentacion-de-los-proyectos-de-la-familia-salesiana\/"},"wordCount":218,"image":{"@id":"https:\/\/alcala.salesianos.edu\/colegio\/blog\/2020\/10\/26\/presentacion-de-los-proyectos-de-la-familia-salesiana\/#primaryimage"},"thumbnailUrl":"https:\/\/alcala.salesianos.edu\/colegio\/wp-content\/uploads\/sites\/2\/2020\/10\/WhatsApp-Image-2020-10-26-at-08.23.17.jpeg","articleSection":["Colegio","covid","Escuela abierta","FASA","Infantil","Pastoral","Portada","Primaria","Secundaria","Uncategorized"],"inLanguage":"es"},{"@type":"WebPage","@id":"https:\/\/alcala.salesianos.edu\/colegio\/blog\/2020\/10\/26\/presentacion-de-los-proyectos-de-la-familia-salesiana\/","url":"https:\/\/alcala.salesianos.edu\/colegio\/blog\/2020\/10\/26\/presentacion-de-los-proyectos-de-la-familia-salesiana\/","name":"Presentaci\u00f3n de los proyectos de la Familia Salesiana - Colegio Salesiano Alcal\u00e1","isPartOf":{"@id":"https:\/\/alcala.salesianos.edu\/colegio\/#website"},"primaryImageOfPage":{"@id":"https:\/\/alcala.salesianos.edu\/colegio\/blog\/2020\/10\/26\/presentacion-de-los-proyectos-de-la-familia-salesiana\/#primaryimage"},"image":{"@id":"https:\/\/alcala.salesianos.edu\/colegio\/blog\/2020\/10\/26\/presentacion-de-los-proyectos-de-la-familia-salesiana\/#primaryimage"},"thumbnailUrl":"https:\/\/alcala.salesianos.edu\/colegio\/wp-content\/uploads\/sites\/2\/2020\/10\/WhatsApp-Image-2020-10-26-at-08.23.17.jpeg","datePublished":"2020-10-26T10:32:25+00:00","dateModified":"2025-08-27T07:51:04+00:00","author":{"@id":"https:\/\/alcala.salesianos.edu\/colegio\/#\/schema\/person\/afcc24f776dc91fc2bf9afb0998fca77"},"breadcrumb":{"@id":"https:\/\/alcala.salesianos.edu\/colegio\/blog\/2020\/10\/26\/presentacion-de-los-proyectos-de-la-familia-salesiana\/#breadcrumb"},"inLanguage":"es","potentialAction":[{"@type":"ReadAction","target":["https:\/\/alcala.salesianos.edu\/colegio\/blog\/2020\/10\/26\/presentacion-de-los-proyectos-de-la-familia-salesiana\/"]}]},{"@type":"ImageObject","inLanguage":"es","@id":"https:\/\/alcala.salesianos.edu\/colegio\/blog\/2020\/10\/26\/presentacion-de-los-proyectos-de-la-familia-salesiana\/#primaryimage","url":"https:\/\/alcala.salesianos.edu\/colegio\/wp-content\/uploads\/sites\/2\/2020\/10\/WhatsApp-Image-2020-10-26-at-08.23.17.jpeg","contentUrl":"https:\/\/alcala.salesianos.edu\/colegio\/wp-content\/uploads\/sites\/2\/2020\/10\/WhatsApp-Image-2020-10-26-at-08.23.17.jpeg","width":957,"height":1263},{"@type":"BreadcrumbList","@id":"https:\/\/alcala.salesianos.edu\/colegio\/blog\/2020\/10\/26\/presentacion-de-los-proyectos-de-la-familia-salesiana\/#breadcrumb","itemListElement":[{"@type":"ListItem","position":1,"name":"Portada","item":"https:\/\/alcala.salesianos.edu\/colegio\/"},{"@type":"ListItem","position":2,"name":"Presentaci\u00f3n de los proyectos de la Familia Salesiana"}]},{"@type":"WebSite","@id":"https:\/\/alcala.salesianos.edu\/colegio\/#website","url":"https:\/\/alcala.salesianos.edu\/colegio\/","name":"Colegio Salesiano Alcal\u00e1","description":"P\u00e1gina oficial de Salesianos Alcal\u00e1 de Guadaira","potentialAction":[{"@type":"SearchAction","target":{"@type":"EntryPoint","urlTemplate":"https:\/\/alcala.salesianos.edu\/colegio\/?s={search_term_string}"},"query-input":{"@type":"PropertyValueSpecification","valueRequired":true,"valueName":"search_term_string"}}],"inLanguage":"es"},{"@type":"Person","@id":"https:\/\/alcala.salesianos.edu\/colegio\/#\/schema\/person\/afcc24f776dc91fc2bf9afb0998fca77","name":"Administrador Web","image":{"@type":"ImageObject","inLanguage":"es","@id":"https:\/\/secure.gravatar.com\/avatar\/bc157e994689bd6da9645c00aa3bc4d55b727915b6652642660db0aef086585f?s=96&d=mm&r=g","url":"https:\/\/secure.gravatar.com\/avatar\/bc157e994689bd6da9645c00aa3bc4d55b727915b6652642660db0aef086585f?s=96&d=mm&r=g","contentUrl":"https:\/\/secure.gravatar.com\/avatar\/bc157e994689bd6da9645c00aa3bc4d55b727915b6652642660db0aef086585f?s=96&d=mm&r=g","caption":"Administrador Web"}}]}},"_links":{"self":[{"href":"https:\/\/alcala.salesianos.edu\/colegio\/wp-json\/wp\/v2\/posts\/13093","targetHints":{"allow":["GET"]}}],"collection":[{"href":"https:\/\/alcala.salesianos.edu\/colegio\/wp-json\/wp\/v2\/posts"}],"about":[{"href":"https:\/\/alcala.salesianos.edu\/colegio\/wp-json\/wp\/v2\/types\/post"}],"author":[{"embeddable":true,"href":"https:\/\/alcala.salesianos.edu\/colegio\/wp-json\/wp\/v2\/users\/2"}],"replies":[{"embeddable":true,"href":"https:\/\/alcala.salesianos.edu\/colegio\/wp-json\/wp\/v2\/comments?post=13093"}],"version-history":[{"count":1,"href":"https:\/\/alcala.salesianos.edu\/colegio\/wp-json\/wp\/v2\/posts\/13093\/revisions"}],"predecessor-version":[{"id":16723,"href":"https:\/\/alcala.salesianos.edu\/colegio\/wp-json\/wp\/v2\/posts\/13093\/revisions\/16723"}],"wp:featuredmedia":[{"embeddable":true,"href":"https:\/\/alcala.salesianos.edu\/colegio\/wp-json\/wp\/v2\/media\/13094"}],"wp:attachment":[{"href":"https:\/\/alcala.salesianos.edu\/colegio\/wp-json\/wp\/v2\/media?parent=13093"}],"wp:term":[{"taxonomy":"category","embeddable":true,"href":"https:\/\/alcala.salesianos.edu\/colegio\/wp-json\/wp\/v2\/categories?post=13093"},{"taxonomy":"post_tag","embeddable":true,"href":"https:\/\/alcala.salesianos.edu\/colegio\/wp-json\/wp\/v2\/tags?post=13093"}],"curies":[{"name":"wp","href":"https:\/\/api.w.org\/{rel}","templated":true}]}}