{"id":13009,"date":"2020-10-22T08:19:55","date_gmt":"2020-10-22T07:19:55","guid":{"rendered":"https:\/\/alcala.salesianos.edu\/colegio\/blog\/2020\/10\/22\/la-comunicacion-salesiana-en-espana-avanza-en-el-plan-de-formacion-para-comunicar-en-tiempos-de-covid\/"},"modified":"2025-08-27T08:51:06","modified_gmt":"2025-08-27T07:51:06","slug":"la-comunicacion-salesiana-en-espana-avanza-en-el-plan-de-formacion-para-comunicar-en-tiempos-de-covid","status":"publish","type":"post","link":"https:\/\/alcala.salesianos.edu\/colegio\/blog\/2020\/10\/22\/la-comunicacion-salesiana-en-espana-avanza-en-el-plan-de-formacion-para-comunicar-en-tiempos-de-covid\/","title":{"rendered":"La comunicaci\u00f3n salesiana en Espa\u00f1a avanza en el plan de formaci\u00f3n para comunicar en tiempos de Covid"},"content":{"rendered":"<div id=\"fb-root\"><\/div>\n<p>[et_pb_section fb_built=\u00bb1&#8243; _builder_version=\u00bb4.5.8&#8243; _module_preset=\u00bbdefault\u00bb][et_pb_row _builder_version=\u00bb4.5.8&#8243; _module_preset=\u00bbdefault\u00bb][et_pb_column _builder_version=\u00bb4.5.8&#8243; _module_preset=\u00bbdefault\u00bb type=\u00bb4_4&#8243;][et_pb_text _builder_version=\u00bb4.5.8&#8243; _module_preset=\u00bbdefault\u00bb text_orientation=\u00bbjustified\u00bb hover_enabled=\u00bb0&#8243;]<\/p>\n<p style=\"text-align: left;\">M\u00e1s de 70 delegados locales de comunicaci\u00f3n de las presencias salesianas de Espa\u00f1a participaron durante la ma\u00f1ana del mi\u00e9rcoles 21 de octubre en la sesi\u00f3n formativa\u00a0<b>\u2018Dise\u00f1o de la estrategia y el plan de comunicaci\u00f3n. Comunicaci\u00f3n en tiempos de Covid\u2019<\/b>\u00a0con el objetivo de adaptar la comunicaci\u00f3n de las casas y entidades al nuevo contexto, tendiendo puentes y poniendo la comunicaci\u00f3n al servicio.<\/p>\n<p style=\"text-align: left;\">Entre los aspectos tratados se destac\u00f3 la importancia de un Plan de comunicaci\u00f3n desgranando los pasos a realizar para desarrollarlo, teniendo en cuenta los p\u00fablicos de las entidades salesianas o escuelas, los canales escogidos y poniendo especial inter\u00e9s en se\u00f1alar un objetivo general y concretar acciones espec\u00edficas, todo ello dentro de una planificaci\u00f3n temporal.<\/p>\n<p style=\"text-align: left;\">Tambi\u00e9n se habl\u00f3 de la relevancia de determinar un plan de contingencia y un plan en situaciones de crisis se\u00f1alando que \u201ca la hora de comunicar se debe asegurar que la informaci\u00f3n llega y es comprendida por toda la comunidad educativa\u201d. Se han se\u00f1alado cinco objetivos a los que conviene prestar especial atenci\u00f3n a la hora de comunicar ante un escenario como el actual contexto Covid-19.<\/p>\n<p style=\"text-align: left;\"><b>Caso pr\u00e1ctico: La comunicaci\u00f3n en Salesians Sabadell<\/b><\/p>\n<p style=\"text-align: left;\">Marta Cartiel, delegada local de comunicaci\u00f3n de Salesians Sabadell, present\u00f3 el Plan de Comunicaci\u00f3n de la escuela para los pr\u00f3ximos cuatro a\u00f1os mostrando los objetivos y acciones previstas para sus distintos p\u00fablicos que van desde las nuevas familias, hasta los antiguos alumnos, pasando por proveedores o medios de comunicaci\u00f3n. En su intervenci\u00f3n se\u00f1alaba \u201cla importancia de fidelizar a los p\u00fablicos\u201d.<\/p>\n<p style=\"text-align: left;\"><b>Itinerario formativo en comunicaci\u00f3n<\/b><\/p>\n<p style=\"text-align: left;\">Esta sesi\u00f3n formativa, coordinada por las delegaciones de Comunicaci\u00f3n de la Inspector\u00eda Mar\u00eda Auxiliadora y la Inspector\u00eda Santiago El Mayor, est\u00e1 inmersa en el Itinerario formativo en comunicaci\u00f3n propuesto para el curso 2020-21 que va en l\u00ednea con los objetivos inspectoriales, en los que se insist\u00eda en la posibilidad de\u00a0<b>adaptar una propuesta de itinerarios formativos en comunicaci\u00f3n ante el nuevo escenario digital y en la necesidad<\/b>\u00a0de\u00a0<b>avanzar en estrategias conjuntas de\u00a0comunicaci\u00f3n.<\/b><\/p>\n<p style=\"text-align: left;\">Las siguientes sesiones formativas previstas para este primer trimestre ser\u00e1n el 18 de noviembre y el 16 de diciembre y tratar\u00e1n los temas \u2018<b>\u00bfC\u00f3mo mejorar la identidad digital? (p\u00e1gina web, nociones b\u00e1sicas para una mejora del posicionamiento web y en redes sociales, programaci\u00f3n en redes\u2026)\u2019 y \u2018\u00bfCampa\u00f1as de puertas abiertas\/captaci\u00f3n? \u00bfQu\u00e9 elementos necesito?\u2019<\/b>\u00a0Todas\u00a0<b>las sesiones se desarrollan a trav\u00e9s de Google Meet\u00a0<\/b>y ser\u00e1n\u00a0<b>grabadas para ponerlas a disposici\u00f3n de todos los delegados de\u00a0comunicaci\u00f3n<\/b>.<\/p>\n<p>[\/et_pb_text][\/et_pb_column][\/et_pb_row][\/et_pb_section]<\/p>\n","protected":false},"excerpt":{"rendered":"<p>Comunicaci\u00f3n en tiempos de Covid con el objetivo de adaptar la comunicaci\u00f3n de las casas y entidades al nuevo contexto, tendiendo puentes y poniendo la comunicaci\u00f3n al servicio.<\/p>\n","protected":false},"author":2,"featured_media":0,"comment_status":"closed","ping_status":"open","sticky":false,"template":"","format":"standard","meta":{"_et_pb_use_builder":"on","_et_pb_old_content":"","_et_gb_content_width":"","footnotes":""},"categories":[12,23,13,17,14,15,18,16,1],"tags":[],"class_list":["post-13009","post","type-post","status-publish","format-standard","hentry","category-colegio","category-covid","category-fasa","category-infantil","category-pastoral","category-portada","category-primaria","category-secundaria","category-uncategorized"],"yoast_head":"<!-- This site is optimized with the Yoast SEO plugin v28.4 - https:\/\/yoast.com\/product\/yoast-seo-wordpress\/ -->\n<title>La comunicaci\u00f3n salesiana en Espa\u00f1a avanza en el plan de formaci\u00f3n para comunicar en tiempos de Covid - Colegio Salesiano Alcal\u00e1<\/title>\n<meta name=\"robots\" content=\"index, follow, max-snippet:-1, max-image-preview:large, max-video-preview:-1\" \/>\n<link rel=\"canonical\" href=\"https:\/\/alcala.salesianos.edu\/colegio\/blog\/2020\/10\/22\/la-comunicacion-salesiana-en-espana-avanza-en-el-plan-de-formacion-para-comunicar-en-tiempos-de-covid\/\" \/>\n<meta property=\"og:locale\" content=\"es_ES\" \/>\n<meta property=\"og:type\" content=\"article\" \/>\n<meta property=\"og:title\" content=\"La comunicaci\u00f3n salesiana en Espa\u00f1a avanza en el plan de formaci\u00f3n para comunicar en tiempos de Covid - Colegio Salesiano Alcal\u00e1\" \/>\n<meta property=\"og:description\" content=\"Comunicaci\u00f3n en tiempos de Covid con el objetivo de adaptar la comunicaci\u00f3n de las casas y entidades al nuevo contexto, tendiendo puentes y poniendo la comunicaci\u00f3n al servicio.\" \/>\n<meta property=\"og:url\" content=\"https:\/\/alcala.salesianos.edu\/colegio\/blog\/2020\/10\/22\/la-comunicacion-salesiana-en-espana-avanza-en-el-plan-de-formacion-para-comunicar-en-tiempos-de-covid\/\" \/>\n<meta property=\"og:site_name\" content=\"Colegio Salesiano Alcal\u00e1\" \/>\n<meta property=\"article:published_time\" content=\"2020-10-22T07:19:55+00:00\" \/>\n<meta property=\"article:modified_time\" content=\"2025-08-27T07:51:06+00:00\" \/>\n<meta name=\"author\" content=\"Administrador Web\" \/>\n<meta name=\"twitter:card\" content=\"summary_large_image\" \/>\n<meta name=\"twitter:label1\" content=\"Escrito por\" \/>\n\t<meta name=\"twitter:data1\" content=\"Administrador Web\" \/>\n\t<meta name=\"twitter:label2\" content=\"Tiempo de lectura\" \/>\n\t<meta name=\"twitter:data2\" content=\"3 minutos\" \/>\n<script type=\"application\/ld+json\" class=\"yoast-schema-graph\">{\"@context\":\"https:\\\/\\\/schema.org\",\"@graph\":[{\"@type\":\"Article\",\"@id\":\"https:\\\/\\\/alcala.salesianos.edu\\\/colegio\\\/blog\\\/2020\\\/10\\\/22\\\/la-comunicacion-salesiana-en-espana-avanza-en-el-plan-de-formacion-para-comunicar-en-tiempos-de-covid\\\/#article\",\"isPartOf\":{\"@id\":\"https:\\\/\\\/alcala.salesianos.edu\\\/colegio\\\/blog\\\/2020\\\/10\\\/22\\\/la-comunicacion-salesiana-en-espana-avanza-en-el-plan-de-formacion-para-comunicar-en-tiempos-de-covid\\\/\"},\"author\":{\"name\":\"Administrador Web\",\"@id\":\"https:\\\/\\\/alcala.salesianos.edu\\\/colegio\\\/#\\\/schema\\\/person\\\/afcc24f776dc91fc2bf9afb0998fca77\"},\"headline\":\"La comunicaci\u00f3n salesiana en Espa\u00f1a avanza en el plan de formaci\u00f3n para comunicar en tiempos de Covid\",\"datePublished\":\"2020-10-22T07:19:55+00:00\",\"dateModified\":\"2025-08-27T07:51:06+00:00\",\"mainEntityOfPage\":{\"@id\":\"https:\\\/\\\/alcala.salesianos.edu\\\/colegio\\\/blog\\\/2020\\\/10\\\/22\\\/la-comunicacion-salesiana-en-espana-avanza-en-el-plan-de-formacion-para-comunicar-en-tiempos-de-covid\\\/\"},\"wordCount\":529,\"articleSection\":[\"Colegio\",\"covid\",\"FASA\",\"Infantil\",\"Pastoral\",\"Portada\",\"Primaria\",\"Secundaria\",\"Uncategorized\"],\"inLanguage\":\"es\"},{\"@type\":\"WebPage\",\"@id\":\"https:\\\/\\\/alcala.salesianos.edu\\\/colegio\\\/blog\\\/2020\\\/10\\\/22\\\/la-comunicacion-salesiana-en-espana-avanza-en-el-plan-de-formacion-para-comunicar-en-tiempos-de-covid\\\/\",\"url\":\"https:\\\/\\\/alcala.salesianos.edu\\\/colegio\\\/blog\\\/2020\\\/10\\\/22\\\/la-comunicacion-salesiana-en-espana-avanza-en-el-plan-de-formacion-para-comunicar-en-tiempos-de-covid\\\/\",\"name\":\"La comunicaci\u00f3n salesiana en Espa\u00f1a avanza en el plan de formaci\u00f3n para comunicar en tiempos de Covid - Colegio Salesiano Alcal\u00e1\",\"isPartOf\":{\"@id\":\"https:\\\/\\\/alcala.salesianos.edu\\\/colegio\\\/#website\"},\"datePublished\":\"2020-10-22T07:19:55+00:00\",\"dateModified\":\"2025-08-27T07:51:06+00:00\",\"author\":{\"@id\":\"https:\\\/\\\/alcala.salesianos.edu\\\/colegio\\\/#\\\/schema\\\/person\\\/afcc24f776dc91fc2bf9afb0998fca77\"},\"breadcrumb\":{\"@id\":\"https:\\\/\\\/alcala.salesianos.edu\\\/colegio\\\/blog\\\/2020\\\/10\\\/22\\\/la-comunicacion-salesiana-en-espana-avanza-en-el-plan-de-formacion-para-comunicar-en-tiempos-de-covid\\\/#breadcrumb\"},\"inLanguage\":\"es\",\"potentialAction\":[{\"@type\":\"ReadAction\",\"target\":[\"https:\\\/\\\/alcala.salesianos.edu\\\/colegio\\\/blog\\\/2020\\\/10\\\/22\\\/la-comunicacion-salesiana-en-espana-avanza-en-el-plan-de-formacion-para-comunicar-en-tiempos-de-covid\\\/\"]}]},{\"@type\":\"BreadcrumbList\",\"@id\":\"https:\\\/\\\/alcala.salesianos.edu\\\/colegio\\\/blog\\\/2020\\\/10\\\/22\\\/la-comunicacion-salesiana-en-espana-avanza-en-el-plan-de-formacion-para-comunicar-en-tiempos-de-covid\\\/#breadcrumb\",\"itemListElement\":[{\"@type\":\"ListItem\",\"position\":1,\"name\":\"Portada\",\"item\":\"https:\\\/\\\/alcala.salesianos.edu\\\/colegio\\\/\"},{\"@type\":\"ListItem\",\"position\":2,\"name\":\"La comunicaci\u00f3n salesiana en Espa\u00f1a avanza en el plan de formaci\u00f3n para comunicar en tiempos de Covid\"}]},{\"@type\":\"WebSite\",\"@id\":\"https:\\\/\\\/alcala.salesianos.edu\\\/colegio\\\/#website\",\"url\":\"https:\\\/\\\/alcala.salesianos.edu\\\/colegio\\\/\",\"name\":\"Colegio Salesiano Alcal\u00e1\",\"description\":\"P\u00e1gina oficial de Salesianos Alcal\u00e1 de Guadaira\",\"potentialAction\":[{\"@type\":\"SearchAction\",\"target\":{\"@type\":\"EntryPoint\",\"urlTemplate\":\"https:\\\/\\\/alcala.salesianos.edu\\\/colegio\\\/?s={search_term_string}\"},\"query-input\":{\"@type\":\"PropertyValueSpecification\",\"valueRequired\":true,\"valueName\":\"search_term_string\"}}],\"inLanguage\":\"es\"},{\"@type\":\"Person\",\"@id\":\"https:\\\/\\\/alcala.salesianos.edu\\\/colegio\\\/#\\\/schema\\\/person\\\/afcc24f776dc91fc2bf9afb0998fca77\",\"name\":\"Administrador Web\",\"image\":{\"@type\":\"ImageObject\",\"inLanguage\":\"es\",\"@id\":\"https:\\\/\\\/secure.gravatar.com\\\/avatar\\\/bc157e994689bd6da9645c00aa3bc4d55b727915b6652642660db0aef086585f?s=96&d=mm&r=g\",\"url\":\"https:\\\/\\\/secure.gravatar.com\\\/avatar\\\/bc157e994689bd6da9645c00aa3bc4d55b727915b6652642660db0aef086585f?s=96&d=mm&r=g\",\"contentUrl\":\"https:\\\/\\\/secure.gravatar.com\\\/avatar\\\/bc157e994689bd6da9645c00aa3bc4d55b727915b6652642660db0aef086585f?s=96&d=mm&r=g\",\"caption\":\"Administrador Web\"}}]}<\/script>\n<!-- \/ Yoast SEO plugin. -->","yoast_head_json":{"title":"La comunicaci\u00f3n salesiana en Espa\u00f1a avanza en el plan de formaci\u00f3n para comunicar en tiempos de Covid - Colegio Salesiano Alcal\u00e1","robots":{"index":"index","follow":"follow","max-snippet":"max-snippet:-1","max-image-preview":"max-image-preview:large","max-video-preview":"max-video-preview:-1"},"canonical":"https:\/\/alcala.salesianos.edu\/colegio\/blog\/2020\/10\/22\/la-comunicacion-salesiana-en-espana-avanza-en-el-plan-de-formacion-para-comunicar-en-tiempos-de-covid\/","og_locale":"es_ES","og_type":"article","og_title":"La comunicaci\u00f3n salesiana en Espa\u00f1a avanza en el plan de formaci\u00f3n para comunicar en tiempos de Covid - Colegio Salesiano Alcal\u00e1","og_description":"Comunicaci\u00f3n en tiempos de Covid con el objetivo de adaptar la comunicaci\u00f3n de las casas y entidades al nuevo contexto, tendiendo puentes y poniendo la comunicaci\u00f3n al servicio.","og_url":"https:\/\/alcala.salesianos.edu\/colegio\/blog\/2020\/10\/22\/la-comunicacion-salesiana-en-espana-avanza-en-el-plan-de-formacion-para-comunicar-en-tiempos-de-covid\/","og_site_name":"Colegio Salesiano Alcal\u00e1","article_published_time":"2020-10-22T07:19:55+00:00","article_modified_time":"2025-08-27T07:51:06+00:00","author":"Administrador Web","twitter_card":"summary_large_image","twitter_misc":{"Escrito por":"Administrador Web","Tiempo de lectura":"3 minutos"},"schema":{"@context":"https:\/\/schema.org","@graph":[{"@type":"Article","@id":"https:\/\/alcala.salesianos.edu\/colegio\/blog\/2020\/10\/22\/la-comunicacion-salesiana-en-espana-avanza-en-el-plan-de-formacion-para-comunicar-en-tiempos-de-covid\/#article","isPartOf":{"@id":"https:\/\/alcala.salesianos.edu\/colegio\/blog\/2020\/10\/22\/la-comunicacion-salesiana-en-espana-avanza-en-el-plan-de-formacion-para-comunicar-en-tiempos-de-covid\/"},"author":{"name":"Administrador Web","@id":"https:\/\/alcala.salesianos.edu\/colegio\/#\/schema\/person\/afcc24f776dc91fc2bf9afb0998fca77"},"headline":"La comunicaci\u00f3n salesiana en Espa\u00f1a avanza en el plan de formaci\u00f3n para comunicar en tiempos de Covid","datePublished":"2020-10-22T07:19:55+00:00","dateModified":"2025-08-27T07:51:06+00:00","mainEntityOfPage":{"@id":"https:\/\/alcala.salesianos.edu\/colegio\/blog\/2020\/10\/22\/la-comunicacion-salesiana-en-espana-avanza-en-el-plan-de-formacion-para-comunicar-en-tiempos-de-covid\/"},"wordCount":529,"articleSection":["Colegio","covid","FASA","Infantil","Pastoral","Portada","Primaria","Secundaria","Uncategorized"],"inLanguage":"es"},{"@type":"WebPage","@id":"https:\/\/alcala.salesianos.edu\/colegio\/blog\/2020\/10\/22\/la-comunicacion-salesiana-en-espana-avanza-en-el-plan-de-formacion-para-comunicar-en-tiempos-de-covid\/","url":"https:\/\/alcala.salesianos.edu\/colegio\/blog\/2020\/10\/22\/la-comunicacion-salesiana-en-espana-avanza-en-el-plan-de-formacion-para-comunicar-en-tiempos-de-covid\/","name":"La comunicaci\u00f3n salesiana en Espa\u00f1a avanza en el plan de formaci\u00f3n para comunicar en tiempos de Covid - Colegio Salesiano Alcal\u00e1","isPartOf":{"@id":"https:\/\/alcala.salesianos.edu\/colegio\/#website"},"datePublished":"2020-10-22T07:19:55+00:00","dateModified":"2025-08-27T07:51:06+00:00","author":{"@id":"https:\/\/alcala.salesianos.edu\/colegio\/#\/schema\/person\/afcc24f776dc91fc2bf9afb0998fca77"},"breadcrumb":{"@id":"https:\/\/alcala.salesianos.edu\/colegio\/blog\/2020\/10\/22\/la-comunicacion-salesiana-en-espana-avanza-en-el-plan-de-formacion-para-comunicar-en-tiempos-de-covid\/#breadcrumb"},"inLanguage":"es","potentialAction":[{"@type":"ReadAction","target":["https:\/\/alcala.salesianos.edu\/colegio\/blog\/2020\/10\/22\/la-comunicacion-salesiana-en-espana-avanza-en-el-plan-de-formacion-para-comunicar-en-tiempos-de-covid\/"]}]},{"@type":"BreadcrumbList","@id":"https:\/\/alcala.salesianos.edu\/colegio\/blog\/2020\/10\/22\/la-comunicacion-salesiana-en-espana-avanza-en-el-plan-de-formacion-para-comunicar-en-tiempos-de-covid\/#breadcrumb","itemListElement":[{"@type":"ListItem","position":1,"name":"Portada","item":"https:\/\/alcala.salesianos.edu\/colegio\/"},{"@type":"ListItem","position":2,"name":"La comunicaci\u00f3n salesiana en Espa\u00f1a avanza en el plan de formaci\u00f3n para comunicar en tiempos de Covid"}]},{"@type":"WebSite","@id":"https:\/\/alcala.salesianos.edu\/colegio\/#website","url":"https:\/\/alcala.salesianos.edu\/colegio\/","name":"Colegio Salesiano Alcal\u00e1","description":"P\u00e1gina oficial de Salesianos Alcal\u00e1 de Guadaira","potentialAction":[{"@type":"SearchAction","target":{"@type":"EntryPoint","urlTemplate":"https:\/\/alcala.salesianos.edu\/colegio\/?s={search_term_string}"},"query-input":{"@type":"PropertyValueSpecification","valueRequired":true,"valueName":"search_term_string"}}],"inLanguage":"es"},{"@type":"Person","@id":"https:\/\/alcala.salesianos.edu\/colegio\/#\/schema\/person\/afcc24f776dc91fc2bf9afb0998fca77","name":"Administrador Web","image":{"@type":"ImageObject","inLanguage":"es","@id":"https:\/\/secure.gravatar.com\/avatar\/bc157e994689bd6da9645c00aa3bc4d55b727915b6652642660db0aef086585f?s=96&d=mm&r=g","url":"https:\/\/secure.gravatar.com\/avatar\/bc157e994689bd6da9645c00aa3bc4d55b727915b6652642660db0aef086585f?s=96&d=mm&r=g","contentUrl":"https:\/\/secure.gravatar.com\/avatar\/bc157e994689bd6da9645c00aa3bc4d55b727915b6652642660db0aef086585f?s=96&d=mm&r=g","caption":"Administrador Web"}}]}},"_links":{"self":[{"href":"https:\/\/alcala.salesianos.edu\/colegio\/wp-json\/wp\/v2\/posts\/13009","targetHints":{"allow":["GET"]}}],"collection":[{"href":"https:\/\/alcala.salesianos.edu\/colegio\/wp-json\/wp\/v2\/posts"}],"about":[{"href":"https:\/\/alcala.salesianos.edu\/colegio\/wp-json\/wp\/v2\/types\/post"}],"author":[{"embeddable":true,"href":"https:\/\/alcala.salesianos.edu\/colegio\/wp-json\/wp\/v2\/users\/2"}],"replies":[{"embeddable":true,"href":"https:\/\/alcala.salesianos.edu\/colegio\/wp-json\/wp\/v2\/comments?post=13009"}],"version-history":[{"count":1,"href":"https:\/\/alcala.salesianos.edu\/colegio\/wp-json\/wp\/v2\/posts\/13009\/revisions"}],"predecessor-version":[{"id":16724,"href":"https:\/\/alcala.salesianos.edu\/colegio\/wp-json\/wp\/v2\/posts\/13009\/revisions\/16724"}],"wp:attachment":[{"href":"https:\/\/alcala.salesianos.edu\/colegio\/wp-json\/wp\/v2\/media?parent=13009"}],"wp:term":[{"taxonomy":"category","embeddable":true,"href":"https:\/\/alcala.salesianos.edu\/colegio\/wp-json\/wp\/v2\/categories?post=13009"},{"taxonomy":"post_tag","embeddable":true,"href":"https:\/\/alcala.salesianos.edu\/colegio\/wp-json\/wp\/v2\/tags?post=13009"}],"curies":[{"name":"wp","href":"https:\/\/api.w.org\/{rel}","templated":true}]}}