{"id":12999,"date":"2020-10-20T19:09:55","date_gmt":"2020-10-20T18:09:55","guid":{"rendered":"https:\/\/alcala.salesianos.edu\/colegio\/blog\/2020\/10\/20\/encuentro-de-nuestros-directores-con-la-alcaldesa-de-nuestra-ciudad\/"},"modified":"2025-08-27T08:51:07","modified_gmt":"2025-08-27T07:51:07","slug":"encuentro-de-nuestros-directores-con-la-alcaldesa-de-nuestra-ciudad","status":"publish","type":"post","link":"https:\/\/alcala.salesianos.edu\/colegio\/blog\/2020\/10\/20\/encuentro-de-nuestros-directores-con-la-alcaldesa-de-nuestra-ciudad\/","title":{"rendered":"Encuentro de nuestros directores con la alcaldesa de nuestra ciudad"},"content":{"rendered":"<div id=\"fb-root\"><\/div>\n<p>[et_pb_section fb_built=\u00bb1&#8243; _builder_version=\u00bb4.5.8&#8243; _module_preset=\u00bbdefault\u00bb][et_pb_row _builder_version=\u00bb4.5.8&#8243; _module_preset=\u00bbdefault\u00bb][et_pb_column type=\u00bb4_4&#8243; _builder_version=\u00bb4.5.8&#8243; _module_preset=\u00bbdefault\u00bb][et_pb_text _builder_version=\u00bb4.5.8&#8243; _module_preset=\u00bbdefault\u00bb]<\/p>\n<p style=\"text-align: justify;\">En la ma\u00f1ana del pasado lunes, nuestro Director Titular, Don Juan Manuel Melgar y nuestro Director de Centro, Don Fernando Carrasco, han mantenido una reuni\u00f3n con la Se\u00f1ora Alcaldesa Do\u00f1a Ana Isabel Jim\u00e9nez Contreras.<\/p>\n<p style=\"text-align: justify;\">\u00a0<\/p>\n<p style=\"text-align: justify;\">El objetivo de la reuni\u00f3n, ha sido el de establecer lazos de comunicaci\u00f3n conjunto, donde el Centro y la Casa de Alcal\u00e1, cuenten con la atenci\u00f3n y disposici\u00f3n del Ayuntamiento para desarrollar y fomentar proyecto por y para los j\u00f3venes de la ciudad.<\/p>\n<p style=\"text-align: justify;\">\u00a0<\/p>\n<p style=\"text-align: justify;\">Tambi\u00e9n hemos hecho saber a la Se\u00f1ora Alcaldesa que la Casa est\u00e1 a disposici\u00f3n del Ayuntamiento para hacerse part\u00edcipe en todas las iniciativas que se propongan desde las diferentes Delegaciones y estamentos p\u00fablicos.<\/p>\n<p style=\"text-align: justify;\">\u00a0<\/p>\n<p style=\"text-align: justify;\">Adem\u00e1s, el Director Titular de la Casa, Don Juan Manuel Melgar, ha querido compartir con la Alcald\u00eda <a href=\"https:\/\/alcala.salesianos.edu\/blog\/informacion-organizativa-del-curso-2021-2022\/\" target=\"_blank\" rel=\"noopener noreferrer\">la\u00a0suspensi\u00f3n de la comunidad religiosa<\/a> de Alcal\u00e1 de Guada\u00edra.<\/p>\n<p style=\"text-align: justify;\">Por \u00faltimo, Don Juan Manuel Melgar, ha hecho saber a la alcaldesa que <em>La presencia salesiana, as\u00ed como toda su actividad educativa, pastoral y el carisma de Don Bosco, seguir\u00e1n vigentes, desarroll\u00e1ndose y garantiz\u00e1ndose en la ciudad de Alcal\u00e1 de Guada\u00edra<\/em><\/p>\n<p><em>\u00a0<\/em><\/p>\n<p>&nbsp;<\/p>\n<p>&nbsp;<\/p>\n<p>&nbsp;<\/p>\n<p>[\/et_pb_text][\/et_pb_column][\/et_pb_row][\/et_pb_section]<\/p>\n","protected":false},"excerpt":{"rendered":"<p>El objetivo de la reuni\u00f3n, ha sido el de establecer lazos de comunicaci\u00f3n conjunto, donde el Centro y la Casa de Alcal\u00e1, cuenten con la atenci\u00f3n y disposici\u00f3n del Ayuntamiento para desarrollar y fomentar proyecto por y para los j\u00f3venes de la ciudad.<\/p>\n","protected":false},"author":2,"featured_media":0,"comment_status":"closed","ping_status":"open","sticky":false,"template":"","format":"standard","meta":{"_et_pb_use_builder":"on","_et_pb_old_content":"","_et_gb_content_width":"","footnotes":""},"categories":[12,23,13,17,14,15,18,16,1],"tags":[],"class_list":["post-12999","post","type-post","status-publish","format-standard","hentry","category-colegio","category-covid","category-fasa","category-infantil","category-pastoral","category-portada","category-primaria","category-secundaria","category-uncategorized"],"yoast_head":"<!-- This site is optimized with the Yoast SEO plugin v28.4 - https:\/\/yoast.com\/product\/yoast-seo-wordpress\/ -->\n<title>Encuentro de nuestros directores con la alcaldesa de nuestra ciudad - Colegio Salesiano Alcal\u00e1<\/title>\n<meta name=\"robots\" content=\"index, follow, max-snippet:-1, max-image-preview:large, max-video-preview:-1\" \/>\n<link rel=\"canonical\" href=\"https:\/\/alcala.salesianos.edu\/colegio\/blog\/2020\/10\/20\/encuentro-de-nuestros-directores-con-la-alcaldesa-de-nuestra-ciudad\/\" \/>\n<meta property=\"og:locale\" content=\"es_ES\" \/>\n<meta property=\"og:type\" content=\"article\" \/>\n<meta property=\"og:title\" content=\"Encuentro de nuestros directores con la alcaldesa de nuestra ciudad - Colegio Salesiano Alcal\u00e1\" \/>\n<meta property=\"og:description\" content=\"El objetivo de la reuni\u00f3n, ha sido el de establecer lazos de comunicaci\u00f3n conjunto, donde el Centro y la Casa de Alcal\u00e1, cuenten con la atenci\u00f3n y disposici\u00f3n del Ayuntamiento para desarrollar y fomentar proyecto por y para los j\u00f3venes de la ciudad.\" \/>\n<meta property=\"og:url\" content=\"https:\/\/alcala.salesianos.edu\/colegio\/blog\/2020\/10\/20\/encuentro-de-nuestros-directores-con-la-alcaldesa-de-nuestra-ciudad\/\" \/>\n<meta property=\"og:site_name\" content=\"Colegio Salesiano Alcal\u00e1\" \/>\n<meta property=\"article:published_time\" content=\"2020-10-20T18:09:55+00:00\" \/>\n<meta property=\"article:modified_time\" content=\"2025-08-27T07:51:07+00:00\" \/>\n<meta name=\"author\" content=\"Administrador Web\" \/>\n<meta name=\"twitter:card\" content=\"summary_large_image\" \/>\n<meta name=\"twitter:label1\" content=\"Escrito por\" \/>\n\t<meta name=\"twitter:data1\" content=\"Administrador Web\" \/>\n\t<meta name=\"twitter:label2\" content=\"Tiempo de lectura\" \/>\n\t<meta name=\"twitter:data2\" content=\"1 minuto\" \/>\n<script type=\"application\/ld+json\" class=\"yoast-schema-graph\">{\"@context\":\"https:\\\/\\\/schema.org\",\"@graph\":[{\"@type\":\"Article\",\"@id\":\"https:\\\/\\\/alcala.salesianos.edu\\\/colegio\\\/blog\\\/2020\\\/10\\\/20\\\/encuentro-de-nuestros-directores-con-la-alcaldesa-de-nuestra-ciudad\\\/#article\",\"isPartOf\":{\"@id\":\"https:\\\/\\\/alcala.salesianos.edu\\\/colegio\\\/blog\\\/2020\\\/10\\\/20\\\/encuentro-de-nuestros-directores-con-la-alcaldesa-de-nuestra-ciudad\\\/\"},\"author\":{\"name\":\"Administrador Web\",\"@id\":\"https:\\\/\\\/alcala.salesianos.edu\\\/colegio\\\/#\\\/schema\\\/person\\\/afcc24f776dc91fc2bf9afb0998fca77\"},\"headline\":\"Encuentro de nuestros directores con la alcaldesa de nuestra ciudad\",\"datePublished\":\"2020-10-20T18:09:55+00:00\",\"dateModified\":\"2025-08-27T07:51:07+00:00\",\"mainEntityOfPage\":{\"@id\":\"https:\\\/\\\/alcala.salesianos.edu\\\/colegio\\\/blog\\\/2020\\\/10\\\/20\\\/encuentro-de-nuestros-directores-con-la-alcaldesa-de-nuestra-ciudad\\\/\"},\"wordCount\":261,\"articleSection\":[\"Colegio\",\"covid\",\"FASA\",\"Infantil\",\"Pastoral\",\"Portada\",\"Primaria\",\"Secundaria\",\"Uncategorized\"],\"inLanguage\":\"es\"},{\"@type\":\"WebPage\",\"@id\":\"https:\\\/\\\/alcala.salesianos.edu\\\/colegio\\\/blog\\\/2020\\\/10\\\/20\\\/encuentro-de-nuestros-directores-con-la-alcaldesa-de-nuestra-ciudad\\\/\",\"url\":\"https:\\\/\\\/alcala.salesianos.edu\\\/colegio\\\/blog\\\/2020\\\/10\\\/20\\\/encuentro-de-nuestros-directores-con-la-alcaldesa-de-nuestra-ciudad\\\/\",\"name\":\"Encuentro de nuestros directores con la alcaldesa de nuestra ciudad - Colegio Salesiano Alcal\u00e1\",\"isPartOf\":{\"@id\":\"https:\\\/\\\/alcala.salesianos.edu\\\/colegio\\\/#website\"},\"datePublished\":\"2020-10-20T18:09:55+00:00\",\"dateModified\":\"2025-08-27T07:51:07+00:00\",\"author\":{\"@id\":\"https:\\\/\\\/alcala.salesianos.edu\\\/colegio\\\/#\\\/schema\\\/person\\\/afcc24f776dc91fc2bf9afb0998fca77\"},\"breadcrumb\":{\"@id\":\"https:\\\/\\\/alcala.salesianos.edu\\\/colegio\\\/blog\\\/2020\\\/10\\\/20\\\/encuentro-de-nuestros-directores-con-la-alcaldesa-de-nuestra-ciudad\\\/#breadcrumb\"},\"inLanguage\":\"es\",\"potentialAction\":[{\"@type\":\"ReadAction\",\"target\":[\"https:\\\/\\\/alcala.salesianos.edu\\\/colegio\\\/blog\\\/2020\\\/10\\\/20\\\/encuentro-de-nuestros-directores-con-la-alcaldesa-de-nuestra-ciudad\\\/\"]}]},{\"@type\":\"BreadcrumbList\",\"@id\":\"https:\\\/\\\/alcala.salesianos.edu\\\/colegio\\\/blog\\\/2020\\\/10\\\/20\\\/encuentro-de-nuestros-directores-con-la-alcaldesa-de-nuestra-ciudad\\\/#breadcrumb\",\"itemListElement\":[{\"@type\":\"ListItem\",\"position\":1,\"name\":\"Portada\",\"item\":\"https:\\\/\\\/alcala.salesianos.edu\\\/colegio\\\/\"},{\"@type\":\"ListItem\",\"position\":2,\"name\":\"Encuentro de nuestros directores con la alcaldesa de nuestra ciudad\"}]},{\"@type\":\"WebSite\",\"@id\":\"https:\\\/\\\/alcala.salesianos.edu\\\/colegio\\\/#website\",\"url\":\"https:\\\/\\\/alcala.salesianos.edu\\\/colegio\\\/\",\"name\":\"Colegio Salesiano Alcal\u00e1\",\"description\":\"P\u00e1gina oficial de Salesianos Alcal\u00e1 de Guadaira\",\"potentialAction\":[{\"@type\":\"SearchAction\",\"target\":{\"@type\":\"EntryPoint\",\"urlTemplate\":\"https:\\\/\\\/alcala.salesianos.edu\\\/colegio\\\/?s={search_term_string}\"},\"query-input\":{\"@type\":\"PropertyValueSpecification\",\"valueRequired\":true,\"valueName\":\"search_term_string\"}}],\"inLanguage\":\"es\"},{\"@type\":\"Person\",\"@id\":\"https:\\\/\\\/alcala.salesianos.edu\\\/colegio\\\/#\\\/schema\\\/person\\\/afcc24f776dc91fc2bf9afb0998fca77\",\"name\":\"Administrador Web\",\"image\":{\"@type\":\"ImageObject\",\"inLanguage\":\"es\",\"@id\":\"https:\\\/\\\/secure.gravatar.com\\\/avatar\\\/bc157e994689bd6da9645c00aa3bc4d55b727915b6652642660db0aef086585f?s=96&d=mm&r=g\",\"url\":\"https:\\\/\\\/secure.gravatar.com\\\/avatar\\\/bc157e994689bd6da9645c00aa3bc4d55b727915b6652642660db0aef086585f?s=96&d=mm&r=g\",\"contentUrl\":\"https:\\\/\\\/secure.gravatar.com\\\/avatar\\\/bc157e994689bd6da9645c00aa3bc4d55b727915b6652642660db0aef086585f?s=96&d=mm&r=g\",\"caption\":\"Administrador Web\"}}]}<\/script>\n<!-- \/ Yoast SEO plugin. -->","yoast_head_json":{"title":"Encuentro de nuestros directores con la alcaldesa de nuestra ciudad - Colegio Salesiano Alcal\u00e1","robots":{"index":"index","follow":"follow","max-snippet":"max-snippet:-1","max-image-preview":"max-image-preview:large","max-video-preview":"max-video-preview:-1"},"canonical":"https:\/\/alcala.salesianos.edu\/colegio\/blog\/2020\/10\/20\/encuentro-de-nuestros-directores-con-la-alcaldesa-de-nuestra-ciudad\/","og_locale":"es_ES","og_type":"article","og_title":"Encuentro de nuestros directores con la alcaldesa de nuestra ciudad - Colegio Salesiano Alcal\u00e1","og_description":"El objetivo de la reuni\u00f3n, ha sido el de establecer lazos de comunicaci\u00f3n conjunto, donde el Centro y la Casa de Alcal\u00e1, cuenten con la atenci\u00f3n y disposici\u00f3n del Ayuntamiento para desarrollar y fomentar proyecto por y para los j\u00f3venes de la ciudad.","og_url":"https:\/\/alcala.salesianos.edu\/colegio\/blog\/2020\/10\/20\/encuentro-de-nuestros-directores-con-la-alcaldesa-de-nuestra-ciudad\/","og_site_name":"Colegio Salesiano Alcal\u00e1","article_published_time":"2020-10-20T18:09:55+00:00","article_modified_time":"2025-08-27T07:51:07+00:00","author":"Administrador Web","twitter_card":"summary_large_image","twitter_misc":{"Escrito por":"Administrador Web","Tiempo de lectura":"1 minuto"},"schema":{"@context":"https:\/\/schema.org","@graph":[{"@type":"Article","@id":"https:\/\/alcala.salesianos.edu\/colegio\/blog\/2020\/10\/20\/encuentro-de-nuestros-directores-con-la-alcaldesa-de-nuestra-ciudad\/#article","isPartOf":{"@id":"https:\/\/alcala.salesianos.edu\/colegio\/blog\/2020\/10\/20\/encuentro-de-nuestros-directores-con-la-alcaldesa-de-nuestra-ciudad\/"},"author":{"name":"Administrador Web","@id":"https:\/\/alcala.salesianos.edu\/colegio\/#\/schema\/person\/afcc24f776dc91fc2bf9afb0998fca77"},"headline":"Encuentro de nuestros directores con la alcaldesa de nuestra ciudad","datePublished":"2020-10-20T18:09:55+00:00","dateModified":"2025-08-27T07:51:07+00:00","mainEntityOfPage":{"@id":"https:\/\/alcala.salesianos.edu\/colegio\/blog\/2020\/10\/20\/encuentro-de-nuestros-directores-con-la-alcaldesa-de-nuestra-ciudad\/"},"wordCount":261,"articleSection":["Colegio","covid","FASA","Infantil","Pastoral","Portada","Primaria","Secundaria","Uncategorized"],"inLanguage":"es"},{"@type":"WebPage","@id":"https:\/\/alcala.salesianos.edu\/colegio\/blog\/2020\/10\/20\/encuentro-de-nuestros-directores-con-la-alcaldesa-de-nuestra-ciudad\/","url":"https:\/\/alcala.salesianos.edu\/colegio\/blog\/2020\/10\/20\/encuentro-de-nuestros-directores-con-la-alcaldesa-de-nuestra-ciudad\/","name":"Encuentro de nuestros directores con la alcaldesa de nuestra ciudad - Colegio Salesiano Alcal\u00e1","isPartOf":{"@id":"https:\/\/alcala.salesianos.edu\/colegio\/#website"},"datePublished":"2020-10-20T18:09:55+00:00","dateModified":"2025-08-27T07:51:07+00:00","author":{"@id":"https:\/\/alcala.salesianos.edu\/colegio\/#\/schema\/person\/afcc24f776dc91fc2bf9afb0998fca77"},"breadcrumb":{"@id":"https:\/\/alcala.salesianos.edu\/colegio\/blog\/2020\/10\/20\/encuentro-de-nuestros-directores-con-la-alcaldesa-de-nuestra-ciudad\/#breadcrumb"},"inLanguage":"es","potentialAction":[{"@type":"ReadAction","target":["https:\/\/alcala.salesianos.edu\/colegio\/blog\/2020\/10\/20\/encuentro-de-nuestros-directores-con-la-alcaldesa-de-nuestra-ciudad\/"]}]},{"@type":"BreadcrumbList","@id":"https:\/\/alcala.salesianos.edu\/colegio\/blog\/2020\/10\/20\/encuentro-de-nuestros-directores-con-la-alcaldesa-de-nuestra-ciudad\/#breadcrumb","itemListElement":[{"@type":"ListItem","position":1,"name":"Portada","item":"https:\/\/alcala.salesianos.edu\/colegio\/"},{"@type":"ListItem","position":2,"name":"Encuentro de nuestros directores con la alcaldesa de nuestra ciudad"}]},{"@type":"WebSite","@id":"https:\/\/alcala.salesianos.edu\/colegio\/#website","url":"https:\/\/alcala.salesianos.edu\/colegio\/","name":"Colegio Salesiano Alcal\u00e1","description":"P\u00e1gina oficial de Salesianos Alcal\u00e1 de Guadaira","potentialAction":[{"@type":"SearchAction","target":{"@type":"EntryPoint","urlTemplate":"https:\/\/alcala.salesianos.edu\/colegio\/?s={search_term_string}"},"query-input":{"@type":"PropertyValueSpecification","valueRequired":true,"valueName":"search_term_string"}}],"inLanguage":"es"},{"@type":"Person","@id":"https:\/\/alcala.salesianos.edu\/colegio\/#\/schema\/person\/afcc24f776dc91fc2bf9afb0998fca77","name":"Administrador Web","image":{"@type":"ImageObject","inLanguage":"es","@id":"https:\/\/secure.gravatar.com\/avatar\/bc157e994689bd6da9645c00aa3bc4d55b727915b6652642660db0aef086585f?s=96&d=mm&r=g","url":"https:\/\/secure.gravatar.com\/avatar\/bc157e994689bd6da9645c00aa3bc4d55b727915b6652642660db0aef086585f?s=96&d=mm&r=g","contentUrl":"https:\/\/secure.gravatar.com\/avatar\/bc157e994689bd6da9645c00aa3bc4d55b727915b6652642660db0aef086585f?s=96&d=mm&r=g","caption":"Administrador Web"}}]}},"_links":{"self":[{"href":"https:\/\/alcala.salesianos.edu\/colegio\/wp-json\/wp\/v2\/posts\/12999","targetHints":{"allow":["GET"]}}],"collection":[{"href":"https:\/\/alcala.salesianos.edu\/colegio\/wp-json\/wp\/v2\/posts"}],"about":[{"href":"https:\/\/alcala.salesianos.edu\/colegio\/wp-json\/wp\/v2\/types\/post"}],"author":[{"embeddable":true,"href":"https:\/\/alcala.salesianos.edu\/colegio\/wp-json\/wp\/v2\/users\/2"}],"replies":[{"embeddable":true,"href":"https:\/\/alcala.salesianos.edu\/colegio\/wp-json\/wp\/v2\/comments?post=12999"}],"version-history":[{"count":1,"href":"https:\/\/alcala.salesianos.edu\/colegio\/wp-json\/wp\/v2\/posts\/12999\/revisions"}],"predecessor-version":[{"id":13001,"href":"https:\/\/alcala.salesianos.edu\/colegio\/wp-json\/wp\/v2\/posts\/12999\/revisions\/13001"}],"wp:attachment":[{"href":"https:\/\/alcala.salesianos.edu\/colegio\/wp-json\/wp\/v2\/media?parent=12999"}],"wp:term":[{"taxonomy":"category","embeddable":true,"href":"https:\/\/alcala.salesianos.edu\/colegio\/wp-json\/wp\/v2\/categories?post=12999"},{"taxonomy":"post_tag","embeddable":true,"href":"https:\/\/alcala.salesianos.edu\/colegio\/wp-json\/wp\/v2\/tags?post=12999"}],"curies":[{"name":"wp","href":"https:\/\/api.w.org\/{rel}","templated":true}]}}