{"id":12896,"date":"2020-10-08T08:26:15","date_gmt":"2020-10-08T07:26:15","guid":{"rendered":"https:\/\/alcala.salesianos.edu\/colegio\/blog\/2020\/10\/08\/encuentro-de-consejos-locales-de-familia-salesiana-de-sevilla\/"},"modified":"2025-08-27T08:51:12","modified_gmt":"2025-08-27T07:51:12","slug":"encuentro-de-consejos-locales-de-familia-salesiana-de-sevilla","status":"publish","type":"post","link":"https:\/\/alcala.salesianos.edu\/colegio\/blog\/2020\/10\/08\/encuentro-de-consejos-locales-de-familia-salesiana-de-sevilla\/","title":{"rendered":"VI Encuentro de Consejos Locales de Familia Salesiana de Sevilla"},"content":{"rendered":"<div id=\"fb-root\"><\/div>\n<p>[et_pb_section fb_built=\u00bb1&#8243; _builder_version=\u00bb4.5.8&#8243; _module_preset=\u00bbdefault\u00bb][et_pb_row _builder_version=\u00bb4.5.8&#8243; _module_preset=\u00bbdefault\u00bb][et_pb_column _builder_version=\u00bb4.5.8&#8243; _module_preset=\u00bbdefault\u00bb type=\u00bb4_4&#8243;][et_pb_text _builder_version=\u00bb4.5.8&#8243; _module_preset=\u00bbdefault\u00bb hover_enabled=\u00bb0&#8243;]<\/p>\n<p><img loading=\"lazy\" decoding=\"async\" class=\"wp-image-12897 size-medium alignleft\" src=\"https:\/\/alcala.salesianos.edu\/colegio\/wp-content\/uploads\/sites\/2\/2020\/10\/CartelEncuentroFASA-300x300.jpeg\" alt=\"\" width=\"300\" height=\"300\" \/>El pasado\u00a0<strong>s\u00e1bado 3 de octubre<\/strong>\u00a0tuvo lugar el\u00a0<strong>encuentro de los Consejos Locales de la Familia Salesiana de Andaluc\u00eda, Extremadura y Canarias,<\/strong> momento que simboliz\u00f3 el inicio del curso en el que los distintos grupos se congregan para empezar unidos, rezando y avivando el carisma recibido.<\/p>\n<p>Esta edici\u00f3n, con motivo de la situaci\u00f3n sanitaria provocada por la Covid19, apostaron por el formato online tras las cinco ediciones presenciales anteriores. El cambio de formato no impidi\u00f3 que se compartiese una jornada de encuentro, comuni\u00f3n, fraternidad y familia.<\/p>\n<p>Tras la eucarist\u00eda de las 10:00 se lanzar\u00f3 el programa RADIOFASA como una forma creativa de lanzar el curso pastoral de la Familia Salesiana para este curso tan especial que comienza. \u00abDesde primeros de septiembre ha arrancado un nuevo Consejo de Familia Salesiana y este encuentro on line servir\u00e1 de forma din\u00e1mica para presentarlo y darlo a conocer a los consejos locales de Familia Salesiana y a quienes quieran conectarse ya que ser\u00e1 un programa en abierto\u00bb, compartieron desde la organizaci\u00f3n.<\/p>\n<p>Fue una jornada de uni\u00f3n como familia salesiana que se lanza a compartir los v\u00ednculos de unidad y seguir construyendo el sentido de pertenencia<\/p>\n<p>[\/et_pb_text][\/et_pb_column][\/et_pb_row][\/et_pb_section]<\/p>\n","protected":false},"excerpt":{"rendered":"<p>El pasado\u00a0s\u00e1bado 3 de octubre\u00a0tuvo lugar el\u00a0encuentro de los Consejos Locales de la Familia Salesiana de Andaluc\u00eda, Extremadura y Canarias, momento que simboliz\u00f3 el inicio del curso en el que los distintos grupos se congregan para empezar unidos, rezando y avivando el carisma recibido. Esta edici\u00f3n, con motivo de la situaci\u00f3n sanitaria provocada por la [&hellip;]<\/p>\n","protected":false},"author":2,"featured_media":0,"comment_status":"closed","ping_status":"open","sticky":false,"template":"","format":"standard","meta":{"_et_pb_use_builder":"on","_et_pb_old_content":"","_et_gb_content_width":"","footnotes":""},"categories":[1],"tags":[],"class_list":["post-12896","post","type-post","status-publish","format-standard","hentry","category-uncategorized"],"yoast_head":"<!-- This site is optimized with the Yoast SEO plugin v28.4 - https:\/\/yoast.com\/product\/yoast-seo-wordpress\/ -->\n<title>VI Encuentro de Consejos Locales de Familia Salesiana de Sevilla - Colegio Salesiano Alcal\u00e1<\/title>\n<meta name=\"robots\" content=\"index, follow, max-snippet:-1, max-image-preview:large, max-video-preview:-1\" \/>\n<link rel=\"canonical\" href=\"https:\/\/alcala.salesianos.edu\/colegio\/blog\/2020\/10\/08\/encuentro-de-consejos-locales-de-familia-salesiana-de-sevilla\/\" \/>\n<meta property=\"og:locale\" content=\"es_ES\" \/>\n<meta property=\"og:type\" content=\"article\" \/>\n<meta property=\"og:title\" content=\"VI Encuentro de Consejos Locales de Familia Salesiana de Sevilla - Colegio Salesiano Alcal\u00e1\" \/>\n<meta property=\"og:description\" content=\"El pasado\u00a0s\u00e1bado 3 de octubre\u00a0tuvo lugar el\u00a0encuentro de los Consejos Locales de la Familia Salesiana de Andaluc\u00eda, Extremadura y Canarias, momento que simboliz\u00f3 el inicio del curso en el que los distintos grupos se congregan para empezar unidos, rezando y avivando el carisma recibido. Esta edici\u00f3n, con motivo de la situaci\u00f3n sanitaria provocada por la [&hellip;]\" \/>\n<meta property=\"og:url\" content=\"https:\/\/alcala.salesianos.edu\/colegio\/blog\/2020\/10\/08\/encuentro-de-consejos-locales-de-familia-salesiana-de-sevilla\/\" \/>\n<meta property=\"og:site_name\" content=\"Colegio Salesiano Alcal\u00e1\" \/>\n<meta property=\"article:published_time\" content=\"2020-10-08T07:26:15+00:00\" \/>\n<meta property=\"article:modified_time\" content=\"2025-08-27T07:51:12+00:00\" \/>\n<meta name=\"author\" content=\"Administrador Web\" \/>\n<meta name=\"twitter:card\" content=\"summary_large_image\" \/>\n<meta name=\"twitter:label1\" content=\"Escrito por\" \/>\n\t<meta name=\"twitter:data1\" content=\"Administrador Web\" \/>\n\t<meta name=\"twitter:label2\" content=\"Tiempo de lectura\" \/>\n\t<meta name=\"twitter:data2\" content=\"1 minuto\" \/>\n<script type=\"application\/ld+json\" class=\"yoast-schema-graph\">{\"@context\":\"https:\\\/\\\/schema.org\",\"@graph\":[{\"@type\":\"Article\",\"@id\":\"https:\\\/\\\/alcala.salesianos.edu\\\/colegio\\\/blog\\\/2020\\\/10\\\/08\\\/encuentro-de-consejos-locales-de-familia-salesiana-de-sevilla\\\/#article\",\"isPartOf\":{\"@id\":\"https:\\\/\\\/alcala.salesianos.edu\\\/colegio\\\/blog\\\/2020\\\/10\\\/08\\\/encuentro-de-consejos-locales-de-familia-salesiana-de-sevilla\\\/\"},\"author\":{\"name\":\"Administrador Web\",\"@id\":\"https:\\\/\\\/alcala.salesianos.edu\\\/colegio\\\/#\\\/schema\\\/person\\\/afcc24f776dc91fc2bf9afb0998fca77\"},\"headline\":\"VI Encuentro de Consejos Locales de Familia Salesiana de Sevilla\",\"datePublished\":\"2020-10-08T07:26:15+00:00\",\"dateModified\":\"2025-08-27T07:51:12+00:00\",\"mainEntityOfPage\":{\"@id\":\"https:\\\/\\\/alcala.salesianos.edu\\\/colegio\\\/blog\\\/2020\\\/10\\\/08\\\/encuentro-de-consejos-locales-de-familia-salesiana-de-sevilla\\\/\"},\"wordCount\":259,\"image\":{\"@id\":\"https:\\\/\\\/alcala.salesianos.edu\\\/colegio\\\/blog\\\/2020\\\/10\\\/08\\\/encuentro-de-consejos-locales-de-familia-salesiana-de-sevilla\\\/#primaryimage\"},\"thumbnailUrl\":\"https:\\\/\\\/alcala.salesianos.edu\\\/colegio\\\/wp-content\\\/uploads\\\/sites\\\/2\\\/2020\\\/10\\\/CartelEncuentroFASA-300x300.jpeg\",\"articleSection\":[\"Uncategorized\"],\"inLanguage\":\"es\"},{\"@type\":\"WebPage\",\"@id\":\"https:\\\/\\\/alcala.salesianos.edu\\\/colegio\\\/blog\\\/2020\\\/10\\\/08\\\/encuentro-de-consejos-locales-de-familia-salesiana-de-sevilla\\\/\",\"url\":\"https:\\\/\\\/alcala.salesianos.edu\\\/colegio\\\/blog\\\/2020\\\/10\\\/08\\\/encuentro-de-consejos-locales-de-familia-salesiana-de-sevilla\\\/\",\"name\":\"VI Encuentro de Consejos Locales de Familia Salesiana de Sevilla - Colegio Salesiano Alcal\u00e1\",\"isPartOf\":{\"@id\":\"https:\\\/\\\/alcala.salesianos.edu\\\/colegio\\\/#website\"},\"primaryImageOfPage\":{\"@id\":\"https:\\\/\\\/alcala.salesianos.edu\\\/colegio\\\/blog\\\/2020\\\/10\\\/08\\\/encuentro-de-consejos-locales-de-familia-salesiana-de-sevilla\\\/#primaryimage\"},\"image\":{\"@id\":\"https:\\\/\\\/alcala.salesianos.edu\\\/colegio\\\/blog\\\/2020\\\/10\\\/08\\\/encuentro-de-consejos-locales-de-familia-salesiana-de-sevilla\\\/#primaryimage\"},\"thumbnailUrl\":\"https:\\\/\\\/alcala.salesianos.edu\\\/colegio\\\/wp-content\\\/uploads\\\/sites\\\/2\\\/2020\\\/10\\\/CartelEncuentroFASA-300x300.jpeg\",\"datePublished\":\"2020-10-08T07:26:15+00:00\",\"dateModified\":\"2025-08-27T07:51:12+00:00\",\"author\":{\"@id\":\"https:\\\/\\\/alcala.salesianos.edu\\\/colegio\\\/#\\\/schema\\\/person\\\/afcc24f776dc91fc2bf9afb0998fca77\"},\"breadcrumb\":{\"@id\":\"https:\\\/\\\/alcala.salesianos.edu\\\/colegio\\\/blog\\\/2020\\\/10\\\/08\\\/encuentro-de-consejos-locales-de-familia-salesiana-de-sevilla\\\/#breadcrumb\"},\"inLanguage\":\"es\",\"potentialAction\":[{\"@type\":\"ReadAction\",\"target\":[\"https:\\\/\\\/alcala.salesianos.edu\\\/colegio\\\/blog\\\/2020\\\/10\\\/08\\\/encuentro-de-consejos-locales-de-familia-salesiana-de-sevilla\\\/\"]}]},{\"@type\":\"ImageObject\",\"inLanguage\":\"es\",\"@id\":\"https:\\\/\\\/alcala.salesianos.edu\\\/colegio\\\/blog\\\/2020\\\/10\\\/08\\\/encuentro-de-consejos-locales-de-familia-salesiana-de-sevilla\\\/#primaryimage\",\"url\":\"https:\\\/\\\/alcala.salesianos.edu\\\/colegio\\\/wp-content\\\/uploads\\\/sites\\\/2\\\/2020\\\/10\\\/CartelEncuentroFASA-300x300.jpeg\",\"contentUrl\":\"https:\\\/\\\/alcala.salesianos.edu\\\/colegio\\\/wp-content\\\/uploads\\\/sites\\\/2\\\/2020\\\/10\\\/CartelEncuentroFASA-300x300.jpeg\"},{\"@type\":\"BreadcrumbList\",\"@id\":\"https:\\\/\\\/alcala.salesianos.edu\\\/colegio\\\/blog\\\/2020\\\/10\\\/08\\\/encuentro-de-consejos-locales-de-familia-salesiana-de-sevilla\\\/#breadcrumb\",\"itemListElement\":[{\"@type\":\"ListItem\",\"position\":1,\"name\":\"Portada\",\"item\":\"https:\\\/\\\/alcala.salesianos.edu\\\/colegio\\\/\"},{\"@type\":\"ListItem\",\"position\":2,\"name\":\"VI Encuentro de Consejos Locales de Familia Salesiana de Sevilla\"}]},{\"@type\":\"WebSite\",\"@id\":\"https:\\\/\\\/alcala.salesianos.edu\\\/colegio\\\/#website\",\"url\":\"https:\\\/\\\/alcala.salesianos.edu\\\/colegio\\\/\",\"name\":\"Colegio Salesiano Alcal\u00e1\",\"description\":\"P\u00e1gina oficial de Salesianos Alcal\u00e1 de Guadaira\",\"potentialAction\":[{\"@type\":\"SearchAction\",\"target\":{\"@type\":\"EntryPoint\",\"urlTemplate\":\"https:\\\/\\\/alcala.salesianos.edu\\\/colegio\\\/?s={search_term_string}\"},\"query-input\":{\"@type\":\"PropertyValueSpecification\",\"valueRequired\":true,\"valueName\":\"search_term_string\"}}],\"inLanguage\":\"es\"},{\"@type\":\"Person\",\"@id\":\"https:\\\/\\\/alcala.salesianos.edu\\\/colegio\\\/#\\\/schema\\\/person\\\/afcc24f776dc91fc2bf9afb0998fca77\",\"name\":\"Administrador Web\",\"image\":{\"@type\":\"ImageObject\",\"inLanguage\":\"es\",\"@id\":\"https:\\\/\\\/secure.gravatar.com\\\/avatar\\\/bc157e994689bd6da9645c00aa3bc4d55b727915b6652642660db0aef086585f?s=96&d=mm&r=g\",\"url\":\"https:\\\/\\\/secure.gravatar.com\\\/avatar\\\/bc157e994689bd6da9645c00aa3bc4d55b727915b6652642660db0aef086585f?s=96&d=mm&r=g\",\"contentUrl\":\"https:\\\/\\\/secure.gravatar.com\\\/avatar\\\/bc157e994689bd6da9645c00aa3bc4d55b727915b6652642660db0aef086585f?s=96&d=mm&r=g\",\"caption\":\"Administrador Web\"}}]}<\/script>\n<!-- \/ Yoast SEO plugin. -->","yoast_head_json":{"title":"VI Encuentro de Consejos Locales de Familia Salesiana de Sevilla - Colegio Salesiano Alcal\u00e1","robots":{"index":"index","follow":"follow","max-snippet":"max-snippet:-1","max-image-preview":"max-image-preview:large","max-video-preview":"max-video-preview:-1"},"canonical":"https:\/\/alcala.salesianos.edu\/colegio\/blog\/2020\/10\/08\/encuentro-de-consejos-locales-de-familia-salesiana-de-sevilla\/","og_locale":"es_ES","og_type":"article","og_title":"VI Encuentro de Consejos Locales de Familia Salesiana de Sevilla - Colegio Salesiano Alcal\u00e1","og_description":"El pasado\u00a0s\u00e1bado 3 de octubre\u00a0tuvo lugar el\u00a0encuentro de los Consejos Locales de la Familia Salesiana de Andaluc\u00eda, Extremadura y Canarias, momento que simboliz\u00f3 el inicio del curso en el que los distintos grupos se congregan para empezar unidos, rezando y avivando el carisma recibido. Esta edici\u00f3n, con motivo de la situaci\u00f3n sanitaria provocada por la [&hellip;]","og_url":"https:\/\/alcala.salesianos.edu\/colegio\/blog\/2020\/10\/08\/encuentro-de-consejos-locales-de-familia-salesiana-de-sevilla\/","og_site_name":"Colegio Salesiano Alcal\u00e1","article_published_time":"2020-10-08T07:26:15+00:00","article_modified_time":"2025-08-27T07:51:12+00:00","author":"Administrador Web","twitter_card":"summary_large_image","twitter_misc":{"Escrito por":"Administrador Web","Tiempo de lectura":"1 minuto"},"schema":{"@context":"https:\/\/schema.org","@graph":[{"@type":"Article","@id":"https:\/\/alcala.salesianos.edu\/colegio\/blog\/2020\/10\/08\/encuentro-de-consejos-locales-de-familia-salesiana-de-sevilla\/#article","isPartOf":{"@id":"https:\/\/alcala.salesianos.edu\/colegio\/blog\/2020\/10\/08\/encuentro-de-consejos-locales-de-familia-salesiana-de-sevilla\/"},"author":{"name":"Administrador Web","@id":"https:\/\/alcala.salesianos.edu\/colegio\/#\/schema\/person\/afcc24f776dc91fc2bf9afb0998fca77"},"headline":"VI Encuentro de Consejos Locales de Familia Salesiana de Sevilla","datePublished":"2020-10-08T07:26:15+00:00","dateModified":"2025-08-27T07:51:12+00:00","mainEntityOfPage":{"@id":"https:\/\/alcala.salesianos.edu\/colegio\/blog\/2020\/10\/08\/encuentro-de-consejos-locales-de-familia-salesiana-de-sevilla\/"},"wordCount":259,"image":{"@id":"https:\/\/alcala.salesianos.edu\/colegio\/blog\/2020\/10\/08\/encuentro-de-consejos-locales-de-familia-salesiana-de-sevilla\/#primaryimage"},"thumbnailUrl":"https:\/\/alcala.salesianos.edu\/colegio\/wp-content\/uploads\/sites\/2\/2020\/10\/CartelEncuentroFASA-300x300.jpeg","articleSection":["Uncategorized"],"inLanguage":"es"},{"@type":"WebPage","@id":"https:\/\/alcala.salesianos.edu\/colegio\/blog\/2020\/10\/08\/encuentro-de-consejos-locales-de-familia-salesiana-de-sevilla\/","url":"https:\/\/alcala.salesianos.edu\/colegio\/blog\/2020\/10\/08\/encuentro-de-consejos-locales-de-familia-salesiana-de-sevilla\/","name":"VI Encuentro de Consejos Locales de Familia Salesiana de Sevilla - Colegio Salesiano Alcal\u00e1","isPartOf":{"@id":"https:\/\/alcala.salesianos.edu\/colegio\/#website"},"primaryImageOfPage":{"@id":"https:\/\/alcala.salesianos.edu\/colegio\/blog\/2020\/10\/08\/encuentro-de-consejos-locales-de-familia-salesiana-de-sevilla\/#primaryimage"},"image":{"@id":"https:\/\/alcala.salesianos.edu\/colegio\/blog\/2020\/10\/08\/encuentro-de-consejos-locales-de-familia-salesiana-de-sevilla\/#primaryimage"},"thumbnailUrl":"https:\/\/alcala.salesianos.edu\/colegio\/wp-content\/uploads\/sites\/2\/2020\/10\/CartelEncuentroFASA-300x300.jpeg","datePublished":"2020-10-08T07:26:15+00:00","dateModified":"2025-08-27T07:51:12+00:00","author":{"@id":"https:\/\/alcala.salesianos.edu\/colegio\/#\/schema\/person\/afcc24f776dc91fc2bf9afb0998fca77"},"breadcrumb":{"@id":"https:\/\/alcala.salesianos.edu\/colegio\/blog\/2020\/10\/08\/encuentro-de-consejos-locales-de-familia-salesiana-de-sevilla\/#breadcrumb"},"inLanguage":"es","potentialAction":[{"@type":"ReadAction","target":["https:\/\/alcala.salesianos.edu\/colegio\/blog\/2020\/10\/08\/encuentro-de-consejos-locales-de-familia-salesiana-de-sevilla\/"]}]},{"@type":"ImageObject","inLanguage":"es","@id":"https:\/\/alcala.salesianos.edu\/colegio\/blog\/2020\/10\/08\/encuentro-de-consejos-locales-de-familia-salesiana-de-sevilla\/#primaryimage","url":"https:\/\/alcala.salesianos.edu\/colegio\/wp-content\/uploads\/sites\/2\/2020\/10\/CartelEncuentroFASA-300x300.jpeg","contentUrl":"https:\/\/alcala.salesianos.edu\/colegio\/wp-content\/uploads\/sites\/2\/2020\/10\/CartelEncuentroFASA-300x300.jpeg"},{"@type":"BreadcrumbList","@id":"https:\/\/alcala.salesianos.edu\/colegio\/blog\/2020\/10\/08\/encuentro-de-consejos-locales-de-familia-salesiana-de-sevilla\/#breadcrumb","itemListElement":[{"@type":"ListItem","position":1,"name":"Portada","item":"https:\/\/alcala.salesianos.edu\/colegio\/"},{"@type":"ListItem","position":2,"name":"VI Encuentro de Consejos Locales de Familia Salesiana de Sevilla"}]},{"@type":"WebSite","@id":"https:\/\/alcala.salesianos.edu\/colegio\/#website","url":"https:\/\/alcala.salesianos.edu\/colegio\/","name":"Colegio Salesiano Alcal\u00e1","description":"P\u00e1gina oficial de Salesianos Alcal\u00e1 de Guadaira","potentialAction":[{"@type":"SearchAction","target":{"@type":"EntryPoint","urlTemplate":"https:\/\/alcala.salesianos.edu\/colegio\/?s={search_term_string}"},"query-input":{"@type":"PropertyValueSpecification","valueRequired":true,"valueName":"search_term_string"}}],"inLanguage":"es"},{"@type":"Person","@id":"https:\/\/alcala.salesianos.edu\/colegio\/#\/schema\/person\/afcc24f776dc91fc2bf9afb0998fca77","name":"Administrador Web","image":{"@type":"ImageObject","inLanguage":"es","@id":"https:\/\/secure.gravatar.com\/avatar\/bc157e994689bd6da9645c00aa3bc4d55b727915b6652642660db0aef086585f?s=96&d=mm&r=g","url":"https:\/\/secure.gravatar.com\/avatar\/bc157e994689bd6da9645c00aa3bc4d55b727915b6652642660db0aef086585f?s=96&d=mm&r=g","contentUrl":"https:\/\/secure.gravatar.com\/avatar\/bc157e994689bd6da9645c00aa3bc4d55b727915b6652642660db0aef086585f?s=96&d=mm&r=g","caption":"Administrador Web"}}]}},"_links":{"self":[{"href":"https:\/\/alcala.salesianos.edu\/colegio\/wp-json\/wp\/v2\/posts\/12896","targetHints":{"allow":["GET"]}}],"collection":[{"href":"https:\/\/alcala.salesianos.edu\/colegio\/wp-json\/wp\/v2\/posts"}],"about":[{"href":"https:\/\/alcala.salesianos.edu\/colegio\/wp-json\/wp\/v2\/types\/post"}],"author":[{"embeddable":true,"href":"https:\/\/alcala.salesianos.edu\/colegio\/wp-json\/wp\/v2\/users\/2"}],"replies":[{"embeddable":true,"href":"https:\/\/alcala.salesianos.edu\/colegio\/wp-json\/wp\/v2\/comments?post=12896"}],"version-history":[{"count":1,"href":"https:\/\/alcala.salesianos.edu\/colegio\/wp-json\/wp\/v2\/posts\/12896\/revisions"}],"predecessor-version":[{"id":12898,"href":"https:\/\/alcala.salesianos.edu\/colegio\/wp-json\/wp\/v2\/posts\/12896\/revisions\/12898"}],"wp:attachment":[{"href":"https:\/\/alcala.salesianos.edu\/colegio\/wp-json\/wp\/v2\/media?parent=12896"}],"wp:term":[{"taxonomy":"category","embeddable":true,"href":"https:\/\/alcala.salesianos.edu\/colegio\/wp-json\/wp\/v2\/categories?post=12896"},{"taxonomy":"post_tag","embeddable":true,"href":"https:\/\/alcala.salesianos.edu\/colegio\/wp-json\/wp\/v2\/tags?post=12896"}],"curies":[{"name":"wp","href":"https:\/\/api.w.org\/{rel}","templated":true}]}}