{"id":12885,"date":"2020-10-06T17:43:04","date_gmt":"2020-10-06T16:43:04","guid":{"rendered":"https:\/\/alcala.salesianos.edu\/colegio\/blog\/2020\/10\/06\/finalistas-de-la-x-edicion-de-inspiraciencia-3\/"},"modified":"2025-08-27T08:51:13","modified_gmt":"2025-08-27T07:51:13","slug":"finalistas-de-la-x-edicion-de-inspiraciencia-3","status":"publish","type":"post","link":"https:\/\/alcala.salesianos.edu\/colegio\/blog\/2020\/10\/06\/finalistas-de-la-x-edicion-de-inspiraciencia-3\/","title":{"rendered":"Finalistas de la X Edici\u00f3n de Inspiraciencia"},"content":{"rendered":"<div id=\"fb-root\"><\/div>\n<p>[et_pb_section fb_built=\u00bb1&#8243; _builder_version=\u00bb4.5.8&#8243; _module_preset=\u00bbdefault\u00bb][et_pb_row _builder_version=\u00bb4.5.8&#8243; _module_preset=\u00bbdefault\u00bb][et_pb_column _builder_version=\u00bb4.5.8&#8243; _module_preset=\u00bbdefault\u00bb type=\u00bb4_4&#8243;][et_pb_image _builder_version=\u00bb4.5.8&#8243; _module_preset=\u00bbdefault\u00bb title_text=\u00bb109687501_3263100293754107_3766910964325762422_o\u00bb src=\u00bbhttps:\/\/alcala.salesianos.edu\/wp-content\/uploads\/2020\/10\/109687501_3263100293754107_3766910964325762422_o.jpg\u00bb hover_enabled=\u00bb0&#8243;][\/et_pb_image][et_pb_text _builder_version=\u00bb4.5.8&#8243; _module_preset=\u00bbdefault\u00bb hover_enabled=\u00bb0&#8243;]<\/p>\n<p>El alumno Juanmi Guerrero Pi\u00f1a y el profesor V\u00edctor Garz\u00f3n Machado, ser\u00e1n finalistas de la X edici\u00f3n del Concurso nacional de relatos de inspiraci\u00f3n cient\u00edfica \u00abInspiraciencia\u00bb.<\/p>\n<p>El relato titulado \u00abWalter\u00bbde nuestro alumno de 3\u00baESO ser\u00e1, junto al de otro autor finalista, el candidato a ganar el premio del p\u00fablico en la categor\u00eda Joven del Concurso. Asimismo, el relato \u00ab14032020\u00bb de nuestro profesor, competir\u00e1 por el mismo galard\u00f3n en la categor\u00eda Adulto.<\/p>\n<p>Ambos relatos entraron en la selecci\u00f3n junto al de otros alumnos de nuestra Casa, el pasado mes de junio. En total, la organizaci\u00f3n de Inspiraciencia recibi\u00f3 513 trabajos, destacando la calidad de los mismos.<\/p>\n<p>El pr\u00f3ximo d\u00eda 13 de noviembre se conocer\u00e1n los ganadores, en un acto de entrega de premios que se celebrar\u00e1 en la Residencia de Investigadores de Barcelona.<\/p>\n<p>Enhorabuena a nuestros finalistas y mucha suerte.<\/p>\n<p>[\/et_pb_text][\/et_pb_column][\/et_pb_row][\/et_pb_section]<\/p>\n","protected":false},"excerpt":{"rendered":"<p>El alumno Juanmi Guerrero Pi\u00f1a y el profesor V\u00edctor Garz\u00f3n Machado, ser\u00e1n finalistas de la X edici\u00f3n del Concurso nacional de relatos de inspiraci\u00f3n cient\u00edfica \u00abInspiraciencia\u00bb.\u00a0<\/p>\n","protected":false},"author":2,"featured_media":0,"comment_status":"closed","ping_status":"open","sticky":false,"template":"","format":"standard","meta":{"_et_pb_use_builder":"on","_et_pb_old_content":"","_et_gb_content_width":"","footnotes":""},"categories":[1],"tags":[],"class_list":["post-12885","post","type-post","status-publish","format-standard","hentry","category-uncategorized"],"yoast_head":"<!-- This site is optimized with the Yoast SEO plugin v28.4 - https:\/\/yoast.com\/product\/yoast-seo-wordpress\/ -->\n<title>Finalistas de la X Edici\u00f3n de Inspiraciencia - Colegio Salesiano Alcal\u00e1<\/title>\n<meta name=\"robots\" content=\"index, follow, max-snippet:-1, max-image-preview:large, max-video-preview:-1\" \/>\n<link rel=\"canonical\" href=\"https:\/\/alcala.salesianos.edu\/colegio\/blog\/2020\/10\/06\/finalistas-de-la-x-edicion-de-inspiraciencia-3\/\" \/>\n<meta property=\"og:locale\" content=\"es_ES\" \/>\n<meta property=\"og:type\" content=\"article\" \/>\n<meta property=\"og:title\" content=\"Finalistas de la X Edici\u00f3n de Inspiraciencia - Colegio Salesiano Alcal\u00e1\" \/>\n<meta property=\"og:description\" content=\"El alumno Juanmi Guerrero Pi\u00f1a y el profesor V\u00edctor Garz\u00f3n Machado, ser\u00e1n finalistas de la X edici\u00f3n del Concurso nacional de relatos de inspiraci\u00f3n cient\u00edfica &quot;Inspiraciencia&quot;.\u00a0\" \/>\n<meta property=\"og:url\" content=\"https:\/\/alcala.salesianos.edu\/colegio\/blog\/2020\/10\/06\/finalistas-de-la-x-edicion-de-inspiraciencia-3\/\" \/>\n<meta property=\"og:site_name\" content=\"Colegio Salesiano Alcal\u00e1\" \/>\n<meta property=\"article:published_time\" content=\"2020-10-06T16:43:04+00:00\" \/>\n<meta property=\"article:modified_time\" content=\"2025-08-27T07:51:13+00:00\" \/>\n<meta name=\"author\" content=\"Administrador Web\" \/>\n<meta name=\"twitter:card\" content=\"summary_large_image\" \/>\n<meta name=\"twitter:label1\" content=\"Escrito por\" \/>\n\t<meta name=\"twitter:data1\" content=\"Administrador Web\" \/>\n\t<meta name=\"twitter:label2\" content=\"Tiempo de lectura\" \/>\n\t<meta name=\"twitter:data2\" content=\"1 minuto\" \/>\n<script type=\"application\/ld+json\" class=\"yoast-schema-graph\">{\"@context\":\"https:\\\/\\\/schema.org\",\"@graph\":[{\"@type\":\"Article\",\"@id\":\"https:\\\/\\\/alcala.salesianos.edu\\\/colegio\\\/blog\\\/2020\\\/10\\\/06\\\/finalistas-de-la-x-edicion-de-inspiraciencia-3\\\/#article\",\"isPartOf\":{\"@id\":\"https:\\\/\\\/alcala.salesianos.edu\\\/colegio\\\/blog\\\/2020\\\/10\\\/06\\\/finalistas-de-la-x-edicion-de-inspiraciencia-3\\\/\"},\"author\":{\"name\":\"Administrador Web\",\"@id\":\"https:\\\/\\\/alcala.salesianos.edu\\\/colegio\\\/#\\\/schema\\\/person\\\/afcc24f776dc91fc2bf9afb0998fca77\"},\"headline\":\"Finalistas de la X Edici\u00f3n de Inspiraciencia\",\"datePublished\":\"2020-10-06T16:43:04+00:00\",\"dateModified\":\"2025-08-27T07:51:13+00:00\",\"mainEntityOfPage\":{\"@id\":\"https:\\\/\\\/alcala.salesianos.edu\\\/colegio\\\/blog\\\/2020\\\/10\\\/06\\\/finalistas-de-la-x-edicion-de-inspiraciencia-3\\\/\"},\"wordCount\":235,\"articleSection\":[\"Uncategorized\"],\"inLanguage\":\"es\"},{\"@type\":\"WebPage\",\"@id\":\"https:\\\/\\\/alcala.salesianos.edu\\\/colegio\\\/blog\\\/2020\\\/10\\\/06\\\/finalistas-de-la-x-edicion-de-inspiraciencia-3\\\/\",\"url\":\"https:\\\/\\\/alcala.salesianos.edu\\\/colegio\\\/blog\\\/2020\\\/10\\\/06\\\/finalistas-de-la-x-edicion-de-inspiraciencia-3\\\/\",\"name\":\"Finalistas de la X Edici\u00f3n de Inspiraciencia - Colegio Salesiano Alcal\u00e1\",\"isPartOf\":{\"@id\":\"https:\\\/\\\/alcala.salesianos.edu\\\/colegio\\\/#website\"},\"datePublished\":\"2020-10-06T16:43:04+00:00\",\"dateModified\":\"2025-08-27T07:51:13+00:00\",\"author\":{\"@id\":\"https:\\\/\\\/alcala.salesianos.edu\\\/colegio\\\/#\\\/schema\\\/person\\\/afcc24f776dc91fc2bf9afb0998fca77\"},\"breadcrumb\":{\"@id\":\"https:\\\/\\\/alcala.salesianos.edu\\\/colegio\\\/blog\\\/2020\\\/10\\\/06\\\/finalistas-de-la-x-edicion-de-inspiraciencia-3\\\/#breadcrumb\"},\"inLanguage\":\"es\",\"potentialAction\":[{\"@type\":\"ReadAction\",\"target\":[\"https:\\\/\\\/alcala.salesianos.edu\\\/colegio\\\/blog\\\/2020\\\/10\\\/06\\\/finalistas-de-la-x-edicion-de-inspiraciencia-3\\\/\"]}]},{\"@type\":\"BreadcrumbList\",\"@id\":\"https:\\\/\\\/alcala.salesianos.edu\\\/colegio\\\/blog\\\/2020\\\/10\\\/06\\\/finalistas-de-la-x-edicion-de-inspiraciencia-3\\\/#breadcrumb\",\"itemListElement\":[{\"@type\":\"ListItem\",\"position\":1,\"name\":\"Portada\",\"item\":\"https:\\\/\\\/alcala.salesianos.edu\\\/colegio\\\/\"},{\"@type\":\"ListItem\",\"position\":2,\"name\":\"Finalistas de la X Edici\u00f3n de Inspiraciencia\"}]},{\"@type\":\"WebSite\",\"@id\":\"https:\\\/\\\/alcala.salesianos.edu\\\/colegio\\\/#website\",\"url\":\"https:\\\/\\\/alcala.salesianos.edu\\\/colegio\\\/\",\"name\":\"Colegio Salesiano Alcal\u00e1\",\"description\":\"P\u00e1gina oficial de Salesianos Alcal\u00e1 de Guadaira\",\"potentialAction\":[{\"@type\":\"SearchAction\",\"target\":{\"@type\":\"EntryPoint\",\"urlTemplate\":\"https:\\\/\\\/alcala.salesianos.edu\\\/colegio\\\/?s={search_term_string}\"},\"query-input\":{\"@type\":\"PropertyValueSpecification\",\"valueRequired\":true,\"valueName\":\"search_term_string\"}}],\"inLanguage\":\"es\"},{\"@type\":\"Person\",\"@id\":\"https:\\\/\\\/alcala.salesianos.edu\\\/colegio\\\/#\\\/schema\\\/person\\\/afcc24f776dc91fc2bf9afb0998fca77\",\"name\":\"Administrador Web\",\"image\":{\"@type\":\"ImageObject\",\"inLanguage\":\"es\",\"@id\":\"https:\\\/\\\/secure.gravatar.com\\\/avatar\\\/bc157e994689bd6da9645c00aa3bc4d55b727915b6652642660db0aef086585f?s=96&d=mm&r=g\",\"url\":\"https:\\\/\\\/secure.gravatar.com\\\/avatar\\\/bc157e994689bd6da9645c00aa3bc4d55b727915b6652642660db0aef086585f?s=96&d=mm&r=g\",\"contentUrl\":\"https:\\\/\\\/secure.gravatar.com\\\/avatar\\\/bc157e994689bd6da9645c00aa3bc4d55b727915b6652642660db0aef086585f?s=96&d=mm&r=g\",\"caption\":\"Administrador Web\"}}]}<\/script>\n<!-- \/ Yoast SEO plugin. -->","yoast_head_json":{"title":"Finalistas de la X Edici\u00f3n de Inspiraciencia - Colegio Salesiano Alcal\u00e1","robots":{"index":"index","follow":"follow","max-snippet":"max-snippet:-1","max-image-preview":"max-image-preview:large","max-video-preview":"max-video-preview:-1"},"canonical":"https:\/\/alcala.salesianos.edu\/colegio\/blog\/2020\/10\/06\/finalistas-de-la-x-edicion-de-inspiraciencia-3\/","og_locale":"es_ES","og_type":"article","og_title":"Finalistas de la X Edici\u00f3n de Inspiraciencia - Colegio Salesiano Alcal\u00e1","og_description":"El alumno Juanmi Guerrero Pi\u00f1a y el profesor V\u00edctor Garz\u00f3n Machado, ser\u00e1n finalistas de la X edici\u00f3n del Concurso nacional de relatos de inspiraci\u00f3n cient\u00edfica \"Inspiraciencia\".\u00a0","og_url":"https:\/\/alcala.salesianos.edu\/colegio\/blog\/2020\/10\/06\/finalistas-de-la-x-edicion-de-inspiraciencia-3\/","og_site_name":"Colegio Salesiano Alcal\u00e1","article_published_time":"2020-10-06T16:43:04+00:00","article_modified_time":"2025-08-27T07:51:13+00:00","author":"Administrador Web","twitter_card":"summary_large_image","twitter_misc":{"Escrito por":"Administrador Web","Tiempo de lectura":"1 minuto"},"schema":{"@context":"https:\/\/schema.org","@graph":[{"@type":"Article","@id":"https:\/\/alcala.salesianos.edu\/colegio\/blog\/2020\/10\/06\/finalistas-de-la-x-edicion-de-inspiraciencia-3\/#article","isPartOf":{"@id":"https:\/\/alcala.salesianos.edu\/colegio\/blog\/2020\/10\/06\/finalistas-de-la-x-edicion-de-inspiraciencia-3\/"},"author":{"name":"Administrador Web","@id":"https:\/\/alcala.salesianos.edu\/colegio\/#\/schema\/person\/afcc24f776dc91fc2bf9afb0998fca77"},"headline":"Finalistas de la X Edici\u00f3n de Inspiraciencia","datePublished":"2020-10-06T16:43:04+00:00","dateModified":"2025-08-27T07:51:13+00:00","mainEntityOfPage":{"@id":"https:\/\/alcala.salesianos.edu\/colegio\/blog\/2020\/10\/06\/finalistas-de-la-x-edicion-de-inspiraciencia-3\/"},"wordCount":235,"articleSection":["Uncategorized"],"inLanguage":"es"},{"@type":"WebPage","@id":"https:\/\/alcala.salesianos.edu\/colegio\/blog\/2020\/10\/06\/finalistas-de-la-x-edicion-de-inspiraciencia-3\/","url":"https:\/\/alcala.salesianos.edu\/colegio\/blog\/2020\/10\/06\/finalistas-de-la-x-edicion-de-inspiraciencia-3\/","name":"Finalistas de la X Edici\u00f3n de Inspiraciencia - Colegio Salesiano Alcal\u00e1","isPartOf":{"@id":"https:\/\/alcala.salesianos.edu\/colegio\/#website"},"datePublished":"2020-10-06T16:43:04+00:00","dateModified":"2025-08-27T07:51:13+00:00","author":{"@id":"https:\/\/alcala.salesianos.edu\/colegio\/#\/schema\/person\/afcc24f776dc91fc2bf9afb0998fca77"},"breadcrumb":{"@id":"https:\/\/alcala.salesianos.edu\/colegio\/blog\/2020\/10\/06\/finalistas-de-la-x-edicion-de-inspiraciencia-3\/#breadcrumb"},"inLanguage":"es","potentialAction":[{"@type":"ReadAction","target":["https:\/\/alcala.salesianos.edu\/colegio\/blog\/2020\/10\/06\/finalistas-de-la-x-edicion-de-inspiraciencia-3\/"]}]},{"@type":"BreadcrumbList","@id":"https:\/\/alcala.salesianos.edu\/colegio\/blog\/2020\/10\/06\/finalistas-de-la-x-edicion-de-inspiraciencia-3\/#breadcrumb","itemListElement":[{"@type":"ListItem","position":1,"name":"Portada","item":"https:\/\/alcala.salesianos.edu\/colegio\/"},{"@type":"ListItem","position":2,"name":"Finalistas de la X Edici\u00f3n de Inspiraciencia"}]},{"@type":"WebSite","@id":"https:\/\/alcala.salesianos.edu\/colegio\/#website","url":"https:\/\/alcala.salesianos.edu\/colegio\/","name":"Colegio Salesiano Alcal\u00e1","description":"P\u00e1gina oficial de Salesianos Alcal\u00e1 de Guadaira","potentialAction":[{"@type":"SearchAction","target":{"@type":"EntryPoint","urlTemplate":"https:\/\/alcala.salesianos.edu\/colegio\/?s={search_term_string}"},"query-input":{"@type":"PropertyValueSpecification","valueRequired":true,"valueName":"search_term_string"}}],"inLanguage":"es"},{"@type":"Person","@id":"https:\/\/alcala.salesianos.edu\/colegio\/#\/schema\/person\/afcc24f776dc91fc2bf9afb0998fca77","name":"Administrador Web","image":{"@type":"ImageObject","inLanguage":"es","@id":"https:\/\/secure.gravatar.com\/avatar\/bc157e994689bd6da9645c00aa3bc4d55b727915b6652642660db0aef086585f?s=96&d=mm&r=g","url":"https:\/\/secure.gravatar.com\/avatar\/bc157e994689bd6da9645c00aa3bc4d55b727915b6652642660db0aef086585f?s=96&d=mm&r=g","contentUrl":"https:\/\/secure.gravatar.com\/avatar\/bc157e994689bd6da9645c00aa3bc4d55b727915b6652642660db0aef086585f?s=96&d=mm&r=g","caption":"Administrador Web"}}]}},"_links":{"self":[{"href":"https:\/\/alcala.salesianos.edu\/colegio\/wp-json\/wp\/v2\/posts\/12885","targetHints":{"allow":["GET"]}}],"collection":[{"href":"https:\/\/alcala.salesianos.edu\/colegio\/wp-json\/wp\/v2\/posts"}],"about":[{"href":"https:\/\/alcala.salesianos.edu\/colegio\/wp-json\/wp\/v2\/types\/post"}],"author":[{"embeddable":true,"href":"https:\/\/alcala.salesianos.edu\/colegio\/wp-json\/wp\/v2\/users\/2"}],"replies":[{"embeddable":true,"href":"https:\/\/alcala.salesianos.edu\/colegio\/wp-json\/wp\/v2\/comments?post=12885"}],"version-history":[{"count":1,"href":"https:\/\/alcala.salesianos.edu\/colegio\/wp-json\/wp\/v2\/posts\/12885\/revisions"}],"predecessor-version":[{"id":16728,"href":"https:\/\/alcala.salesianos.edu\/colegio\/wp-json\/wp\/v2\/posts\/12885\/revisions\/16728"}],"wp:attachment":[{"href":"https:\/\/alcala.salesianos.edu\/colegio\/wp-json\/wp\/v2\/media?parent=12885"}],"wp:term":[{"taxonomy":"category","embeddable":true,"href":"https:\/\/alcala.salesianos.edu\/colegio\/wp-json\/wp\/v2\/categories?post=12885"},{"taxonomy":"post_tag","embeddable":true,"href":"https:\/\/alcala.salesianos.edu\/colegio\/wp-json\/wp\/v2\/tags?post=12885"}],"curies":[{"name":"wp","href":"https:\/\/api.w.org\/{rel}","templated":true}]}}