{"id":12877,"date":"2020-10-05T23:04:18","date_gmt":"2020-10-05T22:04:18","guid":{"rendered":"https:\/\/alcala.salesianos.edu\/colegio\/blog\/2020\/10\/05\/la-inspectoria-salesiana-maria-auxiliadora-anuncia-la-suspension-de-la-comunidad-religiosa-de-alcala-de-guadaira-a-partir-del-proximo-curso\/"},"modified":"2025-08-27T08:51:14","modified_gmt":"2025-08-27T07:51:14","slug":"la-inspectoria-salesiana-maria-auxiliadora-anuncia-la-suspension-de-la-comunidad-religiosa-de-alcala-de-guadaira-a-partir-del-proximo-curso","status":"publish","type":"post","link":"https:\/\/alcala.salesianos.edu\/colegio\/blog\/2020\/10\/05\/la-inspectoria-salesiana-maria-auxiliadora-anuncia-la-suspension-de-la-comunidad-religiosa-de-alcala-de-guadaira-a-partir-del-proximo-curso\/","title":{"rendered":"Informaci\u00f3n organizativa del curso 2021\/2022"},"content":{"rendered":"<div id=\"fb-root\"><\/div>\n<p>[et_pb_section bb_built=\u00bb1&#8243; _builder_version=\u00bb4.5.8&#8243; _module_preset=\u00bbdefault\u00bb][et_pb_row _builder_version=\u00bb4.5.8&#8243; _module_preset=\u00bbdefault\u00bb][et_pb_column type=\u00bb4_4&#8243; _builder_version=\u00bb4.5.8&#8243; _module_preset=\u00bbdefault\u00bb][et_pb_image _builder_version=\u00bb4.5.8&#8243; _module_preset=\u00bbdefault\u00bb title_text=\u00bbSalesianosAlcala\u00bb src=\u00bbhttps:\/\/alcala.salesianos.edu\/wp-content\/uploads\/2020\/10\/SalesianosAlcala.jpg\u00bb hover_enabled=\u00bb0&#8243; box_shadow_horizontal_tablet=\u00bb0px\u00bb box_shadow_vertical_tablet=\u00bb0px\u00bb box_shadow_blur_tablet=\u00bb40px\u00bb box_shadow_spread_tablet=\u00bb0px\u00bb vertical_offset_tablet=\u00bb0&#8243; horizontal_offset_tablet=\u00bb0&#8243; z_index_tablet=\u00bb0&#8243;]<\/p>\n<p><\/p>\n<p>[\/et_pb_image][et_pb_text _builder_version=\u00bb4.5.8&#8243; _module_preset=\u00bbdefault\u00bb hover_enabled=\u00bb0&#8243; text_text_shadow_horizontal_length=\u00bbtext_text_shadow_style,%91object Object%93&#8243; text_text_shadow_horizontal_length_tablet=\u00bb0px\u00bb text_text_shadow_vertical_length=\u00bbtext_text_shadow_style,%91object Object%93&#8243; text_text_shadow_vertical_length_tablet=\u00bb0px\u00bb text_text_shadow_blur_strength=\u00bbtext_text_shadow_style,%91object Object%93&#8243; text_text_shadow_blur_strength_tablet=\u00bb1px\u00bb link_text_shadow_horizontal_length=\u00bblink_text_shadow_style,%91object Object%93&#8243; link_text_shadow_horizontal_length_tablet=\u00bb0px\u00bb link_text_shadow_vertical_length=\u00bblink_text_shadow_style,%91object Object%93&#8243; link_text_shadow_vertical_length_tablet=\u00bb0px\u00bb link_text_shadow_blur_strength=\u00bblink_text_shadow_style,%91object Object%93&#8243; link_text_shadow_blur_strength_tablet=\u00bb1px\u00bb ul_text_shadow_horizontal_length=\u00bbul_text_shadow_style,%91object Object%93&#8243; ul_text_shadow_horizontal_length_tablet=\u00bb0px\u00bb ul_text_shadow_vertical_length=\u00bbul_text_shadow_style,%91object Object%93&#8243; ul_text_shadow_vertical_length_tablet=\u00bb0px\u00bb ul_text_shadow_blur_strength=\u00bbul_text_shadow_style,%91object Object%93&#8243; ul_text_shadow_blur_strength_tablet=\u00bb1px\u00bb ol_text_shadow_horizontal_length=\u00bbol_text_shadow_style,%91object Object%93&#8243; ol_text_shadow_horizontal_length_tablet=\u00bb0px\u00bb ol_text_shadow_vertical_length=\u00bbol_text_shadow_style,%91object Object%93&#8243; ol_text_shadow_vertical_length_tablet=\u00bb0px\u00bb ol_text_shadow_blur_strength=\u00bbol_text_shadow_style,%91object Object%93&#8243; ol_text_shadow_blur_strength_tablet=\u00bb1px\u00bb quote_text_shadow_horizontal_length=\u00bbquote_text_shadow_style,%91object Object%93&#8243; quote_text_shadow_horizontal_length_tablet=\u00bb0px\u00bb quote_text_shadow_vertical_length=\u00bbquote_text_shadow_style,%91object Object%93&#8243; quote_text_shadow_vertical_length_tablet=\u00bb0px\u00bb quote_text_shadow_blur_strength=\u00bbquote_text_shadow_style,%91object Object%93&#8243; quote_text_shadow_blur_strength_tablet=\u00bb1px\u00bb header_text_shadow_horizontal_length=\u00bbheader_text_shadow_style,%91object Object%93&#8243; header_text_shadow_horizontal_length_tablet=\u00bb0px\u00bb header_text_shadow_vertical_length=\u00bbheader_text_shadow_style,%91object Object%93&#8243; header_text_shadow_vertical_length_tablet=\u00bb0px\u00bb header_text_shadow_blur_strength=\u00bbheader_text_shadow_style,%91object Object%93&#8243; header_text_shadow_blur_strength_tablet=\u00bb1px\u00bb header_2_text_shadow_horizontal_length=\u00bbheader_2_text_shadow_style,%91object Object%93&#8243; header_2_text_shadow_horizontal_length_tablet=\u00bb0px\u00bb header_2_text_shadow_vertical_length=\u00bbheader_2_text_shadow_style,%91object Object%93&#8243; header_2_text_shadow_vertical_length_tablet=\u00bb0px\u00bb header_2_text_shadow_blur_strength=\u00bbheader_2_text_shadow_style,%91object Object%93&#8243; header_2_text_shadow_blur_strength_tablet=\u00bb1px\u00bb header_3_text_shadow_horizontal_length=\u00bbheader_3_text_shadow_style,%91object Object%93&#8243; header_3_text_shadow_horizontal_length_tablet=\u00bb0px\u00bb header_3_text_shadow_vertical_length=\u00bbheader_3_text_shadow_style,%91object Object%93&#8243; header_3_text_shadow_vertical_length_tablet=\u00bb0px\u00bb header_3_text_shadow_blur_strength=\u00bbheader_3_text_shadow_style,%91object Object%93&#8243; header_3_text_shadow_blur_strength_tablet=\u00bb1px\u00bb header_4_text_shadow_horizontal_length=\u00bbheader_4_text_shadow_style,%91object Object%93&#8243; header_4_text_shadow_horizontal_length_tablet=\u00bb0px\u00bb header_4_text_shadow_vertical_length=\u00bbheader_4_text_shadow_style,%91object Object%93&#8243; header_4_text_shadow_vertical_length_tablet=\u00bb0px\u00bb header_4_text_shadow_blur_strength=\u00bbheader_4_text_shadow_style,%91object Object%93&#8243; header_4_text_shadow_blur_strength_tablet=\u00bb1px\u00bb header_5_text_shadow_horizontal_length=\u00bbheader_5_text_shadow_style,%91object Object%93&#8243; header_5_text_shadow_horizontal_length_tablet=\u00bb0px\u00bb header_5_text_shadow_vertical_length=\u00bbheader_5_text_shadow_style,%91object Object%93&#8243; header_5_text_shadow_vertical_length_tablet=\u00bb0px\u00bb header_5_text_shadow_blur_strength=\u00bbheader_5_text_shadow_style,%91object Object%93&#8243; header_5_text_shadow_blur_strength_tablet=\u00bb1px\u00bb header_6_text_shadow_horizontal_length=\u00bbheader_6_text_shadow_style,%91object Object%93&#8243; header_6_text_shadow_horizontal_length_tablet=\u00bb0px\u00bb header_6_text_shadow_vertical_length=\u00bbheader_6_text_shadow_style,%91object Object%93&#8243; header_6_text_shadow_vertical_length_tablet=\u00bb0px\u00bb header_6_text_shadow_blur_strength=\u00bbheader_6_text_shadow_style,%91object Object%93&#8243; header_6_text_shadow_blur_strength_tablet=\u00bb1px\u00bb box_shadow_horizontal_tablet=\u00bb0px\u00bb box_shadow_vertical_tablet=\u00bb0px\u00bb box_shadow_blur_tablet=\u00bb40px\u00bb box_shadow_spread_tablet=\u00bb0px\u00bb vertical_offset_tablet=\u00bb0&#8243; horizontal_offset_tablet=\u00bb0&#8243; z_index_tablet=\u00bb0&#8243;]<\/p>\n<div class=\"et_pb_module et_pb_text et_pb_text_3 et_pb_text_align_left et_pb_bg_layout_light\">\n<div class=\"et_pb_text_inner\"><em><strong>La presencia salesiana, as\u00ed como toda su actividad educativa, pastoral y el carisma de Don Bosco, seguir\u00e1n vigentes, desarroll\u00e1ndose y garantiz\u00e1ndose en la ciudad de Alcal\u00e1 de Guada\u00edra. La Comunidad de Salesianos religiosos no habitar\u00e1 en la Casa de Alcal\u00e1.<\/strong> <\/em><\/div>\n<div>\u00a0<\/div>\n<\/div>\n<div class=\"et_pb_module et_pb_text et_pb_text_4 et_pb_text_align_left et_pb_bg_layout_light\">\n<div class=\"et_pb_text_inner\">\n<p>En la tarde del 5 de octubre se anunci\u00f3 la\u00a0<strong>suspensi\u00f3n de la comunidad religiosa de Alcal\u00e1 de Guada\u00edra<\/strong>\u00a0tras un encuentro celebrado entre \u00c1ngel Asurmendi, Provincial de la Inspector\u00eda Salesiana Mar\u00eda Auxiliadora, y los salesianos, al que sigui\u00f3 la reuni\u00f3n con el consejo de la Comunidad Educativo Pastoral.\u00a0<\/p>\n<p>La decisi\u00f3n se enmarca en la\u00a0<strong>reorganizaci\u00f3n de las presencias salesianas de Espa\u00f1a iniciada en 2014 y es el resultado de un largo proceso de discernimiento dentro del Consejo Inspectorial, <\/strong>iluminado por las orientaciones aportadas en el \u00faltimo Cap\u00edtulo Inspectorial y por las indicaciones del Rector Mayor de la Congregaci\u00f3n que invitaba \u201c<em>a concretar el plan para seguir definiendo, significando y redimensionando las casas y comunidades, a fin de responder a la realidad que vivimos y as\u00ed poder garantizar un buen trabajo pastoral, asegurando de este modo una adecuada dimensi\u00f3n cualitativa y cuantitativa de las comunidades\u201d.<\/em><\/p>\n<p>A partir de ahora\u00a0<strong>comienza el proceso de acompa\u00f1amiento y preparaci\u00f3n de la salida de la comunidad religiosa de\u00a0la localidad, adem\u00e1s del proceso de comunicaci\u00f3n a las diferentes autoridades eclesi\u00e1sticas y civiles<\/strong>, inici\u00e1ndose el camino para que en el curso 2021\/22 la casa salesiana alcalare\u00f1a\u00a0<strong>comience a funcionar como una obra salesiana de gesti\u00f3n laical.<\/strong><\/p>\n<p>\u00abLa presencia de los salesianos en diferentes labores de acompa\u00f1amiento y animaci\u00f3n pastoral, as\u00ed como la organizaci\u00f3n de los \u00f3rganos de animaci\u00f3n necesarios en la obra son algunos de los aspectos que, a lo largo de este curso 2020-2021, se tendr\u00e1n que ir perfilando mediante la reflexi\u00f3n de la comunidad salesiana, el acompa\u00f1amiento del consejo inspectorial y los servicios inspectoriales\u00bb, compart\u00eda Asurmendi en su comunicaci\u00f3n donde daba diferentes detalles sobre este proceso de reestructuraci\u00f3n.<\/p>\n<p>La comunidad salesiana dejar\u00e1 de estar presente en Alcal\u00e1 de Guada\u00edra tras 106\u00a0a\u00f1os, pero\u00a0<strong>la misi\u00f3n y carisma\u00a0seguir\u00e1n encarnados en la obra y en una comunidad educativa que permanecer\u00e1n al servicio de los j\u00f3venes<\/strong><strong>,<\/strong>\u00a0con el estilo de Don Bosco, como\u00a0<strong>fiel reflejo del deseo iniciado por do\u00f1a Virginia Belloc y don Pedro Ricaldone a\u00a0principios del siglo pasado.<\/strong><\/p>\n<p>Una historia que sigue avanzando con la apertura de esta nueva etapa. Un proyecto firme con ra\u00edces profundas que se consolidar\u00e1 sobre la devoci\u00f3n a Mar\u00eda Auxiliadora Coronada, hoy fuertemente afianzada en Alcal\u00e1 de Guada\u00edra, que seguir\u00e1 acompa\u00f1ando este camino y a todos los que forman esta comunidad educativa.<\/p>\n<\/div>\n<\/div>\n<p>[\/et_pb_text][\/et_pb_column][\/et_pb_row][\/et_pb_section]<\/p>\n","protected":false},"excerpt":{"rendered":"<p>La presencia salesiana, as\u00ed como toda su actividad educativa, pastoral y el carisma de Don Bosco, seguir\u00e1n vigentes, desarroll\u00e1ndose y garantiz\u00e1ndose en la ciudad de Alcal\u00e1 de Guada\u00edra. La Comunidad de Salesianos religiosos no habitar\u00e1 en la Casa de Alcal\u00e1. <\/p>\n","protected":false},"author":2,"featured_media":12878,"comment_status":"closed","ping_status":"open","sticky":false,"template":"","format":"standard","meta":{"_et_pb_use_builder":"on","_et_pb_old_content":"","_et_gb_content_width":"","footnotes":""},"categories":[1],"tags":[],"class_list":["post-12877","post","type-post","status-publish","format-standard","has-post-thumbnail","hentry","category-uncategorized"],"yoast_head":"<!-- This site is optimized with the Yoast SEO plugin v28.4 - https:\/\/yoast.com\/product\/yoast-seo-wordpress\/ -->\n<title>Informaci\u00f3n organizativa del curso 2021\/2022 - Colegio Salesiano Alcal\u00e1<\/title>\n<meta name=\"robots\" content=\"index, follow, max-snippet:-1, max-image-preview:large, max-video-preview:-1\" \/>\n<link rel=\"canonical\" href=\"https:\/\/alcala.salesianos.edu\/colegio\/blog\/2020\/10\/05\/la-inspectoria-salesiana-maria-auxiliadora-anuncia-la-suspension-de-la-comunidad-religiosa-de-alcala-de-guadaira-a-partir-del-proximo-curso\/\" \/>\n<meta property=\"og:locale\" content=\"es_ES\" \/>\n<meta property=\"og:type\" content=\"article\" \/>\n<meta property=\"og:title\" content=\"Informaci\u00f3n organizativa del curso 2021\/2022 - Colegio Salesiano Alcal\u00e1\" \/>\n<meta property=\"og:description\" content=\"La presencia salesiana, as\u00ed como toda su actividad educativa, pastoral y el carisma de Don Bosco, seguir\u00e1n vigentes, desarroll\u00e1ndose y garantiz\u00e1ndose en la ciudad de Alcal\u00e1 de Guada\u00edra. La Comunidad de Salesianos religiosos no habitar\u00e1 en la Casa de Alcal\u00e1.\" \/>\n<meta property=\"og:url\" content=\"https:\/\/alcala.salesianos.edu\/colegio\/blog\/2020\/10\/05\/la-inspectoria-salesiana-maria-auxiliadora-anuncia-la-suspension-de-la-comunidad-religiosa-de-alcala-de-guadaira-a-partir-del-proximo-curso\/\" \/>\n<meta property=\"og:site_name\" content=\"Colegio Salesiano Alcal\u00e1\" \/>\n<meta property=\"article:published_time\" content=\"2020-10-05T22:04:18+00:00\" \/>\n<meta property=\"article:modified_time\" content=\"2025-08-27T07:51:14+00:00\" \/>\n<meta property=\"og:image\" content=\"https:\/\/alcala.salesianos.edu\/colegio\/wp-content\/uploads\/sites\/2\/2020\/10\/SalesianosAlcala.jpg\" \/>\n\t<meta property=\"og:image:width\" content=\"1\" \/>\n\t<meta property=\"og:image:height\" content=\"1\" \/>\n\t<meta property=\"og:image:type\" content=\"image\/jpeg\" \/>\n<meta name=\"author\" content=\"Administrador Web\" \/>\n<meta name=\"twitter:card\" content=\"summary_large_image\" \/>\n<meta name=\"twitter:label1\" content=\"Escrito por\" \/>\n\t<meta name=\"twitter:data1\" content=\"Administrador Web\" \/>\n\t<meta name=\"twitter:label2\" content=\"Tiempo de lectura\" \/>\n\t<meta name=\"twitter:data2\" content=\"6 minutos\" \/>\n<script type=\"application\/ld+json\" class=\"yoast-schema-graph\">{\"@context\":\"https:\\\/\\\/schema.org\",\"@graph\":[{\"@type\":\"Article\",\"@id\":\"https:\\\/\\\/alcala.salesianos.edu\\\/colegio\\\/blog\\\/2020\\\/10\\\/05\\\/la-inspectoria-salesiana-maria-auxiliadora-anuncia-la-suspension-de-la-comunidad-religiosa-de-alcala-de-guadaira-a-partir-del-proximo-curso\\\/#article\",\"isPartOf\":{\"@id\":\"https:\\\/\\\/alcala.salesianos.edu\\\/colegio\\\/blog\\\/2020\\\/10\\\/05\\\/la-inspectoria-salesiana-maria-auxiliadora-anuncia-la-suspension-de-la-comunidad-religiosa-de-alcala-de-guadaira-a-partir-del-proximo-curso\\\/\"},\"author\":{\"name\":\"Administrador Web\",\"@id\":\"https:\\\/\\\/alcala.salesianos.edu\\\/colegio\\\/#\\\/schema\\\/person\\\/afcc24f776dc91fc2bf9afb0998fca77\"},\"headline\":\"Informaci\u00f3n organizativa del curso 2021\\\/2022\",\"datePublished\":\"2020-10-05T22:04:18+00:00\",\"dateModified\":\"2025-08-27T07:51:14+00:00\",\"mainEntityOfPage\":{\"@id\":\"https:\\\/\\\/alcala.salesianos.edu\\\/colegio\\\/blog\\\/2020\\\/10\\\/05\\\/la-inspectoria-salesiana-maria-auxiliadora-anuncia-la-suspension-de-la-comunidad-religiosa-de-alcala-de-guadaira-a-partir-del-proximo-curso\\\/\"},\"wordCount\":1197,\"image\":{\"@id\":\"https:\\\/\\\/alcala.salesianos.edu\\\/colegio\\\/blog\\\/2020\\\/10\\\/05\\\/la-inspectoria-salesiana-maria-auxiliadora-anuncia-la-suspension-de-la-comunidad-religiosa-de-alcala-de-guadaira-a-partir-del-proximo-curso\\\/#primaryimage\"},\"thumbnailUrl\":\"https:\\\/\\\/alcala.salesianos.edu\\\/colegio\\\/wp-content\\\/uploads\\\/sites\\\/2\\\/2020\\\/10\\\/SalesianosAlcala.jpg\",\"articleSection\":[\"Uncategorized\"],\"inLanguage\":\"es\"},{\"@type\":\"WebPage\",\"@id\":\"https:\\\/\\\/alcala.salesianos.edu\\\/colegio\\\/blog\\\/2020\\\/10\\\/05\\\/la-inspectoria-salesiana-maria-auxiliadora-anuncia-la-suspension-de-la-comunidad-religiosa-de-alcala-de-guadaira-a-partir-del-proximo-curso\\\/\",\"url\":\"https:\\\/\\\/alcala.salesianos.edu\\\/colegio\\\/blog\\\/2020\\\/10\\\/05\\\/la-inspectoria-salesiana-maria-auxiliadora-anuncia-la-suspension-de-la-comunidad-religiosa-de-alcala-de-guadaira-a-partir-del-proximo-curso\\\/\",\"name\":\"Informaci\u00f3n organizativa del curso 2021\\\/2022 - Colegio Salesiano Alcal\u00e1\",\"isPartOf\":{\"@id\":\"https:\\\/\\\/alcala.salesianos.edu\\\/colegio\\\/#website\"},\"primaryImageOfPage\":{\"@id\":\"https:\\\/\\\/alcala.salesianos.edu\\\/colegio\\\/blog\\\/2020\\\/10\\\/05\\\/la-inspectoria-salesiana-maria-auxiliadora-anuncia-la-suspension-de-la-comunidad-religiosa-de-alcala-de-guadaira-a-partir-del-proximo-curso\\\/#primaryimage\"},\"image\":{\"@id\":\"https:\\\/\\\/alcala.salesianos.edu\\\/colegio\\\/blog\\\/2020\\\/10\\\/05\\\/la-inspectoria-salesiana-maria-auxiliadora-anuncia-la-suspension-de-la-comunidad-religiosa-de-alcala-de-guadaira-a-partir-del-proximo-curso\\\/#primaryimage\"},\"thumbnailUrl\":\"https:\\\/\\\/alcala.salesianos.edu\\\/colegio\\\/wp-content\\\/uploads\\\/sites\\\/2\\\/2020\\\/10\\\/SalesianosAlcala.jpg\",\"datePublished\":\"2020-10-05T22:04:18+00:00\",\"dateModified\":\"2025-08-27T07:51:14+00:00\",\"author\":{\"@id\":\"https:\\\/\\\/alcala.salesianos.edu\\\/colegio\\\/#\\\/schema\\\/person\\\/afcc24f776dc91fc2bf9afb0998fca77\"},\"breadcrumb\":{\"@id\":\"https:\\\/\\\/alcala.salesianos.edu\\\/colegio\\\/blog\\\/2020\\\/10\\\/05\\\/la-inspectoria-salesiana-maria-auxiliadora-anuncia-la-suspension-de-la-comunidad-religiosa-de-alcala-de-guadaira-a-partir-del-proximo-curso\\\/#breadcrumb\"},\"inLanguage\":\"es\",\"potentialAction\":[{\"@type\":\"ReadAction\",\"target\":[\"https:\\\/\\\/alcala.salesianos.edu\\\/colegio\\\/blog\\\/2020\\\/10\\\/05\\\/la-inspectoria-salesiana-maria-auxiliadora-anuncia-la-suspension-de-la-comunidad-religiosa-de-alcala-de-guadaira-a-partir-del-proximo-curso\\\/\"]}]},{\"@type\":\"ImageObject\",\"inLanguage\":\"es\",\"@id\":\"https:\\\/\\\/alcala.salesianos.edu\\\/colegio\\\/blog\\\/2020\\\/10\\\/05\\\/la-inspectoria-salesiana-maria-auxiliadora-anuncia-la-suspension-de-la-comunidad-religiosa-de-alcala-de-guadaira-a-partir-del-proximo-curso\\\/#primaryimage\",\"url\":\"https:\\\/\\\/alcala.salesianos.edu\\\/colegio\\\/wp-content\\\/uploads\\\/sites\\\/2\\\/2020\\\/10\\\/SalesianosAlcala.jpg\",\"contentUrl\":\"https:\\\/\\\/alcala.salesianos.edu\\\/colegio\\\/wp-content\\\/uploads\\\/sites\\\/2\\\/2020\\\/10\\\/SalesianosAlcala.jpg\"},{\"@type\":\"BreadcrumbList\",\"@id\":\"https:\\\/\\\/alcala.salesianos.edu\\\/colegio\\\/blog\\\/2020\\\/10\\\/05\\\/la-inspectoria-salesiana-maria-auxiliadora-anuncia-la-suspension-de-la-comunidad-religiosa-de-alcala-de-guadaira-a-partir-del-proximo-curso\\\/#breadcrumb\",\"itemListElement\":[{\"@type\":\"ListItem\",\"position\":1,\"name\":\"Portada\",\"item\":\"https:\\\/\\\/alcala.salesianos.edu\\\/colegio\\\/\"},{\"@type\":\"ListItem\",\"position\":2,\"name\":\"Informaci\u00f3n organizativa del curso 2021\\\/2022\"}]},{\"@type\":\"WebSite\",\"@id\":\"https:\\\/\\\/alcala.salesianos.edu\\\/colegio\\\/#website\",\"url\":\"https:\\\/\\\/alcala.salesianos.edu\\\/colegio\\\/\",\"name\":\"Colegio Salesiano Alcal\u00e1\",\"description\":\"P\u00e1gina oficial de Salesianos Alcal\u00e1 de Guadaira\",\"potentialAction\":[{\"@type\":\"SearchAction\",\"target\":{\"@type\":\"EntryPoint\",\"urlTemplate\":\"https:\\\/\\\/alcala.salesianos.edu\\\/colegio\\\/?s={search_term_string}\"},\"query-input\":{\"@type\":\"PropertyValueSpecification\",\"valueRequired\":true,\"valueName\":\"search_term_string\"}}],\"inLanguage\":\"es\"},{\"@type\":\"Person\",\"@id\":\"https:\\\/\\\/alcala.salesianos.edu\\\/colegio\\\/#\\\/schema\\\/person\\\/afcc24f776dc91fc2bf9afb0998fca77\",\"name\":\"Administrador Web\",\"image\":{\"@type\":\"ImageObject\",\"inLanguage\":\"es\",\"@id\":\"https:\\\/\\\/secure.gravatar.com\\\/avatar\\\/bc157e994689bd6da9645c00aa3bc4d55b727915b6652642660db0aef086585f?s=96&d=mm&r=g\",\"url\":\"https:\\\/\\\/secure.gravatar.com\\\/avatar\\\/bc157e994689bd6da9645c00aa3bc4d55b727915b6652642660db0aef086585f?s=96&d=mm&r=g\",\"contentUrl\":\"https:\\\/\\\/secure.gravatar.com\\\/avatar\\\/bc157e994689bd6da9645c00aa3bc4d55b727915b6652642660db0aef086585f?s=96&d=mm&r=g\",\"caption\":\"Administrador Web\"}}]}<\/script>\n<!-- \/ Yoast SEO plugin. -->","yoast_head_json":{"title":"Informaci\u00f3n organizativa del curso 2021\/2022 - Colegio Salesiano Alcal\u00e1","robots":{"index":"index","follow":"follow","max-snippet":"max-snippet:-1","max-image-preview":"max-image-preview:large","max-video-preview":"max-video-preview:-1"},"canonical":"https:\/\/alcala.salesianos.edu\/colegio\/blog\/2020\/10\/05\/la-inspectoria-salesiana-maria-auxiliadora-anuncia-la-suspension-de-la-comunidad-religiosa-de-alcala-de-guadaira-a-partir-del-proximo-curso\/","og_locale":"es_ES","og_type":"article","og_title":"Informaci\u00f3n organizativa del curso 2021\/2022 - Colegio Salesiano Alcal\u00e1","og_description":"La presencia salesiana, as\u00ed como toda su actividad educativa, pastoral y el carisma de Don Bosco, seguir\u00e1n vigentes, desarroll\u00e1ndose y garantiz\u00e1ndose en la ciudad de Alcal\u00e1 de Guada\u00edra. La Comunidad de Salesianos religiosos no habitar\u00e1 en la Casa de Alcal\u00e1.","og_url":"https:\/\/alcala.salesianos.edu\/colegio\/blog\/2020\/10\/05\/la-inspectoria-salesiana-maria-auxiliadora-anuncia-la-suspension-de-la-comunidad-religiosa-de-alcala-de-guadaira-a-partir-del-proximo-curso\/","og_site_name":"Colegio Salesiano Alcal\u00e1","article_published_time":"2020-10-05T22:04:18+00:00","article_modified_time":"2025-08-27T07:51:14+00:00","og_image":[{"url":"https:\/\/alcala.salesianos.edu\/colegio\/wp-content\/uploads\/sites\/2\/2020\/10\/SalesianosAlcala.jpg","width":1,"height":1,"type":"image\/jpeg"}],"author":"Administrador Web","twitter_card":"summary_large_image","twitter_misc":{"Escrito por":"Administrador Web","Tiempo de lectura":"6 minutos"},"schema":{"@context":"https:\/\/schema.org","@graph":[{"@type":"Article","@id":"https:\/\/alcala.salesianos.edu\/colegio\/blog\/2020\/10\/05\/la-inspectoria-salesiana-maria-auxiliadora-anuncia-la-suspension-de-la-comunidad-religiosa-de-alcala-de-guadaira-a-partir-del-proximo-curso\/#article","isPartOf":{"@id":"https:\/\/alcala.salesianos.edu\/colegio\/blog\/2020\/10\/05\/la-inspectoria-salesiana-maria-auxiliadora-anuncia-la-suspension-de-la-comunidad-religiosa-de-alcala-de-guadaira-a-partir-del-proximo-curso\/"},"author":{"name":"Administrador Web","@id":"https:\/\/alcala.salesianos.edu\/colegio\/#\/schema\/person\/afcc24f776dc91fc2bf9afb0998fca77"},"headline":"Informaci\u00f3n organizativa del curso 2021\/2022","datePublished":"2020-10-05T22:04:18+00:00","dateModified":"2025-08-27T07:51:14+00:00","mainEntityOfPage":{"@id":"https:\/\/alcala.salesianos.edu\/colegio\/blog\/2020\/10\/05\/la-inspectoria-salesiana-maria-auxiliadora-anuncia-la-suspension-de-la-comunidad-religiosa-de-alcala-de-guadaira-a-partir-del-proximo-curso\/"},"wordCount":1197,"image":{"@id":"https:\/\/alcala.salesianos.edu\/colegio\/blog\/2020\/10\/05\/la-inspectoria-salesiana-maria-auxiliadora-anuncia-la-suspension-de-la-comunidad-religiosa-de-alcala-de-guadaira-a-partir-del-proximo-curso\/#primaryimage"},"thumbnailUrl":"https:\/\/alcala.salesianos.edu\/colegio\/wp-content\/uploads\/sites\/2\/2020\/10\/SalesianosAlcala.jpg","articleSection":["Uncategorized"],"inLanguage":"es"},{"@type":"WebPage","@id":"https:\/\/alcala.salesianos.edu\/colegio\/blog\/2020\/10\/05\/la-inspectoria-salesiana-maria-auxiliadora-anuncia-la-suspension-de-la-comunidad-religiosa-de-alcala-de-guadaira-a-partir-del-proximo-curso\/","url":"https:\/\/alcala.salesianos.edu\/colegio\/blog\/2020\/10\/05\/la-inspectoria-salesiana-maria-auxiliadora-anuncia-la-suspension-de-la-comunidad-religiosa-de-alcala-de-guadaira-a-partir-del-proximo-curso\/","name":"Informaci\u00f3n organizativa del curso 2021\/2022 - Colegio Salesiano Alcal\u00e1","isPartOf":{"@id":"https:\/\/alcala.salesianos.edu\/colegio\/#website"},"primaryImageOfPage":{"@id":"https:\/\/alcala.salesianos.edu\/colegio\/blog\/2020\/10\/05\/la-inspectoria-salesiana-maria-auxiliadora-anuncia-la-suspension-de-la-comunidad-religiosa-de-alcala-de-guadaira-a-partir-del-proximo-curso\/#primaryimage"},"image":{"@id":"https:\/\/alcala.salesianos.edu\/colegio\/blog\/2020\/10\/05\/la-inspectoria-salesiana-maria-auxiliadora-anuncia-la-suspension-de-la-comunidad-religiosa-de-alcala-de-guadaira-a-partir-del-proximo-curso\/#primaryimage"},"thumbnailUrl":"https:\/\/alcala.salesianos.edu\/colegio\/wp-content\/uploads\/sites\/2\/2020\/10\/SalesianosAlcala.jpg","datePublished":"2020-10-05T22:04:18+00:00","dateModified":"2025-08-27T07:51:14+00:00","author":{"@id":"https:\/\/alcala.salesianos.edu\/colegio\/#\/schema\/person\/afcc24f776dc91fc2bf9afb0998fca77"},"breadcrumb":{"@id":"https:\/\/alcala.salesianos.edu\/colegio\/blog\/2020\/10\/05\/la-inspectoria-salesiana-maria-auxiliadora-anuncia-la-suspension-de-la-comunidad-religiosa-de-alcala-de-guadaira-a-partir-del-proximo-curso\/#breadcrumb"},"inLanguage":"es","potentialAction":[{"@type":"ReadAction","target":["https:\/\/alcala.salesianos.edu\/colegio\/blog\/2020\/10\/05\/la-inspectoria-salesiana-maria-auxiliadora-anuncia-la-suspension-de-la-comunidad-religiosa-de-alcala-de-guadaira-a-partir-del-proximo-curso\/"]}]},{"@type":"ImageObject","inLanguage":"es","@id":"https:\/\/alcala.salesianos.edu\/colegio\/blog\/2020\/10\/05\/la-inspectoria-salesiana-maria-auxiliadora-anuncia-la-suspension-de-la-comunidad-religiosa-de-alcala-de-guadaira-a-partir-del-proximo-curso\/#primaryimage","url":"https:\/\/alcala.salesianos.edu\/colegio\/wp-content\/uploads\/sites\/2\/2020\/10\/SalesianosAlcala.jpg","contentUrl":"https:\/\/alcala.salesianos.edu\/colegio\/wp-content\/uploads\/sites\/2\/2020\/10\/SalesianosAlcala.jpg"},{"@type":"BreadcrumbList","@id":"https:\/\/alcala.salesianos.edu\/colegio\/blog\/2020\/10\/05\/la-inspectoria-salesiana-maria-auxiliadora-anuncia-la-suspension-de-la-comunidad-religiosa-de-alcala-de-guadaira-a-partir-del-proximo-curso\/#breadcrumb","itemListElement":[{"@type":"ListItem","position":1,"name":"Portada","item":"https:\/\/alcala.salesianos.edu\/colegio\/"},{"@type":"ListItem","position":2,"name":"Informaci\u00f3n organizativa del curso 2021\/2022"}]},{"@type":"WebSite","@id":"https:\/\/alcala.salesianos.edu\/colegio\/#website","url":"https:\/\/alcala.salesianos.edu\/colegio\/","name":"Colegio Salesiano Alcal\u00e1","description":"P\u00e1gina oficial de Salesianos Alcal\u00e1 de Guadaira","potentialAction":[{"@type":"SearchAction","target":{"@type":"EntryPoint","urlTemplate":"https:\/\/alcala.salesianos.edu\/colegio\/?s={search_term_string}"},"query-input":{"@type":"PropertyValueSpecification","valueRequired":true,"valueName":"search_term_string"}}],"inLanguage":"es"},{"@type":"Person","@id":"https:\/\/alcala.salesianos.edu\/colegio\/#\/schema\/person\/afcc24f776dc91fc2bf9afb0998fca77","name":"Administrador Web","image":{"@type":"ImageObject","inLanguage":"es","@id":"https:\/\/secure.gravatar.com\/avatar\/bc157e994689bd6da9645c00aa3bc4d55b727915b6652642660db0aef086585f?s=96&d=mm&r=g","url":"https:\/\/secure.gravatar.com\/avatar\/bc157e994689bd6da9645c00aa3bc4d55b727915b6652642660db0aef086585f?s=96&d=mm&r=g","contentUrl":"https:\/\/secure.gravatar.com\/avatar\/bc157e994689bd6da9645c00aa3bc4d55b727915b6652642660db0aef086585f?s=96&d=mm&r=g","caption":"Administrador Web"}}]}},"_links":{"self":[{"href":"https:\/\/alcala.salesianos.edu\/colegio\/wp-json\/wp\/v2\/posts\/12877","targetHints":{"allow":["GET"]}}],"collection":[{"href":"https:\/\/alcala.salesianos.edu\/colegio\/wp-json\/wp\/v2\/posts"}],"about":[{"href":"https:\/\/alcala.salesianos.edu\/colegio\/wp-json\/wp\/v2\/types\/post"}],"author":[{"embeddable":true,"href":"https:\/\/alcala.salesianos.edu\/colegio\/wp-json\/wp\/v2\/users\/2"}],"replies":[{"embeddable":true,"href":"https:\/\/alcala.salesianos.edu\/colegio\/wp-json\/wp\/v2\/comments?post=12877"}],"version-history":[{"count":3,"href":"https:\/\/alcala.salesianos.edu\/colegio\/wp-json\/wp\/v2\/posts\/12877\/revisions"}],"predecessor-version":[{"id":12881,"href":"https:\/\/alcala.salesianos.edu\/colegio\/wp-json\/wp\/v2\/posts\/12877\/revisions\/12881"}],"wp:featuredmedia":[{"embeddable":true,"href":"https:\/\/alcala.salesianos.edu\/colegio\/wp-json\/wp\/v2\/media\/12878"}],"wp:attachment":[{"href":"https:\/\/alcala.salesianos.edu\/colegio\/wp-json\/wp\/v2\/media?parent=12877"}],"wp:term":[{"taxonomy":"category","embeddable":true,"href":"https:\/\/alcala.salesianos.edu\/colegio\/wp-json\/wp\/v2\/categories?post=12877"},{"taxonomy":"post_tag","embeddable":true,"href":"https:\/\/alcala.salesianos.edu\/colegio\/wp-json\/wp\/v2\/tags?post=12877"}],"curies":[{"name":"wp","href":"https:\/\/api.w.org\/{rel}","templated":true}]}}