{"id":12634,"date":"2020-06-17T04:47:32","date_gmt":"2020-06-17T03:47:32","guid":{"rendered":"https:\/\/alcala.salesianos.edu\/colegio\/blog\/2020\/06\/17\/comunicados-a-las-familias-ante-el-final-de-curso-2019-2020\/"},"modified":"2025-08-27T08:51:16","modified_gmt":"2025-08-27T07:51:16","slug":"comunicados-a-las-familias-ante-el-final-de-curso-2019-2020","status":"publish","type":"post","link":"https:\/\/alcala.salesianos.edu\/colegio\/blog\/2020\/06\/17\/comunicados-a-las-familias-ante-el-final-de-curso-2019-2020\/","title":{"rendered":"Comunicados a las familias ante el final de curso 2019\/2020"},"content":{"rendered":"<div id=\"fb-root\"><\/div>\n<p>[et_pb_section fb_built=\u00bb1&#8243; _builder_version=\u00bb4.4.3&#8243;][et_pb_row _builder_version=\u00bb4.4.3&#8243;][et_pb_column _builder_version=\u00bb4.4.3&#8243; type=\u00bb4_4&#8243;][et_pb_text _builder_version=\u00bb4.4.3&#8243; hover_enabled=\u00bb0&#8243;]<\/p>\n<p><img loading=\"lazy\" decoding=\"async\" class=\"wp-image-11499  alignleft\" src=\"https:\/\/alcala.salesianos.edu\/colegio\/wp-content\/uploads\/sites\/2\/2020\/06\/LogoSalesianosTransp-300x297-300x297.png\" alt=\"\" width=\"158\" height=\"156\" \/>Estimadas familias.<\/p>\n<p>Reciban un cordial saludo. Ante la llegada del final del curso 2019\/2020, deseamos informarles de aspectos relevantes del mismo.<\/p>\n<p>Con esto, y tras la planificaci\u00f3n llevada a cabo por los diversos \u00f3rganos de coordinaci\u00f3n del centro, les hacemos llegar las pautas que se encuentran en las siguientes cartas dirigidas a las distintas etapas educativas.<\/p>\n<p>&nbsp;<\/p>\n<p>[\/et_pb_text][\/et_pb_column][\/et_pb_row][et_pb_row _builder_version=\u00bb4.4.3&#8243; column_structure=\u00bb1_3,1_3,1_3&#8243;][et_pb_column _builder_version=\u00bb4.4.3&#8243; type=\u00bb1_3&#8243;][et_pb_blurb _builder_version=\u00bb4.4.3&#8243; title=\u00bbEducaci\u00f3n Infantil\u00bb use_icon=\u00bbon\u00bb font_icon=\u00bb%%266%%\u00bb hover_enabled=\u00bb0&#8243; admin_label=\u00bbAnuncio\u00bb url=\u00bbhttps:\/\/alcala.salesianos.edu\/wp-content\/uploads\/2020\/06\/Carta-padres-EI.pdf\u00bb link_option_url=\u00bbhttps:\/\/alcala.salesianos.edu\/wp-content\/uploads\/2020\/06\/Carta-padres-EI.pdf\u00bb url_new_window=\u00bbon\u00bb link_option_url_new_window=\u00bbon\u00bb text_orientation=\u00bbcenter\u00bb][\/et_pb_blurb][\/et_pb_column][et_pb_column _builder_version=\u00bb4.4.3&#8243; type=\u00bb1_3&#8243;][et_pb_blurb _builder_version=\u00bb4.4.3&#8243; title=\u00bbEducaci\u00f3n Primaria\u00bb use_icon=\u00bbon\u00bb font_icon=\u00bb%%266%%\u00bb hover_enabled=\u00bb0&#8243; admin_label=\u00bbAnuncio\u00bb url=\u00bbhttps:\/\/alcala.salesianos.edu\/wp-content\/uploads\/2020\/06\/Carta-padres-EP.pdf\u00bb link_option_url=\u00bbhttps:\/\/alcala.salesianos.edu\/wp-content\/uploads\/2020\/06\/Carta-padres-EP.pdf\u00bb url_new_window=\u00bbon\u00bb link_option_url_new_window=\u00bbon\u00bb text_orientation=\u00bbcenter\u00bb][\/et_pb_blurb][\/et_pb_column][et_pb_column _builder_version=\u00bb4.4.3&#8243; type=\u00bb1_3&#8243;][et_pb_blurb _builder_version=\u00bb4.4.3&#8243; title=\u00bbEducaci\u00f3n Secundaria\u00bb use_icon=\u00bbon\u00bb font_icon=\u00bb%%266%%\u00bb hover_enabled=\u00bb0&#8243; admin_label=\u00bbAnuncio\u00bb url=\u00bbhttps:\/\/alcala.salesianos.edu\/wp-content\/uploads\/2020\/06\/Carta-padres-ESO.pdf\u00bb link_option_url=\u00bbhttps:\/\/alcala.salesianos.edu\/wp-content\/uploads\/2020\/06\/Carta-padres-ESO.pdf\u00bb url_new_window=\u00bbon\u00bb link_option_url_new_window=\u00bbon\u00bb text_orientation=\u00bbcenter\u00bb][\/et_pb_blurb][\/et_pb_column][\/et_pb_row][\/et_pb_section]<\/p>\n","protected":false},"excerpt":{"rendered":"<p>Informaciones relevantes para las familias de los alumnos de cara a final de curso.<\/p>\n","protected":false},"author":2,"featured_media":11499,"comment_status":"closed","ping_status":"open","sticky":false,"template":"","format":"standard","meta":{"_et_pb_use_builder":"on","_et_pb_old_content":"","_et_gb_content_width":"","footnotes":""},"categories":[1],"tags":[],"class_list":["post-12634","post","type-post","status-publish","format-standard","has-post-thumbnail","hentry","category-uncategorized"],"yoast_head":"<!-- This site is optimized with the Yoast SEO plugin v28.4 - https:\/\/yoast.com\/product\/yoast-seo-wordpress\/ -->\n<title>Comunicados a las familias ante el final de curso 2019\/2020 - Colegio Salesiano Alcal\u00e1<\/title>\n<meta name=\"robots\" content=\"index, follow, max-snippet:-1, max-image-preview:large, max-video-preview:-1\" \/>\n<link rel=\"canonical\" href=\"https:\/\/alcala.salesianos.edu\/colegio\/blog\/2020\/06\/17\/comunicados-a-las-familias-ante-el-final-de-curso-2019-2020\/\" \/>\n<meta property=\"og:locale\" content=\"es_ES\" \/>\n<meta property=\"og:type\" content=\"article\" \/>\n<meta property=\"og:title\" content=\"Comunicados a las familias ante el final de curso 2019\/2020 - Colegio Salesiano Alcal\u00e1\" \/>\n<meta property=\"og:description\" content=\"Informaciones relevantes para las familias de los alumnos de cara a final de curso.\" \/>\n<meta property=\"og:url\" content=\"https:\/\/alcala.salesianos.edu\/colegio\/blog\/2020\/06\/17\/comunicados-a-las-familias-ante-el-final-de-curso-2019-2020\/\" \/>\n<meta property=\"og:site_name\" content=\"Colegio Salesiano Alcal\u00e1\" \/>\n<meta property=\"article:published_time\" content=\"2020-06-17T03:47:32+00:00\" \/>\n<meta property=\"article:modified_time\" content=\"2025-08-27T07:51:16+00:00\" \/>\n<meta property=\"og:image\" content=\"https:\/\/alcala.salesianos.edu\/colegio\/wp-content\/uploads\/sites\/2\/2019\/07\/LogoSalesianosTransp-300x297.png\" \/>\n\t<meta property=\"og:image:width\" content=\"1\" \/>\n\t<meta property=\"og:image:height\" content=\"1\" \/>\n\t<meta property=\"og:image:type\" content=\"image\/png\" \/>\n<meta name=\"author\" content=\"Administrador Web\" \/>\n<meta name=\"twitter:card\" content=\"summary_large_image\" \/>\n<meta name=\"twitter:label1\" content=\"Escrito por\" \/>\n\t<meta name=\"twitter:data1\" content=\"Administrador Web\" \/>\n\t<meta name=\"twitter:label2\" content=\"Tiempo de lectura\" \/>\n\t<meta name=\"twitter:data2\" content=\"1 minuto\" \/>\n<script type=\"application\/ld+json\" class=\"yoast-schema-graph\">{\"@context\":\"https:\\\/\\\/schema.org\",\"@graph\":[{\"@type\":\"Article\",\"@id\":\"https:\\\/\\\/alcala.salesianos.edu\\\/colegio\\\/blog\\\/2020\\\/06\\\/17\\\/comunicados-a-las-familias-ante-el-final-de-curso-2019-2020\\\/#article\",\"isPartOf\":{\"@id\":\"https:\\\/\\\/alcala.salesianos.edu\\\/colegio\\\/blog\\\/2020\\\/06\\\/17\\\/comunicados-a-las-familias-ante-el-final-de-curso-2019-2020\\\/\"},\"author\":{\"name\":\"Administrador Web\",\"@id\":\"https:\\\/\\\/alcala.salesianos.edu\\\/colegio\\\/#\\\/schema\\\/person\\\/afcc24f776dc91fc2bf9afb0998fca77\"},\"headline\":\"Comunicados a las familias ante el final de curso 2019\\\/2020\",\"datePublished\":\"2020-06-17T03:47:32+00:00\",\"dateModified\":\"2025-08-27T07:51:16+00:00\",\"mainEntityOfPage\":{\"@id\":\"https:\\\/\\\/alcala.salesianos.edu\\\/colegio\\\/blog\\\/2020\\\/06\\\/17\\\/comunicados-a-las-familias-ante-el-final-de-curso-2019-2020\\\/\"},\"wordCount\":306,\"image\":{\"@id\":\"https:\\\/\\\/alcala.salesianos.edu\\\/colegio\\\/blog\\\/2020\\\/06\\\/17\\\/comunicados-a-las-familias-ante-el-final-de-curso-2019-2020\\\/#primaryimage\"},\"thumbnailUrl\":\"https:\\\/\\\/alcala.salesianos.edu\\\/colegio\\\/wp-content\\\/uploads\\\/sites\\\/2\\\/2019\\\/07\\\/LogoSalesianosTransp-300x297.png\",\"articleSection\":[\"Uncategorized\"],\"inLanguage\":\"es\"},{\"@type\":\"WebPage\",\"@id\":\"https:\\\/\\\/alcala.salesianos.edu\\\/colegio\\\/blog\\\/2020\\\/06\\\/17\\\/comunicados-a-las-familias-ante-el-final-de-curso-2019-2020\\\/\",\"url\":\"https:\\\/\\\/alcala.salesianos.edu\\\/colegio\\\/blog\\\/2020\\\/06\\\/17\\\/comunicados-a-las-familias-ante-el-final-de-curso-2019-2020\\\/\",\"name\":\"Comunicados a las familias ante el final de curso 2019\\\/2020 - Colegio Salesiano Alcal\u00e1\",\"isPartOf\":{\"@id\":\"https:\\\/\\\/alcala.salesianos.edu\\\/colegio\\\/#website\"},\"primaryImageOfPage\":{\"@id\":\"https:\\\/\\\/alcala.salesianos.edu\\\/colegio\\\/blog\\\/2020\\\/06\\\/17\\\/comunicados-a-las-familias-ante-el-final-de-curso-2019-2020\\\/#primaryimage\"},\"image\":{\"@id\":\"https:\\\/\\\/alcala.salesianos.edu\\\/colegio\\\/blog\\\/2020\\\/06\\\/17\\\/comunicados-a-las-familias-ante-el-final-de-curso-2019-2020\\\/#primaryimage\"},\"thumbnailUrl\":\"https:\\\/\\\/alcala.salesianos.edu\\\/colegio\\\/wp-content\\\/uploads\\\/sites\\\/2\\\/2019\\\/07\\\/LogoSalesianosTransp-300x297.png\",\"datePublished\":\"2020-06-17T03:47:32+00:00\",\"dateModified\":\"2025-08-27T07:51:16+00:00\",\"author\":{\"@id\":\"https:\\\/\\\/alcala.salesianos.edu\\\/colegio\\\/#\\\/schema\\\/person\\\/afcc24f776dc91fc2bf9afb0998fca77\"},\"breadcrumb\":{\"@id\":\"https:\\\/\\\/alcala.salesianos.edu\\\/colegio\\\/blog\\\/2020\\\/06\\\/17\\\/comunicados-a-las-familias-ante-el-final-de-curso-2019-2020\\\/#breadcrumb\"},\"inLanguage\":\"es\",\"potentialAction\":[{\"@type\":\"ReadAction\",\"target\":[\"https:\\\/\\\/alcala.salesianos.edu\\\/colegio\\\/blog\\\/2020\\\/06\\\/17\\\/comunicados-a-las-familias-ante-el-final-de-curso-2019-2020\\\/\"]}]},{\"@type\":\"ImageObject\",\"inLanguage\":\"es\",\"@id\":\"https:\\\/\\\/alcala.salesianos.edu\\\/colegio\\\/blog\\\/2020\\\/06\\\/17\\\/comunicados-a-las-familias-ante-el-final-de-curso-2019-2020\\\/#primaryimage\",\"url\":\"https:\\\/\\\/alcala.salesianos.edu\\\/colegio\\\/wp-content\\\/uploads\\\/sites\\\/2\\\/2019\\\/07\\\/LogoSalesianosTransp-300x297.png\",\"contentUrl\":\"https:\\\/\\\/alcala.salesianos.edu\\\/colegio\\\/wp-content\\\/uploads\\\/sites\\\/2\\\/2019\\\/07\\\/LogoSalesianosTransp-300x297.png\"},{\"@type\":\"BreadcrumbList\",\"@id\":\"https:\\\/\\\/alcala.salesianos.edu\\\/colegio\\\/blog\\\/2020\\\/06\\\/17\\\/comunicados-a-las-familias-ante-el-final-de-curso-2019-2020\\\/#breadcrumb\",\"itemListElement\":[{\"@type\":\"ListItem\",\"position\":1,\"name\":\"Portada\",\"item\":\"https:\\\/\\\/alcala.salesianos.edu\\\/colegio\\\/\"},{\"@type\":\"ListItem\",\"position\":2,\"name\":\"Comunicados a las familias ante el final de curso 2019\\\/2020\"}]},{\"@type\":\"WebSite\",\"@id\":\"https:\\\/\\\/alcala.salesianos.edu\\\/colegio\\\/#website\",\"url\":\"https:\\\/\\\/alcala.salesianos.edu\\\/colegio\\\/\",\"name\":\"Colegio Salesiano Alcal\u00e1\",\"description\":\"P\u00e1gina oficial de Salesianos Alcal\u00e1 de Guadaira\",\"potentialAction\":[{\"@type\":\"SearchAction\",\"target\":{\"@type\":\"EntryPoint\",\"urlTemplate\":\"https:\\\/\\\/alcala.salesianos.edu\\\/colegio\\\/?s={search_term_string}\"},\"query-input\":{\"@type\":\"PropertyValueSpecification\",\"valueRequired\":true,\"valueName\":\"search_term_string\"}}],\"inLanguage\":\"es\"},{\"@type\":\"Person\",\"@id\":\"https:\\\/\\\/alcala.salesianos.edu\\\/colegio\\\/#\\\/schema\\\/person\\\/afcc24f776dc91fc2bf9afb0998fca77\",\"name\":\"Administrador Web\",\"image\":{\"@type\":\"ImageObject\",\"inLanguage\":\"es\",\"@id\":\"https:\\\/\\\/secure.gravatar.com\\\/avatar\\\/bc157e994689bd6da9645c00aa3bc4d55b727915b6652642660db0aef086585f?s=96&d=mm&r=g\",\"url\":\"https:\\\/\\\/secure.gravatar.com\\\/avatar\\\/bc157e994689bd6da9645c00aa3bc4d55b727915b6652642660db0aef086585f?s=96&d=mm&r=g\",\"contentUrl\":\"https:\\\/\\\/secure.gravatar.com\\\/avatar\\\/bc157e994689bd6da9645c00aa3bc4d55b727915b6652642660db0aef086585f?s=96&d=mm&r=g\",\"caption\":\"Administrador Web\"}}]}<\/script>\n<!-- \/ Yoast SEO plugin. -->","yoast_head_json":{"title":"Comunicados a las familias ante el final de curso 2019\/2020 - Colegio Salesiano Alcal\u00e1","robots":{"index":"index","follow":"follow","max-snippet":"max-snippet:-1","max-image-preview":"max-image-preview:large","max-video-preview":"max-video-preview:-1"},"canonical":"https:\/\/alcala.salesianos.edu\/colegio\/blog\/2020\/06\/17\/comunicados-a-las-familias-ante-el-final-de-curso-2019-2020\/","og_locale":"es_ES","og_type":"article","og_title":"Comunicados a las familias ante el final de curso 2019\/2020 - Colegio Salesiano Alcal\u00e1","og_description":"Informaciones relevantes para las familias de los alumnos de cara a final de curso.","og_url":"https:\/\/alcala.salesianos.edu\/colegio\/blog\/2020\/06\/17\/comunicados-a-las-familias-ante-el-final-de-curso-2019-2020\/","og_site_name":"Colegio Salesiano Alcal\u00e1","article_published_time":"2020-06-17T03:47:32+00:00","article_modified_time":"2025-08-27T07:51:16+00:00","og_image":[{"url":"https:\/\/alcala.salesianos.edu\/colegio\/wp-content\/uploads\/sites\/2\/2019\/07\/LogoSalesianosTransp-300x297.png","width":1,"height":1,"type":"image\/png"}],"author":"Administrador Web","twitter_card":"summary_large_image","twitter_misc":{"Escrito por":"Administrador Web","Tiempo de lectura":"1 minuto"},"schema":{"@context":"https:\/\/schema.org","@graph":[{"@type":"Article","@id":"https:\/\/alcala.salesianos.edu\/colegio\/blog\/2020\/06\/17\/comunicados-a-las-familias-ante-el-final-de-curso-2019-2020\/#article","isPartOf":{"@id":"https:\/\/alcala.salesianos.edu\/colegio\/blog\/2020\/06\/17\/comunicados-a-las-familias-ante-el-final-de-curso-2019-2020\/"},"author":{"name":"Administrador Web","@id":"https:\/\/alcala.salesianos.edu\/colegio\/#\/schema\/person\/afcc24f776dc91fc2bf9afb0998fca77"},"headline":"Comunicados a las familias ante el final de curso 2019\/2020","datePublished":"2020-06-17T03:47:32+00:00","dateModified":"2025-08-27T07:51:16+00:00","mainEntityOfPage":{"@id":"https:\/\/alcala.salesianos.edu\/colegio\/blog\/2020\/06\/17\/comunicados-a-las-familias-ante-el-final-de-curso-2019-2020\/"},"wordCount":306,"image":{"@id":"https:\/\/alcala.salesianos.edu\/colegio\/blog\/2020\/06\/17\/comunicados-a-las-familias-ante-el-final-de-curso-2019-2020\/#primaryimage"},"thumbnailUrl":"https:\/\/alcala.salesianos.edu\/colegio\/wp-content\/uploads\/sites\/2\/2019\/07\/LogoSalesianosTransp-300x297.png","articleSection":["Uncategorized"],"inLanguage":"es"},{"@type":"WebPage","@id":"https:\/\/alcala.salesianos.edu\/colegio\/blog\/2020\/06\/17\/comunicados-a-las-familias-ante-el-final-de-curso-2019-2020\/","url":"https:\/\/alcala.salesianos.edu\/colegio\/blog\/2020\/06\/17\/comunicados-a-las-familias-ante-el-final-de-curso-2019-2020\/","name":"Comunicados a las familias ante el final de curso 2019\/2020 - Colegio Salesiano Alcal\u00e1","isPartOf":{"@id":"https:\/\/alcala.salesianos.edu\/colegio\/#website"},"primaryImageOfPage":{"@id":"https:\/\/alcala.salesianos.edu\/colegio\/blog\/2020\/06\/17\/comunicados-a-las-familias-ante-el-final-de-curso-2019-2020\/#primaryimage"},"image":{"@id":"https:\/\/alcala.salesianos.edu\/colegio\/blog\/2020\/06\/17\/comunicados-a-las-familias-ante-el-final-de-curso-2019-2020\/#primaryimage"},"thumbnailUrl":"https:\/\/alcala.salesianos.edu\/colegio\/wp-content\/uploads\/sites\/2\/2019\/07\/LogoSalesianosTransp-300x297.png","datePublished":"2020-06-17T03:47:32+00:00","dateModified":"2025-08-27T07:51:16+00:00","author":{"@id":"https:\/\/alcala.salesianos.edu\/colegio\/#\/schema\/person\/afcc24f776dc91fc2bf9afb0998fca77"},"breadcrumb":{"@id":"https:\/\/alcala.salesianos.edu\/colegio\/blog\/2020\/06\/17\/comunicados-a-las-familias-ante-el-final-de-curso-2019-2020\/#breadcrumb"},"inLanguage":"es","potentialAction":[{"@type":"ReadAction","target":["https:\/\/alcala.salesianos.edu\/colegio\/blog\/2020\/06\/17\/comunicados-a-las-familias-ante-el-final-de-curso-2019-2020\/"]}]},{"@type":"ImageObject","inLanguage":"es","@id":"https:\/\/alcala.salesianos.edu\/colegio\/blog\/2020\/06\/17\/comunicados-a-las-familias-ante-el-final-de-curso-2019-2020\/#primaryimage","url":"https:\/\/alcala.salesianos.edu\/colegio\/wp-content\/uploads\/sites\/2\/2019\/07\/LogoSalesianosTransp-300x297.png","contentUrl":"https:\/\/alcala.salesianos.edu\/colegio\/wp-content\/uploads\/sites\/2\/2019\/07\/LogoSalesianosTransp-300x297.png"},{"@type":"BreadcrumbList","@id":"https:\/\/alcala.salesianos.edu\/colegio\/blog\/2020\/06\/17\/comunicados-a-las-familias-ante-el-final-de-curso-2019-2020\/#breadcrumb","itemListElement":[{"@type":"ListItem","position":1,"name":"Portada","item":"https:\/\/alcala.salesianos.edu\/colegio\/"},{"@type":"ListItem","position":2,"name":"Comunicados a las familias ante el final de curso 2019\/2020"}]},{"@type":"WebSite","@id":"https:\/\/alcala.salesianos.edu\/colegio\/#website","url":"https:\/\/alcala.salesianos.edu\/colegio\/","name":"Colegio Salesiano Alcal\u00e1","description":"P\u00e1gina oficial de Salesianos Alcal\u00e1 de Guadaira","potentialAction":[{"@type":"SearchAction","target":{"@type":"EntryPoint","urlTemplate":"https:\/\/alcala.salesianos.edu\/colegio\/?s={search_term_string}"},"query-input":{"@type":"PropertyValueSpecification","valueRequired":true,"valueName":"search_term_string"}}],"inLanguage":"es"},{"@type":"Person","@id":"https:\/\/alcala.salesianos.edu\/colegio\/#\/schema\/person\/afcc24f776dc91fc2bf9afb0998fca77","name":"Administrador Web","image":{"@type":"ImageObject","inLanguage":"es","@id":"https:\/\/secure.gravatar.com\/avatar\/bc157e994689bd6da9645c00aa3bc4d55b727915b6652642660db0aef086585f?s=96&d=mm&r=g","url":"https:\/\/secure.gravatar.com\/avatar\/bc157e994689bd6da9645c00aa3bc4d55b727915b6652642660db0aef086585f?s=96&d=mm&r=g","contentUrl":"https:\/\/secure.gravatar.com\/avatar\/bc157e994689bd6da9645c00aa3bc4d55b727915b6652642660db0aef086585f?s=96&d=mm&r=g","caption":"Administrador Web"}}]}},"_links":{"self":[{"href":"https:\/\/alcala.salesianos.edu\/colegio\/wp-json\/wp\/v2\/posts\/12634","targetHints":{"allow":["GET"]}}],"collection":[{"href":"https:\/\/alcala.salesianos.edu\/colegio\/wp-json\/wp\/v2\/posts"}],"about":[{"href":"https:\/\/alcala.salesianos.edu\/colegio\/wp-json\/wp\/v2\/types\/post"}],"author":[{"embeddable":true,"href":"https:\/\/alcala.salesianos.edu\/colegio\/wp-json\/wp\/v2\/users\/2"}],"replies":[{"embeddable":true,"href":"https:\/\/alcala.salesianos.edu\/colegio\/wp-json\/wp\/v2\/comments?post=12634"}],"version-history":[{"count":1,"href":"https:\/\/alcala.salesianos.edu\/colegio\/wp-json\/wp\/v2\/posts\/12634\/revisions"}],"predecessor-version":[{"id":12635,"href":"https:\/\/alcala.salesianos.edu\/colegio\/wp-json\/wp\/v2\/posts\/12634\/revisions\/12635"}],"wp:featuredmedia":[{"embeddable":true,"href":"https:\/\/alcala.salesianos.edu\/colegio\/wp-json\/wp\/v2\/media\/11499"}],"wp:attachment":[{"href":"https:\/\/alcala.salesianos.edu\/colegio\/wp-json\/wp\/v2\/media?parent=12634"}],"wp:term":[{"taxonomy":"category","embeddable":true,"href":"https:\/\/alcala.salesianos.edu\/colegio\/wp-json\/wp\/v2\/categories?post=12634"},{"taxonomy":"post_tag","embeddable":true,"href":"https:\/\/alcala.salesianos.edu\/colegio\/wp-json\/wp\/v2\/tags?post=12634"}],"curies":[{"name":"wp","href":"https:\/\/api.w.org\/{rel}","templated":true}]}}