{"id":12605,"date":"2020-06-03T17:14:49","date_gmt":"2020-06-03T16:14:49","guid":{"rendered":"https:\/\/alcala.salesianos.edu\/colegio\/blog\/2020\/06\/03\/convocatoria-de-plaza-como-personal-docente\/"},"modified":"2025-08-27T08:51:18","modified_gmt":"2025-08-27T07:51:18","slug":"convocatoria-de-plaza-como-personal-docente","status":"publish","type":"post","link":"https:\/\/alcala.salesianos.edu\/colegio\/blog\/2020\/06\/03\/convocatoria-de-plaza-como-personal-docente\/","title":{"rendered":"Convocatoria de plaza como personal docente"},"content":{"rendered":"<div id=\"fb-root\"><\/div>\n<p>[et_pb_section fb_built=\u00bb1&#8243; _builder_version=\u00bb4.4.3&#8243;][et_pb_row _builder_version=\u00bb4.4.3&#8243;][et_pb_column _builder_version=\u00bb4.4.3&#8243; type=\u00bb4_4&#8243;][et_pb_text _builder_version=\u00bb4.4.3&#8243; hover_enabled=\u00bb0&#8243;]<\/p>\n<h1 style=\"text-align: center;\">CONVOCATORIA DE PLAZA<\/h1>\n<h2 style=\"text-align: center;\">COMO PERSONAL DOCENTE DE EDUCACI\u00d3N PRIMARIA Y SECUNDARIA<\/h2>\n<p>&nbsp;<\/p>\n<p>En Alcal\u00e1 de Guada\u00edra a 31 de mayo de 2020<\/p>\n<p>&nbsp;<\/p>\n<p><strong><u>1.- Caracter\u00edsticas de las plazas convocadas<\/u><\/strong><\/p>\n<p><strong>\u00a0<\/strong><\/p>\n<table width=\"612\">\n<tbody>\n<tr>\n<td width=\"113\"><strong>Denominaci\u00f3n<\/strong><\/td>\n<td width=\"302\"><strong>Titulaci\u00f3n requerida<\/strong><\/td>\n<td width=\"108\"><strong>Tipo de contrato<\/strong><\/td>\n<td width=\"89\"><strong>N\u00ba de horas<\/strong><\/td>\n<\/tr>\n<tr>\n<td width=\"113\"><strong>Plaza 1: <\/strong><\/td>\n<td width=\"302\">\n<p>&nbsp;<\/p>\n<p>o\u00a0\u00a0 Grado en Magisterio \u2013 Menci\u00f3n Educaci\u00f3n Musical y T\u00edtulo Superior de M\u00fasica y<\/p>\n<p>o\u00a0\u00a0 B2 Ingl\u00e9s Cambridge o Trinity<\/p>\n<p>o\u00a0\u00a0 M\u00e1ster de profesorado o CAP<\/p>\n<p>&nbsp;<\/p>\n<\/td>\n<td width=\"108\">Pr\u00e1cticas<\/td>\n<td width=\"89\">17<\/td>\n<\/tr>\n<\/tbody>\n<\/table>\n<p><strong>\u00a0<\/strong><\/p>\n<p><strong>Otros criterios de preferencia: <\/strong><\/p>\n<ul>\n<li>Conocimiento de la Obra Salesiana<\/li>\n<li>Simpat\u00eda y buen trato hacia los j\u00f3venes<\/li>\n<li>Coherencia personal y actitud educativa<\/li>\n<li>Capacidad de trabajar en equipo.<\/li>\n<li>Apertura hacia la trascendencia.<\/li>\n<\/ul>\n<p><strong>\u00a0<\/strong><\/p>\n<p><strong>\u00a0<\/strong><\/p>\n<p><strong><u>2.- Solicitud de plaza: Documentaci\u00f3n, plazo, lugar de entrega.<\/u><\/strong><\/p>\n<p><strong>\u00a0<\/strong><\/p>\n<p><strong>Documentaci\u00f3n a retirar por el interesado: <\/strong><\/p>\n<p>Descargar en la web <a href=\"http:\/\/www.salesianos.edu\/ofertaempleo\/\">http:\/\/www.salesianos.edu\/ofertaempleo\/<\/a><\/p>\n<p>&nbsp;<\/p>\n<p><strong>Entrega de documentaci\u00f3n:<\/strong><\/p>\n<ul>\n<li>Solicitud de plaza cumplimentada con fotograf\u00eda reciente.<\/li>\n<li>Curr\u00edculum vitae actualizado<\/li>\n<\/ul>\n<p>&nbsp;<\/p>\n<p><strong>Fecha l\u00edmite de entrega de la documentaci\u00f3n: <\/strong><u>10 de junio de 2020 <\/u><\/p>\n<p><strong>Lugar de entrega: <\/strong>correo electr\u00f3nico a ambas direcciones<\/p>\n<table width=\"100%\">\n<tbody>\n<tr>\n<td>\n<p><em>*Asunto: PLAZA VACANTE:<\/em> <a href=\"mailto:direccioncolegio.alcala@salesianos.edu\">direccioncolegio.alcala@salesianos.edu<\/a> \/ <a href=\"mailto:direcciontitular.alcala@salesianos.edu\">direcciontitular.alcala@salesianos.edu<\/a><\/p>\n<p>&nbsp;<\/p>\n<\/td>\n<\/tr>\n<\/tbody>\n<\/table>\n<p><strong>\u00a0<\/strong><\/p>\n<p><strong>\u00a0<\/strong><\/p>\n<p><strong><u>3.- Proceso de selecci\u00f3n y contrataci\u00f3n.<\/u><\/strong><\/p>\n<p><strong>\u00a0<\/strong><\/p>\n<p>Con las solicitudes recibidas se seguir\u00e1 el siguiente proceso de selecci\u00f3n:<\/p>\n<ul>\n<li>Estudio y selecci\u00f3n inicial por parte del Director Titular con el Director de Centro y elaboraci\u00f3n de la primera selecci\u00f3n de candidatos.<\/li>\n<li>Intervenci\u00f3n de la Comisi\u00f3n T\u00e9cnica de Selecci\u00f3n y decisi\u00f3n del Titular junto con el Director de Centro.<\/li>\n<li>Publicaci\u00f3n en el tabl\u00f3n de anuncios del candidato seleccionado.<\/li>\n<\/ul>\n<p>&nbsp;<\/p>\n<p>El proceso de selecci\u00f3n terminar\u00e1 el <strong><u>19 de julio de 2020<\/u><\/strong><\/p>\n<p>&nbsp;<\/p>\n<p>&nbsp;<\/p>\n<p>Director de Centro\u00a0\u00a0\u00a0\u00a0\u00a0\u00a0\u00a0\u00a0\u00a0\u00a0\u00a0\u00a0\u00a0\u00a0\u00a0\u00a0\u00a0\u00a0\u00a0\u00a0\u00a0\u00a0\u00a0\u00a0\u00a0\u00a0\u00a0\u00a0\u00a0\u00a0\u00a0\u00a0\u00a0\u00a0\u00a0\u00a0\u00a0\u00a0\u00a0\u00a0\u00a0\u00a0\u00a0\u00a0\u00a0\u00a0\u00a0\u00a0\u00a0\u00a0\u00a0\u00a0\u00a0\u00a0\u00a0\u00a0\u00a0\u00a0\u00a0\u00a0\u00a0\u00a0\u00a0\u00a0\u00a0\u00a0\u00a0\u00a0\u00a0\u00a0\u00a0\u00a0\u00a0\u00a0\u00a0\u00a0\u00a0\u00a0\u00a0\u00a0\u00a0\u00a0\u00a0\u00a0\u00a0\u00a0\u00a0\u00a0\u00a0\u00a0\u00a0\u00a0\u00a0\u00a0\u00a0\u00a0\u00a0\u00a0\u00a0\u00a0\u00a0\u00a0\u00a0\u00a0 Director Titular<\/p>\n<p>Fernando Carrasco Mart\u00edn\u00a0 \u00a0 \u00a0 \u00a0 \u00a0 \u00a0 \u00a0 \u00a0 \u00a0 \u00a0 \u00a0 \u00a0 \u00a0 \u00a0 \u00a0 \u00a0 \u00a0 \u00a0 \u00a0 \u00a0 \u00a0 \u00a0 \u00a0 \u00a0 \u00a0 \u00a0 \u00a0 \u00a0 \u00a0 \u00a0 \u00a0 \u00a0 \u00a0 \u00a0 \u00a0 \u00a0 \u00a0 \u00a0 \u00a0 \u00a0 \u00a0 \u00a0 \u00a0 \u00a0 \u00a0 \u00a0 D. Juan Manuel Melgar Gonz\u00e1lez<\/p>\n<p>&nbsp;<\/p>\n<p>&nbsp;<\/p>\n<p>Nota: si el candidato no es contactado antes del d\u00eda <strong><u>13 de junio<\/u><\/strong> se entender\u00e1 que su solicitud no ha sido estimada.<\/p>\n<p>[\/et_pb_text][et_pb_blurb _builder_version=\u00bb4.4.3&#8243; title=\u00bbDescargue aqu\u00ed el documeto\u00bb use_icon=\u00bbon\u00bb font_icon=\u00bb%%115%%\u00bb hover_enabled=\u00bb0&#8243; url=\u00bbhttps:\/\/alcala.salesianos.edu\/wp-content\/uploads\/2020\/06\/Alcala\u0301-Mu\u0301sica-EP-y-ESO.pdf\u00bb url_new_window=\u00bbon\u00bb link_option_url_new_window=\u00bbon\u00bb link_option_url=\u00bbhttps:\/\/alcala.salesianos.edu\/wp-content\/uploads\/2020\/06\/Alcala\u0301-Mu\u0301sica-EP-y-ESO.pdf\u00bb text_orientation=\u00bbcenter\u00bb][\/et_pb_blurb][\/et_pb_column][\/et_pb_row][\/et_pb_section]<\/p>\n","protected":false},"excerpt":{"rendered":"<p>El Centro convoca una plaza docente. La titulaci\u00f3n requerida es Grado en Magisterio con Menci\u00f3n Educaci\u00f3n<br \/>\nMusical, T\u00edtulo Superior de M\u00fasica, B2 Ingl\u00e9s Cambridge o Trinity y M\u00e1ster de profesorado o CAP.  La fecha l\u00edmite de la documentaci\u00f3n ser\u00e1 el 10 de junio.<\/p>\n","protected":false},"author":2,"featured_media":11499,"comment_status":"closed","ping_status":"open","sticky":false,"template":"","format":"standard","meta":{"_et_pb_use_builder":"on","_et_pb_old_content":"","_et_gb_content_width":"","footnotes":""},"categories":[1],"tags":[],"class_list":["post-12605","post","type-post","status-publish","format-standard","has-post-thumbnail","hentry","category-uncategorized"],"yoast_head":"<!-- This site is optimized with the Yoast SEO plugin v28.4 - https:\/\/yoast.com\/product\/yoast-seo-wordpress\/ -->\n<title>Convocatoria de plaza como personal docente - Colegio Salesiano Alcal\u00e1<\/title>\n<meta name=\"robots\" content=\"index, follow, max-snippet:-1, max-image-preview:large, max-video-preview:-1\" \/>\n<link rel=\"canonical\" href=\"https:\/\/alcala.salesianos.edu\/colegio\/blog\/2020\/06\/03\/convocatoria-de-plaza-como-personal-docente\/\" \/>\n<meta property=\"og:locale\" content=\"es_ES\" \/>\n<meta property=\"og:type\" content=\"article\" \/>\n<meta property=\"og:title\" content=\"Convocatoria de plaza como personal docente - Colegio Salesiano Alcal\u00e1\" \/>\n<meta property=\"og:description\" content=\"El Centro convoca una plaza docente. La titulaci\u00f3n requerida es Grado en Magisterio con Menci\u00f3n Educaci\u00f3n Musical, T\u00edtulo Superior de M\u00fasica, B2 Ingl\u00e9s Cambridge o Trinity y M\u00e1ster de profesorado o CAP. La fecha l\u00edmite de la documentaci\u00f3n ser\u00e1 el 10 de junio.\" \/>\n<meta property=\"og:url\" content=\"https:\/\/alcala.salesianos.edu\/colegio\/blog\/2020\/06\/03\/convocatoria-de-plaza-como-personal-docente\/\" \/>\n<meta property=\"og:site_name\" content=\"Colegio Salesiano Alcal\u00e1\" \/>\n<meta property=\"article:published_time\" content=\"2020-06-03T16:14:49+00:00\" \/>\n<meta property=\"article:modified_time\" content=\"2025-08-27T07:51:18+00:00\" \/>\n<meta property=\"og:image\" content=\"https:\/\/alcala.salesianos.edu\/colegio\/wp-content\/uploads\/sites\/2\/2019\/07\/LogoSalesianosTransp-300x297.png\" \/>\n\t<meta property=\"og:image:width\" content=\"1\" \/>\n\t<meta property=\"og:image:height\" content=\"1\" \/>\n\t<meta property=\"og:image:type\" content=\"image\/png\" \/>\n<meta name=\"author\" content=\"Administrador Web\" \/>\n<meta name=\"twitter:card\" content=\"summary_large_image\" \/>\n<meta name=\"twitter:label1\" content=\"Escrito por\" \/>\n\t<meta name=\"twitter:data1\" content=\"Administrador Web\" \/>\n\t<meta name=\"twitter:label2\" content=\"Tiempo de lectura\" \/>\n\t<meta name=\"twitter:data2\" content=\"2 minutos\" \/>\n<script type=\"application\/ld+json\" class=\"yoast-schema-graph\">{\"@context\":\"https:\\\/\\\/schema.org\",\"@graph\":[{\"@type\":\"Article\",\"@id\":\"https:\\\/\\\/alcala.salesianos.edu\\\/colegio\\\/blog\\\/2020\\\/06\\\/03\\\/convocatoria-de-plaza-como-personal-docente\\\/#article\",\"isPartOf\":{\"@id\":\"https:\\\/\\\/alcala.salesianos.edu\\\/colegio\\\/blog\\\/2020\\\/06\\\/03\\\/convocatoria-de-plaza-como-personal-docente\\\/\"},\"author\":{\"name\":\"Administrador Web\",\"@id\":\"https:\\\/\\\/alcala.salesianos.edu\\\/colegio\\\/#\\\/schema\\\/person\\\/afcc24f776dc91fc2bf9afb0998fca77\"},\"headline\":\"Convocatoria de plaza como personal docente\",\"datePublished\":\"2020-06-03T16:14:49+00:00\",\"dateModified\":\"2025-08-27T07:51:18+00:00\",\"mainEntityOfPage\":{\"@id\":\"https:\\\/\\\/alcala.salesianos.edu\\\/colegio\\\/blog\\\/2020\\\/06\\\/03\\\/convocatoria-de-plaza-como-personal-docente\\\/\"},\"wordCount\":416,\"image\":{\"@id\":\"https:\\\/\\\/alcala.salesianos.edu\\\/colegio\\\/blog\\\/2020\\\/06\\\/03\\\/convocatoria-de-plaza-como-personal-docente\\\/#primaryimage\"},\"thumbnailUrl\":\"https:\\\/\\\/alcala.salesianos.edu\\\/colegio\\\/wp-content\\\/uploads\\\/sites\\\/2\\\/2019\\\/07\\\/LogoSalesianosTransp-300x297.png\",\"articleSection\":[\"Uncategorized\"],\"inLanguage\":\"es\"},{\"@type\":\"WebPage\",\"@id\":\"https:\\\/\\\/alcala.salesianos.edu\\\/colegio\\\/blog\\\/2020\\\/06\\\/03\\\/convocatoria-de-plaza-como-personal-docente\\\/\",\"url\":\"https:\\\/\\\/alcala.salesianos.edu\\\/colegio\\\/blog\\\/2020\\\/06\\\/03\\\/convocatoria-de-plaza-como-personal-docente\\\/\",\"name\":\"Convocatoria de plaza como personal docente - Colegio Salesiano Alcal\u00e1\",\"isPartOf\":{\"@id\":\"https:\\\/\\\/alcala.salesianos.edu\\\/colegio\\\/#website\"},\"primaryImageOfPage\":{\"@id\":\"https:\\\/\\\/alcala.salesianos.edu\\\/colegio\\\/blog\\\/2020\\\/06\\\/03\\\/convocatoria-de-plaza-como-personal-docente\\\/#primaryimage\"},\"image\":{\"@id\":\"https:\\\/\\\/alcala.salesianos.edu\\\/colegio\\\/blog\\\/2020\\\/06\\\/03\\\/convocatoria-de-plaza-como-personal-docente\\\/#primaryimage\"},\"thumbnailUrl\":\"https:\\\/\\\/alcala.salesianos.edu\\\/colegio\\\/wp-content\\\/uploads\\\/sites\\\/2\\\/2019\\\/07\\\/LogoSalesianosTransp-300x297.png\",\"datePublished\":\"2020-06-03T16:14:49+00:00\",\"dateModified\":\"2025-08-27T07:51:18+00:00\",\"author\":{\"@id\":\"https:\\\/\\\/alcala.salesianos.edu\\\/colegio\\\/#\\\/schema\\\/person\\\/afcc24f776dc91fc2bf9afb0998fca77\"},\"breadcrumb\":{\"@id\":\"https:\\\/\\\/alcala.salesianos.edu\\\/colegio\\\/blog\\\/2020\\\/06\\\/03\\\/convocatoria-de-plaza-como-personal-docente\\\/#breadcrumb\"},\"inLanguage\":\"es\",\"potentialAction\":[{\"@type\":\"ReadAction\",\"target\":[\"https:\\\/\\\/alcala.salesianos.edu\\\/colegio\\\/blog\\\/2020\\\/06\\\/03\\\/convocatoria-de-plaza-como-personal-docente\\\/\"]}]},{\"@type\":\"ImageObject\",\"inLanguage\":\"es\",\"@id\":\"https:\\\/\\\/alcala.salesianos.edu\\\/colegio\\\/blog\\\/2020\\\/06\\\/03\\\/convocatoria-de-plaza-como-personal-docente\\\/#primaryimage\",\"url\":\"https:\\\/\\\/alcala.salesianos.edu\\\/colegio\\\/wp-content\\\/uploads\\\/sites\\\/2\\\/2019\\\/07\\\/LogoSalesianosTransp-300x297.png\",\"contentUrl\":\"https:\\\/\\\/alcala.salesianos.edu\\\/colegio\\\/wp-content\\\/uploads\\\/sites\\\/2\\\/2019\\\/07\\\/LogoSalesianosTransp-300x297.png\"},{\"@type\":\"BreadcrumbList\",\"@id\":\"https:\\\/\\\/alcala.salesianos.edu\\\/colegio\\\/blog\\\/2020\\\/06\\\/03\\\/convocatoria-de-plaza-como-personal-docente\\\/#breadcrumb\",\"itemListElement\":[{\"@type\":\"ListItem\",\"position\":1,\"name\":\"Portada\",\"item\":\"https:\\\/\\\/alcala.salesianos.edu\\\/colegio\\\/\"},{\"@type\":\"ListItem\",\"position\":2,\"name\":\"Convocatoria de plaza como personal docente\"}]},{\"@type\":\"WebSite\",\"@id\":\"https:\\\/\\\/alcala.salesianos.edu\\\/colegio\\\/#website\",\"url\":\"https:\\\/\\\/alcala.salesianos.edu\\\/colegio\\\/\",\"name\":\"Colegio Salesiano Alcal\u00e1\",\"description\":\"P\u00e1gina oficial de Salesianos Alcal\u00e1 de Guadaira\",\"potentialAction\":[{\"@type\":\"SearchAction\",\"target\":{\"@type\":\"EntryPoint\",\"urlTemplate\":\"https:\\\/\\\/alcala.salesianos.edu\\\/colegio\\\/?s={search_term_string}\"},\"query-input\":{\"@type\":\"PropertyValueSpecification\",\"valueRequired\":true,\"valueName\":\"search_term_string\"}}],\"inLanguage\":\"es\"},{\"@type\":\"Person\",\"@id\":\"https:\\\/\\\/alcala.salesianos.edu\\\/colegio\\\/#\\\/schema\\\/person\\\/afcc24f776dc91fc2bf9afb0998fca77\",\"name\":\"Administrador Web\",\"image\":{\"@type\":\"ImageObject\",\"inLanguage\":\"es\",\"@id\":\"https:\\\/\\\/secure.gravatar.com\\\/avatar\\\/bc157e994689bd6da9645c00aa3bc4d55b727915b6652642660db0aef086585f?s=96&d=mm&r=g\",\"url\":\"https:\\\/\\\/secure.gravatar.com\\\/avatar\\\/bc157e994689bd6da9645c00aa3bc4d55b727915b6652642660db0aef086585f?s=96&d=mm&r=g\",\"contentUrl\":\"https:\\\/\\\/secure.gravatar.com\\\/avatar\\\/bc157e994689bd6da9645c00aa3bc4d55b727915b6652642660db0aef086585f?s=96&d=mm&r=g\",\"caption\":\"Administrador Web\"}}]}<\/script>\n<!-- \/ Yoast SEO plugin. -->","yoast_head_json":{"title":"Convocatoria de plaza como personal docente - Colegio Salesiano Alcal\u00e1","robots":{"index":"index","follow":"follow","max-snippet":"max-snippet:-1","max-image-preview":"max-image-preview:large","max-video-preview":"max-video-preview:-1"},"canonical":"https:\/\/alcala.salesianos.edu\/colegio\/blog\/2020\/06\/03\/convocatoria-de-plaza-como-personal-docente\/","og_locale":"es_ES","og_type":"article","og_title":"Convocatoria de plaza como personal docente - Colegio Salesiano Alcal\u00e1","og_description":"El Centro convoca una plaza docente. La titulaci\u00f3n requerida es Grado en Magisterio con Menci\u00f3n Educaci\u00f3n Musical, T\u00edtulo Superior de M\u00fasica, B2 Ingl\u00e9s Cambridge o Trinity y M\u00e1ster de profesorado o CAP. La fecha l\u00edmite de la documentaci\u00f3n ser\u00e1 el 10 de junio.","og_url":"https:\/\/alcala.salesianos.edu\/colegio\/blog\/2020\/06\/03\/convocatoria-de-plaza-como-personal-docente\/","og_site_name":"Colegio Salesiano Alcal\u00e1","article_published_time":"2020-06-03T16:14:49+00:00","article_modified_time":"2025-08-27T07:51:18+00:00","og_image":[{"url":"https:\/\/alcala.salesianos.edu\/colegio\/wp-content\/uploads\/sites\/2\/2019\/07\/LogoSalesianosTransp-300x297.png","width":1,"height":1,"type":"image\/png"}],"author":"Administrador Web","twitter_card":"summary_large_image","twitter_misc":{"Escrito por":"Administrador Web","Tiempo de lectura":"2 minutos"},"schema":{"@context":"https:\/\/schema.org","@graph":[{"@type":"Article","@id":"https:\/\/alcala.salesianos.edu\/colegio\/blog\/2020\/06\/03\/convocatoria-de-plaza-como-personal-docente\/#article","isPartOf":{"@id":"https:\/\/alcala.salesianos.edu\/colegio\/blog\/2020\/06\/03\/convocatoria-de-plaza-como-personal-docente\/"},"author":{"name":"Administrador Web","@id":"https:\/\/alcala.salesianos.edu\/colegio\/#\/schema\/person\/afcc24f776dc91fc2bf9afb0998fca77"},"headline":"Convocatoria de plaza como personal docente","datePublished":"2020-06-03T16:14:49+00:00","dateModified":"2025-08-27T07:51:18+00:00","mainEntityOfPage":{"@id":"https:\/\/alcala.salesianos.edu\/colegio\/blog\/2020\/06\/03\/convocatoria-de-plaza-como-personal-docente\/"},"wordCount":416,"image":{"@id":"https:\/\/alcala.salesianos.edu\/colegio\/blog\/2020\/06\/03\/convocatoria-de-plaza-como-personal-docente\/#primaryimage"},"thumbnailUrl":"https:\/\/alcala.salesianos.edu\/colegio\/wp-content\/uploads\/sites\/2\/2019\/07\/LogoSalesianosTransp-300x297.png","articleSection":["Uncategorized"],"inLanguage":"es"},{"@type":"WebPage","@id":"https:\/\/alcala.salesianos.edu\/colegio\/blog\/2020\/06\/03\/convocatoria-de-plaza-como-personal-docente\/","url":"https:\/\/alcala.salesianos.edu\/colegio\/blog\/2020\/06\/03\/convocatoria-de-plaza-como-personal-docente\/","name":"Convocatoria de plaza como personal docente - Colegio Salesiano Alcal\u00e1","isPartOf":{"@id":"https:\/\/alcala.salesianos.edu\/colegio\/#website"},"primaryImageOfPage":{"@id":"https:\/\/alcala.salesianos.edu\/colegio\/blog\/2020\/06\/03\/convocatoria-de-plaza-como-personal-docente\/#primaryimage"},"image":{"@id":"https:\/\/alcala.salesianos.edu\/colegio\/blog\/2020\/06\/03\/convocatoria-de-plaza-como-personal-docente\/#primaryimage"},"thumbnailUrl":"https:\/\/alcala.salesianos.edu\/colegio\/wp-content\/uploads\/sites\/2\/2019\/07\/LogoSalesianosTransp-300x297.png","datePublished":"2020-06-03T16:14:49+00:00","dateModified":"2025-08-27T07:51:18+00:00","author":{"@id":"https:\/\/alcala.salesianos.edu\/colegio\/#\/schema\/person\/afcc24f776dc91fc2bf9afb0998fca77"},"breadcrumb":{"@id":"https:\/\/alcala.salesianos.edu\/colegio\/blog\/2020\/06\/03\/convocatoria-de-plaza-como-personal-docente\/#breadcrumb"},"inLanguage":"es","potentialAction":[{"@type":"ReadAction","target":["https:\/\/alcala.salesianos.edu\/colegio\/blog\/2020\/06\/03\/convocatoria-de-plaza-como-personal-docente\/"]}]},{"@type":"ImageObject","inLanguage":"es","@id":"https:\/\/alcala.salesianos.edu\/colegio\/blog\/2020\/06\/03\/convocatoria-de-plaza-como-personal-docente\/#primaryimage","url":"https:\/\/alcala.salesianos.edu\/colegio\/wp-content\/uploads\/sites\/2\/2019\/07\/LogoSalesianosTransp-300x297.png","contentUrl":"https:\/\/alcala.salesianos.edu\/colegio\/wp-content\/uploads\/sites\/2\/2019\/07\/LogoSalesianosTransp-300x297.png"},{"@type":"BreadcrumbList","@id":"https:\/\/alcala.salesianos.edu\/colegio\/blog\/2020\/06\/03\/convocatoria-de-plaza-como-personal-docente\/#breadcrumb","itemListElement":[{"@type":"ListItem","position":1,"name":"Portada","item":"https:\/\/alcala.salesianos.edu\/colegio\/"},{"@type":"ListItem","position":2,"name":"Convocatoria de plaza como personal docente"}]},{"@type":"WebSite","@id":"https:\/\/alcala.salesianos.edu\/colegio\/#website","url":"https:\/\/alcala.salesianos.edu\/colegio\/","name":"Colegio Salesiano Alcal\u00e1","description":"P\u00e1gina oficial de Salesianos Alcal\u00e1 de Guadaira","potentialAction":[{"@type":"SearchAction","target":{"@type":"EntryPoint","urlTemplate":"https:\/\/alcala.salesianos.edu\/colegio\/?s={search_term_string}"},"query-input":{"@type":"PropertyValueSpecification","valueRequired":true,"valueName":"search_term_string"}}],"inLanguage":"es"},{"@type":"Person","@id":"https:\/\/alcala.salesianos.edu\/colegio\/#\/schema\/person\/afcc24f776dc91fc2bf9afb0998fca77","name":"Administrador Web","image":{"@type":"ImageObject","inLanguage":"es","@id":"https:\/\/secure.gravatar.com\/avatar\/bc157e994689bd6da9645c00aa3bc4d55b727915b6652642660db0aef086585f?s=96&d=mm&r=g","url":"https:\/\/secure.gravatar.com\/avatar\/bc157e994689bd6da9645c00aa3bc4d55b727915b6652642660db0aef086585f?s=96&d=mm&r=g","contentUrl":"https:\/\/secure.gravatar.com\/avatar\/bc157e994689bd6da9645c00aa3bc4d55b727915b6652642660db0aef086585f?s=96&d=mm&r=g","caption":"Administrador Web"}}]}},"_links":{"self":[{"href":"https:\/\/alcala.salesianos.edu\/colegio\/wp-json\/wp\/v2\/posts\/12605","targetHints":{"allow":["GET"]}}],"collection":[{"href":"https:\/\/alcala.salesianos.edu\/colegio\/wp-json\/wp\/v2\/posts"}],"about":[{"href":"https:\/\/alcala.salesianos.edu\/colegio\/wp-json\/wp\/v2\/types\/post"}],"author":[{"embeddable":true,"href":"https:\/\/alcala.salesianos.edu\/colegio\/wp-json\/wp\/v2\/users\/2"}],"replies":[{"embeddable":true,"href":"https:\/\/alcala.salesianos.edu\/colegio\/wp-json\/wp\/v2\/comments?post=12605"}],"version-history":[{"count":1,"href":"https:\/\/alcala.salesianos.edu\/colegio\/wp-json\/wp\/v2\/posts\/12605\/revisions"}],"predecessor-version":[{"id":16730,"href":"https:\/\/alcala.salesianos.edu\/colegio\/wp-json\/wp\/v2\/posts\/12605\/revisions\/16730"}],"wp:featuredmedia":[{"embeddable":true,"href":"https:\/\/alcala.salesianos.edu\/colegio\/wp-json\/wp\/v2\/media\/11499"}],"wp:attachment":[{"href":"https:\/\/alcala.salesianos.edu\/colegio\/wp-json\/wp\/v2\/media?parent=12605"}],"wp:term":[{"taxonomy":"category","embeddable":true,"href":"https:\/\/alcala.salesianos.edu\/colegio\/wp-json\/wp\/v2\/categories?post=12605"},{"taxonomy":"post_tag","embeddable":true,"href":"https:\/\/alcala.salesianos.edu\/colegio\/wp-json\/wp\/v2\/tags?post=12605"}],"curies":[{"name":"wp","href":"https:\/\/api.w.org\/{rel}","templated":true}]}}