{"id":12600,"date":"2020-06-02T19:14:43","date_gmt":"2020-06-02T18:14:43","guid":{"rendered":"https:\/\/alcala.salesianos.edu\/colegio\/blog\/2020\/06\/02\/comienza-el-proceso-de-matriculacion-de-nuestro-alumnado-de-educacion-infantil-4-y-5-anos-y-primaria\/"},"modified":"2025-08-27T08:51:20","modified_gmt":"2025-08-27T07:51:20","slug":"comienza-el-proceso-de-matriculacion-de-nuestro-alumnado-de-educacion-infantil-4-y-5-anos-y-primaria","status":"publish","type":"post","link":"https:\/\/alcala.salesianos.edu\/colegio\/blog\/2020\/06\/02\/comienza-el-proceso-de-matriculacion-de-nuestro-alumnado-de-educacion-infantil-4-y-5-anos-y-primaria\/","title":{"rendered":"Comienza el proceso de matriculaci\u00f3n de nuestro alumnado de Educaci\u00f3n Infantil (4 y 5 a\u00f1os) y Primaria"},"content":{"rendered":"<div id=\"fb-root\"><\/div>\n<p>[et_pb_section bb_built=\u00bb1&#8243; _builder_version=\u00bb4.4.3&#8243;][et_pb_row _builder_version=\u00bb4.4.3&#8243;][et_pb_column type=\u00bb4_4&#8243; _builder_version=\u00bb4.4.3&#8243;][et_pb_text _builder_version=\u00bb4.4.3&#8243; hover_enabled=\u00bb0&#8243; text_text_shadow_horizontal_length=\u00bbtext_text_shadow_style,%91object Object%93&#8243; text_text_shadow_horizontal_length_tablet=\u00bb0px\u00bb text_text_shadow_vertical_length=\u00bbtext_text_shadow_style,%91object Object%93&#8243; text_text_shadow_vertical_length_tablet=\u00bb0px\u00bb text_text_shadow_blur_strength=\u00bbtext_text_shadow_style,%91object Object%93&#8243; text_text_shadow_blur_strength_tablet=\u00bb1px\u00bb link_text_shadow_horizontal_length=\u00bblink_text_shadow_style,%91object Object%93&#8243; link_text_shadow_horizontal_length_tablet=\u00bb0px\u00bb link_text_shadow_vertical_length=\u00bblink_text_shadow_style,%91object Object%93&#8243; link_text_shadow_vertical_length_tablet=\u00bb0px\u00bb link_text_shadow_blur_strength=\u00bblink_text_shadow_style,%91object Object%93&#8243; link_text_shadow_blur_strength_tablet=\u00bb1px\u00bb ul_text_shadow_horizontal_length=\u00bbul_text_shadow_style,%91object Object%93&#8243; ul_text_shadow_horizontal_length_tablet=\u00bb0px\u00bb ul_text_shadow_vertical_length=\u00bbul_text_shadow_style,%91object Object%93&#8243; ul_text_shadow_vertical_length_tablet=\u00bb0px\u00bb ul_text_shadow_blur_strength=\u00bbul_text_shadow_style,%91object Object%93&#8243; ul_text_shadow_blur_strength_tablet=\u00bb1px\u00bb ol_text_shadow_horizontal_length=\u00bbol_text_shadow_style,%91object Object%93&#8243; ol_text_shadow_horizontal_length_tablet=\u00bb0px\u00bb ol_text_shadow_vertical_length=\u00bbol_text_shadow_style,%91object Object%93&#8243; ol_text_shadow_vertical_length_tablet=\u00bb0px\u00bb ol_text_shadow_blur_strength=\u00bbol_text_shadow_style,%91object Object%93&#8243; ol_text_shadow_blur_strength_tablet=\u00bb1px\u00bb quote_text_shadow_horizontal_length=\u00bbquote_text_shadow_style,%91object Object%93&#8243; quote_text_shadow_horizontal_length_tablet=\u00bb0px\u00bb quote_text_shadow_vertical_length=\u00bbquote_text_shadow_style,%91object Object%93&#8243; quote_text_shadow_vertical_length_tablet=\u00bb0px\u00bb quote_text_shadow_blur_strength=\u00bbquote_text_shadow_style,%91object Object%93&#8243; quote_text_shadow_blur_strength_tablet=\u00bb1px\u00bb header_text_shadow_horizontal_length=\u00bbheader_text_shadow_style,%91object Object%93&#8243; header_text_shadow_horizontal_length_tablet=\u00bb0px\u00bb header_text_shadow_vertical_length=\u00bbheader_text_shadow_style,%91object Object%93&#8243; header_text_shadow_vertical_length_tablet=\u00bb0px\u00bb header_text_shadow_blur_strength=\u00bbheader_text_shadow_style,%91object Object%93&#8243; header_text_shadow_blur_strength_tablet=\u00bb1px\u00bb header_2_text_shadow_horizontal_length=\u00bbheader_2_text_shadow_style,%91object Object%93&#8243; header_2_text_shadow_horizontal_length_tablet=\u00bb0px\u00bb header_2_text_shadow_vertical_length=\u00bbheader_2_text_shadow_style,%91object Object%93&#8243; header_2_text_shadow_vertical_length_tablet=\u00bb0px\u00bb header_2_text_shadow_blur_strength=\u00bbheader_2_text_shadow_style,%91object Object%93&#8243; header_2_text_shadow_blur_strength_tablet=\u00bb1px\u00bb header_3_text_shadow_horizontal_length=\u00bbheader_3_text_shadow_style,%91object Object%93&#8243; header_3_text_shadow_horizontal_length_tablet=\u00bb0px\u00bb header_3_text_shadow_vertical_length=\u00bbheader_3_text_shadow_style,%91object Object%93&#8243; header_3_text_shadow_vertical_length_tablet=\u00bb0px\u00bb header_3_text_shadow_blur_strength=\u00bbheader_3_text_shadow_style,%91object Object%93&#8243; header_3_text_shadow_blur_strength_tablet=\u00bb1px\u00bb header_4_text_shadow_horizontal_length=\u00bbheader_4_text_shadow_style,%91object Object%93&#8243; header_4_text_shadow_horizontal_length_tablet=\u00bb0px\u00bb header_4_text_shadow_vertical_length=\u00bbheader_4_text_shadow_style,%91object Object%93&#8243; header_4_text_shadow_vertical_length_tablet=\u00bb0px\u00bb header_4_text_shadow_blur_strength=\u00bbheader_4_text_shadow_style,%91object Object%93&#8243; header_4_text_shadow_blur_strength_tablet=\u00bb1px\u00bb header_5_text_shadow_horizontal_length=\u00bbheader_5_text_shadow_style,%91object Object%93&#8243; header_5_text_shadow_horizontal_length_tablet=\u00bb0px\u00bb header_5_text_shadow_vertical_length=\u00bbheader_5_text_shadow_style,%91object Object%93&#8243; header_5_text_shadow_vertical_length_tablet=\u00bb0px\u00bb header_5_text_shadow_blur_strength=\u00bbheader_5_text_shadow_style,%91object Object%93&#8243; header_5_text_shadow_blur_strength_tablet=\u00bb1px\u00bb header_6_text_shadow_horizontal_length=\u00bbheader_6_text_shadow_style,%91object Object%93&#8243; header_6_text_shadow_horizontal_length_tablet=\u00bb0px\u00bb header_6_text_shadow_vertical_length=\u00bbheader_6_text_shadow_style,%91object Object%93&#8243; header_6_text_shadow_vertical_length_tablet=\u00bb0px\u00bb header_6_text_shadow_blur_strength=\u00bbheader_6_text_shadow_style,%91object Object%93&#8243; header_6_text_shadow_blur_strength_tablet=\u00bb1px\u00bb box_shadow_horizontal_tablet=\u00bb0px\u00bb box_shadow_vertical_tablet=\u00bb0px\u00bb box_shadow_blur_tablet=\u00bb40px\u00bb box_shadow_spread_tablet=\u00bb0px\u00bb vertical_offset_tablet=\u00bb0&#8243; horizontal_offset_tablet=\u00bb0&#8243; z_index_tablet=\u00bb0&#8243;]<\/p>\n<p>Estimadas familias, buenas tardes.<\/p>\n<p>A continuaci\u00f3n, les hacemos llegar un enlace a toda la informaci\u00f3n sobre c\u00f3mo proceder ante el proceso de matriculaci\u00f3n de su hijos\/a en nuestro Centro en el curso 2020\/2021:<img loading=\"lazy\" decoding=\"async\" class=\"wp-image-12601 alignright\" src=\"https:\/\/alcala.salesianos.edu\/colegio\/wp-content\/uploads\/sites\/2\/2020\/06\/Untitled-3-300x169.png\" alt=\"\" width=\"383\" height=\"216\" \/><\/p>\n<p><a href=\"https:\/\/alcala.salesianos.edu\/colegio\/matriculaciones-2020-2021\/\" target=\"_blank\" rel=\"noopener noreferrer\">https:\/\/alcala.salesianos.edu\/colegio\/matriculaciones-2020-2021\/<\/a><\/p>\n<p>En dicho enlace, pueden encontrar todo lo referente al proceso, no obstante les concreto algunas cuestiones importantes para solventar las dudas iniciales:<\/p>\n<p><b>1. Calendario Oficial de matriculaciones:\u00a0<\/b><\/p>\n<p><b>EDUCACI\u00d3N INFANTIL (3 a\u00f1os)<\/b>\u00a0| Del 25 al 30 de junio.<\/p>\n<p><b>EDUCACI\u00d3N INFANTIL (4 y 5 a\u00f1os)<\/b>\u00a0| Del 2 al 8 de junio.<\/p>\n<p><b>EDUCACI\u00d3N PRIMARIA<\/b>\u00a0| Del 2 al\u00a0 8 de junio.<\/p>\n<p><b>EDUCACI\u00d3N SECUNDARIA<\/b>\u00a0| Del 1 al 10 de julio.<\/p>\n<p><b>2. Documentaci\u00f3n:\u00a0<\/b><\/p>\n<p>Pueden encontrar toda la documentaci\u00f3n pulsando sobre el curso en el que su hijo\/a se matricular\u00e1 el pr\u00f3ximo curso. Esta documentaci\u00f3n es autorrellenable, una vez cumplimentada, pueden entregarla en Secretar\u00eda en el horario especificado m\u00e1s adelante. El Centro recomienda la matriculaci\u00f3n presencial, no obstante, en el enlace de su curso puede conocer c\u00f3mo realizarla de manera telem\u00e1tica.<\/p>\n<p><b>3. Horario Espec\u00edfico:\u00a0<\/b><\/p>\n<p>Para garantizar su seguridad en nuestro Centro, hemos realizado una distribuci\u00f3n diaria de entrega de documentaci\u00f3n. A continuaci\u00f3n pueden conocerla:<\/p>\n<p><b>EDUCACI\u00d3N INFANTIL (3 a\u00f1os): se detallar\u00e1 un horario m\u00e1s adelante<\/b><\/p>\n<p><b>EDUCACI\u00d3N INFANTIL (4 y 5 a\u00f1os):\u00a0<\/b><\/p>\n<ul>\n<li>Martes 2 de junio de 9.00 a 13.30 horas<\/li>\n<li>Mi\u00e9rcoles 3 de junio de 9.00 a 13.30 horas y de 18.00 a 20.30 horas<\/li>\n<\/ul>\n<p><b>EDUCACI\u00d3N PRIMARIA<\/b>:<\/p>\n<ul>\n<li>Jueves 4 de junio de 9.00 a 13.30 horas<\/li>\n<li>Viernes 5 de junio de 9.00 a 13.30 horas<\/li>\n<li>Lunes 8 de junio de 9.00 a 13.30 horas y de 18.00 a 20.30 horas<\/li>\n<\/ul>\n<p><b>EDUCACI\u00d3N SECUNDARIA<\/b>: s<b>e detallar\u00e1 un horario m\u00e1s adelante<\/b><\/p>\n<ul>\n<li>Del 1 al 10 de julio de 9.00 a 13.30 horas<\/li>\n<\/ul>\n<p><b>4. Listado de material:\u00a0<\/b><\/p>\n<p>En los pr\u00f3ximos d\u00edas, podr\u00e1n encontrar un listado de material del curso en el que se encontrar\u00e1 su hijo\/a en este mismo medio.<\/p>\n<p><b>5. Abonos de actividades complementarias:\u00a0<\/b><\/p>\n<p>Rogamos que, la petici\u00f3n de reembolso de actividades complementarias, tales como campamentos y otras excursiones, se hagan en los d\u00edas que hemos estipulado para la realizaci\u00f3n de la matr\u00edcula del curso de su hijo\/a.<\/p>\n<p>Por \u00faltimo, les indicamos que, aunque los pr\u00f3ximos d\u00edas 4 y 5 son no lectivos en la localidad, seg\u00fan el Consejo Escolar Municipal, nuestra Secretar\u00eda abrir\u00e1 en horario de 09.00 a 13.30 horas para desarrollar el proceso de matriculaci\u00f3n.<\/p>\n<p>Un cordial saludo.<\/p>\n<p>[\/et_pb_text][\/et_pb_column][\/et_pb_row][\/et_pb_section]<\/p>\n","protected":false},"excerpt":{"rendered":"<p>A continuaci\u00f3n, les hacemos llegar un enlace a toda la informaci\u00f3n sobre c\u00f3mo proceder ante el proceso de matriculaci\u00f3n de su hijos\/a en nuestro Centro en el curso 2020\/2021.<\/p>\n","protected":false},"author":2,"featured_media":12601,"comment_status":"closed","ping_status":"open","sticky":false,"template":"","format":"standard","meta":{"_et_pb_use_builder":"on","_et_pb_old_content":"","_et_gb_content_width":"","footnotes":""},"categories":[1],"tags":[],"class_list":["post-12600","post","type-post","status-publish","format-standard","has-post-thumbnail","hentry","category-uncategorized"],"yoast_head":"<!-- This site is optimized with the Yoast SEO plugin v28.4 - https:\/\/yoast.com\/product\/yoast-seo-wordpress\/ -->\n<title>Comienza el proceso de matriculaci\u00f3n de nuestro alumnado de Educaci\u00f3n Infantil (4 y 5 a\u00f1os) y Primaria - Colegio Salesiano Alcal\u00e1<\/title>\n<meta name=\"robots\" content=\"index, follow, max-snippet:-1, max-image-preview:large, max-video-preview:-1\" \/>\n<link rel=\"canonical\" href=\"https:\/\/alcala.salesianos.edu\/colegio\/blog\/2020\/06\/02\/comienza-el-proceso-de-matriculacion-de-nuestro-alumnado-de-educacion-infantil-4-y-5-anos-y-primaria\/\" \/>\n<meta property=\"og:locale\" content=\"es_ES\" \/>\n<meta property=\"og:type\" content=\"article\" \/>\n<meta property=\"og:title\" content=\"Comienza el proceso de matriculaci\u00f3n de nuestro alumnado de Educaci\u00f3n Infantil (4 y 5 a\u00f1os) y Primaria - Colegio Salesiano Alcal\u00e1\" \/>\n<meta property=\"og:description\" content=\"A continuaci\u00f3n, les hacemos llegar un enlace a toda la informaci\u00f3n sobre c\u00f3mo proceder ante el proceso de matriculaci\u00f3n de su hijos\/a en nuestro Centro en el curso 2020\/2021.\" \/>\n<meta property=\"og:url\" content=\"https:\/\/alcala.salesianos.edu\/colegio\/blog\/2020\/06\/02\/comienza-el-proceso-de-matriculacion-de-nuestro-alumnado-de-educacion-infantil-4-y-5-anos-y-primaria\/\" \/>\n<meta property=\"og:site_name\" content=\"Colegio Salesiano Alcal\u00e1\" \/>\n<meta property=\"article:published_time\" content=\"2020-06-02T18:14:43+00:00\" \/>\n<meta property=\"article:modified_time\" content=\"2025-08-27T07:51:20+00:00\" \/>\n<meta property=\"og:image\" content=\"https:\/\/alcala.salesianos.edu\/colegio\/wp-content\/uploads\/sites\/2\/2020\/06\/Untitled-3.png\" \/>\n\t<meta property=\"og:image:width\" content=\"1280\" \/>\n\t<meta property=\"og:image:height\" content=\"720\" \/>\n\t<meta property=\"og:image:type\" content=\"image\/png\" \/>\n<meta name=\"author\" content=\"Administrador Web\" \/>\n<meta name=\"twitter:card\" content=\"summary_large_image\" \/>\n<meta name=\"twitter:label1\" content=\"Escrito por\" \/>\n\t<meta name=\"twitter:data1\" content=\"Administrador Web\" \/>\n\t<meta name=\"twitter:label2\" content=\"Tiempo de lectura\" \/>\n\t<meta name=\"twitter:data2\" content=\"5 minutos\" \/>\n<script type=\"application\/ld+json\" class=\"yoast-schema-graph\">{\"@context\":\"https:\\\/\\\/schema.org\",\"@graph\":[{\"@type\":\"Article\",\"@id\":\"https:\\\/\\\/alcala.salesianos.edu\\\/colegio\\\/blog\\\/2020\\\/06\\\/02\\\/comienza-el-proceso-de-matriculacion-de-nuestro-alumnado-de-educacion-infantil-4-y-5-anos-y-primaria\\\/#article\",\"isPartOf\":{\"@id\":\"https:\\\/\\\/alcala.salesianos.edu\\\/colegio\\\/blog\\\/2020\\\/06\\\/02\\\/comienza-el-proceso-de-matriculacion-de-nuestro-alumnado-de-educacion-infantil-4-y-5-anos-y-primaria\\\/\"},\"author\":{\"name\":\"Administrador Web\",\"@id\":\"https:\\\/\\\/alcala.salesianos.edu\\\/colegio\\\/#\\\/schema\\\/person\\\/afcc24f776dc91fc2bf9afb0998fca77\"},\"headline\":\"Comienza el proceso de matriculaci\u00f3n de nuestro alumnado de Educaci\u00f3n Infantil (4 y 5 a\u00f1os) y Primaria\",\"datePublished\":\"2020-06-02T18:14:43+00:00\",\"dateModified\":\"2025-08-27T07:51:20+00:00\",\"mainEntityOfPage\":{\"@id\":\"https:\\\/\\\/alcala.salesianos.edu\\\/colegio\\\/blog\\\/2020\\\/06\\\/02\\\/comienza-el-proceso-de-matriculacion-de-nuestro-alumnado-de-educacion-infantil-4-y-5-anos-y-primaria\\\/\"},\"wordCount\":1068,\"image\":{\"@id\":\"https:\\\/\\\/alcala.salesianos.edu\\\/colegio\\\/blog\\\/2020\\\/06\\\/02\\\/comienza-el-proceso-de-matriculacion-de-nuestro-alumnado-de-educacion-infantil-4-y-5-anos-y-primaria\\\/#primaryimage\"},\"thumbnailUrl\":\"https:\\\/\\\/alcala.salesianos.edu\\\/colegio\\\/wp-content\\\/uploads\\\/sites\\\/2\\\/2020\\\/06\\\/Untitled-3.png\",\"articleSection\":[\"Uncategorized\"],\"inLanguage\":\"es\"},{\"@type\":\"WebPage\",\"@id\":\"https:\\\/\\\/alcala.salesianos.edu\\\/colegio\\\/blog\\\/2020\\\/06\\\/02\\\/comienza-el-proceso-de-matriculacion-de-nuestro-alumnado-de-educacion-infantil-4-y-5-anos-y-primaria\\\/\",\"url\":\"https:\\\/\\\/alcala.salesianos.edu\\\/colegio\\\/blog\\\/2020\\\/06\\\/02\\\/comienza-el-proceso-de-matriculacion-de-nuestro-alumnado-de-educacion-infantil-4-y-5-anos-y-primaria\\\/\",\"name\":\"Comienza el proceso de matriculaci\u00f3n de nuestro alumnado de Educaci\u00f3n Infantil (4 y 5 a\u00f1os) y Primaria - Colegio Salesiano Alcal\u00e1\",\"isPartOf\":{\"@id\":\"https:\\\/\\\/alcala.salesianos.edu\\\/colegio\\\/#website\"},\"primaryImageOfPage\":{\"@id\":\"https:\\\/\\\/alcala.salesianos.edu\\\/colegio\\\/blog\\\/2020\\\/06\\\/02\\\/comienza-el-proceso-de-matriculacion-de-nuestro-alumnado-de-educacion-infantil-4-y-5-anos-y-primaria\\\/#primaryimage\"},\"image\":{\"@id\":\"https:\\\/\\\/alcala.salesianos.edu\\\/colegio\\\/blog\\\/2020\\\/06\\\/02\\\/comienza-el-proceso-de-matriculacion-de-nuestro-alumnado-de-educacion-infantil-4-y-5-anos-y-primaria\\\/#primaryimage\"},\"thumbnailUrl\":\"https:\\\/\\\/alcala.salesianos.edu\\\/colegio\\\/wp-content\\\/uploads\\\/sites\\\/2\\\/2020\\\/06\\\/Untitled-3.png\",\"datePublished\":\"2020-06-02T18:14:43+00:00\",\"dateModified\":\"2025-08-27T07:51:20+00:00\",\"author\":{\"@id\":\"https:\\\/\\\/alcala.salesianos.edu\\\/colegio\\\/#\\\/schema\\\/person\\\/afcc24f776dc91fc2bf9afb0998fca77\"},\"breadcrumb\":{\"@id\":\"https:\\\/\\\/alcala.salesianos.edu\\\/colegio\\\/blog\\\/2020\\\/06\\\/02\\\/comienza-el-proceso-de-matriculacion-de-nuestro-alumnado-de-educacion-infantil-4-y-5-anos-y-primaria\\\/#breadcrumb\"},\"inLanguage\":\"es\",\"potentialAction\":[{\"@type\":\"ReadAction\",\"target\":[\"https:\\\/\\\/alcala.salesianos.edu\\\/colegio\\\/blog\\\/2020\\\/06\\\/02\\\/comienza-el-proceso-de-matriculacion-de-nuestro-alumnado-de-educacion-infantil-4-y-5-anos-y-primaria\\\/\"]}]},{\"@type\":\"ImageObject\",\"inLanguage\":\"es\",\"@id\":\"https:\\\/\\\/alcala.salesianos.edu\\\/colegio\\\/blog\\\/2020\\\/06\\\/02\\\/comienza-el-proceso-de-matriculacion-de-nuestro-alumnado-de-educacion-infantil-4-y-5-anos-y-primaria\\\/#primaryimage\",\"url\":\"https:\\\/\\\/alcala.salesianos.edu\\\/colegio\\\/wp-content\\\/uploads\\\/sites\\\/2\\\/2020\\\/06\\\/Untitled-3.png\",\"contentUrl\":\"https:\\\/\\\/alcala.salesianos.edu\\\/colegio\\\/wp-content\\\/uploads\\\/sites\\\/2\\\/2020\\\/06\\\/Untitled-3.png\",\"width\":1280,\"height\":720},{\"@type\":\"BreadcrumbList\",\"@id\":\"https:\\\/\\\/alcala.salesianos.edu\\\/colegio\\\/blog\\\/2020\\\/06\\\/02\\\/comienza-el-proceso-de-matriculacion-de-nuestro-alumnado-de-educacion-infantil-4-y-5-anos-y-primaria\\\/#breadcrumb\",\"itemListElement\":[{\"@type\":\"ListItem\",\"position\":1,\"name\":\"Portada\",\"item\":\"https:\\\/\\\/alcala.salesianos.edu\\\/colegio\\\/\"},{\"@type\":\"ListItem\",\"position\":2,\"name\":\"Comienza el proceso de matriculaci\u00f3n de nuestro alumnado de Educaci\u00f3n Infantil (4 y 5 a\u00f1os) y Primaria\"}]},{\"@type\":\"WebSite\",\"@id\":\"https:\\\/\\\/alcala.salesianos.edu\\\/colegio\\\/#website\",\"url\":\"https:\\\/\\\/alcala.salesianos.edu\\\/colegio\\\/\",\"name\":\"Colegio Salesiano Alcal\u00e1\",\"description\":\"P\u00e1gina oficial de Salesianos Alcal\u00e1 de Guadaira\",\"potentialAction\":[{\"@type\":\"SearchAction\",\"target\":{\"@type\":\"EntryPoint\",\"urlTemplate\":\"https:\\\/\\\/alcala.salesianos.edu\\\/colegio\\\/?s={search_term_string}\"},\"query-input\":{\"@type\":\"PropertyValueSpecification\",\"valueRequired\":true,\"valueName\":\"search_term_string\"}}],\"inLanguage\":\"es\"},{\"@type\":\"Person\",\"@id\":\"https:\\\/\\\/alcala.salesianos.edu\\\/colegio\\\/#\\\/schema\\\/person\\\/afcc24f776dc91fc2bf9afb0998fca77\",\"name\":\"Administrador Web\",\"image\":{\"@type\":\"ImageObject\",\"inLanguage\":\"es\",\"@id\":\"https:\\\/\\\/secure.gravatar.com\\\/avatar\\\/bc157e994689bd6da9645c00aa3bc4d55b727915b6652642660db0aef086585f?s=96&d=mm&r=g\",\"url\":\"https:\\\/\\\/secure.gravatar.com\\\/avatar\\\/bc157e994689bd6da9645c00aa3bc4d55b727915b6652642660db0aef086585f?s=96&d=mm&r=g\",\"contentUrl\":\"https:\\\/\\\/secure.gravatar.com\\\/avatar\\\/bc157e994689bd6da9645c00aa3bc4d55b727915b6652642660db0aef086585f?s=96&d=mm&r=g\",\"caption\":\"Administrador Web\"}}]}<\/script>\n<!-- \/ Yoast SEO plugin. -->","yoast_head_json":{"title":"Comienza el proceso de matriculaci\u00f3n de nuestro alumnado de Educaci\u00f3n Infantil (4 y 5 a\u00f1os) y Primaria - Colegio Salesiano Alcal\u00e1","robots":{"index":"index","follow":"follow","max-snippet":"max-snippet:-1","max-image-preview":"max-image-preview:large","max-video-preview":"max-video-preview:-1"},"canonical":"https:\/\/alcala.salesianos.edu\/colegio\/blog\/2020\/06\/02\/comienza-el-proceso-de-matriculacion-de-nuestro-alumnado-de-educacion-infantil-4-y-5-anos-y-primaria\/","og_locale":"es_ES","og_type":"article","og_title":"Comienza el proceso de matriculaci\u00f3n de nuestro alumnado de Educaci\u00f3n Infantil (4 y 5 a\u00f1os) y Primaria - Colegio Salesiano Alcal\u00e1","og_description":"A continuaci\u00f3n, les hacemos llegar un enlace a toda la informaci\u00f3n sobre c\u00f3mo proceder ante el proceso de matriculaci\u00f3n de su hijos\/a en nuestro Centro en el curso 2020\/2021.","og_url":"https:\/\/alcala.salesianos.edu\/colegio\/blog\/2020\/06\/02\/comienza-el-proceso-de-matriculacion-de-nuestro-alumnado-de-educacion-infantil-4-y-5-anos-y-primaria\/","og_site_name":"Colegio Salesiano Alcal\u00e1","article_published_time":"2020-06-02T18:14:43+00:00","article_modified_time":"2025-08-27T07:51:20+00:00","og_image":[{"width":1280,"height":720,"url":"https:\/\/alcala.salesianos.edu\/colegio\/wp-content\/uploads\/sites\/2\/2020\/06\/Untitled-3.png","type":"image\/png"}],"author":"Administrador Web","twitter_card":"summary_large_image","twitter_misc":{"Escrito por":"Administrador Web","Tiempo de lectura":"5 minutos"},"schema":{"@context":"https:\/\/schema.org","@graph":[{"@type":"Article","@id":"https:\/\/alcala.salesianos.edu\/colegio\/blog\/2020\/06\/02\/comienza-el-proceso-de-matriculacion-de-nuestro-alumnado-de-educacion-infantil-4-y-5-anos-y-primaria\/#article","isPartOf":{"@id":"https:\/\/alcala.salesianos.edu\/colegio\/blog\/2020\/06\/02\/comienza-el-proceso-de-matriculacion-de-nuestro-alumnado-de-educacion-infantil-4-y-5-anos-y-primaria\/"},"author":{"name":"Administrador Web","@id":"https:\/\/alcala.salesianos.edu\/colegio\/#\/schema\/person\/afcc24f776dc91fc2bf9afb0998fca77"},"headline":"Comienza el proceso de matriculaci\u00f3n de nuestro alumnado de Educaci\u00f3n Infantil (4 y 5 a\u00f1os) y Primaria","datePublished":"2020-06-02T18:14:43+00:00","dateModified":"2025-08-27T07:51:20+00:00","mainEntityOfPage":{"@id":"https:\/\/alcala.salesianos.edu\/colegio\/blog\/2020\/06\/02\/comienza-el-proceso-de-matriculacion-de-nuestro-alumnado-de-educacion-infantil-4-y-5-anos-y-primaria\/"},"wordCount":1068,"image":{"@id":"https:\/\/alcala.salesianos.edu\/colegio\/blog\/2020\/06\/02\/comienza-el-proceso-de-matriculacion-de-nuestro-alumnado-de-educacion-infantil-4-y-5-anos-y-primaria\/#primaryimage"},"thumbnailUrl":"https:\/\/alcala.salesianos.edu\/colegio\/wp-content\/uploads\/sites\/2\/2020\/06\/Untitled-3.png","articleSection":["Uncategorized"],"inLanguage":"es"},{"@type":"WebPage","@id":"https:\/\/alcala.salesianos.edu\/colegio\/blog\/2020\/06\/02\/comienza-el-proceso-de-matriculacion-de-nuestro-alumnado-de-educacion-infantil-4-y-5-anos-y-primaria\/","url":"https:\/\/alcala.salesianos.edu\/colegio\/blog\/2020\/06\/02\/comienza-el-proceso-de-matriculacion-de-nuestro-alumnado-de-educacion-infantil-4-y-5-anos-y-primaria\/","name":"Comienza el proceso de matriculaci\u00f3n de nuestro alumnado de Educaci\u00f3n Infantil (4 y 5 a\u00f1os) y Primaria - Colegio Salesiano Alcal\u00e1","isPartOf":{"@id":"https:\/\/alcala.salesianos.edu\/colegio\/#website"},"primaryImageOfPage":{"@id":"https:\/\/alcala.salesianos.edu\/colegio\/blog\/2020\/06\/02\/comienza-el-proceso-de-matriculacion-de-nuestro-alumnado-de-educacion-infantil-4-y-5-anos-y-primaria\/#primaryimage"},"image":{"@id":"https:\/\/alcala.salesianos.edu\/colegio\/blog\/2020\/06\/02\/comienza-el-proceso-de-matriculacion-de-nuestro-alumnado-de-educacion-infantil-4-y-5-anos-y-primaria\/#primaryimage"},"thumbnailUrl":"https:\/\/alcala.salesianos.edu\/colegio\/wp-content\/uploads\/sites\/2\/2020\/06\/Untitled-3.png","datePublished":"2020-06-02T18:14:43+00:00","dateModified":"2025-08-27T07:51:20+00:00","author":{"@id":"https:\/\/alcala.salesianos.edu\/colegio\/#\/schema\/person\/afcc24f776dc91fc2bf9afb0998fca77"},"breadcrumb":{"@id":"https:\/\/alcala.salesianos.edu\/colegio\/blog\/2020\/06\/02\/comienza-el-proceso-de-matriculacion-de-nuestro-alumnado-de-educacion-infantil-4-y-5-anos-y-primaria\/#breadcrumb"},"inLanguage":"es","potentialAction":[{"@type":"ReadAction","target":["https:\/\/alcala.salesianos.edu\/colegio\/blog\/2020\/06\/02\/comienza-el-proceso-de-matriculacion-de-nuestro-alumnado-de-educacion-infantil-4-y-5-anos-y-primaria\/"]}]},{"@type":"ImageObject","inLanguage":"es","@id":"https:\/\/alcala.salesianos.edu\/colegio\/blog\/2020\/06\/02\/comienza-el-proceso-de-matriculacion-de-nuestro-alumnado-de-educacion-infantil-4-y-5-anos-y-primaria\/#primaryimage","url":"https:\/\/alcala.salesianos.edu\/colegio\/wp-content\/uploads\/sites\/2\/2020\/06\/Untitled-3.png","contentUrl":"https:\/\/alcala.salesianos.edu\/colegio\/wp-content\/uploads\/sites\/2\/2020\/06\/Untitled-3.png","width":1280,"height":720},{"@type":"BreadcrumbList","@id":"https:\/\/alcala.salesianos.edu\/colegio\/blog\/2020\/06\/02\/comienza-el-proceso-de-matriculacion-de-nuestro-alumnado-de-educacion-infantil-4-y-5-anos-y-primaria\/#breadcrumb","itemListElement":[{"@type":"ListItem","position":1,"name":"Portada","item":"https:\/\/alcala.salesianos.edu\/colegio\/"},{"@type":"ListItem","position":2,"name":"Comienza el proceso de matriculaci\u00f3n de nuestro alumnado de Educaci\u00f3n Infantil (4 y 5 a\u00f1os) y Primaria"}]},{"@type":"WebSite","@id":"https:\/\/alcala.salesianos.edu\/colegio\/#website","url":"https:\/\/alcala.salesianos.edu\/colegio\/","name":"Colegio Salesiano Alcal\u00e1","description":"P\u00e1gina oficial de Salesianos Alcal\u00e1 de Guadaira","potentialAction":[{"@type":"SearchAction","target":{"@type":"EntryPoint","urlTemplate":"https:\/\/alcala.salesianos.edu\/colegio\/?s={search_term_string}"},"query-input":{"@type":"PropertyValueSpecification","valueRequired":true,"valueName":"search_term_string"}}],"inLanguage":"es"},{"@type":"Person","@id":"https:\/\/alcala.salesianos.edu\/colegio\/#\/schema\/person\/afcc24f776dc91fc2bf9afb0998fca77","name":"Administrador Web","image":{"@type":"ImageObject","inLanguage":"es","@id":"https:\/\/secure.gravatar.com\/avatar\/bc157e994689bd6da9645c00aa3bc4d55b727915b6652642660db0aef086585f?s=96&d=mm&r=g","url":"https:\/\/secure.gravatar.com\/avatar\/bc157e994689bd6da9645c00aa3bc4d55b727915b6652642660db0aef086585f?s=96&d=mm&r=g","contentUrl":"https:\/\/secure.gravatar.com\/avatar\/bc157e994689bd6da9645c00aa3bc4d55b727915b6652642660db0aef086585f?s=96&d=mm&r=g","caption":"Administrador Web"}}]}},"_links":{"self":[{"href":"https:\/\/alcala.salesianos.edu\/colegio\/wp-json\/wp\/v2\/posts\/12600","targetHints":{"allow":["GET"]}}],"collection":[{"href":"https:\/\/alcala.salesianos.edu\/colegio\/wp-json\/wp\/v2\/posts"}],"about":[{"href":"https:\/\/alcala.salesianos.edu\/colegio\/wp-json\/wp\/v2\/types\/post"}],"author":[{"embeddable":true,"href":"https:\/\/alcala.salesianos.edu\/colegio\/wp-json\/wp\/v2\/users\/2"}],"replies":[{"embeddable":true,"href":"https:\/\/alcala.salesianos.edu\/colegio\/wp-json\/wp\/v2\/comments?post=12600"}],"version-history":[{"count":3,"href":"https:\/\/alcala.salesianos.edu\/colegio\/wp-json\/wp\/v2\/posts\/12600\/revisions"}],"predecessor-version":[{"id":12604,"href":"https:\/\/alcala.salesianos.edu\/colegio\/wp-json\/wp\/v2\/posts\/12600\/revisions\/12604"}],"wp:featuredmedia":[{"embeddable":true,"href":"https:\/\/alcala.salesianos.edu\/colegio\/wp-json\/wp\/v2\/media\/12601"}],"wp:attachment":[{"href":"https:\/\/alcala.salesianos.edu\/colegio\/wp-json\/wp\/v2\/media?parent=12600"}],"wp:term":[{"taxonomy":"category","embeddable":true,"href":"https:\/\/alcala.salesianos.edu\/colegio\/wp-json\/wp\/v2\/categories?post=12600"},{"taxonomy":"post_tag","embeddable":true,"href":"https:\/\/alcala.salesianos.edu\/colegio\/wp-json\/wp\/v2\/tags?post=12600"}],"curies":[{"name":"wp","href":"https:\/\/api.w.org\/{rel}","templated":true}]}}