{"id":12309,"date":"2020-05-24T05:32:36","date_gmt":"2020-05-24T04:32:36","guid":{"rendered":"https:\/\/alcala.salesianos.edu\/colegio\/blog\/2020\/05\/24\/feliz-dia-de-maria-auxiliadora\/"},"modified":"2025-08-27T08:51:21","modified_gmt":"2025-08-27T07:51:21","slug":"feliz-dia-de-maria-auxiliadora","status":"publish","type":"post","link":"https:\/\/alcala.salesianos.edu\/colegio\/blog\/2020\/05\/24\/feliz-dia-de-maria-auxiliadora\/","title":{"rendered":"\u00a1Feliz d\u00eda de Mar\u00eda Auxiliadora!"},"content":{"rendered":"<div id=\"fb-root\"><\/div>\n<p>[et_pb_section fb_built=\u00bb1&#8243; _builder_version=\u00bb4.4.3&#8243;][et_pb_row _builder_version=\u00bb4.4.3&#8243;][et_pb_column _builder_version=\u00bb4.4.3&#8243; type=\u00bb4_4&#8243;][et_pb_text _builder_version=\u00bb4.4.3&#8243; hover_enabled=\u00bb0&#8243;]<\/p>\n<p>En el d\u00eda de hoy la Familia Salesiana celebraremos de forma distinta a otros a\u00f1os la Festividad de Mar\u00eda Auxiliadora por las circunstancias que nos encontramos ahora mismo. Son muchos los actos y celebraciones que la Obra realizar\u00e1 en el d\u00eda de hoy.<\/p>\n<p><img loading=\"lazy\" decoding=\"async\" class=\"wp-image-12310 size-medium alignleft\" src=\"https:\/\/alcala.salesianos.edu\/colegio\/wp-content\/uploads\/sites\/2\/2020\/05\/WhatsApp-Image-2020-05-23-at-20.13.00-300x212.jpeg\" alt=\"\" width=\"300\" height=\"212\" \/>Comenzaremos con la Eucarist\u00eda Solemne a las 12,00 h. presidida por nuestro Director Titular D. Juan Manuel Melgar Gonz\u00e1lez, sdb. Dicha celebraci\u00f3n podremos vivirla gracias a la retransmisi\u00f3n por las cuentas de Facebook de la Hermandad del Rosario y de la A.D.M.A., adem\u00e1s Vivacable Tv tambi\u00e9n lo emitir\u00e1 en directo por la televisi\u00f3n.<\/p>\n<p>Una vez finalizado, la Asociaci\u00f3n de Mar\u00eda Auxilliadora en su cuenta de Facebook retransmitir\u00e1 \u00abRENDIDO A TUS PLANTAS\u00bb. El himno de Mar\u00eda Auxiliadora cantado por la Escolan\u00eda de Santo Domingo Savio de nuestra Casa.<\/p>\n<p>A las 13,00 h. viviremos nuestra particular Caravana de la Alegr\u00eda. Estamos todos invitados a hacer notar nuestra felicidad por el d\u00eda de Mar\u00eda Auxiliadora tal y como todos los a\u00f1os hacen nuestros j\u00f3venes por las calles de Alcal\u00e1 de forma fragorosa. Tras ese momento nuestro Director de Colegio, D. Fernando Mart\u00edn Carrasco, mandar\u00e1 un mensaje de Buenos D\u00edas.<\/p>\n<p>La tarde estar\u00e1 llena de momentos emotivos. En primer lugar, los alumnos y profesores de 4\u00ba de Educaci\u00f3n Secundaria lanzar\u00e1n el mensaje \u00abMar\u00eda da color a tu vida\u00bb a las 17,00 h. M\u00e1s tarde, a las 18,00 h. se publicar\u00e1 un audiovisual llamado \u00abA t\u00ed, Madre\u00bb con versos de D. \u00c1ngel Guti\u00e9rrez. A las 19,00 h. se realizar\u00e1 la \u00abProcesi\u00f3n Virtual de Mar\u00eda Auxiliadora\u00bb. Todo esos actos vespertinos se retransmitir\u00e1n desde las cuentas de Facebook e Instagram del Colegio.<\/p>\n<p>Para finalizar la jornada los Antiguos Alumnos de nuestro centro nos mandar\u00e1n un mensaje de felicitaci\u00f3n y nuestro inspector, D. \u00c1ngel Arzurmendi Mart\u00ednez, sdb finalizar\u00e1 la jornada con un mensaje de Buenas Noches.<\/p>\n<p>Nos gustar\u00eda recordar el gran esfuerzo que han realizado todos los miembros de la Familia Salesiana para poder vivir un mes de mayo de forma tan intensa, desde los m\u00e1s j\u00f3venes de nuestra Casa como son nuestros peque\u00f1os participando en todas las iniciativas, la implicaci\u00f3n del grupo de Pastoral Juvenil con sus mensajes diarios, la exposici\u00f3n virtual de \u00abMadre Auxiliadora\u00bb de Isidoro Villalba&#8230; el gran esfuerzo de todos los agentes pastorales que han hecho que podamos vivir un mes de mayo tan lleno de Mar\u00eda Auxiliadora.<\/p>\n<p>\u00a1Feliz d\u00eda de Mar\u00eda Auxiliadora!<\/p>\n<p>&nbsp;<\/p>\n<p>&nbsp;<\/p>\n<p>[\/et_pb_text][\/et_pb_column][\/et_pb_row][\/et_pb_section]<\/p>\n","protected":false},"excerpt":{"rendered":"<p>La Obra Salesiana de nuestra localidad presenta un nutrido programa de actos y celebraciones en conmemoraci\u00f3n de Mar\u00eda Auxiliadora Coronada.<\/p>\n","protected":false},"author":2,"featured_media":0,"comment_status":"closed","ping_status":"open","sticky":false,"template":"","format":"standard","meta":{"_et_pb_use_builder":"on","_et_pb_old_content":"","_et_gb_content_width":"","footnotes":""},"categories":[1],"tags":[],"class_list":["post-12309","post","type-post","status-publish","format-standard","hentry","category-uncategorized"],"yoast_head":"<!-- This site is optimized with the Yoast SEO plugin v28.4 - https:\/\/yoast.com\/product\/yoast-seo-wordpress\/ -->\n<title>\u00a1Feliz d\u00eda de Mar\u00eda Auxiliadora! - Colegio Salesiano Alcal\u00e1<\/title>\n<meta name=\"robots\" content=\"index, follow, max-snippet:-1, max-image-preview:large, max-video-preview:-1\" \/>\n<link rel=\"canonical\" href=\"https:\/\/alcala.salesianos.edu\/colegio\/blog\/2020\/05\/24\/feliz-dia-de-maria-auxiliadora\/\" \/>\n<meta property=\"og:locale\" content=\"es_ES\" \/>\n<meta property=\"og:type\" content=\"article\" \/>\n<meta property=\"og:title\" content=\"\u00a1Feliz d\u00eda de Mar\u00eda Auxiliadora! - Colegio Salesiano Alcal\u00e1\" \/>\n<meta property=\"og:description\" content=\"La Obra Salesiana de nuestra localidad presenta un nutrido programa de actos y celebraciones en conmemoraci\u00f3n de Mar\u00eda Auxiliadora Coronada.\" \/>\n<meta property=\"og:url\" content=\"https:\/\/alcala.salesianos.edu\/colegio\/blog\/2020\/05\/24\/feliz-dia-de-maria-auxiliadora\/\" \/>\n<meta property=\"og:site_name\" content=\"Colegio Salesiano Alcal\u00e1\" \/>\n<meta property=\"article:published_time\" content=\"2020-05-24T04:32:36+00:00\" \/>\n<meta property=\"article:modified_time\" content=\"2025-08-27T07:51:21+00:00\" \/>\n<meta name=\"author\" content=\"Administrador Web\" \/>\n<meta name=\"twitter:card\" content=\"summary_large_image\" \/>\n<meta name=\"twitter:label1\" content=\"Escrito por\" \/>\n\t<meta name=\"twitter:data1\" content=\"Administrador Web\" \/>\n\t<meta name=\"twitter:label2\" content=\"Tiempo de lectura\" \/>\n\t<meta name=\"twitter:data2\" content=\"2 minutos\" \/>\n<script type=\"application\/ld+json\" class=\"yoast-schema-graph\">{\"@context\":\"https:\\\/\\\/schema.org\",\"@graph\":[{\"@type\":\"Article\",\"@id\":\"https:\\\/\\\/alcala.salesianos.edu\\\/colegio\\\/blog\\\/2020\\\/05\\\/24\\\/feliz-dia-de-maria-auxiliadora\\\/#article\",\"isPartOf\":{\"@id\":\"https:\\\/\\\/alcala.salesianos.edu\\\/colegio\\\/blog\\\/2020\\\/05\\\/24\\\/feliz-dia-de-maria-auxiliadora\\\/\"},\"author\":{\"name\":\"Administrador Web\",\"@id\":\"https:\\\/\\\/alcala.salesianos.edu\\\/colegio\\\/#\\\/schema\\\/person\\\/afcc24f776dc91fc2bf9afb0998fca77\"},\"headline\":\"\u00a1Feliz d\u00eda de Mar\u00eda Auxiliadora!\",\"datePublished\":\"2020-05-24T04:32:36+00:00\",\"dateModified\":\"2025-08-27T07:51:21+00:00\",\"mainEntityOfPage\":{\"@id\":\"https:\\\/\\\/alcala.salesianos.edu\\\/colegio\\\/blog\\\/2020\\\/05\\\/24\\\/feliz-dia-de-maria-auxiliadora\\\/\"},\"wordCount\":477,\"image\":{\"@id\":\"https:\\\/\\\/alcala.salesianos.edu\\\/colegio\\\/blog\\\/2020\\\/05\\\/24\\\/feliz-dia-de-maria-auxiliadora\\\/#primaryimage\"},\"thumbnailUrl\":\"https:\\\/\\\/alcala.salesianos.edu\\\/colegio\\\/wp-content\\\/uploads\\\/sites\\\/2\\\/2020\\\/05\\\/WhatsApp-Image-2020-05-23-at-20.13.00-300x212.jpeg\",\"articleSection\":[\"Uncategorized\"],\"inLanguage\":\"es\"},{\"@type\":\"WebPage\",\"@id\":\"https:\\\/\\\/alcala.salesianos.edu\\\/colegio\\\/blog\\\/2020\\\/05\\\/24\\\/feliz-dia-de-maria-auxiliadora\\\/\",\"url\":\"https:\\\/\\\/alcala.salesianos.edu\\\/colegio\\\/blog\\\/2020\\\/05\\\/24\\\/feliz-dia-de-maria-auxiliadora\\\/\",\"name\":\"\u00a1Feliz d\u00eda de Mar\u00eda Auxiliadora! - Colegio Salesiano Alcal\u00e1\",\"isPartOf\":{\"@id\":\"https:\\\/\\\/alcala.salesianos.edu\\\/colegio\\\/#website\"},\"primaryImageOfPage\":{\"@id\":\"https:\\\/\\\/alcala.salesianos.edu\\\/colegio\\\/blog\\\/2020\\\/05\\\/24\\\/feliz-dia-de-maria-auxiliadora\\\/#primaryimage\"},\"image\":{\"@id\":\"https:\\\/\\\/alcala.salesianos.edu\\\/colegio\\\/blog\\\/2020\\\/05\\\/24\\\/feliz-dia-de-maria-auxiliadora\\\/#primaryimage\"},\"thumbnailUrl\":\"https:\\\/\\\/alcala.salesianos.edu\\\/colegio\\\/wp-content\\\/uploads\\\/sites\\\/2\\\/2020\\\/05\\\/WhatsApp-Image-2020-05-23-at-20.13.00-300x212.jpeg\",\"datePublished\":\"2020-05-24T04:32:36+00:00\",\"dateModified\":\"2025-08-27T07:51:21+00:00\",\"author\":{\"@id\":\"https:\\\/\\\/alcala.salesianos.edu\\\/colegio\\\/#\\\/schema\\\/person\\\/afcc24f776dc91fc2bf9afb0998fca77\"},\"breadcrumb\":{\"@id\":\"https:\\\/\\\/alcala.salesianos.edu\\\/colegio\\\/blog\\\/2020\\\/05\\\/24\\\/feliz-dia-de-maria-auxiliadora\\\/#breadcrumb\"},\"inLanguage\":\"es\",\"potentialAction\":[{\"@type\":\"ReadAction\",\"target\":[\"https:\\\/\\\/alcala.salesianos.edu\\\/colegio\\\/blog\\\/2020\\\/05\\\/24\\\/feliz-dia-de-maria-auxiliadora\\\/\"]}]},{\"@type\":\"ImageObject\",\"inLanguage\":\"es\",\"@id\":\"https:\\\/\\\/alcala.salesianos.edu\\\/colegio\\\/blog\\\/2020\\\/05\\\/24\\\/feliz-dia-de-maria-auxiliadora\\\/#primaryimage\",\"url\":\"https:\\\/\\\/alcala.salesianos.edu\\\/colegio\\\/wp-content\\\/uploads\\\/sites\\\/2\\\/2020\\\/05\\\/WhatsApp-Image-2020-05-23-at-20.13.00-300x212.jpeg\",\"contentUrl\":\"https:\\\/\\\/alcala.salesianos.edu\\\/colegio\\\/wp-content\\\/uploads\\\/sites\\\/2\\\/2020\\\/05\\\/WhatsApp-Image-2020-05-23-at-20.13.00-300x212.jpeg\"},{\"@type\":\"BreadcrumbList\",\"@id\":\"https:\\\/\\\/alcala.salesianos.edu\\\/colegio\\\/blog\\\/2020\\\/05\\\/24\\\/feliz-dia-de-maria-auxiliadora\\\/#breadcrumb\",\"itemListElement\":[{\"@type\":\"ListItem\",\"position\":1,\"name\":\"Portada\",\"item\":\"https:\\\/\\\/alcala.salesianos.edu\\\/colegio\\\/\"},{\"@type\":\"ListItem\",\"position\":2,\"name\":\"\u00a1Feliz d\u00eda de Mar\u00eda Auxiliadora!\"}]},{\"@type\":\"WebSite\",\"@id\":\"https:\\\/\\\/alcala.salesianos.edu\\\/colegio\\\/#website\",\"url\":\"https:\\\/\\\/alcala.salesianos.edu\\\/colegio\\\/\",\"name\":\"Colegio Salesiano Alcal\u00e1\",\"description\":\"P\u00e1gina oficial de Salesianos Alcal\u00e1 de Guadaira\",\"potentialAction\":[{\"@type\":\"SearchAction\",\"target\":{\"@type\":\"EntryPoint\",\"urlTemplate\":\"https:\\\/\\\/alcala.salesianos.edu\\\/colegio\\\/?s={search_term_string}\"},\"query-input\":{\"@type\":\"PropertyValueSpecification\",\"valueRequired\":true,\"valueName\":\"search_term_string\"}}],\"inLanguage\":\"es\"},{\"@type\":\"Person\",\"@id\":\"https:\\\/\\\/alcala.salesianos.edu\\\/colegio\\\/#\\\/schema\\\/person\\\/afcc24f776dc91fc2bf9afb0998fca77\",\"name\":\"Administrador Web\",\"image\":{\"@type\":\"ImageObject\",\"inLanguage\":\"es\",\"@id\":\"https:\\\/\\\/secure.gravatar.com\\\/avatar\\\/bc157e994689bd6da9645c00aa3bc4d55b727915b6652642660db0aef086585f?s=96&d=mm&r=g\",\"url\":\"https:\\\/\\\/secure.gravatar.com\\\/avatar\\\/bc157e994689bd6da9645c00aa3bc4d55b727915b6652642660db0aef086585f?s=96&d=mm&r=g\",\"contentUrl\":\"https:\\\/\\\/secure.gravatar.com\\\/avatar\\\/bc157e994689bd6da9645c00aa3bc4d55b727915b6652642660db0aef086585f?s=96&d=mm&r=g\",\"caption\":\"Administrador Web\"}}]}<\/script>\n<!-- \/ Yoast SEO plugin. -->","yoast_head_json":{"title":"\u00a1Feliz d\u00eda de Mar\u00eda Auxiliadora! - Colegio Salesiano Alcal\u00e1","robots":{"index":"index","follow":"follow","max-snippet":"max-snippet:-1","max-image-preview":"max-image-preview:large","max-video-preview":"max-video-preview:-1"},"canonical":"https:\/\/alcala.salesianos.edu\/colegio\/blog\/2020\/05\/24\/feliz-dia-de-maria-auxiliadora\/","og_locale":"es_ES","og_type":"article","og_title":"\u00a1Feliz d\u00eda de Mar\u00eda Auxiliadora! - Colegio Salesiano Alcal\u00e1","og_description":"La Obra Salesiana de nuestra localidad presenta un nutrido programa de actos y celebraciones en conmemoraci\u00f3n de Mar\u00eda Auxiliadora Coronada.","og_url":"https:\/\/alcala.salesianos.edu\/colegio\/blog\/2020\/05\/24\/feliz-dia-de-maria-auxiliadora\/","og_site_name":"Colegio Salesiano Alcal\u00e1","article_published_time":"2020-05-24T04:32:36+00:00","article_modified_time":"2025-08-27T07:51:21+00:00","author":"Administrador Web","twitter_card":"summary_large_image","twitter_misc":{"Escrito por":"Administrador Web","Tiempo de lectura":"2 minutos"},"schema":{"@context":"https:\/\/schema.org","@graph":[{"@type":"Article","@id":"https:\/\/alcala.salesianos.edu\/colegio\/blog\/2020\/05\/24\/feliz-dia-de-maria-auxiliadora\/#article","isPartOf":{"@id":"https:\/\/alcala.salesianos.edu\/colegio\/blog\/2020\/05\/24\/feliz-dia-de-maria-auxiliadora\/"},"author":{"name":"Administrador Web","@id":"https:\/\/alcala.salesianos.edu\/colegio\/#\/schema\/person\/afcc24f776dc91fc2bf9afb0998fca77"},"headline":"\u00a1Feliz d\u00eda de Mar\u00eda Auxiliadora!","datePublished":"2020-05-24T04:32:36+00:00","dateModified":"2025-08-27T07:51:21+00:00","mainEntityOfPage":{"@id":"https:\/\/alcala.salesianos.edu\/colegio\/blog\/2020\/05\/24\/feliz-dia-de-maria-auxiliadora\/"},"wordCount":477,"image":{"@id":"https:\/\/alcala.salesianos.edu\/colegio\/blog\/2020\/05\/24\/feliz-dia-de-maria-auxiliadora\/#primaryimage"},"thumbnailUrl":"https:\/\/alcala.salesianos.edu\/colegio\/wp-content\/uploads\/sites\/2\/2020\/05\/WhatsApp-Image-2020-05-23-at-20.13.00-300x212.jpeg","articleSection":["Uncategorized"],"inLanguage":"es"},{"@type":"WebPage","@id":"https:\/\/alcala.salesianos.edu\/colegio\/blog\/2020\/05\/24\/feliz-dia-de-maria-auxiliadora\/","url":"https:\/\/alcala.salesianos.edu\/colegio\/blog\/2020\/05\/24\/feliz-dia-de-maria-auxiliadora\/","name":"\u00a1Feliz d\u00eda de Mar\u00eda Auxiliadora! - Colegio Salesiano Alcal\u00e1","isPartOf":{"@id":"https:\/\/alcala.salesianos.edu\/colegio\/#website"},"primaryImageOfPage":{"@id":"https:\/\/alcala.salesianos.edu\/colegio\/blog\/2020\/05\/24\/feliz-dia-de-maria-auxiliadora\/#primaryimage"},"image":{"@id":"https:\/\/alcala.salesianos.edu\/colegio\/blog\/2020\/05\/24\/feliz-dia-de-maria-auxiliadora\/#primaryimage"},"thumbnailUrl":"https:\/\/alcala.salesianos.edu\/colegio\/wp-content\/uploads\/sites\/2\/2020\/05\/WhatsApp-Image-2020-05-23-at-20.13.00-300x212.jpeg","datePublished":"2020-05-24T04:32:36+00:00","dateModified":"2025-08-27T07:51:21+00:00","author":{"@id":"https:\/\/alcala.salesianos.edu\/colegio\/#\/schema\/person\/afcc24f776dc91fc2bf9afb0998fca77"},"breadcrumb":{"@id":"https:\/\/alcala.salesianos.edu\/colegio\/blog\/2020\/05\/24\/feliz-dia-de-maria-auxiliadora\/#breadcrumb"},"inLanguage":"es","potentialAction":[{"@type":"ReadAction","target":["https:\/\/alcala.salesianos.edu\/colegio\/blog\/2020\/05\/24\/feliz-dia-de-maria-auxiliadora\/"]}]},{"@type":"ImageObject","inLanguage":"es","@id":"https:\/\/alcala.salesianos.edu\/colegio\/blog\/2020\/05\/24\/feliz-dia-de-maria-auxiliadora\/#primaryimage","url":"https:\/\/alcala.salesianos.edu\/colegio\/wp-content\/uploads\/sites\/2\/2020\/05\/WhatsApp-Image-2020-05-23-at-20.13.00-300x212.jpeg","contentUrl":"https:\/\/alcala.salesianos.edu\/colegio\/wp-content\/uploads\/sites\/2\/2020\/05\/WhatsApp-Image-2020-05-23-at-20.13.00-300x212.jpeg"},{"@type":"BreadcrumbList","@id":"https:\/\/alcala.salesianos.edu\/colegio\/blog\/2020\/05\/24\/feliz-dia-de-maria-auxiliadora\/#breadcrumb","itemListElement":[{"@type":"ListItem","position":1,"name":"Portada","item":"https:\/\/alcala.salesianos.edu\/colegio\/"},{"@type":"ListItem","position":2,"name":"\u00a1Feliz d\u00eda de Mar\u00eda Auxiliadora!"}]},{"@type":"WebSite","@id":"https:\/\/alcala.salesianos.edu\/colegio\/#website","url":"https:\/\/alcala.salesianos.edu\/colegio\/","name":"Colegio Salesiano Alcal\u00e1","description":"P\u00e1gina oficial de Salesianos Alcal\u00e1 de Guadaira","potentialAction":[{"@type":"SearchAction","target":{"@type":"EntryPoint","urlTemplate":"https:\/\/alcala.salesianos.edu\/colegio\/?s={search_term_string}"},"query-input":{"@type":"PropertyValueSpecification","valueRequired":true,"valueName":"search_term_string"}}],"inLanguage":"es"},{"@type":"Person","@id":"https:\/\/alcala.salesianos.edu\/colegio\/#\/schema\/person\/afcc24f776dc91fc2bf9afb0998fca77","name":"Administrador Web","image":{"@type":"ImageObject","inLanguage":"es","@id":"https:\/\/secure.gravatar.com\/avatar\/bc157e994689bd6da9645c00aa3bc4d55b727915b6652642660db0aef086585f?s=96&d=mm&r=g","url":"https:\/\/secure.gravatar.com\/avatar\/bc157e994689bd6da9645c00aa3bc4d55b727915b6652642660db0aef086585f?s=96&d=mm&r=g","contentUrl":"https:\/\/secure.gravatar.com\/avatar\/bc157e994689bd6da9645c00aa3bc4d55b727915b6652642660db0aef086585f?s=96&d=mm&r=g","caption":"Administrador Web"}}]}},"_links":{"self":[{"href":"https:\/\/alcala.salesianos.edu\/colegio\/wp-json\/wp\/v2\/posts\/12309","targetHints":{"allow":["GET"]}}],"collection":[{"href":"https:\/\/alcala.salesianos.edu\/colegio\/wp-json\/wp\/v2\/posts"}],"about":[{"href":"https:\/\/alcala.salesianos.edu\/colegio\/wp-json\/wp\/v2\/types\/post"}],"author":[{"embeddable":true,"href":"https:\/\/alcala.salesianos.edu\/colegio\/wp-json\/wp\/v2\/users\/2"}],"replies":[{"embeddable":true,"href":"https:\/\/alcala.salesianos.edu\/colegio\/wp-json\/wp\/v2\/comments?post=12309"}],"version-history":[{"count":1,"href":"https:\/\/alcala.salesianos.edu\/colegio\/wp-json\/wp\/v2\/posts\/12309\/revisions"}],"predecessor-version":[{"id":12311,"href":"https:\/\/alcala.salesianos.edu\/colegio\/wp-json\/wp\/v2\/posts\/12309\/revisions\/12311"}],"wp:attachment":[{"href":"https:\/\/alcala.salesianos.edu\/colegio\/wp-json\/wp\/v2\/media?parent=12309"}],"wp:term":[{"taxonomy":"category","embeddable":true,"href":"https:\/\/alcala.salesianos.edu\/colegio\/wp-json\/wp\/v2\/categories?post=12309"},{"taxonomy":"post_tag","embeddable":true,"href":"https:\/\/alcala.salesianos.edu\/colegio\/wp-json\/wp\/v2\/tags?post=12309"}],"curies":[{"name":"wp","href":"https:\/\/api.w.org\/{rel}","templated":true}]}}