{"id":12304,"date":"2020-05-22T14:36:23","date_gmt":"2020-05-22T13:36:23","guid":{"rendered":"https:\/\/alcala.salesianos.edu\/colegio\/blog\/2020\/05\/22\/exposicion-virtual-dedicada-a-maria-auxiliadora-por-isidoro-villalba\/"},"modified":"2025-08-27T08:51:22","modified_gmt":"2025-08-27T07:51:22","slug":"exposicion-virtual-dedicada-a-maria-auxiliadora-por-isidoro-villalba","status":"publish","type":"post","link":"https:\/\/alcala.salesianos.edu\/colegio\/blog\/2020\/05\/22\/exposicion-virtual-dedicada-a-maria-auxiliadora-por-isidoro-villalba\/","title":{"rendered":"Exposici\u00f3n virtual dedicada a Mar\u00eda Auxiliadora, por Isidoro Villalba"},"content":{"rendered":"<div id=\"fb-root\"><\/div>\n<div>\n<p>El artista alcalare\u00f1o Isidoro Villalba Corzo, en colaboraci\u00f3n con la Asociaci\u00f3n de Devotos de Mar\u00eda Auxiliadora de Alcal\u00e1 de Guada\u00edra, present\u00f3 la exposici\u00f3n virtual \u201cMadre Auxiliadora\u201d.<\/p>\n<p>C<img loading=\"lazy\" decoding=\"async\" class=\" wp-image-12305 alignleft\" src=\"https:\/\/alcala.salesianos.edu\/colegio\/wp-content\/uploads\/sites\/2\/2020\/05\/98980636_1489747391209447_3169659244240699392_o-300x238.jpg\" alt=\"\" width=\"361\" height=\"286\" \/>on motivo de la celebraci\u00f3n de las fiestas de la Virgen Salesiana, Isidoro Villalba realiz\u00f3 una magn\u00edfica colecci\u00f3n de pinturas a la acuarela que tienen como tema a Mar\u00eda Auxiliadora.<\/p>\n<\/div>\n<div>\n<p>A pesar de las dificultades de la pandemia, la Archicofrad\u00eda de Mar\u00eda Auxiliadora y el Colegio Salesiano prepararon un extenso programa de actos en su honor, entre los que se incluye esta exposici\u00f3n. Del 15 al 24 de mayo, coincidiendo con la Novena de la Virgen, han visto la luz las pinturas que componen esta singular muestra.<\/p>\n<\/div>\n<div>\n<p>\u201cMadre Auxiliadora\u201d es una exposici\u00f3n virtual que puede visitarse en las redes, especialmente en la p\u00e1gina de Facebook de la Asociaci\u00f3n: \u201cMar\u00eda Auxiliadora Coronada Alcal\u00e1 de Guada\u00edra\u201d. Cada d\u00eda, a partir del 15 de mayo, se publican una nueva obra pict\u00f3rica de las que forman parte de esta exposici\u00f3n.<\/p>\n<\/div>\n<div>Isidoro Villalba, muy entusiasmado, reconoce que, como antiguo alumno salesiano y devoto de la Virgen, ha querido ofrecer su colaboraci\u00f3n en peculiar celebraci\u00f3n de Mar\u00eda Auxiliadora en este a\u00f1o 2020.<\/div>\n","protected":false},"excerpt":{"rendered":"<p>El artista alcalare\u00f1o Isidoro Villalba Corzo, en colaboraci\u00f3n con la Asociaci\u00f3n de Devotos de Mar\u00eda Auxiliadora de Alcal\u00e1 de Guada\u00edra, present\u00f3 la exposici\u00f3n virtual \u201cMadre Auxiliadora\u201d.<\/p>\n","protected":false},"author":2,"featured_media":0,"comment_status":"closed","ping_status":"open","sticky":false,"template":"","format":"standard","meta":{"_et_pb_use_builder":"","_et_pb_old_content":"","_et_gb_content_width":"","footnotes":""},"categories":[1],"tags":[],"class_list":["post-12304","post","type-post","status-publish","format-standard","hentry","category-uncategorized"],"yoast_head":"<!-- This site is optimized with the Yoast SEO plugin v28.4 - https:\/\/yoast.com\/product\/yoast-seo-wordpress\/ -->\n<title>Exposici\u00f3n virtual dedicada a Mar\u00eda Auxiliadora, por Isidoro Villalba - Colegio Salesiano Alcal\u00e1<\/title>\n<meta name=\"robots\" content=\"index, follow, max-snippet:-1, max-image-preview:large, max-video-preview:-1\" \/>\n<link rel=\"canonical\" href=\"https:\/\/alcala.salesianos.edu\/colegio\/blog\/2020\/05\/22\/exposicion-virtual-dedicada-a-maria-auxiliadora-por-isidoro-villalba\/\" \/>\n<meta property=\"og:locale\" content=\"es_ES\" \/>\n<meta property=\"og:type\" content=\"article\" \/>\n<meta property=\"og:title\" content=\"Exposici\u00f3n virtual dedicada a Mar\u00eda Auxiliadora, por Isidoro Villalba - Colegio Salesiano Alcal\u00e1\" \/>\n<meta property=\"og:description\" content=\"El artista alcalare\u00f1o Isidoro Villalba Corzo, en colaboraci\u00f3n con la Asociaci\u00f3n de Devotos de Mar\u00eda Auxiliadora de Alcal\u00e1 de Guada\u00edra, present\u00f3 la exposici\u00f3n virtual \u201cMadre Auxiliadora\u201d.\" \/>\n<meta property=\"og:url\" content=\"https:\/\/alcala.salesianos.edu\/colegio\/blog\/2020\/05\/22\/exposicion-virtual-dedicada-a-maria-auxiliadora-por-isidoro-villalba\/\" \/>\n<meta property=\"og:site_name\" content=\"Colegio Salesiano Alcal\u00e1\" \/>\n<meta property=\"article:published_time\" content=\"2020-05-22T13:36:23+00:00\" \/>\n<meta property=\"article:modified_time\" content=\"2025-08-27T07:51:22+00:00\" \/>\n<meta name=\"author\" content=\"Administrador Web\" \/>\n<meta name=\"twitter:card\" content=\"summary_large_image\" \/>\n<meta name=\"twitter:label1\" content=\"Escrito por\" \/>\n\t<meta name=\"twitter:data1\" content=\"Administrador Web\" \/>\n\t<meta name=\"twitter:label2\" content=\"Tiempo de lectura\" \/>\n\t<meta name=\"twitter:data2\" content=\"1 minuto\" \/>\n<script type=\"application\/ld+json\" class=\"yoast-schema-graph\">{\"@context\":\"https:\\\/\\\/schema.org\",\"@graph\":[{\"@type\":\"Article\",\"@id\":\"https:\\\/\\\/alcala.salesianos.edu\\\/colegio\\\/blog\\\/2020\\\/05\\\/22\\\/exposicion-virtual-dedicada-a-maria-auxiliadora-por-isidoro-villalba\\\/#article\",\"isPartOf\":{\"@id\":\"https:\\\/\\\/alcala.salesianos.edu\\\/colegio\\\/blog\\\/2020\\\/05\\\/22\\\/exposicion-virtual-dedicada-a-maria-auxiliadora-por-isidoro-villalba\\\/\"},\"author\":{\"name\":\"Administrador Web\",\"@id\":\"https:\\\/\\\/alcala.salesianos.edu\\\/colegio\\\/#\\\/schema\\\/person\\\/afcc24f776dc91fc2bf9afb0998fca77\"},\"headline\":\"Exposici\u00f3n virtual dedicada a Mar\u00eda Auxiliadora, por Isidoro Villalba\",\"datePublished\":\"2020-05-22T13:36:23+00:00\",\"dateModified\":\"2025-08-27T07:51:22+00:00\",\"mainEntityOfPage\":{\"@id\":\"https:\\\/\\\/alcala.salesianos.edu\\\/colegio\\\/blog\\\/2020\\\/05\\\/22\\\/exposicion-virtual-dedicada-a-maria-auxiliadora-por-isidoro-villalba\\\/\"},\"wordCount\":224,\"image\":{\"@id\":\"https:\\\/\\\/alcala.salesianos.edu\\\/colegio\\\/blog\\\/2020\\\/05\\\/22\\\/exposicion-virtual-dedicada-a-maria-auxiliadora-por-isidoro-villalba\\\/#primaryimage\"},\"thumbnailUrl\":\"https:\\\/\\\/alcala.salesianos.edu\\\/colegio\\\/wp-content\\\/uploads\\\/sites\\\/2\\\/2020\\\/05\\\/98980636_1489747391209447_3169659244240699392_o-300x238.jpg\",\"articleSection\":[\"Uncategorized\"],\"inLanguage\":\"es\"},{\"@type\":\"WebPage\",\"@id\":\"https:\\\/\\\/alcala.salesianos.edu\\\/colegio\\\/blog\\\/2020\\\/05\\\/22\\\/exposicion-virtual-dedicada-a-maria-auxiliadora-por-isidoro-villalba\\\/\",\"url\":\"https:\\\/\\\/alcala.salesianos.edu\\\/colegio\\\/blog\\\/2020\\\/05\\\/22\\\/exposicion-virtual-dedicada-a-maria-auxiliadora-por-isidoro-villalba\\\/\",\"name\":\"Exposici\u00f3n virtual dedicada a Mar\u00eda Auxiliadora, por Isidoro Villalba - Colegio Salesiano Alcal\u00e1\",\"isPartOf\":{\"@id\":\"https:\\\/\\\/alcala.salesianos.edu\\\/colegio\\\/#website\"},\"primaryImageOfPage\":{\"@id\":\"https:\\\/\\\/alcala.salesianos.edu\\\/colegio\\\/blog\\\/2020\\\/05\\\/22\\\/exposicion-virtual-dedicada-a-maria-auxiliadora-por-isidoro-villalba\\\/#primaryimage\"},\"image\":{\"@id\":\"https:\\\/\\\/alcala.salesianos.edu\\\/colegio\\\/blog\\\/2020\\\/05\\\/22\\\/exposicion-virtual-dedicada-a-maria-auxiliadora-por-isidoro-villalba\\\/#primaryimage\"},\"thumbnailUrl\":\"https:\\\/\\\/alcala.salesianos.edu\\\/colegio\\\/wp-content\\\/uploads\\\/sites\\\/2\\\/2020\\\/05\\\/98980636_1489747391209447_3169659244240699392_o-300x238.jpg\",\"datePublished\":\"2020-05-22T13:36:23+00:00\",\"dateModified\":\"2025-08-27T07:51:22+00:00\",\"author\":{\"@id\":\"https:\\\/\\\/alcala.salesianos.edu\\\/colegio\\\/#\\\/schema\\\/person\\\/afcc24f776dc91fc2bf9afb0998fca77\"},\"breadcrumb\":{\"@id\":\"https:\\\/\\\/alcala.salesianos.edu\\\/colegio\\\/blog\\\/2020\\\/05\\\/22\\\/exposicion-virtual-dedicada-a-maria-auxiliadora-por-isidoro-villalba\\\/#breadcrumb\"},\"inLanguage\":\"es\",\"potentialAction\":[{\"@type\":\"ReadAction\",\"target\":[\"https:\\\/\\\/alcala.salesianos.edu\\\/colegio\\\/blog\\\/2020\\\/05\\\/22\\\/exposicion-virtual-dedicada-a-maria-auxiliadora-por-isidoro-villalba\\\/\"]}]},{\"@type\":\"ImageObject\",\"inLanguage\":\"es\",\"@id\":\"https:\\\/\\\/alcala.salesianos.edu\\\/colegio\\\/blog\\\/2020\\\/05\\\/22\\\/exposicion-virtual-dedicada-a-maria-auxiliadora-por-isidoro-villalba\\\/#primaryimage\",\"url\":\"\",\"contentUrl\":\"\"},{\"@type\":\"BreadcrumbList\",\"@id\":\"https:\\\/\\\/alcala.salesianos.edu\\\/colegio\\\/blog\\\/2020\\\/05\\\/22\\\/exposicion-virtual-dedicada-a-maria-auxiliadora-por-isidoro-villalba\\\/#breadcrumb\",\"itemListElement\":[{\"@type\":\"ListItem\",\"position\":1,\"name\":\"Portada\",\"item\":\"https:\\\/\\\/alcala.salesianos.edu\\\/colegio\\\/\"},{\"@type\":\"ListItem\",\"position\":2,\"name\":\"Exposici\u00f3n virtual dedicada a Mar\u00eda Auxiliadora, por Isidoro Villalba\"}]},{\"@type\":\"WebSite\",\"@id\":\"https:\\\/\\\/alcala.salesianos.edu\\\/colegio\\\/#website\",\"url\":\"https:\\\/\\\/alcala.salesianos.edu\\\/colegio\\\/\",\"name\":\"Colegio Salesiano Alcal\u00e1\",\"description\":\"P\u00e1gina oficial de Salesianos Alcal\u00e1 de Guadaira\",\"potentialAction\":[{\"@type\":\"SearchAction\",\"target\":{\"@type\":\"EntryPoint\",\"urlTemplate\":\"https:\\\/\\\/alcala.salesianos.edu\\\/colegio\\\/?s={search_term_string}\"},\"query-input\":{\"@type\":\"PropertyValueSpecification\",\"valueRequired\":true,\"valueName\":\"search_term_string\"}}],\"inLanguage\":\"es\"},{\"@type\":\"Person\",\"@id\":\"https:\\\/\\\/alcala.salesianos.edu\\\/colegio\\\/#\\\/schema\\\/person\\\/afcc24f776dc91fc2bf9afb0998fca77\",\"name\":\"Administrador Web\",\"image\":{\"@type\":\"ImageObject\",\"inLanguage\":\"es\",\"@id\":\"https:\\\/\\\/secure.gravatar.com\\\/avatar\\\/bc157e994689bd6da9645c00aa3bc4d55b727915b6652642660db0aef086585f?s=96&d=mm&r=g\",\"url\":\"https:\\\/\\\/secure.gravatar.com\\\/avatar\\\/bc157e994689bd6da9645c00aa3bc4d55b727915b6652642660db0aef086585f?s=96&d=mm&r=g\",\"contentUrl\":\"https:\\\/\\\/secure.gravatar.com\\\/avatar\\\/bc157e994689bd6da9645c00aa3bc4d55b727915b6652642660db0aef086585f?s=96&d=mm&r=g\",\"caption\":\"Administrador Web\"}}]}<\/script>\n<!-- \/ Yoast SEO plugin. -->","yoast_head_json":{"title":"Exposici\u00f3n virtual dedicada a Mar\u00eda Auxiliadora, por Isidoro Villalba - Colegio Salesiano Alcal\u00e1","robots":{"index":"index","follow":"follow","max-snippet":"max-snippet:-1","max-image-preview":"max-image-preview:large","max-video-preview":"max-video-preview:-1"},"canonical":"https:\/\/alcala.salesianos.edu\/colegio\/blog\/2020\/05\/22\/exposicion-virtual-dedicada-a-maria-auxiliadora-por-isidoro-villalba\/","og_locale":"es_ES","og_type":"article","og_title":"Exposici\u00f3n virtual dedicada a Mar\u00eda Auxiliadora, por Isidoro Villalba - Colegio Salesiano Alcal\u00e1","og_description":"El artista alcalare\u00f1o Isidoro Villalba Corzo, en colaboraci\u00f3n con la Asociaci\u00f3n de Devotos de Mar\u00eda Auxiliadora de Alcal\u00e1 de Guada\u00edra, present\u00f3 la exposici\u00f3n virtual \u201cMadre Auxiliadora\u201d.","og_url":"https:\/\/alcala.salesianos.edu\/colegio\/blog\/2020\/05\/22\/exposicion-virtual-dedicada-a-maria-auxiliadora-por-isidoro-villalba\/","og_site_name":"Colegio Salesiano Alcal\u00e1","article_published_time":"2020-05-22T13:36:23+00:00","article_modified_time":"2025-08-27T07:51:22+00:00","author":"Administrador Web","twitter_card":"summary_large_image","twitter_misc":{"Escrito por":"Administrador Web","Tiempo de lectura":"1 minuto"},"schema":{"@context":"https:\/\/schema.org","@graph":[{"@type":"Article","@id":"https:\/\/alcala.salesianos.edu\/colegio\/blog\/2020\/05\/22\/exposicion-virtual-dedicada-a-maria-auxiliadora-por-isidoro-villalba\/#article","isPartOf":{"@id":"https:\/\/alcala.salesianos.edu\/colegio\/blog\/2020\/05\/22\/exposicion-virtual-dedicada-a-maria-auxiliadora-por-isidoro-villalba\/"},"author":{"name":"Administrador Web","@id":"https:\/\/alcala.salesianos.edu\/colegio\/#\/schema\/person\/afcc24f776dc91fc2bf9afb0998fca77"},"headline":"Exposici\u00f3n virtual dedicada a Mar\u00eda Auxiliadora, por Isidoro Villalba","datePublished":"2020-05-22T13:36:23+00:00","dateModified":"2025-08-27T07:51:22+00:00","mainEntityOfPage":{"@id":"https:\/\/alcala.salesianos.edu\/colegio\/blog\/2020\/05\/22\/exposicion-virtual-dedicada-a-maria-auxiliadora-por-isidoro-villalba\/"},"wordCount":224,"image":{"@id":"https:\/\/alcala.salesianos.edu\/colegio\/blog\/2020\/05\/22\/exposicion-virtual-dedicada-a-maria-auxiliadora-por-isidoro-villalba\/#primaryimage"},"thumbnailUrl":"https:\/\/alcala.salesianos.edu\/colegio\/wp-content\/uploads\/sites\/2\/2020\/05\/98980636_1489747391209447_3169659244240699392_o-300x238.jpg","articleSection":["Uncategorized"],"inLanguage":"es"},{"@type":"WebPage","@id":"https:\/\/alcala.salesianos.edu\/colegio\/blog\/2020\/05\/22\/exposicion-virtual-dedicada-a-maria-auxiliadora-por-isidoro-villalba\/","url":"https:\/\/alcala.salesianos.edu\/colegio\/blog\/2020\/05\/22\/exposicion-virtual-dedicada-a-maria-auxiliadora-por-isidoro-villalba\/","name":"Exposici\u00f3n virtual dedicada a Mar\u00eda Auxiliadora, por Isidoro Villalba - Colegio Salesiano Alcal\u00e1","isPartOf":{"@id":"https:\/\/alcala.salesianos.edu\/colegio\/#website"},"primaryImageOfPage":{"@id":"https:\/\/alcala.salesianos.edu\/colegio\/blog\/2020\/05\/22\/exposicion-virtual-dedicada-a-maria-auxiliadora-por-isidoro-villalba\/#primaryimage"},"image":{"@id":"https:\/\/alcala.salesianos.edu\/colegio\/blog\/2020\/05\/22\/exposicion-virtual-dedicada-a-maria-auxiliadora-por-isidoro-villalba\/#primaryimage"},"thumbnailUrl":"https:\/\/alcala.salesianos.edu\/colegio\/wp-content\/uploads\/sites\/2\/2020\/05\/98980636_1489747391209447_3169659244240699392_o-300x238.jpg","datePublished":"2020-05-22T13:36:23+00:00","dateModified":"2025-08-27T07:51:22+00:00","author":{"@id":"https:\/\/alcala.salesianos.edu\/colegio\/#\/schema\/person\/afcc24f776dc91fc2bf9afb0998fca77"},"breadcrumb":{"@id":"https:\/\/alcala.salesianos.edu\/colegio\/blog\/2020\/05\/22\/exposicion-virtual-dedicada-a-maria-auxiliadora-por-isidoro-villalba\/#breadcrumb"},"inLanguage":"es","potentialAction":[{"@type":"ReadAction","target":["https:\/\/alcala.salesianos.edu\/colegio\/blog\/2020\/05\/22\/exposicion-virtual-dedicada-a-maria-auxiliadora-por-isidoro-villalba\/"]}]},{"@type":"ImageObject","inLanguage":"es","@id":"https:\/\/alcala.salesianos.edu\/colegio\/blog\/2020\/05\/22\/exposicion-virtual-dedicada-a-maria-auxiliadora-por-isidoro-villalba\/#primaryimage","url":"","contentUrl":""},{"@type":"BreadcrumbList","@id":"https:\/\/alcala.salesianos.edu\/colegio\/blog\/2020\/05\/22\/exposicion-virtual-dedicada-a-maria-auxiliadora-por-isidoro-villalba\/#breadcrumb","itemListElement":[{"@type":"ListItem","position":1,"name":"Portada","item":"https:\/\/alcala.salesianos.edu\/colegio\/"},{"@type":"ListItem","position":2,"name":"Exposici\u00f3n virtual dedicada a Mar\u00eda Auxiliadora, por Isidoro Villalba"}]},{"@type":"WebSite","@id":"https:\/\/alcala.salesianos.edu\/colegio\/#website","url":"https:\/\/alcala.salesianos.edu\/colegio\/","name":"Colegio Salesiano Alcal\u00e1","description":"P\u00e1gina oficial de Salesianos Alcal\u00e1 de Guadaira","potentialAction":[{"@type":"SearchAction","target":{"@type":"EntryPoint","urlTemplate":"https:\/\/alcala.salesianos.edu\/colegio\/?s={search_term_string}"},"query-input":{"@type":"PropertyValueSpecification","valueRequired":true,"valueName":"search_term_string"}}],"inLanguage":"es"},{"@type":"Person","@id":"https:\/\/alcala.salesianos.edu\/colegio\/#\/schema\/person\/afcc24f776dc91fc2bf9afb0998fca77","name":"Administrador Web","image":{"@type":"ImageObject","inLanguage":"es","@id":"https:\/\/secure.gravatar.com\/avatar\/bc157e994689bd6da9645c00aa3bc4d55b727915b6652642660db0aef086585f?s=96&d=mm&r=g","url":"https:\/\/secure.gravatar.com\/avatar\/bc157e994689bd6da9645c00aa3bc4d55b727915b6652642660db0aef086585f?s=96&d=mm&r=g","contentUrl":"https:\/\/secure.gravatar.com\/avatar\/bc157e994689bd6da9645c00aa3bc4d55b727915b6652642660db0aef086585f?s=96&d=mm&r=g","caption":"Administrador Web"}}]}},"_links":{"self":[{"href":"https:\/\/alcala.salesianos.edu\/colegio\/wp-json\/wp\/v2\/posts\/12304","targetHints":{"allow":["GET"]}}],"collection":[{"href":"https:\/\/alcala.salesianos.edu\/colegio\/wp-json\/wp\/v2\/posts"}],"about":[{"href":"https:\/\/alcala.salesianos.edu\/colegio\/wp-json\/wp\/v2\/types\/post"}],"author":[{"embeddable":true,"href":"https:\/\/alcala.salesianos.edu\/colegio\/wp-json\/wp\/v2\/users\/2"}],"replies":[{"embeddable":true,"href":"https:\/\/alcala.salesianos.edu\/colegio\/wp-json\/wp\/v2\/comments?post=12304"}],"version-history":[{"count":1,"href":"https:\/\/alcala.salesianos.edu\/colegio\/wp-json\/wp\/v2\/posts\/12304\/revisions"}],"predecessor-version":[{"id":12306,"href":"https:\/\/alcala.salesianos.edu\/colegio\/wp-json\/wp\/v2\/posts\/12304\/revisions\/12306"}],"wp:attachment":[{"href":"https:\/\/alcala.salesianos.edu\/colegio\/wp-json\/wp\/v2\/media?parent=12304"}],"wp:term":[{"taxonomy":"category","embeddable":true,"href":"https:\/\/alcala.salesianos.edu\/colegio\/wp-json\/wp\/v2\/categories?post=12304"},{"taxonomy":"post_tag","embeddable":true,"href":"https:\/\/alcala.salesianos.edu\/colegio\/wp-json\/wp\/v2\/tags?post=12304"}],"curies":[{"name":"wp","href":"https:\/\/api.w.org\/{rel}","templated":true}]}}