{"id":12298,"date":"2020-05-18T14:38:51","date_gmt":"2020-05-18T13:38:51","guid":{"rendered":"https:\/\/alcala.salesianos.edu\/colegio\/blog\/2020\/05\/18\/ya-tenemos-ganadores-en-el-ii-concurso-de-comic-la-ciencia-en-portada\/"},"modified":"2025-08-27T08:51:24","modified_gmt":"2025-08-27T07:51:24","slug":"ya-tenemos-ganadores-en-el-ii-concurso-de-comic-la-ciencia-en-portada","status":"publish","type":"post","link":"https:\/\/alcala.salesianos.edu\/colegio\/blog\/2020\/05\/18\/ya-tenemos-ganadores-en-el-ii-concurso-de-comic-la-ciencia-en-portada\/","title":{"rendered":"Ya tenemos ganadores en el  II Concurso de c\u00f3mic \u201cLa Ciencia en Portada\u201d"},"content":{"rendered":"<div id=\"fb-root\"><\/div>\n<p>[et_pb_section fb_built=\u00bb1&#8243; _builder_version=\u00bb4.4.3&#8243;][et_pb_row _builder_version=\u00bb4.4.3&#8243;][et_pb_column _builder_version=\u00bb4.4.3&#8243; type=\u00bb4_4&#8243;][et_pb_text _builder_version=\u00bb4.4.3&#8243; hover_enabled=\u00bb0&#8243;]<\/p>\n<p>A pesar de las dificultades que estamos atravesando, en Salesianos Alcal\u00e1 decidimos seguir manteniendo aquellas actividades programadas que pudieran realizarse desde casa, favoreciendo as\u00ed entre los alumnos un clima de normalidad que tanta falta nos hace.<\/p>\n<p>&nbsp;<\/p>\n<p>Entre dichas actividades, tenemos la II edici\u00f3n del Concurso de portada de c\u00f3mic cient\u00edfico \u201cLa Ciencia en portada\u201d que tan buenos resultados dio el curso pasado. Tras la ampliaci\u00f3n de la fecha de recepci\u00f3n de trabajos, el jurado valor\u00f3 cada una de las 11 obras presentadas. En general, destaca el alto nivel de los dibujos y la originalidad de los mismos.<\/p>\n<p>&nbsp;<\/p>\n<p>Como contemplaban las bases, se designaron los tres mejores trabajos que son los siguientes:<\/p>\n<p>&nbsp;<\/p>\n<p>&#8211; 1er puesto. \u00ab<strong>Wonderful people<\/strong>\u00bb Juan M\u00aa Bocanegra. Colegio Salesiano Nuestra Se\u00f1ora del \u00c1guila.<\/p>\n<p>&#8211; 2\u00ba puesto. \u00ab<strong>Rosalind Franklin<\/strong>\u00bb Andrea Jim\u00e9nez. IES Prof. Tierno Galv\u00e1n.<\/p>\n<p>&#8211; 3er puesto. \u00ab<strong>La descubridora del Radio y el Polonio<\/strong>\u00bb Irene R\u00edos. IES Crist\u00f3bal de Monroy.<\/p>\n<p>&nbsp;<\/p>\n<p>Desde aqu\u00ed, nuestra m\u00e1s sincera enhorabuena a todos los participantes por el trabajo realizado y especialmente a los ganadores, por la calidad de sus obras que combinan el arte con una visi\u00f3n de la ciencia moderna e integradora.<\/p>\n<p>&nbsp;<\/p>\n<p>Felicidades a todos y os esperamos en la siguiente edici\u00f3n. <\/p>\n<p>[\/et_pb_text][\/et_pb_column][\/et_pb_row][et_pb_row _builder_version=\u00bb4.4.3&#8243; column_structure=\u00bb1_3,1_3,1_3&#8243;][et_pb_column _builder_version=\u00bb4.4.3&#8243; type=\u00bb1_3&#8243;][et_pb_image _builder_version=\u00bb4.4.3&#8243; src=\u00bbhttps:\/\/alcala.salesianos.edu\/wp-content\/uploads\/2020\/05\/Wonderful-people.jpg\u00bb hover_enabled=\u00bb0&#8243;][\/et_pb_image][\/et_pb_column][et_pb_column _builder_version=\u00bb4.4.3&#8243; type=\u00bb1_3&#8243;][et_pb_image _builder_version=\u00bb4.4.3&#8243; src=\u00bbhttps:\/\/alcala.salesianos.edu\/wp-content\/uploads\/2020\/05\/Andrea-Jime\u0301nez.jpeg\u00bb hover_enabled=\u00bb0&#8243;][\/et_pb_image][\/et_pb_column][et_pb_column _builder_version=\u00bb4.4.3&#8243; type=\u00bb1_3&#8243;][et_pb_image _builder_version=\u00bb4.4.3&#8243; src=\u00bbhttps:\/\/alcala.salesianos.edu\/wp-content\/uploads\/2020\/05\/La-descubridora-de-el-Radio-y-el-Polonio_ByN-scaled.jpg\u00bb hover_enabled=\u00bb0&#8243;][\/et_pb_image][\/et_pb_column][\/et_pb_row][\/et_pb_section]<\/p>\n","protected":false},"excerpt":{"rendered":"<p>Desde aqu\u00ed, nuestra m\u00e1s sincera enhorabuena a todos los participantes por el trabajo realizado y especialmente a los ganadores, por la calidad de sus obras que combinan el arte con una visi\u00f3n de la ciencia moderna e integradora.<\/p>\n","protected":false},"author":2,"featured_media":0,"comment_status":"closed","ping_status":"open","sticky":false,"template":"","format":"standard","meta":{"_et_pb_use_builder":"on","_et_pb_old_content":"","_et_gb_content_width":"","footnotes":""},"categories":[1],"tags":[],"class_list":["post-12298","post","type-post","status-publish","format-standard","hentry","category-uncategorized"],"yoast_head":"<!-- This site is optimized with the Yoast SEO plugin v28.4 - https:\/\/yoast.com\/product\/yoast-seo-wordpress\/ -->\n<title>Ya tenemos ganadores en el II Concurso de c\u00f3mic \u201cLa Ciencia en Portada\u201d - Colegio Salesiano Alcal\u00e1<\/title>\n<meta name=\"robots\" content=\"index, follow, max-snippet:-1, max-image-preview:large, max-video-preview:-1\" \/>\n<link rel=\"canonical\" href=\"https:\/\/alcala.salesianos.edu\/colegio\/blog\/2020\/05\/18\/ya-tenemos-ganadores-en-el-ii-concurso-de-comic-la-ciencia-en-portada\/\" \/>\n<meta property=\"og:locale\" content=\"es_ES\" \/>\n<meta property=\"og:type\" content=\"article\" \/>\n<meta property=\"og:title\" content=\"Ya tenemos ganadores en el II Concurso de c\u00f3mic \u201cLa Ciencia en Portada\u201d - Colegio Salesiano Alcal\u00e1\" \/>\n<meta property=\"og:description\" content=\"Desde aqu\u00ed, nuestra m\u00e1s sincera enhorabuena a todos los participantes por el trabajo realizado y especialmente a los ganadores, por la calidad de sus obras que combinan el arte con una visi\u00f3n de la ciencia moderna e integradora.\" \/>\n<meta property=\"og:url\" content=\"https:\/\/alcala.salesianos.edu\/colegio\/blog\/2020\/05\/18\/ya-tenemos-ganadores-en-el-ii-concurso-de-comic-la-ciencia-en-portada\/\" \/>\n<meta property=\"og:site_name\" content=\"Colegio Salesiano Alcal\u00e1\" \/>\n<meta property=\"article:published_time\" content=\"2020-05-18T13:38:51+00:00\" \/>\n<meta property=\"article:modified_time\" content=\"2025-08-27T07:51:24+00:00\" \/>\n<meta name=\"author\" content=\"Administrador Web\" \/>\n<meta name=\"twitter:card\" content=\"summary_large_image\" \/>\n<meta name=\"twitter:label1\" content=\"Escrito por\" \/>\n\t<meta name=\"twitter:data1\" content=\"Administrador Web\" \/>\n\t<meta name=\"twitter:label2\" content=\"Tiempo de lectura\" \/>\n\t<meta name=\"twitter:data2\" content=\"2 minutos\" \/>\n<script type=\"application\/ld+json\" class=\"yoast-schema-graph\">{\"@context\":\"https:\\\/\\\/schema.org\",\"@graph\":[{\"@type\":\"Article\",\"@id\":\"https:\\\/\\\/alcala.salesianos.edu\\\/colegio\\\/blog\\\/2020\\\/05\\\/18\\\/ya-tenemos-ganadores-en-el-ii-concurso-de-comic-la-ciencia-en-portada\\\/#article\",\"isPartOf\":{\"@id\":\"https:\\\/\\\/alcala.salesianos.edu\\\/colegio\\\/blog\\\/2020\\\/05\\\/18\\\/ya-tenemos-ganadores-en-el-ii-concurso-de-comic-la-ciencia-en-portada\\\/\"},\"author\":{\"name\":\"Administrador Web\",\"@id\":\"https:\\\/\\\/alcala.salesianos.edu\\\/colegio\\\/#\\\/schema\\\/person\\\/afcc24f776dc91fc2bf9afb0998fca77\"},\"headline\":\"Ya tenemos ganadores en el II Concurso de c\u00f3mic \u201cLa Ciencia en Portada\u201d\",\"datePublished\":\"2020-05-18T13:38:51+00:00\",\"dateModified\":\"2025-08-27T07:51:24+00:00\",\"mainEntityOfPage\":{\"@id\":\"https:\\\/\\\/alcala.salesianos.edu\\\/colegio\\\/blog\\\/2020\\\/05\\\/18\\\/ya-tenemos-ganadores-en-el-ii-concurso-de-comic-la-ciencia-en-portada\\\/\"},\"wordCount\":363,\"articleSection\":[\"Uncategorized\"],\"inLanguage\":\"es\"},{\"@type\":\"WebPage\",\"@id\":\"https:\\\/\\\/alcala.salesianos.edu\\\/colegio\\\/blog\\\/2020\\\/05\\\/18\\\/ya-tenemos-ganadores-en-el-ii-concurso-de-comic-la-ciencia-en-portada\\\/\",\"url\":\"https:\\\/\\\/alcala.salesianos.edu\\\/colegio\\\/blog\\\/2020\\\/05\\\/18\\\/ya-tenemos-ganadores-en-el-ii-concurso-de-comic-la-ciencia-en-portada\\\/\",\"name\":\"Ya tenemos ganadores en el II Concurso de c\u00f3mic \u201cLa Ciencia en Portada\u201d - Colegio Salesiano Alcal\u00e1\",\"isPartOf\":{\"@id\":\"https:\\\/\\\/alcala.salesianos.edu\\\/colegio\\\/#website\"},\"datePublished\":\"2020-05-18T13:38:51+00:00\",\"dateModified\":\"2025-08-27T07:51:24+00:00\",\"author\":{\"@id\":\"https:\\\/\\\/alcala.salesianos.edu\\\/colegio\\\/#\\\/schema\\\/person\\\/afcc24f776dc91fc2bf9afb0998fca77\"},\"breadcrumb\":{\"@id\":\"https:\\\/\\\/alcala.salesianos.edu\\\/colegio\\\/blog\\\/2020\\\/05\\\/18\\\/ya-tenemos-ganadores-en-el-ii-concurso-de-comic-la-ciencia-en-portada\\\/#breadcrumb\"},\"inLanguage\":\"es\",\"potentialAction\":[{\"@type\":\"ReadAction\",\"target\":[\"https:\\\/\\\/alcala.salesianos.edu\\\/colegio\\\/blog\\\/2020\\\/05\\\/18\\\/ya-tenemos-ganadores-en-el-ii-concurso-de-comic-la-ciencia-en-portada\\\/\"]}]},{\"@type\":\"BreadcrumbList\",\"@id\":\"https:\\\/\\\/alcala.salesianos.edu\\\/colegio\\\/blog\\\/2020\\\/05\\\/18\\\/ya-tenemos-ganadores-en-el-ii-concurso-de-comic-la-ciencia-en-portada\\\/#breadcrumb\",\"itemListElement\":[{\"@type\":\"ListItem\",\"position\":1,\"name\":\"Portada\",\"item\":\"https:\\\/\\\/alcala.salesianos.edu\\\/colegio\\\/\"},{\"@type\":\"ListItem\",\"position\":2,\"name\":\"Ya tenemos ganadores en el II Concurso de c\u00f3mic \u201cLa Ciencia en Portada\u201d\"}]},{\"@type\":\"WebSite\",\"@id\":\"https:\\\/\\\/alcala.salesianos.edu\\\/colegio\\\/#website\",\"url\":\"https:\\\/\\\/alcala.salesianos.edu\\\/colegio\\\/\",\"name\":\"Colegio Salesiano Alcal\u00e1\",\"description\":\"P\u00e1gina oficial de Salesianos Alcal\u00e1 de Guadaira\",\"potentialAction\":[{\"@type\":\"SearchAction\",\"target\":{\"@type\":\"EntryPoint\",\"urlTemplate\":\"https:\\\/\\\/alcala.salesianos.edu\\\/colegio\\\/?s={search_term_string}\"},\"query-input\":{\"@type\":\"PropertyValueSpecification\",\"valueRequired\":true,\"valueName\":\"search_term_string\"}}],\"inLanguage\":\"es\"},{\"@type\":\"Person\",\"@id\":\"https:\\\/\\\/alcala.salesianos.edu\\\/colegio\\\/#\\\/schema\\\/person\\\/afcc24f776dc91fc2bf9afb0998fca77\",\"name\":\"Administrador Web\",\"image\":{\"@type\":\"ImageObject\",\"inLanguage\":\"es\",\"@id\":\"https:\\\/\\\/secure.gravatar.com\\\/avatar\\\/bc157e994689bd6da9645c00aa3bc4d55b727915b6652642660db0aef086585f?s=96&d=mm&r=g\",\"url\":\"https:\\\/\\\/secure.gravatar.com\\\/avatar\\\/bc157e994689bd6da9645c00aa3bc4d55b727915b6652642660db0aef086585f?s=96&d=mm&r=g\",\"contentUrl\":\"https:\\\/\\\/secure.gravatar.com\\\/avatar\\\/bc157e994689bd6da9645c00aa3bc4d55b727915b6652642660db0aef086585f?s=96&d=mm&r=g\",\"caption\":\"Administrador Web\"}}]}<\/script>\n<!-- \/ Yoast SEO plugin. -->","yoast_head_json":{"title":"Ya tenemos ganadores en el II Concurso de c\u00f3mic \u201cLa Ciencia en Portada\u201d - Colegio Salesiano Alcal\u00e1","robots":{"index":"index","follow":"follow","max-snippet":"max-snippet:-1","max-image-preview":"max-image-preview:large","max-video-preview":"max-video-preview:-1"},"canonical":"https:\/\/alcala.salesianos.edu\/colegio\/blog\/2020\/05\/18\/ya-tenemos-ganadores-en-el-ii-concurso-de-comic-la-ciencia-en-portada\/","og_locale":"es_ES","og_type":"article","og_title":"Ya tenemos ganadores en el II Concurso de c\u00f3mic \u201cLa Ciencia en Portada\u201d - Colegio Salesiano Alcal\u00e1","og_description":"Desde aqu\u00ed, nuestra m\u00e1s sincera enhorabuena a todos los participantes por el trabajo realizado y especialmente a los ganadores, por la calidad de sus obras que combinan el arte con una visi\u00f3n de la ciencia moderna e integradora.","og_url":"https:\/\/alcala.salesianos.edu\/colegio\/blog\/2020\/05\/18\/ya-tenemos-ganadores-en-el-ii-concurso-de-comic-la-ciencia-en-portada\/","og_site_name":"Colegio Salesiano Alcal\u00e1","article_published_time":"2020-05-18T13:38:51+00:00","article_modified_time":"2025-08-27T07:51:24+00:00","author":"Administrador Web","twitter_card":"summary_large_image","twitter_misc":{"Escrito por":"Administrador Web","Tiempo de lectura":"2 minutos"},"schema":{"@context":"https:\/\/schema.org","@graph":[{"@type":"Article","@id":"https:\/\/alcala.salesianos.edu\/colegio\/blog\/2020\/05\/18\/ya-tenemos-ganadores-en-el-ii-concurso-de-comic-la-ciencia-en-portada\/#article","isPartOf":{"@id":"https:\/\/alcala.salesianos.edu\/colegio\/blog\/2020\/05\/18\/ya-tenemos-ganadores-en-el-ii-concurso-de-comic-la-ciencia-en-portada\/"},"author":{"name":"Administrador Web","@id":"https:\/\/alcala.salesianos.edu\/colegio\/#\/schema\/person\/afcc24f776dc91fc2bf9afb0998fca77"},"headline":"Ya tenemos ganadores en el II Concurso de c\u00f3mic \u201cLa Ciencia en Portada\u201d","datePublished":"2020-05-18T13:38:51+00:00","dateModified":"2025-08-27T07:51:24+00:00","mainEntityOfPage":{"@id":"https:\/\/alcala.salesianos.edu\/colegio\/blog\/2020\/05\/18\/ya-tenemos-ganadores-en-el-ii-concurso-de-comic-la-ciencia-en-portada\/"},"wordCount":363,"articleSection":["Uncategorized"],"inLanguage":"es"},{"@type":"WebPage","@id":"https:\/\/alcala.salesianos.edu\/colegio\/blog\/2020\/05\/18\/ya-tenemos-ganadores-en-el-ii-concurso-de-comic-la-ciencia-en-portada\/","url":"https:\/\/alcala.salesianos.edu\/colegio\/blog\/2020\/05\/18\/ya-tenemos-ganadores-en-el-ii-concurso-de-comic-la-ciencia-en-portada\/","name":"Ya tenemos ganadores en el II Concurso de c\u00f3mic \u201cLa Ciencia en Portada\u201d - Colegio Salesiano Alcal\u00e1","isPartOf":{"@id":"https:\/\/alcala.salesianos.edu\/colegio\/#website"},"datePublished":"2020-05-18T13:38:51+00:00","dateModified":"2025-08-27T07:51:24+00:00","author":{"@id":"https:\/\/alcala.salesianos.edu\/colegio\/#\/schema\/person\/afcc24f776dc91fc2bf9afb0998fca77"},"breadcrumb":{"@id":"https:\/\/alcala.salesianos.edu\/colegio\/blog\/2020\/05\/18\/ya-tenemos-ganadores-en-el-ii-concurso-de-comic-la-ciencia-en-portada\/#breadcrumb"},"inLanguage":"es","potentialAction":[{"@type":"ReadAction","target":["https:\/\/alcala.salesianos.edu\/colegio\/blog\/2020\/05\/18\/ya-tenemos-ganadores-en-el-ii-concurso-de-comic-la-ciencia-en-portada\/"]}]},{"@type":"BreadcrumbList","@id":"https:\/\/alcala.salesianos.edu\/colegio\/blog\/2020\/05\/18\/ya-tenemos-ganadores-en-el-ii-concurso-de-comic-la-ciencia-en-portada\/#breadcrumb","itemListElement":[{"@type":"ListItem","position":1,"name":"Portada","item":"https:\/\/alcala.salesianos.edu\/colegio\/"},{"@type":"ListItem","position":2,"name":"Ya tenemos ganadores en el II Concurso de c\u00f3mic \u201cLa Ciencia en Portada\u201d"}]},{"@type":"WebSite","@id":"https:\/\/alcala.salesianos.edu\/colegio\/#website","url":"https:\/\/alcala.salesianos.edu\/colegio\/","name":"Colegio Salesiano Alcal\u00e1","description":"P\u00e1gina oficial de Salesianos Alcal\u00e1 de Guadaira","potentialAction":[{"@type":"SearchAction","target":{"@type":"EntryPoint","urlTemplate":"https:\/\/alcala.salesianos.edu\/colegio\/?s={search_term_string}"},"query-input":{"@type":"PropertyValueSpecification","valueRequired":true,"valueName":"search_term_string"}}],"inLanguage":"es"},{"@type":"Person","@id":"https:\/\/alcala.salesianos.edu\/colegio\/#\/schema\/person\/afcc24f776dc91fc2bf9afb0998fca77","name":"Administrador Web","image":{"@type":"ImageObject","inLanguage":"es","@id":"https:\/\/secure.gravatar.com\/avatar\/bc157e994689bd6da9645c00aa3bc4d55b727915b6652642660db0aef086585f?s=96&d=mm&r=g","url":"https:\/\/secure.gravatar.com\/avatar\/bc157e994689bd6da9645c00aa3bc4d55b727915b6652642660db0aef086585f?s=96&d=mm&r=g","contentUrl":"https:\/\/secure.gravatar.com\/avatar\/bc157e994689bd6da9645c00aa3bc4d55b727915b6652642660db0aef086585f?s=96&d=mm&r=g","caption":"Administrador Web"}}]}},"_links":{"self":[{"href":"https:\/\/alcala.salesianos.edu\/colegio\/wp-json\/wp\/v2\/posts\/12298","targetHints":{"allow":["GET"]}}],"collection":[{"href":"https:\/\/alcala.salesianos.edu\/colegio\/wp-json\/wp\/v2\/posts"}],"about":[{"href":"https:\/\/alcala.salesianos.edu\/colegio\/wp-json\/wp\/v2\/types\/post"}],"author":[{"embeddable":true,"href":"https:\/\/alcala.salesianos.edu\/colegio\/wp-json\/wp\/v2\/users\/2"}],"replies":[{"embeddable":true,"href":"https:\/\/alcala.salesianos.edu\/colegio\/wp-json\/wp\/v2\/comments?post=12298"}],"version-history":[{"count":1,"href":"https:\/\/alcala.salesianos.edu\/colegio\/wp-json\/wp\/v2\/posts\/12298\/revisions"}],"predecessor-version":[{"id":16731,"href":"https:\/\/alcala.salesianos.edu\/colegio\/wp-json\/wp\/v2\/posts\/12298\/revisions\/16731"}],"wp:attachment":[{"href":"https:\/\/alcala.salesianos.edu\/colegio\/wp-json\/wp\/v2\/media?parent=12298"}],"wp:term":[{"taxonomy":"category","embeddable":true,"href":"https:\/\/alcala.salesianos.edu\/colegio\/wp-json\/wp\/v2\/categories?post=12298"},{"taxonomy":"post_tag","embeddable":true,"href":"https:\/\/alcala.salesianos.edu\/colegio\/wp-json\/wp\/v2\/tags?post=12298"}],"curies":[{"name":"wp","href":"https:\/\/api.w.org\/{rel}","templated":true}]}}