{"id":12291,"date":"2020-05-13T20:28:20","date_gmt":"2020-05-13T19:28:20","guid":{"rendered":"https:\/\/alcala.salesianos.edu\/colegio\/?p=12291"},"modified":"2025-08-27T08:51:26","modified_gmt":"2025-08-27T07:51:26","slug":"el-centro-abrira-el-proximo-dia-18-para-tramitar-solicitudes-de-escolarizacion-para-el-curso-proximo","status":"publish","type":"post","link":"https:\/\/alcala.salesianos.edu\/colegio\/blog\/2020\/05\/13\/el-centro-abrira-el-proximo-dia-18-para-tramitar-solicitudes-de-escolarizacion-para-el-curso-proximo\/","title":{"rendered":"El centro abrir\u00e1 el pr\u00f3ximo d\u00eda 18 para tramitar solicitudes de escolarizaci\u00f3n para el curso pr\u00f3ximo"},"content":{"rendered":"<div id=\"fb-root\"><\/div>\n<p>[et_pb_section bb_built=\u00bb1&#8243;][et_pb_row][et_pb_column type=\u00bb4_4&#8243;][et_pb_text _builder_version=\u00bb4.4.3&#8243; text_text_shadow_horizontal_length=\u00bbtext_text_shadow_style,%91object Object%93&#8243; text_text_shadow_horizontal_length_tablet=\u00bb0px\u00bb text_text_shadow_vertical_length=\u00bbtext_text_shadow_style,%91object Object%93&#8243; text_text_shadow_vertical_length_tablet=\u00bb0px\u00bb text_text_shadow_blur_strength=\u00bbtext_text_shadow_style,%91object Object%93&#8243; text_text_shadow_blur_strength_tablet=\u00bb1px\u00bb link_text_shadow_horizontal_length=\u00bblink_text_shadow_style,%91object Object%93&#8243; link_text_shadow_horizontal_length_tablet=\u00bb0px\u00bb link_text_shadow_vertical_length=\u00bblink_text_shadow_style,%91object Object%93&#8243; link_text_shadow_vertical_length_tablet=\u00bb0px\u00bb link_text_shadow_blur_strength=\u00bblink_text_shadow_style,%91object Object%93&#8243; link_text_shadow_blur_strength_tablet=\u00bb1px\u00bb ul_text_shadow_horizontal_length=\u00bbul_text_shadow_style,%91object Object%93&#8243; ul_text_shadow_horizontal_length_tablet=\u00bb0px\u00bb ul_text_shadow_vertical_length=\u00bbul_text_shadow_style,%91object Object%93&#8243; ul_text_shadow_vertical_length_tablet=\u00bb0px\u00bb ul_text_shadow_blur_strength=\u00bbul_text_shadow_style,%91object Object%93&#8243; ul_text_shadow_blur_strength_tablet=\u00bb1px\u00bb ol_text_shadow_horizontal_length=\u00bbol_text_shadow_style,%91object Object%93&#8243; ol_text_shadow_horizontal_length_tablet=\u00bb0px\u00bb ol_text_shadow_vertical_length=\u00bbol_text_shadow_style,%91object Object%93&#8243; ol_text_shadow_vertical_length_tablet=\u00bb0px\u00bb ol_text_shadow_blur_strength=\u00bbol_text_shadow_style,%91object Object%93&#8243; ol_text_shadow_blur_strength_tablet=\u00bb1px\u00bb quote_text_shadow_horizontal_length=\u00bbquote_text_shadow_style,%91object Object%93&#8243; quote_text_shadow_horizontal_length_tablet=\u00bb0px\u00bb quote_text_shadow_vertical_length=\u00bbquote_text_shadow_style,%91object Object%93&#8243; quote_text_shadow_vertical_length_tablet=\u00bb0px\u00bb quote_text_shadow_blur_strength=\u00bbquote_text_shadow_style,%91object Object%93&#8243; quote_text_shadow_blur_strength_tablet=\u00bb1px\u00bb header_text_shadow_horizontal_length=\u00bbheader_text_shadow_style,%91object Object%93&#8243; header_text_shadow_horizontal_length_tablet=\u00bb0px\u00bb header_text_shadow_vertical_length=\u00bbheader_text_shadow_style,%91object Object%93&#8243; header_text_shadow_vertical_length_tablet=\u00bb0px\u00bb header_text_shadow_blur_strength=\u00bbheader_text_shadow_style,%91object Object%93&#8243; header_text_shadow_blur_strength_tablet=\u00bb1px\u00bb header_2_text_shadow_horizontal_length=\u00bbheader_2_text_shadow_style,%91object Object%93&#8243; header_2_text_shadow_horizontal_length_tablet=\u00bb0px\u00bb header_2_text_shadow_vertical_length=\u00bbheader_2_text_shadow_style,%91object Object%93&#8243; header_2_text_shadow_vertical_length_tablet=\u00bb0px\u00bb header_2_text_shadow_blur_strength=\u00bbheader_2_text_shadow_style,%91object Object%93&#8243; header_2_text_shadow_blur_strength_tablet=\u00bb1px\u00bb header_3_text_shadow_horizontal_length=\u00bbheader_3_text_shadow_style,%91object Object%93&#8243; header_3_text_shadow_horizontal_length_tablet=\u00bb0px\u00bb header_3_text_shadow_vertical_length=\u00bbheader_3_text_shadow_style,%91object Object%93&#8243; header_3_text_shadow_vertical_length_tablet=\u00bb0px\u00bb header_3_text_shadow_blur_strength=\u00bbheader_3_text_shadow_style,%91object Object%93&#8243; header_3_text_shadow_blur_strength_tablet=\u00bb1px\u00bb header_4_text_shadow_horizontal_length=\u00bbheader_4_text_shadow_style,%91object Object%93&#8243; header_4_text_shadow_horizontal_length_tablet=\u00bb0px\u00bb header_4_text_shadow_vertical_length=\u00bbheader_4_text_shadow_style,%91object Object%93&#8243; header_4_text_shadow_vertical_length_tablet=\u00bb0px\u00bb header_4_text_shadow_blur_strength=\u00bbheader_4_text_shadow_style,%91object Object%93&#8243; header_4_text_shadow_blur_strength_tablet=\u00bb1px\u00bb header_5_text_shadow_horizontal_length=\u00bbheader_5_text_shadow_style,%91object Object%93&#8243; header_5_text_shadow_horizontal_length_tablet=\u00bb0px\u00bb header_5_text_shadow_vertical_length=\u00bbheader_5_text_shadow_style,%91object Object%93&#8243; header_5_text_shadow_vertical_length_tablet=\u00bb0px\u00bb header_5_text_shadow_blur_strength=\u00bbheader_5_text_shadow_style,%91object Object%93&#8243; header_5_text_shadow_blur_strength_tablet=\u00bb1px\u00bb header_6_text_shadow_horizontal_length=\u00bbheader_6_text_shadow_style,%91object Object%93&#8243; header_6_text_shadow_horizontal_length_tablet=\u00bb0px\u00bb header_6_text_shadow_vertical_length=\u00bbheader_6_text_shadow_style,%91object Object%93&#8243; header_6_text_shadow_vertical_length_tablet=\u00bb0px\u00bb header_6_text_shadow_blur_strength=\u00bbheader_6_text_shadow_style,%91object Object%93&#8243; header_6_text_shadow_blur_strength_tablet=\u00bb1px\u00bb box_shadow_horizontal_tablet=\u00bb0px\u00bb box_shadow_vertical_tablet=\u00bb0px\u00bb box_shadow_blur_tablet=\u00bb40px\u00bb box_shadow_spread_tablet=\u00bb0px\u00bb vertical_offset_tablet=\u00bb0&#8243; horizontal_offset_tablet=\u00bb0&#8243; z_index_tablet=\u00bb0&#8243;]<\/p>\n<p><img loading=\"lazy\" decoding=\"async\" class=\"size-medium wp-image-12289 alignleft\" src=\"https:\/\/alcala.salesianos.edu\/colegio\/wp-content\/uploads\/sites\/2\/2020\/05\/kjnjkn-300x203.jpeg\" alt=\"\" width=\"300\" height=\"203\" \/>En el d\u00eda de hoy la Consejer\u00eda de Educaci\u00f3n y Deporte de nuestra comunidad aut\u00f3noma ha publicado unas instrucciones relativa a la apertura de los centros docentes para las funciones propias de los procedimientos de admisi\u00f3n de alumnado para el curso 2020\/21 y\u00a0 otras tareas administrativas.<\/p>\n<p>En ella se explica que a partir del d\u00eda 18 de mayo los centros deben abrir para estas funciones, el resto de instalaciones del centro que no se dediquen a estos cometidos quedar\u00e1n cerrados y sin uso.<\/p>\n<p>Nuestro colegio estar\u00e1 preparado para poder recibir y atender a las personas que deseen realizar la solicitud de admisi\u00f3n con todas las garant\u00edas que marca la ley para la seguridad de las personas ante la situaci\u00f3n que estamos viviendo.<\/p>\n<p>Aconsejamos el uso de mascarillas y guantes, habr\u00e1 geles hidroalcoh\u00f3licos instalados&#8230; rogamos sigan las instrucciones del personal que se encuentren y mantengan una distancia de seguridad de dos metros entre las personas. Tambi\u00e9n rogamos que el acceso a las oficinas sea de forma individual.<\/p>\n<p>Recordamos que a\u00fan pueden realizar la solicitud de admisi\u00f3n de forma telem\u00e1tica en el siguiente enlace:<br \/><a href=\"https:\/\/www.juntadeandalucia.es\/educacion\/secretariavirtual\/accesoTramite\/439\/\">https:\/\/www.juntadeandalucia.es\/educacion\/secretariavirtual\/accesoTramite\/439\/<\/a><\/p>\n<p>Agradecemos a todos vuestra colaboraci\u00f3n, para m\u00e1s informaci\u00f3n pueden acceder en el siguiente espacio web<\/p>\n<p>[\/et_pb_text][et_pb_button _builder_version=\u00bb4.4.3&#8243; button_text=\u00bbM\u00e1s informaci\u00f3n\u00bb button_url=\u00bbhttps:\/\/alcala.salesianos.edu\/colegio\/reapertura-del-centro-para-tramites-administrativos\/\u00bb url_new_window=\u00bbon\u00bb button_alignment=\u00bbcenter\u00bb custom_button=\u00bbon\u00bb button_text_size=\u00bb46px\u00bb button_text_color=\u00bb#ffffff\u00bb button_bg_color=\u00bb#dc001b\u00bb button_text_shadow_horizontal_length=\u00bbbutton_text_shadow_style,%91object Object%93&#8243; button_text_shadow_horizontal_length_tablet=\u00bb0px\u00bb button_text_shadow_vertical_length=\u00bbbutton_text_shadow_style,%91object Object%93&#8243; button_text_shadow_vertical_length_tablet=\u00bb0px\u00bb button_text_shadow_blur_strength=\u00bbbutton_text_shadow_style,%91object Object%93&#8243; button_text_shadow_blur_strength_tablet=\u00bb1px\u00bb box_shadow_horizontal_tablet=\u00bb0px\u00bb box_shadow_vertical_tablet=\u00bb0px\u00bb box_shadow_blur_tablet=\u00bb40px\u00bb box_shadow_spread_tablet=\u00bb0px\u00bb vertical_offset_tablet=\u00bb0&#8243; horizontal_offset_tablet=\u00bb0&#8243; z_index_tablet=\u00bb0&#8243; \/][\/et_pb_column][\/et_pb_row][\/et_pb_section]<\/p>\n","protected":false},"excerpt":{"rendered":"<p>Las matr\u00edculas para el alumnado actual se realizar\u00e1 m\u00e1s adelante.<\/p>\n","protected":false},"author":2,"featured_media":0,"comment_status":"closed","ping_status":"open","sticky":false,"template":"","format":"standard","meta":{"_et_pb_use_builder":"on","_et_pb_old_content":"","_et_gb_content_width":"","footnotes":""},"categories":[1],"tags":[],"class_list":["post-12291","post","type-post","status-publish","format-standard","hentry","category-uncategorized"],"yoast_head":"<!-- This site is optimized with the Yoast SEO plugin v28.4 - https:\/\/yoast.com\/product\/yoast-seo-wordpress\/ -->\n<title>El centro abrir\u00e1 el pr\u00f3ximo d\u00eda 18 para tramitar solicitudes de escolarizaci\u00f3n para el curso pr\u00f3ximo - Colegio Salesiano Alcal\u00e1<\/title>\n<meta name=\"robots\" content=\"index, follow, max-snippet:-1, max-image-preview:large, max-video-preview:-1\" \/>\n<link rel=\"canonical\" href=\"https:\/\/alcala.salesianos.edu\/colegio\/blog\/2020\/05\/13\/el-centro-abrira-el-proximo-dia-18-para-tramitar-solicitudes-de-escolarizacion-para-el-curso-proximo\/\" \/>\n<meta property=\"og:locale\" content=\"es_ES\" \/>\n<meta property=\"og:type\" content=\"article\" \/>\n<meta property=\"og:title\" content=\"El centro abrir\u00e1 el pr\u00f3ximo d\u00eda 18 para tramitar solicitudes de escolarizaci\u00f3n para el curso pr\u00f3ximo - Colegio Salesiano Alcal\u00e1\" \/>\n<meta property=\"og:description\" content=\"Las matr\u00edculas para el alumnado actual se realizar\u00e1 m\u00e1s adelante.\" \/>\n<meta property=\"og:url\" content=\"https:\/\/alcala.salesianos.edu\/colegio\/blog\/2020\/05\/13\/el-centro-abrira-el-proximo-dia-18-para-tramitar-solicitudes-de-escolarizacion-para-el-curso-proximo\/\" \/>\n<meta property=\"og:site_name\" content=\"Colegio Salesiano Alcal\u00e1\" \/>\n<meta property=\"article:published_time\" content=\"2020-05-13T19:28:20+00:00\" \/>\n<meta property=\"article:modified_time\" content=\"2025-08-27T07:51:26+00:00\" \/>\n<meta name=\"author\" content=\"Administrador Web\" \/>\n<meta name=\"twitter:card\" content=\"summary_large_image\" \/>\n<meta name=\"twitter:label1\" content=\"Escrito por\" \/>\n\t<meta name=\"twitter:data1\" content=\"Administrador Web\" \/>\n\t<meta name=\"twitter:label2\" content=\"Tiempo de lectura\" \/>\n\t<meta name=\"twitter:data2\" content=\"5 minutos\" \/>\n<script type=\"application\/ld+json\" class=\"yoast-schema-graph\">{\"@context\":\"https:\\\/\\\/schema.org\",\"@graph\":[{\"@type\":\"Article\",\"@id\":\"https:\\\/\\\/alcala.salesianos.edu\\\/colegio\\\/blog\\\/2020\\\/05\\\/13\\\/el-centro-abrira-el-proximo-dia-18-para-tramitar-solicitudes-de-escolarizacion-para-el-curso-proximo\\\/#article\",\"isPartOf\":{\"@id\":\"https:\\\/\\\/alcala.salesianos.edu\\\/colegio\\\/blog\\\/2020\\\/05\\\/13\\\/el-centro-abrira-el-proximo-dia-18-para-tramitar-solicitudes-de-escolarizacion-para-el-curso-proximo\\\/\"},\"author\":{\"name\":\"Administrador Web\",\"@id\":\"https:\\\/\\\/alcala.salesianos.edu\\\/colegio\\\/#\\\/schema\\\/person\\\/afcc24f776dc91fc2bf9afb0998fca77\"},\"headline\":\"El centro abrir\u00e1 el pr\u00f3ximo d\u00eda 18 para tramitar solicitudes de escolarizaci\u00f3n para el curso pr\u00f3ximo\",\"datePublished\":\"2020-05-13T19:28:20+00:00\",\"dateModified\":\"2025-08-27T07:51:26+00:00\",\"mainEntityOfPage\":{\"@id\":\"https:\\\/\\\/alcala.salesianos.edu\\\/colegio\\\/blog\\\/2020\\\/05\\\/13\\\/el-centro-abrira-el-proximo-dia-18-para-tramitar-solicitudes-de-escolarizacion-para-el-curso-proximo\\\/\"},\"wordCount\":1016,\"image\":{\"@id\":\"https:\\\/\\\/alcala.salesianos.edu\\\/colegio\\\/blog\\\/2020\\\/05\\\/13\\\/el-centro-abrira-el-proximo-dia-18-para-tramitar-solicitudes-de-escolarizacion-para-el-curso-proximo\\\/#primaryimage\"},\"thumbnailUrl\":\"https:\\\/\\\/alcala.salesianos.edu\\\/colegio\\\/wp-content\\\/uploads\\\/sites\\\/2\\\/2020\\\/05\\\/kjnjkn-300x203.jpeg\",\"articleSection\":[\"Uncategorized\"],\"inLanguage\":\"es\"},{\"@type\":\"WebPage\",\"@id\":\"https:\\\/\\\/alcala.salesianos.edu\\\/colegio\\\/blog\\\/2020\\\/05\\\/13\\\/el-centro-abrira-el-proximo-dia-18-para-tramitar-solicitudes-de-escolarizacion-para-el-curso-proximo\\\/\",\"url\":\"https:\\\/\\\/alcala.salesianos.edu\\\/colegio\\\/blog\\\/2020\\\/05\\\/13\\\/el-centro-abrira-el-proximo-dia-18-para-tramitar-solicitudes-de-escolarizacion-para-el-curso-proximo\\\/\",\"name\":\"El centro abrir\u00e1 el pr\u00f3ximo d\u00eda 18 para tramitar solicitudes de escolarizaci\u00f3n para el curso pr\u00f3ximo - Colegio Salesiano Alcal\u00e1\",\"isPartOf\":{\"@id\":\"https:\\\/\\\/alcala.salesianos.edu\\\/colegio\\\/#website\"},\"primaryImageOfPage\":{\"@id\":\"https:\\\/\\\/alcala.salesianos.edu\\\/colegio\\\/blog\\\/2020\\\/05\\\/13\\\/el-centro-abrira-el-proximo-dia-18-para-tramitar-solicitudes-de-escolarizacion-para-el-curso-proximo\\\/#primaryimage\"},\"image\":{\"@id\":\"https:\\\/\\\/alcala.salesianos.edu\\\/colegio\\\/blog\\\/2020\\\/05\\\/13\\\/el-centro-abrira-el-proximo-dia-18-para-tramitar-solicitudes-de-escolarizacion-para-el-curso-proximo\\\/#primaryimage\"},\"thumbnailUrl\":\"https:\\\/\\\/alcala.salesianos.edu\\\/colegio\\\/wp-content\\\/uploads\\\/sites\\\/2\\\/2020\\\/05\\\/kjnjkn-300x203.jpeg\",\"datePublished\":\"2020-05-13T19:28:20+00:00\",\"dateModified\":\"2025-08-27T07:51:26+00:00\",\"author\":{\"@id\":\"https:\\\/\\\/alcala.salesianos.edu\\\/colegio\\\/#\\\/schema\\\/person\\\/afcc24f776dc91fc2bf9afb0998fca77\"},\"breadcrumb\":{\"@id\":\"https:\\\/\\\/alcala.salesianos.edu\\\/colegio\\\/blog\\\/2020\\\/05\\\/13\\\/el-centro-abrira-el-proximo-dia-18-para-tramitar-solicitudes-de-escolarizacion-para-el-curso-proximo\\\/#breadcrumb\"},\"inLanguage\":\"es\",\"potentialAction\":[{\"@type\":\"ReadAction\",\"target\":[\"https:\\\/\\\/alcala.salesianos.edu\\\/colegio\\\/blog\\\/2020\\\/05\\\/13\\\/el-centro-abrira-el-proximo-dia-18-para-tramitar-solicitudes-de-escolarizacion-para-el-curso-proximo\\\/\"]}]},{\"@type\":\"ImageObject\",\"inLanguage\":\"es\",\"@id\":\"https:\\\/\\\/alcala.salesianos.edu\\\/colegio\\\/blog\\\/2020\\\/05\\\/13\\\/el-centro-abrira-el-proximo-dia-18-para-tramitar-solicitudes-de-escolarizacion-para-el-curso-proximo\\\/#primaryimage\",\"url\":\"https:\\\/\\\/alcala.salesianos.edu\\\/colegio\\\/wp-content\\\/uploads\\\/sites\\\/2\\\/2020\\\/05\\\/kjnjkn-300x203.jpeg\",\"contentUrl\":\"https:\\\/\\\/alcala.salesianos.edu\\\/colegio\\\/wp-content\\\/uploads\\\/sites\\\/2\\\/2020\\\/05\\\/kjnjkn-300x203.jpeg\"},{\"@type\":\"BreadcrumbList\",\"@id\":\"https:\\\/\\\/alcala.salesianos.edu\\\/colegio\\\/blog\\\/2020\\\/05\\\/13\\\/el-centro-abrira-el-proximo-dia-18-para-tramitar-solicitudes-de-escolarizacion-para-el-curso-proximo\\\/#breadcrumb\",\"itemListElement\":[{\"@type\":\"ListItem\",\"position\":1,\"name\":\"Portada\",\"item\":\"https:\\\/\\\/alcala.salesianos.edu\\\/colegio\\\/\"},{\"@type\":\"ListItem\",\"position\":2,\"name\":\"El centro abrir\u00e1 el pr\u00f3ximo d\u00eda 18 para tramitar solicitudes de escolarizaci\u00f3n para el curso pr\u00f3ximo\"}]},{\"@type\":\"WebSite\",\"@id\":\"https:\\\/\\\/alcala.salesianos.edu\\\/colegio\\\/#website\",\"url\":\"https:\\\/\\\/alcala.salesianos.edu\\\/colegio\\\/\",\"name\":\"Colegio Salesiano Alcal\u00e1\",\"description\":\"P\u00e1gina oficial de Salesianos Alcal\u00e1 de Guadaira\",\"potentialAction\":[{\"@type\":\"SearchAction\",\"target\":{\"@type\":\"EntryPoint\",\"urlTemplate\":\"https:\\\/\\\/alcala.salesianos.edu\\\/colegio\\\/?s={search_term_string}\"},\"query-input\":{\"@type\":\"PropertyValueSpecification\",\"valueRequired\":true,\"valueName\":\"search_term_string\"}}],\"inLanguage\":\"es\"},{\"@type\":\"Person\",\"@id\":\"https:\\\/\\\/alcala.salesianos.edu\\\/colegio\\\/#\\\/schema\\\/person\\\/afcc24f776dc91fc2bf9afb0998fca77\",\"name\":\"Administrador Web\",\"image\":{\"@type\":\"ImageObject\",\"inLanguage\":\"es\",\"@id\":\"https:\\\/\\\/secure.gravatar.com\\\/avatar\\\/bc157e994689bd6da9645c00aa3bc4d55b727915b6652642660db0aef086585f?s=96&d=mm&r=g\",\"url\":\"https:\\\/\\\/secure.gravatar.com\\\/avatar\\\/bc157e994689bd6da9645c00aa3bc4d55b727915b6652642660db0aef086585f?s=96&d=mm&r=g\",\"contentUrl\":\"https:\\\/\\\/secure.gravatar.com\\\/avatar\\\/bc157e994689bd6da9645c00aa3bc4d55b727915b6652642660db0aef086585f?s=96&d=mm&r=g\",\"caption\":\"Administrador Web\"}}]}<\/script>\n<!-- \/ Yoast SEO plugin. -->","yoast_head_json":{"title":"El centro abrir\u00e1 el pr\u00f3ximo d\u00eda 18 para tramitar solicitudes de escolarizaci\u00f3n para el curso pr\u00f3ximo - Colegio Salesiano Alcal\u00e1","robots":{"index":"index","follow":"follow","max-snippet":"max-snippet:-1","max-image-preview":"max-image-preview:large","max-video-preview":"max-video-preview:-1"},"canonical":"https:\/\/alcala.salesianos.edu\/colegio\/blog\/2020\/05\/13\/el-centro-abrira-el-proximo-dia-18-para-tramitar-solicitudes-de-escolarizacion-para-el-curso-proximo\/","og_locale":"es_ES","og_type":"article","og_title":"El centro abrir\u00e1 el pr\u00f3ximo d\u00eda 18 para tramitar solicitudes de escolarizaci\u00f3n para el curso pr\u00f3ximo - Colegio Salesiano Alcal\u00e1","og_description":"Las matr\u00edculas para el alumnado actual se realizar\u00e1 m\u00e1s adelante.","og_url":"https:\/\/alcala.salesianos.edu\/colegio\/blog\/2020\/05\/13\/el-centro-abrira-el-proximo-dia-18-para-tramitar-solicitudes-de-escolarizacion-para-el-curso-proximo\/","og_site_name":"Colegio Salesiano Alcal\u00e1","article_published_time":"2020-05-13T19:28:20+00:00","article_modified_time":"2025-08-27T07:51:26+00:00","author":"Administrador Web","twitter_card":"summary_large_image","twitter_misc":{"Escrito por":"Administrador Web","Tiempo de lectura":"5 minutos"},"schema":{"@context":"https:\/\/schema.org","@graph":[{"@type":"Article","@id":"https:\/\/alcala.salesianos.edu\/colegio\/blog\/2020\/05\/13\/el-centro-abrira-el-proximo-dia-18-para-tramitar-solicitudes-de-escolarizacion-para-el-curso-proximo\/#article","isPartOf":{"@id":"https:\/\/alcala.salesianos.edu\/colegio\/blog\/2020\/05\/13\/el-centro-abrira-el-proximo-dia-18-para-tramitar-solicitudes-de-escolarizacion-para-el-curso-proximo\/"},"author":{"name":"Administrador Web","@id":"https:\/\/alcala.salesianos.edu\/colegio\/#\/schema\/person\/afcc24f776dc91fc2bf9afb0998fca77"},"headline":"El centro abrir\u00e1 el pr\u00f3ximo d\u00eda 18 para tramitar solicitudes de escolarizaci\u00f3n para el curso pr\u00f3ximo","datePublished":"2020-05-13T19:28:20+00:00","dateModified":"2025-08-27T07:51:26+00:00","mainEntityOfPage":{"@id":"https:\/\/alcala.salesianos.edu\/colegio\/blog\/2020\/05\/13\/el-centro-abrira-el-proximo-dia-18-para-tramitar-solicitudes-de-escolarizacion-para-el-curso-proximo\/"},"wordCount":1016,"image":{"@id":"https:\/\/alcala.salesianos.edu\/colegio\/blog\/2020\/05\/13\/el-centro-abrira-el-proximo-dia-18-para-tramitar-solicitudes-de-escolarizacion-para-el-curso-proximo\/#primaryimage"},"thumbnailUrl":"https:\/\/alcala.salesianos.edu\/colegio\/wp-content\/uploads\/sites\/2\/2020\/05\/kjnjkn-300x203.jpeg","articleSection":["Uncategorized"],"inLanguage":"es"},{"@type":"WebPage","@id":"https:\/\/alcala.salesianos.edu\/colegio\/blog\/2020\/05\/13\/el-centro-abrira-el-proximo-dia-18-para-tramitar-solicitudes-de-escolarizacion-para-el-curso-proximo\/","url":"https:\/\/alcala.salesianos.edu\/colegio\/blog\/2020\/05\/13\/el-centro-abrira-el-proximo-dia-18-para-tramitar-solicitudes-de-escolarizacion-para-el-curso-proximo\/","name":"El centro abrir\u00e1 el pr\u00f3ximo d\u00eda 18 para tramitar solicitudes de escolarizaci\u00f3n para el curso pr\u00f3ximo - Colegio Salesiano Alcal\u00e1","isPartOf":{"@id":"https:\/\/alcala.salesianos.edu\/colegio\/#website"},"primaryImageOfPage":{"@id":"https:\/\/alcala.salesianos.edu\/colegio\/blog\/2020\/05\/13\/el-centro-abrira-el-proximo-dia-18-para-tramitar-solicitudes-de-escolarizacion-para-el-curso-proximo\/#primaryimage"},"image":{"@id":"https:\/\/alcala.salesianos.edu\/colegio\/blog\/2020\/05\/13\/el-centro-abrira-el-proximo-dia-18-para-tramitar-solicitudes-de-escolarizacion-para-el-curso-proximo\/#primaryimage"},"thumbnailUrl":"https:\/\/alcala.salesianos.edu\/colegio\/wp-content\/uploads\/sites\/2\/2020\/05\/kjnjkn-300x203.jpeg","datePublished":"2020-05-13T19:28:20+00:00","dateModified":"2025-08-27T07:51:26+00:00","author":{"@id":"https:\/\/alcala.salesianos.edu\/colegio\/#\/schema\/person\/afcc24f776dc91fc2bf9afb0998fca77"},"breadcrumb":{"@id":"https:\/\/alcala.salesianos.edu\/colegio\/blog\/2020\/05\/13\/el-centro-abrira-el-proximo-dia-18-para-tramitar-solicitudes-de-escolarizacion-para-el-curso-proximo\/#breadcrumb"},"inLanguage":"es","potentialAction":[{"@type":"ReadAction","target":["https:\/\/alcala.salesianos.edu\/colegio\/blog\/2020\/05\/13\/el-centro-abrira-el-proximo-dia-18-para-tramitar-solicitudes-de-escolarizacion-para-el-curso-proximo\/"]}]},{"@type":"ImageObject","inLanguage":"es","@id":"https:\/\/alcala.salesianos.edu\/colegio\/blog\/2020\/05\/13\/el-centro-abrira-el-proximo-dia-18-para-tramitar-solicitudes-de-escolarizacion-para-el-curso-proximo\/#primaryimage","url":"https:\/\/alcala.salesianos.edu\/colegio\/wp-content\/uploads\/sites\/2\/2020\/05\/kjnjkn-300x203.jpeg","contentUrl":"https:\/\/alcala.salesianos.edu\/colegio\/wp-content\/uploads\/sites\/2\/2020\/05\/kjnjkn-300x203.jpeg"},{"@type":"BreadcrumbList","@id":"https:\/\/alcala.salesianos.edu\/colegio\/blog\/2020\/05\/13\/el-centro-abrira-el-proximo-dia-18-para-tramitar-solicitudes-de-escolarizacion-para-el-curso-proximo\/#breadcrumb","itemListElement":[{"@type":"ListItem","position":1,"name":"Portada","item":"https:\/\/alcala.salesianos.edu\/colegio\/"},{"@type":"ListItem","position":2,"name":"El centro abrir\u00e1 el pr\u00f3ximo d\u00eda 18 para tramitar solicitudes de escolarizaci\u00f3n para el curso pr\u00f3ximo"}]},{"@type":"WebSite","@id":"https:\/\/alcala.salesianos.edu\/colegio\/#website","url":"https:\/\/alcala.salesianos.edu\/colegio\/","name":"Colegio Salesiano Alcal\u00e1","description":"P\u00e1gina oficial de Salesianos Alcal\u00e1 de Guadaira","potentialAction":[{"@type":"SearchAction","target":{"@type":"EntryPoint","urlTemplate":"https:\/\/alcala.salesianos.edu\/colegio\/?s={search_term_string}"},"query-input":{"@type":"PropertyValueSpecification","valueRequired":true,"valueName":"search_term_string"}}],"inLanguage":"es"},{"@type":"Person","@id":"https:\/\/alcala.salesianos.edu\/colegio\/#\/schema\/person\/afcc24f776dc91fc2bf9afb0998fca77","name":"Administrador Web","image":{"@type":"ImageObject","inLanguage":"es","@id":"https:\/\/secure.gravatar.com\/avatar\/bc157e994689bd6da9645c00aa3bc4d55b727915b6652642660db0aef086585f?s=96&d=mm&r=g","url":"https:\/\/secure.gravatar.com\/avatar\/bc157e994689bd6da9645c00aa3bc4d55b727915b6652642660db0aef086585f?s=96&d=mm&r=g","contentUrl":"https:\/\/secure.gravatar.com\/avatar\/bc157e994689bd6da9645c00aa3bc4d55b727915b6652642660db0aef086585f?s=96&d=mm&r=g","caption":"Administrador Web"}}]}},"_links":{"self":[{"href":"https:\/\/alcala.salesianos.edu\/colegio\/wp-json\/wp\/v2\/posts\/12291","targetHints":{"allow":["GET"]}}],"collection":[{"href":"https:\/\/alcala.salesianos.edu\/colegio\/wp-json\/wp\/v2\/posts"}],"about":[{"href":"https:\/\/alcala.salesianos.edu\/colegio\/wp-json\/wp\/v2\/types\/post"}],"author":[{"embeddable":true,"href":"https:\/\/alcala.salesianos.edu\/colegio\/wp-json\/wp\/v2\/users\/2"}],"replies":[{"embeddable":true,"href":"https:\/\/alcala.salesianos.edu\/colegio\/wp-json\/wp\/v2\/comments?post=12291"}],"version-history":[{"count":1,"href":"https:\/\/alcala.salesianos.edu\/colegio\/wp-json\/wp\/v2\/posts\/12291\/revisions"}],"predecessor-version":[{"id":12292,"href":"https:\/\/alcala.salesianos.edu\/colegio\/wp-json\/wp\/v2\/posts\/12291\/revisions\/12292"}],"wp:attachment":[{"href":"https:\/\/alcala.salesianos.edu\/colegio\/wp-json\/wp\/v2\/media?parent=12291"}],"wp:term":[{"taxonomy":"category","embeddable":true,"href":"https:\/\/alcala.salesianos.edu\/colegio\/wp-json\/wp\/v2\/categories?post=12291"},{"taxonomy":"post_tag","embeddable":true,"href":"https:\/\/alcala.salesianos.edu\/colegio\/wp-json\/wp\/v2\/tags?post=12291"}],"curies":[{"name":"wp","href":"https:\/\/api.w.org\/{rel}","templated":true}]}}