{"id":12264,"date":"2020-04-20T08:58:03","date_gmt":"2020-04-20T07:58:03","guid":{"rendered":"https:\/\/alcala.salesianos.edu\/colegio\/blog\/2020\/04\/20\/el-colegio-salesiano-lanza-una-agenda-ludica-educativa-y-formativa-para-toda-la-ciudad\/"},"modified":"2025-08-27T08:51:26","modified_gmt":"2025-08-27T07:51:26","slug":"el-colegio-salesiano-lanza-una-agenda-ludica-educativa-y-formativa-para-toda-la-ciudad","status":"publish","type":"post","link":"https:\/\/alcala.salesianos.edu\/colegio\/blog\/2020\/04\/20\/el-colegio-salesiano-lanza-una-agenda-ludica-educativa-y-formativa-para-toda-la-ciudad\/","title":{"rendered":"El Colegio Salesiano lanza una agenda l\u00fadica, educativa y formativa para toda la ciudad."},"content":{"rendered":"<div id=\"fb-root\"><\/div>\n<p>[et_pb_section fb_built=\u00bb1&#8243; _builder_version=\u00bb4.0.6&#8243;][et_pb_row _builder_version=\u00bb4.0.6&#8243;][et_pb_column _builder_version=\u00bb4.0.6&#8243; type=\u00bb4_4&#8243;][et_pb_text _builder_version=\u00bb4.0.6&#8243; hover_enabled=\u00bb0&#8243;]<\/p>\n<p><img loading=\"lazy\" decoding=\"async\" class=\"wp-image-12265 size-medium alignleft\" src=\"https:\/\/alcala.salesianos.edu\/colegio\/wp-content\/uploads\/sites\/2\/2020\/04\/imagen-300x201.jpeg\" alt=\"\" width=\"300\" height=\"201\" \/>\u00bfQui\u00e9n dijo que las tardes en casa son aburridas? El Colegio Salesiano de nuestra ciudad, impulsa actividades educativas, a trav\u00e9s de sus redes sociales, para animar a todos los j\u00f3venes de la ciudad.<\/p>\n<p>&nbsp;<\/p>\n<p>Pero no solo los j\u00f3venes tienen un espacio abierto en sus redes sociales de Facebook e Instagram, tambi\u00e9n ofrecer\u00e1n charlas de divulgaci\u00f3n cient\u00edfica para estudiantes de bachillerato y universidad, as\u00ed como ponencias educativas para familias.<\/p>\n<p>&nbsp;<\/p>\n<p>Con esto, son muchas las propuestas que podr\u00e1s encontrar, semanalmente en sus plataformas sociales.<\/p>\n<p>&nbsp;<\/p>\n<p>Una muestra de ello es la programaci\u00f3n de las pr\u00f3ximas dos semanas, donde podremos ver una sesi\u00f3n de dibujo por el alcalare\u00f1o Pablo L\u00f3pez Jim\u00e9nez, una sesi\u00f3n musical por la cantante Laura G\u00f3mez y la pr\u00f3xima semana dar\u00e1 comienzo la Semana de las Ciencias, donde divulgadores cient\u00edficos tales como Ana Villaescusa y Juan Prieto se adentrar\u00e1n en las curiosidades de la ciencia. Adem\u00e1s, la semana finalizar\u00e1 con una conferencia educativa para padres y madres en las que entregar\u00e1n herramientas educativas para aprender jugando en tiempos de confinamiento.<\/p>\n<p>&nbsp;<\/p>\n<p>Todas estas sesiones ser\u00e1 a las 18 horas y ser\u00e1n publicitadas previamente en sus redes sociales.<\/p>\n<p>&nbsp;<\/p>\n<p>Esperamos que disfrut\u00e9is de su programaci\u00f3n.<\/p>\n<p>[\/et_pb_text][\/et_pb_column][\/et_pb_row][\/et_pb_section]<\/p>\n","protected":false},"excerpt":{"rendered":"<p>El Colegio Salesiano de nuestra ciudad, impulsa actividades educativas, a trav\u00e9s de sus redes sociales, para animar a todos los j\u00f3venes de la ciudad.<\/p>\n","protected":false},"author":2,"featured_media":0,"comment_status":"closed","ping_status":"open","sticky":false,"template":"","format":"standard","meta":{"_et_pb_use_builder":"on","_et_pb_old_content":"","_et_gb_content_width":"","footnotes":""},"categories":[1],"tags":[],"class_list":["post-12264","post","type-post","status-publish","format-standard","hentry","category-uncategorized"],"yoast_head":"<!-- This site is optimized with the Yoast SEO plugin v28.4 - https:\/\/yoast.com\/product\/yoast-seo-wordpress\/ -->\n<title>El Colegio Salesiano lanza una agenda l\u00fadica, educativa y formativa para toda la ciudad. - Colegio Salesiano Alcal\u00e1<\/title>\n<meta name=\"robots\" content=\"index, follow, max-snippet:-1, max-image-preview:large, max-video-preview:-1\" \/>\n<link rel=\"canonical\" href=\"https:\/\/alcala.salesianos.edu\/colegio\/blog\/2020\/04\/20\/el-colegio-salesiano-lanza-una-agenda-ludica-educativa-y-formativa-para-toda-la-ciudad\/\" \/>\n<meta property=\"og:locale\" content=\"es_ES\" \/>\n<meta property=\"og:type\" content=\"article\" \/>\n<meta property=\"og:title\" content=\"El Colegio Salesiano lanza una agenda l\u00fadica, educativa y formativa para toda la ciudad. - Colegio Salesiano Alcal\u00e1\" \/>\n<meta property=\"og:description\" content=\"El Colegio Salesiano de nuestra ciudad, impulsa actividades educativas, a trav\u00e9s de sus redes sociales, para animar a todos los j\u00f3venes de la ciudad.\" \/>\n<meta property=\"og:url\" content=\"https:\/\/alcala.salesianos.edu\/colegio\/blog\/2020\/04\/20\/el-colegio-salesiano-lanza-una-agenda-ludica-educativa-y-formativa-para-toda-la-ciudad\/\" \/>\n<meta property=\"og:site_name\" content=\"Colegio Salesiano Alcal\u00e1\" \/>\n<meta property=\"article:published_time\" content=\"2020-04-20T07:58:03+00:00\" \/>\n<meta property=\"article:modified_time\" content=\"2025-08-27T07:51:26+00:00\" \/>\n<meta name=\"author\" content=\"Administrador Web\" \/>\n<meta name=\"twitter:card\" content=\"summary_large_image\" \/>\n<meta name=\"twitter:label1\" content=\"Escrito por\" \/>\n\t<meta name=\"twitter:data1\" content=\"Administrador Web\" \/>\n\t<meta name=\"twitter:label2\" content=\"Tiempo de lectura\" \/>\n\t<meta name=\"twitter:data2\" content=\"1 minuto\" \/>\n<script type=\"application\/ld+json\" class=\"yoast-schema-graph\">{\"@context\":\"https:\\\/\\\/schema.org\",\"@graph\":[{\"@type\":\"Article\",\"@id\":\"https:\\\/\\\/alcala.salesianos.edu\\\/colegio\\\/blog\\\/2020\\\/04\\\/20\\\/el-colegio-salesiano-lanza-una-agenda-ludica-educativa-y-formativa-para-toda-la-ciudad\\\/#article\",\"isPartOf\":{\"@id\":\"https:\\\/\\\/alcala.salesianos.edu\\\/colegio\\\/blog\\\/2020\\\/04\\\/20\\\/el-colegio-salesiano-lanza-una-agenda-ludica-educativa-y-formativa-para-toda-la-ciudad\\\/\"},\"author\":{\"name\":\"Administrador Web\",\"@id\":\"https:\\\/\\\/alcala.salesianos.edu\\\/colegio\\\/#\\\/schema\\\/person\\\/afcc24f776dc91fc2bf9afb0998fca77\"},\"headline\":\"El Colegio Salesiano lanza una agenda l\u00fadica, educativa y formativa para toda la ciudad.\",\"datePublished\":\"2020-04-20T07:58:03+00:00\",\"dateModified\":\"2025-08-27T07:51:26+00:00\",\"mainEntityOfPage\":{\"@id\":\"https:\\\/\\\/alcala.salesianos.edu\\\/colegio\\\/blog\\\/2020\\\/04\\\/20\\\/el-colegio-salesiano-lanza-una-agenda-ludica-educativa-y-formativa-para-toda-la-ciudad\\\/\"},\"wordCount\":272,\"image\":{\"@id\":\"https:\\\/\\\/alcala.salesianos.edu\\\/colegio\\\/blog\\\/2020\\\/04\\\/20\\\/el-colegio-salesiano-lanza-una-agenda-ludica-educativa-y-formativa-para-toda-la-ciudad\\\/#primaryimage\"},\"thumbnailUrl\":\"https:\\\/\\\/alcala.salesianos.edu\\\/colegio\\\/wp-content\\\/uploads\\\/sites\\\/2\\\/2020\\\/04\\\/imagen-300x201.jpeg\",\"articleSection\":[\"Uncategorized\"],\"inLanguage\":\"es\"},{\"@type\":\"WebPage\",\"@id\":\"https:\\\/\\\/alcala.salesianos.edu\\\/colegio\\\/blog\\\/2020\\\/04\\\/20\\\/el-colegio-salesiano-lanza-una-agenda-ludica-educativa-y-formativa-para-toda-la-ciudad\\\/\",\"url\":\"https:\\\/\\\/alcala.salesianos.edu\\\/colegio\\\/blog\\\/2020\\\/04\\\/20\\\/el-colegio-salesiano-lanza-una-agenda-ludica-educativa-y-formativa-para-toda-la-ciudad\\\/\",\"name\":\"El Colegio Salesiano lanza una agenda l\u00fadica, educativa y formativa para toda la ciudad. - Colegio Salesiano Alcal\u00e1\",\"isPartOf\":{\"@id\":\"https:\\\/\\\/alcala.salesianos.edu\\\/colegio\\\/#website\"},\"primaryImageOfPage\":{\"@id\":\"https:\\\/\\\/alcala.salesianos.edu\\\/colegio\\\/blog\\\/2020\\\/04\\\/20\\\/el-colegio-salesiano-lanza-una-agenda-ludica-educativa-y-formativa-para-toda-la-ciudad\\\/#primaryimage\"},\"image\":{\"@id\":\"https:\\\/\\\/alcala.salesianos.edu\\\/colegio\\\/blog\\\/2020\\\/04\\\/20\\\/el-colegio-salesiano-lanza-una-agenda-ludica-educativa-y-formativa-para-toda-la-ciudad\\\/#primaryimage\"},\"thumbnailUrl\":\"https:\\\/\\\/alcala.salesianos.edu\\\/colegio\\\/wp-content\\\/uploads\\\/sites\\\/2\\\/2020\\\/04\\\/imagen-300x201.jpeg\",\"datePublished\":\"2020-04-20T07:58:03+00:00\",\"dateModified\":\"2025-08-27T07:51:26+00:00\",\"author\":{\"@id\":\"https:\\\/\\\/alcala.salesianos.edu\\\/colegio\\\/#\\\/schema\\\/person\\\/afcc24f776dc91fc2bf9afb0998fca77\"},\"breadcrumb\":{\"@id\":\"https:\\\/\\\/alcala.salesianos.edu\\\/colegio\\\/blog\\\/2020\\\/04\\\/20\\\/el-colegio-salesiano-lanza-una-agenda-ludica-educativa-y-formativa-para-toda-la-ciudad\\\/#breadcrumb\"},\"inLanguage\":\"es\",\"potentialAction\":[{\"@type\":\"ReadAction\",\"target\":[\"https:\\\/\\\/alcala.salesianos.edu\\\/colegio\\\/blog\\\/2020\\\/04\\\/20\\\/el-colegio-salesiano-lanza-una-agenda-ludica-educativa-y-formativa-para-toda-la-ciudad\\\/\"]}]},{\"@type\":\"ImageObject\",\"inLanguage\":\"es\",\"@id\":\"https:\\\/\\\/alcala.salesianos.edu\\\/colegio\\\/blog\\\/2020\\\/04\\\/20\\\/el-colegio-salesiano-lanza-una-agenda-ludica-educativa-y-formativa-para-toda-la-ciudad\\\/#primaryimage\",\"url\":\"https:\\\/\\\/alcala.salesianos.edu\\\/colegio\\\/wp-content\\\/uploads\\\/sites\\\/2\\\/2020\\\/04\\\/imagen-300x201.jpeg\",\"contentUrl\":\"https:\\\/\\\/alcala.salesianos.edu\\\/colegio\\\/wp-content\\\/uploads\\\/sites\\\/2\\\/2020\\\/04\\\/imagen-300x201.jpeg\"},{\"@type\":\"BreadcrumbList\",\"@id\":\"https:\\\/\\\/alcala.salesianos.edu\\\/colegio\\\/blog\\\/2020\\\/04\\\/20\\\/el-colegio-salesiano-lanza-una-agenda-ludica-educativa-y-formativa-para-toda-la-ciudad\\\/#breadcrumb\",\"itemListElement\":[{\"@type\":\"ListItem\",\"position\":1,\"name\":\"Portada\",\"item\":\"https:\\\/\\\/alcala.salesianos.edu\\\/colegio\\\/\"},{\"@type\":\"ListItem\",\"position\":2,\"name\":\"El Colegio Salesiano lanza una agenda l\u00fadica, educativa y formativa para toda la ciudad.\"}]},{\"@type\":\"WebSite\",\"@id\":\"https:\\\/\\\/alcala.salesianos.edu\\\/colegio\\\/#website\",\"url\":\"https:\\\/\\\/alcala.salesianos.edu\\\/colegio\\\/\",\"name\":\"Colegio Salesiano Alcal\u00e1\",\"description\":\"P\u00e1gina oficial de Salesianos Alcal\u00e1 de Guadaira\",\"potentialAction\":[{\"@type\":\"SearchAction\",\"target\":{\"@type\":\"EntryPoint\",\"urlTemplate\":\"https:\\\/\\\/alcala.salesianos.edu\\\/colegio\\\/?s={search_term_string}\"},\"query-input\":{\"@type\":\"PropertyValueSpecification\",\"valueRequired\":true,\"valueName\":\"search_term_string\"}}],\"inLanguage\":\"es\"},{\"@type\":\"Person\",\"@id\":\"https:\\\/\\\/alcala.salesianos.edu\\\/colegio\\\/#\\\/schema\\\/person\\\/afcc24f776dc91fc2bf9afb0998fca77\",\"name\":\"Administrador Web\",\"image\":{\"@type\":\"ImageObject\",\"inLanguage\":\"es\",\"@id\":\"https:\\\/\\\/secure.gravatar.com\\\/avatar\\\/bc157e994689bd6da9645c00aa3bc4d55b727915b6652642660db0aef086585f?s=96&d=mm&r=g\",\"url\":\"https:\\\/\\\/secure.gravatar.com\\\/avatar\\\/bc157e994689bd6da9645c00aa3bc4d55b727915b6652642660db0aef086585f?s=96&d=mm&r=g\",\"contentUrl\":\"https:\\\/\\\/secure.gravatar.com\\\/avatar\\\/bc157e994689bd6da9645c00aa3bc4d55b727915b6652642660db0aef086585f?s=96&d=mm&r=g\",\"caption\":\"Administrador Web\"}}]}<\/script>\n<!-- \/ Yoast SEO plugin. -->","yoast_head_json":{"title":"El Colegio Salesiano lanza una agenda l\u00fadica, educativa y formativa para toda la ciudad. - Colegio Salesiano Alcal\u00e1","robots":{"index":"index","follow":"follow","max-snippet":"max-snippet:-1","max-image-preview":"max-image-preview:large","max-video-preview":"max-video-preview:-1"},"canonical":"https:\/\/alcala.salesianos.edu\/colegio\/blog\/2020\/04\/20\/el-colegio-salesiano-lanza-una-agenda-ludica-educativa-y-formativa-para-toda-la-ciudad\/","og_locale":"es_ES","og_type":"article","og_title":"El Colegio Salesiano lanza una agenda l\u00fadica, educativa y formativa para toda la ciudad. - Colegio Salesiano Alcal\u00e1","og_description":"El Colegio Salesiano de nuestra ciudad, impulsa actividades educativas, a trav\u00e9s de sus redes sociales, para animar a todos los j\u00f3venes de la ciudad.","og_url":"https:\/\/alcala.salesianos.edu\/colegio\/blog\/2020\/04\/20\/el-colegio-salesiano-lanza-una-agenda-ludica-educativa-y-formativa-para-toda-la-ciudad\/","og_site_name":"Colegio Salesiano Alcal\u00e1","article_published_time":"2020-04-20T07:58:03+00:00","article_modified_time":"2025-08-27T07:51:26+00:00","author":"Administrador Web","twitter_card":"summary_large_image","twitter_misc":{"Escrito por":"Administrador Web","Tiempo de lectura":"1 minuto"},"schema":{"@context":"https:\/\/schema.org","@graph":[{"@type":"Article","@id":"https:\/\/alcala.salesianos.edu\/colegio\/blog\/2020\/04\/20\/el-colegio-salesiano-lanza-una-agenda-ludica-educativa-y-formativa-para-toda-la-ciudad\/#article","isPartOf":{"@id":"https:\/\/alcala.salesianos.edu\/colegio\/blog\/2020\/04\/20\/el-colegio-salesiano-lanza-una-agenda-ludica-educativa-y-formativa-para-toda-la-ciudad\/"},"author":{"name":"Administrador Web","@id":"https:\/\/alcala.salesianos.edu\/colegio\/#\/schema\/person\/afcc24f776dc91fc2bf9afb0998fca77"},"headline":"El Colegio Salesiano lanza una agenda l\u00fadica, educativa y formativa para toda la ciudad.","datePublished":"2020-04-20T07:58:03+00:00","dateModified":"2025-08-27T07:51:26+00:00","mainEntityOfPage":{"@id":"https:\/\/alcala.salesianos.edu\/colegio\/blog\/2020\/04\/20\/el-colegio-salesiano-lanza-una-agenda-ludica-educativa-y-formativa-para-toda-la-ciudad\/"},"wordCount":272,"image":{"@id":"https:\/\/alcala.salesianos.edu\/colegio\/blog\/2020\/04\/20\/el-colegio-salesiano-lanza-una-agenda-ludica-educativa-y-formativa-para-toda-la-ciudad\/#primaryimage"},"thumbnailUrl":"https:\/\/alcala.salesianos.edu\/colegio\/wp-content\/uploads\/sites\/2\/2020\/04\/imagen-300x201.jpeg","articleSection":["Uncategorized"],"inLanguage":"es"},{"@type":"WebPage","@id":"https:\/\/alcala.salesianos.edu\/colegio\/blog\/2020\/04\/20\/el-colegio-salesiano-lanza-una-agenda-ludica-educativa-y-formativa-para-toda-la-ciudad\/","url":"https:\/\/alcala.salesianos.edu\/colegio\/blog\/2020\/04\/20\/el-colegio-salesiano-lanza-una-agenda-ludica-educativa-y-formativa-para-toda-la-ciudad\/","name":"El Colegio Salesiano lanza una agenda l\u00fadica, educativa y formativa para toda la ciudad. - Colegio Salesiano Alcal\u00e1","isPartOf":{"@id":"https:\/\/alcala.salesianos.edu\/colegio\/#website"},"primaryImageOfPage":{"@id":"https:\/\/alcala.salesianos.edu\/colegio\/blog\/2020\/04\/20\/el-colegio-salesiano-lanza-una-agenda-ludica-educativa-y-formativa-para-toda-la-ciudad\/#primaryimage"},"image":{"@id":"https:\/\/alcala.salesianos.edu\/colegio\/blog\/2020\/04\/20\/el-colegio-salesiano-lanza-una-agenda-ludica-educativa-y-formativa-para-toda-la-ciudad\/#primaryimage"},"thumbnailUrl":"https:\/\/alcala.salesianos.edu\/colegio\/wp-content\/uploads\/sites\/2\/2020\/04\/imagen-300x201.jpeg","datePublished":"2020-04-20T07:58:03+00:00","dateModified":"2025-08-27T07:51:26+00:00","author":{"@id":"https:\/\/alcala.salesianos.edu\/colegio\/#\/schema\/person\/afcc24f776dc91fc2bf9afb0998fca77"},"breadcrumb":{"@id":"https:\/\/alcala.salesianos.edu\/colegio\/blog\/2020\/04\/20\/el-colegio-salesiano-lanza-una-agenda-ludica-educativa-y-formativa-para-toda-la-ciudad\/#breadcrumb"},"inLanguage":"es","potentialAction":[{"@type":"ReadAction","target":["https:\/\/alcala.salesianos.edu\/colegio\/blog\/2020\/04\/20\/el-colegio-salesiano-lanza-una-agenda-ludica-educativa-y-formativa-para-toda-la-ciudad\/"]}]},{"@type":"ImageObject","inLanguage":"es","@id":"https:\/\/alcala.salesianos.edu\/colegio\/blog\/2020\/04\/20\/el-colegio-salesiano-lanza-una-agenda-ludica-educativa-y-formativa-para-toda-la-ciudad\/#primaryimage","url":"https:\/\/alcala.salesianos.edu\/colegio\/wp-content\/uploads\/sites\/2\/2020\/04\/imagen-300x201.jpeg","contentUrl":"https:\/\/alcala.salesianos.edu\/colegio\/wp-content\/uploads\/sites\/2\/2020\/04\/imagen-300x201.jpeg"},{"@type":"BreadcrumbList","@id":"https:\/\/alcala.salesianos.edu\/colegio\/blog\/2020\/04\/20\/el-colegio-salesiano-lanza-una-agenda-ludica-educativa-y-formativa-para-toda-la-ciudad\/#breadcrumb","itemListElement":[{"@type":"ListItem","position":1,"name":"Portada","item":"https:\/\/alcala.salesianos.edu\/colegio\/"},{"@type":"ListItem","position":2,"name":"El Colegio Salesiano lanza una agenda l\u00fadica, educativa y formativa para toda la ciudad."}]},{"@type":"WebSite","@id":"https:\/\/alcala.salesianos.edu\/colegio\/#website","url":"https:\/\/alcala.salesianos.edu\/colegio\/","name":"Colegio Salesiano Alcal\u00e1","description":"P\u00e1gina oficial de Salesianos Alcal\u00e1 de Guadaira","potentialAction":[{"@type":"SearchAction","target":{"@type":"EntryPoint","urlTemplate":"https:\/\/alcala.salesianos.edu\/colegio\/?s={search_term_string}"},"query-input":{"@type":"PropertyValueSpecification","valueRequired":true,"valueName":"search_term_string"}}],"inLanguage":"es"},{"@type":"Person","@id":"https:\/\/alcala.salesianos.edu\/colegio\/#\/schema\/person\/afcc24f776dc91fc2bf9afb0998fca77","name":"Administrador Web","image":{"@type":"ImageObject","inLanguage":"es","@id":"https:\/\/secure.gravatar.com\/avatar\/bc157e994689bd6da9645c00aa3bc4d55b727915b6652642660db0aef086585f?s=96&d=mm&r=g","url":"https:\/\/secure.gravatar.com\/avatar\/bc157e994689bd6da9645c00aa3bc4d55b727915b6652642660db0aef086585f?s=96&d=mm&r=g","contentUrl":"https:\/\/secure.gravatar.com\/avatar\/bc157e994689bd6da9645c00aa3bc4d55b727915b6652642660db0aef086585f?s=96&d=mm&r=g","caption":"Administrador Web"}}]}},"_links":{"self":[{"href":"https:\/\/alcala.salesianos.edu\/colegio\/wp-json\/wp\/v2\/posts\/12264","targetHints":{"allow":["GET"]}}],"collection":[{"href":"https:\/\/alcala.salesianos.edu\/colegio\/wp-json\/wp\/v2\/posts"}],"about":[{"href":"https:\/\/alcala.salesianos.edu\/colegio\/wp-json\/wp\/v2\/types\/post"}],"author":[{"embeddable":true,"href":"https:\/\/alcala.salesianos.edu\/colegio\/wp-json\/wp\/v2\/users\/2"}],"replies":[{"embeddable":true,"href":"https:\/\/alcala.salesianos.edu\/colegio\/wp-json\/wp\/v2\/comments?post=12264"}],"version-history":[{"count":1,"href":"https:\/\/alcala.salesianos.edu\/colegio\/wp-json\/wp\/v2\/posts\/12264\/revisions"}],"predecessor-version":[{"id":12266,"href":"https:\/\/alcala.salesianos.edu\/colegio\/wp-json\/wp\/v2\/posts\/12264\/revisions\/12266"}],"wp:attachment":[{"href":"https:\/\/alcala.salesianos.edu\/colegio\/wp-json\/wp\/v2\/media?parent=12264"}],"wp:term":[{"taxonomy":"category","embeddable":true,"href":"https:\/\/alcala.salesianos.edu\/colegio\/wp-json\/wp\/v2\/categories?post=12264"},{"taxonomy":"post_tag","embeddable":true,"href":"https:\/\/alcala.salesianos.edu\/colegio\/wp-json\/wp\/v2\/tags?post=12264"}],"curies":[{"name":"wp","href":"https:\/\/api.w.org\/{rel}","templated":true}]}}