{"id":12260,"date":"2020-04-13T11:02:56","date_gmt":"2020-04-13T10:02:56","guid":{"rendered":"https:\/\/alcala.salesianos.edu\/colegio\/blog\/2020\/04\/13\/se-suspenden-los-plazos-del-procedimiento-de-pruebas-de-acceso-a-ciclos-formativos\/"},"modified":"2025-08-27T08:51:27","modified_gmt":"2025-08-27T07:51:27","slug":"se-suspenden-los-plazos-del-procedimiento-de-pruebas-de-acceso-a-ciclos-formativos","status":"publish","type":"post","link":"https:\/\/alcala.salesianos.edu\/colegio\/blog\/2020\/04\/13\/se-suspenden-los-plazos-del-procedimiento-de-pruebas-de-acceso-a-ciclos-formativos\/","title":{"rendered":"Se suspenden los plazos del procedimiento de pruebas de acceso a ciclos formativos."},"content":{"rendered":"<div id=\"fb-root\"><\/div>\n<p>[et_pb_section fb_built=\u00bb1&#8243; _builder_version=\u00bb4.0.6&#8243;][et_pb_row _builder_version=\u00bb4.0.6&#8243; hover_enabled=\u00bb0&#8243;][et_pb_column _builder_version=\u00bb4.0.6&#8243; type=\u00bb4_4&#8243;][et_pb_text _builder_version=\u00bb4.0.6&#8243; hover_enabled=\u00bb0&#8243;]<\/p>\n<p><img loading=\"lazy\" decoding=\"async\" class=\"wp-image-12261 size-medium alignleft\" src=\"https:\/\/alcala.salesianos.edu\/colegio\/wp-content\/uploads\/sites\/2\/2020\/04\/unnamed-300x300.jpg\" alt=\"\" width=\"300\" height=\"300\" \/>La Consejeria de Educaci\u00f3n en el d\u00eda de hoy ha publicado una informaci\u00f3n referida\u00a0 a las <strong>Pruebas de acceso a ciclos formativos de grado medio y superior de FP. <\/strong>Adjuntamos el texto en el que se explica que se anuncia que se suspende hasta que se revierta el decreto de confinamiento del 14 de marzo:<\/p>\n<p><strong>Se suspenden los plazos del procedimiento de pruebas de acceso a ciclos formativos.<\/strong><\/p>\n<p>\u00abEn virtud de lo dispuesto en el apartado 1 de la disposici\u00f3n adicional tercera del Real Decreto 463\/2020, de 14 de marzo, por el que se declara el estado de alarma para la gesti\u00f3n de la situaci\u00f3n de crisis sanitaria ocasionada por el COVID-19 que establece \u00abSe suspenden t\u00e9rminos y se interrumpen los plazos para la tramitaci\u00f3n de los procedimientos de las entidades del sector p\u00fablico.<\/p>\n<p>El c\u00f3mputo de los plazos se reanudar\u00e1 en el momento en que pierda vigencia el presente real decreto o, en su caso, las pr\u00f3rrogas del mismo\u00bb, quedan suspendidos los plazos de pruebas de acceso a los ciclos formativos, incluido el de presentaci\u00f3n de solicitudes de la convocatoria ordinaria, establecido del 13 al 24 de abril, en la Resoluci\u00f3n de 13 de marzo de 2020, de la Direcci\u00f3n General de Formaci\u00f3n Profesional, por la que se convocan las pruebas de acceso a los ciclos formativos de grado medio y grado superior, en virtud de la Orden de 21 de febrero de 2017, por la que se regulan las pruebas de acceso a los ciclos formativos de formaci\u00f3n profesional de grado medio y grado superior y el curso de formaci\u00f3n espec\u00edfico.<\/p>\n<p>El nuevo plazo para la reanudaci\u00f3n del procedimiento se comunicar\u00e1 en el momento que pierdan vigencia las pr\u00f3rrogas del citado Real Decreto.\u00bb<\/p>\n<p>[\/et_pb_text][\/et_pb_column][\/et_pb_row][\/et_pb_section]<\/p>\n","protected":false},"excerpt":{"rendered":"<p>El nuevo plazo para la reanudaci\u00f3n del procedimiento se comunicar\u00e1 en el momento que pierdan vigencia las pr\u00f3rrogas de confinamiento.<\/p>\n","protected":false},"author":2,"featured_media":0,"comment_status":"closed","ping_status":"open","sticky":false,"template":"","format":"standard","meta":{"_et_pb_use_builder":"on","_et_pb_old_content":"","_et_gb_content_width":"","footnotes":""},"categories":[1],"tags":[],"class_list":["post-12260","post","type-post","status-publish","format-standard","hentry","category-uncategorized"],"yoast_head":"<!-- This site is optimized with the Yoast SEO plugin v28.4 - https:\/\/yoast.com\/product\/yoast-seo-wordpress\/ -->\n<title>Se suspenden los plazos del procedimiento de pruebas de acceso a ciclos formativos. - Colegio Salesiano Alcal\u00e1<\/title>\n<meta name=\"robots\" content=\"index, follow, max-snippet:-1, max-image-preview:large, max-video-preview:-1\" \/>\n<link rel=\"canonical\" href=\"https:\/\/alcala.salesianos.edu\/colegio\/blog\/2020\/04\/13\/se-suspenden-los-plazos-del-procedimiento-de-pruebas-de-acceso-a-ciclos-formativos\/\" \/>\n<meta property=\"og:locale\" content=\"es_ES\" \/>\n<meta property=\"og:type\" content=\"article\" \/>\n<meta property=\"og:title\" content=\"Se suspenden los plazos del procedimiento de pruebas de acceso a ciclos formativos. - Colegio Salesiano Alcal\u00e1\" \/>\n<meta property=\"og:description\" content=\"El nuevo plazo para la reanudaci\u00f3n del procedimiento se comunicar\u00e1 en el momento que pierdan vigencia las pr\u00f3rrogas de confinamiento.\" \/>\n<meta property=\"og:url\" content=\"https:\/\/alcala.salesianos.edu\/colegio\/blog\/2020\/04\/13\/se-suspenden-los-plazos-del-procedimiento-de-pruebas-de-acceso-a-ciclos-formativos\/\" \/>\n<meta property=\"og:site_name\" content=\"Colegio Salesiano Alcal\u00e1\" \/>\n<meta property=\"article:published_time\" content=\"2020-04-13T10:02:56+00:00\" \/>\n<meta property=\"article:modified_time\" content=\"2025-08-27T07:51:27+00:00\" \/>\n<meta name=\"author\" content=\"Administrador Web\" \/>\n<meta name=\"twitter:card\" content=\"summary_large_image\" \/>\n<meta name=\"twitter:label1\" content=\"Escrito por\" \/>\n\t<meta name=\"twitter:data1\" content=\"Administrador Web\" \/>\n\t<meta name=\"twitter:label2\" content=\"Tiempo de lectura\" \/>\n\t<meta name=\"twitter:data2\" content=\"2 minutos\" \/>\n<script type=\"application\/ld+json\" class=\"yoast-schema-graph\">{\"@context\":\"https:\\\/\\\/schema.org\",\"@graph\":[{\"@type\":\"Article\",\"@id\":\"https:\\\/\\\/alcala.salesianos.edu\\\/colegio\\\/blog\\\/2020\\\/04\\\/13\\\/se-suspenden-los-plazos-del-procedimiento-de-pruebas-de-acceso-a-ciclos-formativos\\\/#article\",\"isPartOf\":{\"@id\":\"https:\\\/\\\/alcala.salesianos.edu\\\/colegio\\\/blog\\\/2020\\\/04\\\/13\\\/se-suspenden-los-plazos-del-procedimiento-de-pruebas-de-acceso-a-ciclos-formativos\\\/\"},\"author\":{\"name\":\"Administrador Web\",\"@id\":\"https:\\\/\\\/alcala.salesianos.edu\\\/colegio\\\/#\\\/schema\\\/person\\\/afcc24f776dc91fc2bf9afb0998fca77\"},\"headline\":\"Se suspenden los plazos del procedimiento de pruebas de acceso a ciclos formativos.\",\"datePublished\":\"2020-04-13T10:02:56+00:00\",\"dateModified\":\"2025-08-27T07:51:27+00:00\",\"mainEntityOfPage\":{\"@id\":\"https:\\\/\\\/alcala.salesianos.edu\\\/colegio\\\/blog\\\/2020\\\/04\\\/13\\\/se-suspenden-los-plazos-del-procedimiento-de-pruebas-de-acceso-a-ciclos-formativos\\\/\"},\"wordCount\":347,\"image\":{\"@id\":\"https:\\\/\\\/alcala.salesianos.edu\\\/colegio\\\/blog\\\/2020\\\/04\\\/13\\\/se-suspenden-los-plazos-del-procedimiento-de-pruebas-de-acceso-a-ciclos-formativos\\\/#primaryimage\"},\"thumbnailUrl\":\"https:\\\/\\\/alcala.salesianos.edu\\\/colegio\\\/wp-content\\\/uploads\\\/sites\\\/2\\\/2020\\\/04\\\/unnamed-300x300.jpg\",\"articleSection\":[\"Uncategorized\"],\"inLanguage\":\"es\"},{\"@type\":\"WebPage\",\"@id\":\"https:\\\/\\\/alcala.salesianos.edu\\\/colegio\\\/blog\\\/2020\\\/04\\\/13\\\/se-suspenden-los-plazos-del-procedimiento-de-pruebas-de-acceso-a-ciclos-formativos\\\/\",\"url\":\"https:\\\/\\\/alcala.salesianos.edu\\\/colegio\\\/blog\\\/2020\\\/04\\\/13\\\/se-suspenden-los-plazos-del-procedimiento-de-pruebas-de-acceso-a-ciclos-formativos\\\/\",\"name\":\"Se suspenden los plazos del procedimiento de pruebas de acceso a ciclos formativos. - Colegio Salesiano Alcal\u00e1\",\"isPartOf\":{\"@id\":\"https:\\\/\\\/alcala.salesianos.edu\\\/colegio\\\/#website\"},\"primaryImageOfPage\":{\"@id\":\"https:\\\/\\\/alcala.salesianos.edu\\\/colegio\\\/blog\\\/2020\\\/04\\\/13\\\/se-suspenden-los-plazos-del-procedimiento-de-pruebas-de-acceso-a-ciclos-formativos\\\/#primaryimage\"},\"image\":{\"@id\":\"https:\\\/\\\/alcala.salesianos.edu\\\/colegio\\\/blog\\\/2020\\\/04\\\/13\\\/se-suspenden-los-plazos-del-procedimiento-de-pruebas-de-acceso-a-ciclos-formativos\\\/#primaryimage\"},\"thumbnailUrl\":\"https:\\\/\\\/alcala.salesianos.edu\\\/colegio\\\/wp-content\\\/uploads\\\/sites\\\/2\\\/2020\\\/04\\\/unnamed-300x300.jpg\",\"datePublished\":\"2020-04-13T10:02:56+00:00\",\"dateModified\":\"2025-08-27T07:51:27+00:00\",\"author\":{\"@id\":\"https:\\\/\\\/alcala.salesianos.edu\\\/colegio\\\/#\\\/schema\\\/person\\\/afcc24f776dc91fc2bf9afb0998fca77\"},\"breadcrumb\":{\"@id\":\"https:\\\/\\\/alcala.salesianos.edu\\\/colegio\\\/blog\\\/2020\\\/04\\\/13\\\/se-suspenden-los-plazos-del-procedimiento-de-pruebas-de-acceso-a-ciclos-formativos\\\/#breadcrumb\"},\"inLanguage\":\"es\",\"potentialAction\":[{\"@type\":\"ReadAction\",\"target\":[\"https:\\\/\\\/alcala.salesianos.edu\\\/colegio\\\/blog\\\/2020\\\/04\\\/13\\\/se-suspenden-los-plazos-del-procedimiento-de-pruebas-de-acceso-a-ciclos-formativos\\\/\"]}]},{\"@type\":\"ImageObject\",\"inLanguage\":\"es\",\"@id\":\"https:\\\/\\\/alcala.salesianos.edu\\\/colegio\\\/blog\\\/2020\\\/04\\\/13\\\/se-suspenden-los-plazos-del-procedimiento-de-pruebas-de-acceso-a-ciclos-formativos\\\/#primaryimage\",\"url\":\"\",\"contentUrl\":\"\"},{\"@type\":\"BreadcrumbList\",\"@id\":\"https:\\\/\\\/alcala.salesianos.edu\\\/colegio\\\/blog\\\/2020\\\/04\\\/13\\\/se-suspenden-los-plazos-del-procedimiento-de-pruebas-de-acceso-a-ciclos-formativos\\\/#breadcrumb\",\"itemListElement\":[{\"@type\":\"ListItem\",\"position\":1,\"name\":\"Portada\",\"item\":\"https:\\\/\\\/alcala.salesianos.edu\\\/colegio\\\/\"},{\"@type\":\"ListItem\",\"position\":2,\"name\":\"Se suspenden los plazos del procedimiento de pruebas de acceso a ciclos formativos.\"}]},{\"@type\":\"WebSite\",\"@id\":\"https:\\\/\\\/alcala.salesianos.edu\\\/colegio\\\/#website\",\"url\":\"https:\\\/\\\/alcala.salesianos.edu\\\/colegio\\\/\",\"name\":\"Colegio Salesiano Alcal\u00e1\",\"description\":\"P\u00e1gina oficial de Salesianos Alcal\u00e1 de Guadaira\",\"potentialAction\":[{\"@type\":\"SearchAction\",\"target\":{\"@type\":\"EntryPoint\",\"urlTemplate\":\"https:\\\/\\\/alcala.salesianos.edu\\\/colegio\\\/?s={search_term_string}\"},\"query-input\":{\"@type\":\"PropertyValueSpecification\",\"valueRequired\":true,\"valueName\":\"search_term_string\"}}],\"inLanguage\":\"es\"},{\"@type\":\"Person\",\"@id\":\"https:\\\/\\\/alcala.salesianos.edu\\\/colegio\\\/#\\\/schema\\\/person\\\/afcc24f776dc91fc2bf9afb0998fca77\",\"name\":\"Administrador Web\",\"image\":{\"@type\":\"ImageObject\",\"inLanguage\":\"es\",\"@id\":\"https:\\\/\\\/secure.gravatar.com\\\/avatar\\\/bc157e994689bd6da9645c00aa3bc4d55b727915b6652642660db0aef086585f?s=96&d=mm&r=g\",\"url\":\"https:\\\/\\\/secure.gravatar.com\\\/avatar\\\/bc157e994689bd6da9645c00aa3bc4d55b727915b6652642660db0aef086585f?s=96&d=mm&r=g\",\"contentUrl\":\"https:\\\/\\\/secure.gravatar.com\\\/avatar\\\/bc157e994689bd6da9645c00aa3bc4d55b727915b6652642660db0aef086585f?s=96&d=mm&r=g\",\"caption\":\"Administrador Web\"}}]}<\/script>\n<!-- \/ Yoast SEO plugin. -->","yoast_head_json":{"title":"Se suspenden los plazos del procedimiento de pruebas de acceso a ciclos formativos. - Colegio Salesiano Alcal\u00e1","robots":{"index":"index","follow":"follow","max-snippet":"max-snippet:-1","max-image-preview":"max-image-preview:large","max-video-preview":"max-video-preview:-1"},"canonical":"https:\/\/alcala.salesianos.edu\/colegio\/blog\/2020\/04\/13\/se-suspenden-los-plazos-del-procedimiento-de-pruebas-de-acceso-a-ciclos-formativos\/","og_locale":"es_ES","og_type":"article","og_title":"Se suspenden los plazos del procedimiento de pruebas de acceso a ciclos formativos. - Colegio Salesiano Alcal\u00e1","og_description":"El nuevo plazo para la reanudaci\u00f3n del procedimiento se comunicar\u00e1 en el momento que pierdan vigencia las pr\u00f3rrogas de confinamiento.","og_url":"https:\/\/alcala.salesianos.edu\/colegio\/blog\/2020\/04\/13\/se-suspenden-los-plazos-del-procedimiento-de-pruebas-de-acceso-a-ciclos-formativos\/","og_site_name":"Colegio Salesiano Alcal\u00e1","article_published_time":"2020-04-13T10:02:56+00:00","article_modified_time":"2025-08-27T07:51:27+00:00","author":"Administrador Web","twitter_card":"summary_large_image","twitter_misc":{"Escrito por":"Administrador Web","Tiempo de lectura":"2 minutos"},"schema":{"@context":"https:\/\/schema.org","@graph":[{"@type":"Article","@id":"https:\/\/alcala.salesianos.edu\/colegio\/blog\/2020\/04\/13\/se-suspenden-los-plazos-del-procedimiento-de-pruebas-de-acceso-a-ciclos-formativos\/#article","isPartOf":{"@id":"https:\/\/alcala.salesianos.edu\/colegio\/blog\/2020\/04\/13\/se-suspenden-los-plazos-del-procedimiento-de-pruebas-de-acceso-a-ciclos-formativos\/"},"author":{"name":"Administrador Web","@id":"https:\/\/alcala.salesianos.edu\/colegio\/#\/schema\/person\/afcc24f776dc91fc2bf9afb0998fca77"},"headline":"Se suspenden los plazos del procedimiento de pruebas de acceso a ciclos formativos.","datePublished":"2020-04-13T10:02:56+00:00","dateModified":"2025-08-27T07:51:27+00:00","mainEntityOfPage":{"@id":"https:\/\/alcala.salesianos.edu\/colegio\/blog\/2020\/04\/13\/se-suspenden-los-plazos-del-procedimiento-de-pruebas-de-acceso-a-ciclos-formativos\/"},"wordCount":347,"image":{"@id":"https:\/\/alcala.salesianos.edu\/colegio\/blog\/2020\/04\/13\/se-suspenden-los-plazos-del-procedimiento-de-pruebas-de-acceso-a-ciclos-formativos\/#primaryimage"},"thumbnailUrl":"https:\/\/alcala.salesianos.edu\/colegio\/wp-content\/uploads\/sites\/2\/2020\/04\/unnamed-300x300.jpg","articleSection":["Uncategorized"],"inLanguage":"es"},{"@type":"WebPage","@id":"https:\/\/alcala.salesianos.edu\/colegio\/blog\/2020\/04\/13\/se-suspenden-los-plazos-del-procedimiento-de-pruebas-de-acceso-a-ciclos-formativos\/","url":"https:\/\/alcala.salesianos.edu\/colegio\/blog\/2020\/04\/13\/se-suspenden-los-plazos-del-procedimiento-de-pruebas-de-acceso-a-ciclos-formativos\/","name":"Se suspenden los plazos del procedimiento de pruebas de acceso a ciclos formativos. - Colegio Salesiano Alcal\u00e1","isPartOf":{"@id":"https:\/\/alcala.salesianos.edu\/colegio\/#website"},"primaryImageOfPage":{"@id":"https:\/\/alcala.salesianos.edu\/colegio\/blog\/2020\/04\/13\/se-suspenden-los-plazos-del-procedimiento-de-pruebas-de-acceso-a-ciclos-formativos\/#primaryimage"},"image":{"@id":"https:\/\/alcala.salesianos.edu\/colegio\/blog\/2020\/04\/13\/se-suspenden-los-plazos-del-procedimiento-de-pruebas-de-acceso-a-ciclos-formativos\/#primaryimage"},"thumbnailUrl":"https:\/\/alcala.salesianos.edu\/colegio\/wp-content\/uploads\/sites\/2\/2020\/04\/unnamed-300x300.jpg","datePublished":"2020-04-13T10:02:56+00:00","dateModified":"2025-08-27T07:51:27+00:00","author":{"@id":"https:\/\/alcala.salesianos.edu\/colegio\/#\/schema\/person\/afcc24f776dc91fc2bf9afb0998fca77"},"breadcrumb":{"@id":"https:\/\/alcala.salesianos.edu\/colegio\/blog\/2020\/04\/13\/se-suspenden-los-plazos-del-procedimiento-de-pruebas-de-acceso-a-ciclos-formativos\/#breadcrumb"},"inLanguage":"es","potentialAction":[{"@type":"ReadAction","target":["https:\/\/alcala.salesianos.edu\/colegio\/blog\/2020\/04\/13\/se-suspenden-los-plazos-del-procedimiento-de-pruebas-de-acceso-a-ciclos-formativos\/"]}]},{"@type":"ImageObject","inLanguage":"es","@id":"https:\/\/alcala.salesianos.edu\/colegio\/blog\/2020\/04\/13\/se-suspenden-los-plazos-del-procedimiento-de-pruebas-de-acceso-a-ciclos-formativos\/#primaryimage","url":"","contentUrl":""},{"@type":"BreadcrumbList","@id":"https:\/\/alcala.salesianos.edu\/colegio\/blog\/2020\/04\/13\/se-suspenden-los-plazos-del-procedimiento-de-pruebas-de-acceso-a-ciclos-formativos\/#breadcrumb","itemListElement":[{"@type":"ListItem","position":1,"name":"Portada","item":"https:\/\/alcala.salesianos.edu\/colegio\/"},{"@type":"ListItem","position":2,"name":"Se suspenden los plazos del procedimiento de pruebas de acceso a ciclos formativos."}]},{"@type":"WebSite","@id":"https:\/\/alcala.salesianos.edu\/colegio\/#website","url":"https:\/\/alcala.salesianos.edu\/colegio\/","name":"Colegio Salesiano Alcal\u00e1","description":"P\u00e1gina oficial de Salesianos Alcal\u00e1 de Guadaira","potentialAction":[{"@type":"SearchAction","target":{"@type":"EntryPoint","urlTemplate":"https:\/\/alcala.salesianos.edu\/colegio\/?s={search_term_string}"},"query-input":{"@type":"PropertyValueSpecification","valueRequired":true,"valueName":"search_term_string"}}],"inLanguage":"es"},{"@type":"Person","@id":"https:\/\/alcala.salesianos.edu\/colegio\/#\/schema\/person\/afcc24f776dc91fc2bf9afb0998fca77","name":"Administrador Web","image":{"@type":"ImageObject","inLanguage":"es","@id":"https:\/\/secure.gravatar.com\/avatar\/bc157e994689bd6da9645c00aa3bc4d55b727915b6652642660db0aef086585f?s=96&d=mm&r=g","url":"https:\/\/secure.gravatar.com\/avatar\/bc157e994689bd6da9645c00aa3bc4d55b727915b6652642660db0aef086585f?s=96&d=mm&r=g","contentUrl":"https:\/\/secure.gravatar.com\/avatar\/bc157e994689bd6da9645c00aa3bc4d55b727915b6652642660db0aef086585f?s=96&d=mm&r=g","caption":"Administrador Web"}}]}},"_links":{"self":[{"href":"https:\/\/alcala.salesianos.edu\/colegio\/wp-json\/wp\/v2\/posts\/12260","targetHints":{"allow":["GET"]}}],"collection":[{"href":"https:\/\/alcala.salesianos.edu\/colegio\/wp-json\/wp\/v2\/posts"}],"about":[{"href":"https:\/\/alcala.salesianos.edu\/colegio\/wp-json\/wp\/v2\/types\/post"}],"author":[{"embeddable":true,"href":"https:\/\/alcala.salesianos.edu\/colegio\/wp-json\/wp\/v2\/users\/2"}],"replies":[{"embeddable":true,"href":"https:\/\/alcala.salesianos.edu\/colegio\/wp-json\/wp\/v2\/comments?post=12260"}],"version-history":[{"count":1,"href":"https:\/\/alcala.salesianos.edu\/colegio\/wp-json\/wp\/v2\/posts\/12260\/revisions"}],"predecessor-version":[{"id":12262,"href":"https:\/\/alcala.salesianos.edu\/colegio\/wp-json\/wp\/v2\/posts\/12260\/revisions\/12262"}],"wp:attachment":[{"href":"https:\/\/alcala.salesianos.edu\/colegio\/wp-json\/wp\/v2\/media?parent=12260"}],"wp:term":[{"taxonomy":"category","embeddable":true,"href":"https:\/\/alcala.salesianos.edu\/colegio\/wp-json\/wp\/v2\/categories?post=12260"},{"taxonomy":"post_tag","embeddable":true,"href":"https:\/\/alcala.salesianos.edu\/colegio\/wp-json\/wp\/v2\/tags?post=12260"}],"curies":[{"name":"wp","href":"https:\/\/api.w.org\/{rel}","templated":true}]}}