{"id":12249,"date":"2020-03-27T20:29:47","date_gmt":"2020-03-27T19:29:47","guid":{"rendered":"https:\/\/alcala.salesianos.edu\/colegio\/blog\/2020\/03\/27\/novedades-sobre-el-proceso-de-escolarizacion-para-el-curso-2020-2021\/"},"modified":"2025-08-27T08:51:28","modified_gmt":"2025-08-27T07:51:28","slug":"novedades-sobre-el-proceso-de-escolarizacion-para-el-curso-2020-2021","status":"publish","type":"post","link":"https:\/\/alcala.salesianos.edu\/colegio\/blog\/2020\/03\/27\/novedades-sobre-el-proceso-de-escolarizacion-para-el-curso-2020-2021\/","title":{"rendered":"Novedades sobre el proceso de escolarizaci\u00f3n para el curso 2020-2021"},"content":{"rendered":"<div id=\"fb-root\"><\/div>\n<p>[et_pb_section fb_built=\u00bb1&#8243; _builder_version=\u00bb4.0.6&#8243;][et_pb_row _builder_version=\u00bb4.0.6&#8243; hover_enabled=\u00bb0&#8243;][et_pb_column _builder_version=\u00bb4.0.6&#8243; type=\u00bb4_4&#8243;][et_pb_text _builder_version=\u00bb4.0.6&#8243; hover_enabled=\u00bb0&#8243;]<\/p>\n<p><img loading=\"lazy\" decoding=\"async\" class=\"wp-image-12250 size-medium alignleft\" src=\"https:\/\/alcala.salesianos.edu\/colegio\/wp-content\/uploads\/sites\/2\/2020\/03\/escolarizacion-212x300.jpeg\" alt=\"\" width=\"212\" height=\"300\" \/>La Consejer\u00eda de Educaci\u00f3n de la Junta de Andaluc\u00eda ha anunciado el pasado mi\u00e9rcoles 25 de marzo que una vez finalizado el estado de alarma, habr\u00e1 un plazo adicional de 12 d\u00edas h\u00e1biles para realizar la solicitud de plaza escolar de manera presencial. A\u00fan as\u00ed la <a href=\"https:\/\/www.juntadeandalucia.es\/educacion\/secretariavirtual\/accesoTramite\/439\/\">opci\u00f3n telem\u00e1tica<\/a> sigue abierta para todas aquellas personas que la quieran utilizar.<\/p>\n<p>Todo esto viene producido por el estado de alarma para la gesti\u00f3n de la situaci\u00f3n de crisis sanitaria ocasionada por el\u00a0COVID-19 desde el 14 de marzo. Por este motivo el plazo de entrega de solicitudes de admisi\u00f3n de forma presencial se paraliz\u00f3 quedando doce d\u00edas h\u00e1biles.\u00a0<\/p>\n<p>Una vez que se normalice la situaci\u00f3n actual la Junta de Andaluc\u00eda avisar\u00e1 con tiempo suficiente para realizar todos los tr\u00e1mites necesarios en los centros educativos.<\/p>\n<p>Facilitamos el <a href=\"http:\/\/www.juntadeandalucia.es\/educacion\/portals\/web\/ced\/novedades\/-\/contenidos\/detalle\/comunicado-escolarizacion?fbclid=IwAR0loYw3R9cfZYgRzy34u6b5MesjbuJ2B19P5rlMHRNQOK3spkuvhvV_HUw\">enlace<\/a> del portal de la Consejer\u00eda de Educaci\u00f3n d\u00f3nde publican este comunicado dirigido a todas las familias implicadas en la escolarizaci\u00f3n de sus hijos para el curso 2020-2021 desde Educaci\u00f3n Infantil hasta Bachillerato.<\/p>\n<p>&nbsp;<\/p>\n<p>[\/et_pb_text][\/et_pb_column][\/et_pb_row][et_pb_row _builder_version=\u00bb4.0.6&#8243; column_structure=\u00bb1_2,1_2&#8243;][et_pb_column _builder_version=\u00bb4.0.6&#8243; type=\u00bb1_2&#8243;][et_pb_blurb _builder_version=\u00bb4.0.6&#8243; use_icon=\u00bbon\u00bb font_icon=\u00bb%%75%%\u00bb hover_enabled=\u00bb0&#8243; title=\u00bbAcceso a Admisi\u00f3n  Telem\u00e1tico\u00bb background_color=\u00bb#dc001b\u00bb icon_color=\u00bb#ffffff\u00bb url=\u00bbhttps:\/\/www.juntadeandalucia.es\/educacion\/secretariavirtual\/accesoTramite\/439\/\u00bb url_new_window=\u00bbon\u00bb link_option_url=\u00bbhttps:\/\/www.juntadeandalucia.es\/educacion\/secretariavirtual\/accesoTramite\/439\/\u00bb link_option_url_new_window=\u00bbon\u00bb text_orientation=\u00bbcenter\u00bb header_text_align=\u00bbcenter\u00bb header_text_color=\u00bb#ffffff\u00bb header_font_size=\u00bb30px\u00bb][\/et_pb_blurb][\/et_pb_column][et_pb_column _builder_version=\u00bb4.0.6&#8243; type=\u00bb1_2&#8243;][et_pb_blurb _builder_version=\u00bb4.0.6&#8243; use_icon=\u00bbon\u00bb font_icon=\u00bb%%75%%\u00bb hover_enabled=\u00bb0&#8243; title=\u00bbAcceso al comunicado\u00bb background_color=\u00bb#dc001b\u00bb icon_color=\u00bb#ffffff\u00bb url=\u00bbhttp:\/\/www.juntadeandalucia.es\/educacion\/portals\/web\/ced\/novedades\/-\/contenidos\/detalle\/comunicado-escolarizacion?fbclid=IwAR0loYw3R9cfZYgRzy34u6b5MesjbuJ2B19P5rlMHRNQOK3spkuvhvV_HUw\u00bb url_new_window=\u00bbon\u00bb link_option_url=\u00bbhttp:\/\/www.juntadeandalucia.es\/educacion\/portals\/web\/ced\/novedades\/-\/contenidos\/detalle\/comunicado-escolarizacion?fbclid=IwAR0loYw3R9cfZYgRzy34u6b5MesjbuJ2B19P5rlMHRNQOK3spkuvhvV_HUw\u00bb link_option_url_new_window=\u00bbon\u00bb text_orientation=\u00bbcenter\u00bb header_text_align=\u00bbcenter\u00bb header_text_color=\u00bb#ffffff\u00bb header_font_size=\u00bb30px\u00bb][\/et_pb_blurb][\/et_pb_column][\/et_pb_row][\/et_pb_section]<\/p>\n","protected":false},"excerpt":{"rendered":"<p>La Consejer\u00eda de Educaci\u00f3n de la Junta de Andaluc\u00eda ha anunciado el pasado mi\u00e9rcoles 25 de marzo que una vez finalizado el estado de alarma, habr\u00e1 un plazo adicional de 12 d\u00edas h\u00e1biles para realizar la solicitud de plaza escolar de manera presencial.<\/p>\n","protected":false},"author":2,"featured_media":0,"comment_status":"closed","ping_status":"open","sticky":false,"template":"","format":"standard","meta":{"_et_pb_use_builder":"on","_et_pb_old_content":"","_et_gb_content_width":"","footnotes":""},"categories":[1],"tags":[],"class_list":["post-12249","post","type-post","status-publish","format-standard","hentry","category-uncategorized"],"yoast_head":"<!-- This site is optimized with the Yoast SEO plugin v28.4 - https:\/\/yoast.com\/product\/yoast-seo-wordpress\/ -->\n<title>Novedades sobre el proceso de escolarizaci\u00f3n para el curso 2020-2021 - Colegio Salesiano Alcal\u00e1<\/title>\n<meta name=\"robots\" content=\"index, follow, max-snippet:-1, max-image-preview:large, max-video-preview:-1\" \/>\n<link rel=\"canonical\" href=\"https:\/\/alcala.salesianos.edu\/colegio\/blog\/2020\/03\/27\/novedades-sobre-el-proceso-de-escolarizacion-para-el-curso-2020-2021\/\" \/>\n<meta property=\"og:locale\" content=\"es_ES\" \/>\n<meta property=\"og:type\" content=\"article\" \/>\n<meta property=\"og:title\" content=\"Novedades sobre el proceso de escolarizaci\u00f3n para el curso 2020-2021 - Colegio Salesiano Alcal\u00e1\" \/>\n<meta property=\"og:description\" content=\"La Consejer\u00eda de Educaci\u00f3n de la Junta de Andaluc\u00eda ha anunciado el pasado mi\u00e9rcoles 25 de marzo que una vez finalizado el estado de alarma, habr\u00e1 un plazo adicional de 12 d\u00edas h\u00e1biles para realizar la solicitud de plaza escolar de manera presencial.\" \/>\n<meta property=\"og:url\" content=\"https:\/\/alcala.salesianos.edu\/colegio\/blog\/2020\/03\/27\/novedades-sobre-el-proceso-de-escolarizacion-para-el-curso-2020-2021\/\" \/>\n<meta property=\"og:site_name\" content=\"Colegio Salesiano Alcal\u00e1\" \/>\n<meta property=\"article:published_time\" content=\"2020-03-27T19:29:47+00:00\" \/>\n<meta property=\"article:modified_time\" content=\"2025-08-27T07:51:28+00:00\" \/>\n<meta name=\"author\" content=\"Administrador Web\" \/>\n<meta name=\"twitter:card\" content=\"summary_large_image\" \/>\n<meta name=\"twitter:label1\" content=\"Escrito por\" \/>\n\t<meta name=\"twitter:data1\" content=\"Administrador Web\" \/>\n\t<meta name=\"twitter:label2\" content=\"Tiempo de lectura\" \/>\n\t<meta name=\"twitter:data2\" content=\"2 minutos\" \/>\n<script type=\"application\/ld+json\" class=\"yoast-schema-graph\">{\"@context\":\"https:\\\/\\\/schema.org\",\"@graph\":[{\"@type\":\"Article\",\"@id\":\"https:\\\/\\\/alcala.salesianos.edu\\\/colegio\\\/blog\\\/2020\\\/03\\\/27\\\/novedades-sobre-el-proceso-de-escolarizacion-para-el-curso-2020-2021\\\/#article\",\"isPartOf\":{\"@id\":\"https:\\\/\\\/alcala.salesianos.edu\\\/colegio\\\/blog\\\/2020\\\/03\\\/27\\\/novedades-sobre-el-proceso-de-escolarizacion-para-el-curso-2020-2021\\\/\"},\"author\":{\"name\":\"Administrador Web\",\"@id\":\"https:\\\/\\\/alcala.salesianos.edu\\\/colegio\\\/#\\\/schema\\\/person\\\/afcc24f776dc91fc2bf9afb0998fca77\"},\"headline\":\"Novedades sobre el proceso de escolarizaci\u00f3n para el curso 2020-2021\",\"datePublished\":\"2020-03-27T19:29:47+00:00\",\"dateModified\":\"2025-08-27T07:51:28+00:00\",\"mainEntityOfPage\":{\"@id\":\"https:\\\/\\\/alcala.salesianos.edu\\\/colegio\\\/blog\\\/2020\\\/03\\\/27\\\/novedades-sobre-el-proceso-de-escolarizacion-para-el-curso-2020-2021\\\/\"},\"wordCount\":443,\"image\":{\"@id\":\"https:\\\/\\\/alcala.salesianos.edu\\\/colegio\\\/blog\\\/2020\\\/03\\\/27\\\/novedades-sobre-el-proceso-de-escolarizacion-para-el-curso-2020-2021\\\/#primaryimage\"},\"thumbnailUrl\":\"https:\\\/\\\/alcala.salesianos.edu\\\/colegio\\\/wp-content\\\/uploads\\\/sites\\\/2\\\/2020\\\/03\\\/escolarizacion-212x300.jpeg\",\"articleSection\":[\"Uncategorized\"],\"inLanguage\":\"es\"},{\"@type\":\"WebPage\",\"@id\":\"https:\\\/\\\/alcala.salesianos.edu\\\/colegio\\\/blog\\\/2020\\\/03\\\/27\\\/novedades-sobre-el-proceso-de-escolarizacion-para-el-curso-2020-2021\\\/\",\"url\":\"https:\\\/\\\/alcala.salesianos.edu\\\/colegio\\\/blog\\\/2020\\\/03\\\/27\\\/novedades-sobre-el-proceso-de-escolarizacion-para-el-curso-2020-2021\\\/\",\"name\":\"Novedades sobre el proceso de escolarizaci\u00f3n para el curso 2020-2021 - Colegio Salesiano Alcal\u00e1\",\"isPartOf\":{\"@id\":\"https:\\\/\\\/alcala.salesianos.edu\\\/colegio\\\/#website\"},\"primaryImageOfPage\":{\"@id\":\"https:\\\/\\\/alcala.salesianos.edu\\\/colegio\\\/blog\\\/2020\\\/03\\\/27\\\/novedades-sobre-el-proceso-de-escolarizacion-para-el-curso-2020-2021\\\/#primaryimage\"},\"image\":{\"@id\":\"https:\\\/\\\/alcala.salesianos.edu\\\/colegio\\\/blog\\\/2020\\\/03\\\/27\\\/novedades-sobre-el-proceso-de-escolarizacion-para-el-curso-2020-2021\\\/#primaryimage\"},\"thumbnailUrl\":\"https:\\\/\\\/alcala.salesianos.edu\\\/colegio\\\/wp-content\\\/uploads\\\/sites\\\/2\\\/2020\\\/03\\\/escolarizacion-212x300.jpeg\",\"datePublished\":\"2020-03-27T19:29:47+00:00\",\"dateModified\":\"2025-08-27T07:51:28+00:00\",\"author\":{\"@id\":\"https:\\\/\\\/alcala.salesianos.edu\\\/colegio\\\/#\\\/schema\\\/person\\\/afcc24f776dc91fc2bf9afb0998fca77\"},\"breadcrumb\":{\"@id\":\"https:\\\/\\\/alcala.salesianos.edu\\\/colegio\\\/blog\\\/2020\\\/03\\\/27\\\/novedades-sobre-el-proceso-de-escolarizacion-para-el-curso-2020-2021\\\/#breadcrumb\"},\"inLanguage\":\"es\",\"potentialAction\":[{\"@type\":\"ReadAction\",\"target\":[\"https:\\\/\\\/alcala.salesianos.edu\\\/colegio\\\/blog\\\/2020\\\/03\\\/27\\\/novedades-sobre-el-proceso-de-escolarizacion-para-el-curso-2020-2021\\\/\"]}]},{\"@type\":\"ImageObject\",\"inLanguage\":\"es\",\"@id\":\"https:\\\/\\\/alcala.salesianos.edu\\\/colegio\\\/blog\\\/2020\\\/03\\\/27\\\/novedades-sobre-el-proceso-de-escolarizacion-para-el-curso-2020-2021\\\/#primaryimage\",\"url\":\"https:\\\/\\\/alcala.salesianos.edu\\\/colegio\\\/wp-content\\\/uploads\\\/sites\\\/2\\\/2020\\\/03\\\/escolarizacion-212x300.jpeg\",\"contentUrl\":\"https:\\\/\\\/alcala.salesianos.edu\\\/colegio\\\/wp-content\\\/uploads\\\/sites\\\/2\\\/2020\\\/03\\\/escolarizacion-212x300.jpeg\"},{\"@type\":\"BreadcrumbList\",\"@id\":\"https:\\\/\\\/alcala.salesianos.edu\\\/colegio\\\/blog\\\/2020\\\/03\\\/27\\\/novedades-sobre-el-proceso-de-escolarizacion-para-el-curso-2020-2021\\\/#breadcrumb\",\"itemListElement\":[{\"@type\":\"ListItem\",\"position\":1,\"name\":\"Portada\",\"item\":\"https:\\\/\\\/alcala.salesianos.edu\\\/colegio\\\/\"},{\"@type\":\"ListItem\",\"position\":2,\"name\":\"Novedades sobre el proceso de escolarizaci\u00f3n para el curso 2020-2021\"}]},{\"@type\":\"WebSite\",\"@id\":\"https:\\\/\\\/alcala.salesianos.edu\\\/colegio\\\/#website\",\"url\":\"https:\\\/\\\/alcala.salesianos.edu\\\/colegio\\\/\",\"name\":\"Colegio Salesiano Alcal\u00e1\",\"description\":\"P\u00e1gina oficial de Salesianos Alcal\u00e1 de Guadaira\",\"potentialAction\":[{\"@type\":\"SearchAction\",\"target\":{\"@type\":\"EntryPoint\",\"urlTemplate\":\"https:\\\/\\\/alcala.salesianos.edu\\\/colegio\\\/?s={search_term_string}\"},\"query-input\":{\"@type\":\"PropertyValueSpecification\",\"valueRequired\":true,\"valueName\":\"search_term_string\"}}],\"inLanguage\":\"es\"},{\"@type\":\"Person\",\"@id\":\"https:\\\/\\\/alcala.salesianos.edu\\\/colegio\\\/#\\\/schema\\\/person\\\/afcc24f776dc91fc2bf9afb0998fca77\",\"name\":\"Administrador Web\",\"image\":{\"@type\":\"ImageObject\",\"inLanguage\":\"es\",\"@id\":\"https:\\\/\\\/secure.gravatar.com\\\/avatar\\\/bc157e994689bd6da9645c00aa3bc4d55b727915b6652642660db0aef086585f?s=96&d=mm&r=g\",\"url\":\"https:\\\/\\\/secure.gravatar.com\\\/avatar\\\/bc157e994689bd6da9645c00aa3bc4d55b727915b6652642660db0aef086585f?s=96&d=mm&r=g\",\"contentUrl\":\"https:\\\/\\\/secure.gravatar.com\\\/avatar\\\/bc157e994689bd6da9645c00aa3bc4d55b727915b6652642660db0aef086585f?s=96&d=mm&r=g\",\"caption\":\"Administrador Web\"}}]}<\/script>\n<!-- \/ Yoast SEO plugin. -->","yoast_head_json":{"title":"Novedades sobre el proceso de escolarizaci\u00f3n para el curso 2020-2021 - Colegio Salesiano Alcal\u00e1","robots":{"index":"index","follow":"follow","max-snippet":"max-snippet:-1","max-image-preview":"max-image-preview:large","max-video-preview":"max-video-preview:-1"},"canonical":"https:\/\/alcala.salesianos.edu\/colegio\/blog\/2020\/03\/27\/novedades-sobre-el-proceso-de-escolarizacion-para-el-curso-2020-2021\/","og_locale":"es_ES","og_type":"article","og_title":"Novedades sobre el proceso de escolarizaci\u00f3n para el curso 2020-2021 - Colegio Salesiano Alcal\u00e1","og_description":"La Consejer\u00eda de Educaci\u00f3n de la Junta de Andaluc\u00eda ha anunciado el pasado mi\u00e9rcoles 25 de marzo que una vez finalizado el estado de alarma, habr\u00e1 un plazo adicional de 12 d\u00edas h\u00e1biles para realizar la solicitud de plaza escolar de manera presencial.","og_url":"https:\/\/alcala.salesianos.edu\/colegio\/blog\/2020\/03\/27\/novedades-sobre-el-proceso-de-escolarizacion-para-el-curso-2020-2021\/","og_site_name":"Colegio Salesiano Alcal\u00e1","article_published_time":"2020-03-27T19:29:47+00:00","article_modified_time":"2025-08-27T07:51:28+00:00","author":"Administrador Web","twitter_card":"summary_large_image","twitter_misc":{"Escrito por":"Administrador Web","Tiempo de lectura":"2 minutos"},"schema":{"@context":"https:\/\/schema.org","@graph":[{"@type":"Article","@id":"https:\/\/alcala.salesianos.edu\/colegio\/blog\/2020\/03\/27\/novedades-sobre-el-proceso-de-escolarizacion-para-el-curso-2020-2021\/#article","isPartOf":{"@id":"https:\/\/alcala.salesianos.edu\/colegio\/blog\/2020\/03\/27\/novedades-sobre-el-proceso-de-escolarizacion-para-el-curso-2020-2021\/"},"author":{"name":"Administrador Web","@id":"https:\/\/alcala.salesianos.edu\/colegio\/#\/schema\/person\/afcc24f776dc91fc2bf9afb0998fca77"},"headline":"Novedades sobre el proceso de escolarizaci\u00f3n para el curso 2020-2021","datePublished":"2020-03-27T19:29:47+00:00","dateModified":"2025-08-27T07:51:28+00:00","mainEntityOfPage":{"@id":"https:\/\/alcala.salesianos.edu\/colegio\/blog\/2020\/03\/27\/novedades-sobre-el-proceso-de-escolarizacion-para-el-curso-2020-2021\/"},"wordCount":443,"image":{"@id":"https:\/\/alcala.salesianos.edu\/colegio\/blog\/2020\/03\/27\/novedades-sobre-el-proceso-de-escolarizacion-para-el-curso-2020-2021\/#primaryimage"},"thumbnailUrl":"https:\/\/alcala.salesianos.edu\/colegio\/wp-content\/uploads\/sites\/2\/2020\/03\/escolarizacion-212x300.jpeg","articleSection":["Uncategorized"],"inLanguage":"es"},{"@type":"WebPage","@id":"https:\/\/alcala.salesianos.edu\/colegio\/blog\/2020\/03\/27\/novedades-sobre-el-proceso-de-escolarizacion-para-el-curso-2020-2021\/","url":"https:\/\/alcala.salesianos.edu\/colegio\/blog\/2020\/03\/27\/novedades-sobre-el-proceso-de-escolarizacion-para-el-curso-2020-2021\/","name":"Novedades sobre el proceso de escolarizaci\u00f3n para el curso 2020-2021 - Colegio Salesiano Alcal\u00e1","isPartOf":{"@id":"https:\/\/alcala.salesianos.edu\/colegio\/#website"},"primaryImageOfPage":{"@id":"https:\/\/alcala.salesianos.edu\/colegio\/blog\/2020\/03\/27\/novedades-sobre-el-proceso-de-escolarizacion-para-el-curso-2020-2021\/#primaryimage"},"image":{"@id":"https:\/\/alcala.salesianos.edu\/colegio\/blog\/2020\/03\/27\/novedades-sobre-el-proceso-de-escolarizacion-para-el-curso-2020-2021\/#primaryimage"},"thumbnailUrl":"https:\/\/alcala.salesianos.edu\/colegio\/wp-content\/uploads\/sites\/2\/2020\/03\/escolarizacion-212x300.jpeg","datePublished":"2020-03-27T19:29:47+00:00","dateModified":"2025-08-27T07:51:28+00:00","author":{"@id":"https:\/\/alcala.salesianos.edu\/colegio\/#\/schema\/person\/afcc24f776dc91fc2bf9afb0998fca77"},"breadcrumb":{"@id":"https:\/\/alcala.salesianos.edu\/colegio\/blog\/2020\/03\/27\/novedades-sobre-el-proceso-de-escolarizacion-para-el-curso-2020-2021\/#breadcrumb"},"inLanguage":"es","potentialAction":[{"@type":"ReadAction","target":["https:\/\/alcala.salesianos.edu\/colegio\/blog\/2020\/03\/27\/novedades-sobre-el-proceso-de-escolarizacion-para-el-curso-2020-2021\/"]}]},{"@type":"ImageObject","inLanguage":"es","@id":"https:\/\/alcala.salesianos.edu\/colegio\/blog\/2020\/03\/27\/novedades-sobre-el-proceso-de-escolarizacion-para-el-curso-2020-2021\/#primaryimage","url":"https:\/\/alcala.salesianos.edu\/colegio\/wp-content\/uploads\/sites\/2\/2020\/03\/escolarizacion-212x300.jpeg","contentUrl":"https:\/\/alcala.salesianos.edu\/colegio\/wp-content\/uploads\/sites\/2\/2020\/03\/escolarizacion-212x300.jpeg"},{"@type":"BreadcrumbList","@id":"https:\/\/alcala.salesianos.edu\/colegio\/blog\/2020\/03\/27\/novedades-sobre-el-proceso-de-escolarizacion-para-el-curso-2020-2021\/#breadcrumb","itemListElement":[{"@type":"ListItem","position":1,"name":"Portada","item":"https:\/\/alcala.salesianos.edu\/colegio\/"},{"@type":"ListItem","position":2,"name":"Novedades sobre el proceso de escolarizaci\u00f3n para el curso 2020-2021"}]},{"@type":"WebSite","@id":"https:\/\/alcala.salesianos.edu\/colegio\/#website","url":"https:\/\/alcala.salesianos.edu\/colegio\/","name":"Colegio Salesiano Alcal\u00e1","description":"P\u00e1gina oficial de Salesianos Alcal\u00e1 de Guadaira","potentialAction":[{"@type":"SearchAction","target":{"@type":"EntryPoint","urlTemplate":"https:\/\/alcala.salesianos.edu\/colegio\/?s={search_term_string}"},"query-input":{"@type":"PropertyValueSpecification","valueRequired":true,"valueName":"search_term_string"}}],"inLanguage":"es"},{"@type":"Person","@id":"https:\/\/alcala.salesianos.edu\/colegio\/#\/schema\/person\/afcc24f776dc91fc2bf9afb0998fca77","name":"Administrador Web","image":{"@type":"ImageObject","inLanguage":"es","@id":"https:\/\/secure.gravatar.com\/avatar\/bc157e994689bd6da9645c00aa3bc4d55b727915b6652642660db0aef086585f?s=96&d=mm&r=g","url":"https:\/\/secure.gravatar.com\/avatar\/bc157e994689bd6da9645c00aa3bc4d55b727915b6652642660db0aef086585f?s=96&d=mm&r=g","contentUrl":"https:\/\/secure.gravatar.com\/avatar\/bc157e994689bd6da9645c00aa3bc4d55b727915b6652642660db0aef086585f?s=96&d=mm&r=g","caption":"Administrador Web"}}]}},"_links":{"self":[{"href":"https:\/\/alcala.salesianos.edu\/colegio\/wp-json\/wp\/v2\/posts\/12249","targetHints":{"allow":["GET"]}}],"collection":[{"href":"https:\/\/alcala.salesianos.edu\/colegio\/wp-json\/wp\/v2\/posts"}],"about":[{"href":"https:\/\/alcala.salesianos.edu\/colegio\/wp-json\/wp\/v2\/types\/post"}],"author":[{"embeddable":true,"href":"https:\/\/alcala.salesianos.edu\/colegio\/wp-json\/wp\/v2\/users\/2"}],"replies":[{"embeddable":true,"href":"https:\/\/alcala.salesianos.edu\/colegio\/wp-json\/wp\/v2\/comments?post=12249"}],"version-history":[{"count":1,"href":"https:\/\/alcala.salesianos.edu\/colegio\/wp-json\/wp\/v2\/posts\/12249\/revisions"}],"predecessor-version":[{"id":12251,"href":"https:\/\/alcala.salesianos.edu\/colegio\/wp-json\/wp\/v2\/posts\/12249\/revisions\/12251"}],"wp:attachment":[{"href":"https:\/\/alcala.salesianos.edu\/colegio\/wp-json\/wp\/v2\/media?parent=12249"}],"wp:term":[{"taxonomy":"category","embeddable":true,"href":"https:\/\/alcala.salesianos.edu\/colegio\/wp-json\/wp\/v2\/categories?post=12249"},{"taxonomy":"post_tag","embeddable":true,"href":"https:\/\/alcala.salesianos.edu\/colegio\/wp-json\/wp\/v2\/tags?post=12249"}],"curies":[{"name":"wp","href":"https:\/\/api.w.org\/{rel}","templated":true}]}}