{"id":12184,"date":"2020-03-16T21:35:24","date_gmt":"2020-03-16T20:35:24","guid":{"rendered":"https:\/\/alcala.salesianos.edu\/colegio\/blog\/2020\/03\/16\/la-archidiocesis-de-sevilla-suprime-la-celebracion-publica-de-la-misa-con-asistencia-de-fieles-en-todos-los-templos\/"},"modified":"2025-08-27T08:51:30","modified_gmt":"2025-08-27T07:51:30","slug":"la-archidiocesis-de-sevilla-suprime-la-celebracion-publica-de-la-misa-con-asistencia-de-fieles-en-todos-los-templos","status":"publish","type":"post","link":"https:\/\/alcala.salesianos.edu\/colegio\/blog\/2020\/03\/16\/la-archidiocesis-de-sevilla-suprime-la-celebracion-publica-de-la-misa-con-asistencia-de-fieles-en-todos-los-templos\/","title":{"rendered":"La Archidi\u00f3cesis de Sevilla suprime la celebraci\u00f3n p\u00fablica de la Misa con asistencia de fieles en todos los templos"},"content":{"rendered":"<div id=\"fb-root\"><\/div>\n<p>Atendiendo al Decreto Oficial publicado hoy por la Archidi\u00f3cesis de Sevilla, nuestra Casa no celebrar\u00e1 p\u00fablica Misa a partir de la tarde de hoy.<\/p>\n<p>A continuaci\u00f3n, reproducimos la nota de prensa de la Archidi\u00f3cesis de Sevilla:<\/p>\n<p>El Arzobispo de Sevilla, monse\u00f1or\u00a0<strong>Juan Jos\u00e9 Asenjo,<\/strong>\u00a0ha dispuesto la tarde de este s\u00e1bado la supresi\u00f3n de la celebraci\u00f3n p\u00fablica de la Santa Misa con asistencia de fieles en todos los templos de la Archidi\u00f3cesis. Ante las medidas tomadas por el Gobierno de la Naci\u00f3n tras declarar el estado de alarma, previsto en la Constituci\u00f3n Espa\u00f1ola, ha considerado necesario adoptar nuevas disposiciones de urgencia para la prevenci\u00f3n y erradicaci\u00f3n de la pandemia provocada por el Coronavirus (Covid-19) que afectan de manera decisiva a la acci\u00f3n pastoral y a la asistencia al Pueblo de Dios.<\/p>\n<p>La supresi\u00f3n de la celebraci\u00f3n p\u00fablica de la Santa Misa con asistencia de fieles en todos los templos de la Archidi\u00f3cesis, entre en vigencia a partir de este mismo momento, I v\u00edsperas del III Domingo de Cuaresma, y mientras se mantenga la declaraci\u00f3n del estado de alarma.<\/p>\n<p>\u201cSe recomienda seguir la santa Misa por radio, televisi\u00f3n o internet, haciendo la comuni\u00f3n espiritual, pr\u00e1ctica tradicional de la Iglesia que exhortamos a recuperar como medio de santificaci\u00f3n y de comuni\u00f3n eclesial\u201d.<\/p>\n<p><strong><em>Reproducimos a continuaci\u00f3n el Decreto Oficial publicado por la Archidi\u00f3cesis de Sevilla en fecha 14 de marzo de 2020.<\/em><\/strong><\/p>\n<p>La Archidi\u00f3cesis de Sevilla, ante las medidas tomadas por el Gobierno de la Naci\u00f3n que incluyen la declaraci\u00f3n el estado de alarma, previsto en la Constituci\u00f3n Espa\u00f1ola, considera necesario adoptar nuevas disposiciones de urgencia para la prevenci\u00f3n y erradicaci\u00f3n de la epidemia provocada por el Coronavirus (Covid-19) que afectan de manera decisiva a la acci\u00f3n pastoral y a la asistencia al Pueblo de Dios.<\/p>\n<p>Por todo ello, en virtud de mi potestad ordinaria, DISPONEMOS cuanto se sigue:<\/p>\n<p>1.-La supresi\u00f3n de la celebraci\u00f3n p\u00fablica de la Santa Misa con asistencia de fieles en todos los templos de la Archidi\u00f3cesis, a partir de este mismo momento, I v\u00edsperas del III Domingo de Cuaresma, y mientras se mantenga la declaraci\u00f3n del estado de alarma.<\/p>\n<p>2.-De acuerdo con lo dispuesto en el Decreto emitido en el d\u00eda de ayer, se recuerda que, en virtud de los cc. 87\u00a7 1 y 1248\u00a7 2 CIC, se ha dispensado de la asistencia a la celebraci\u00f3n dominical a todos los fieles en la Archidi\u00f3cesis.<\/p>\n<p>3.-Se recomienda seguir la santa Misa por radio, televisi\u00f3n o internet, haciendo la comuni\u00f3n espiritual, pr\u00e1ctica tradicional de la Iglesia que exhortamos a recuperar como medio de santificaci\u00f3n y de comuni\u00f3n eclesial.<\/p>\n<p>4.-Los sacerdotes celebrar\u00e1n diariamente la Eucarist\u00eda, en virtud del c. 904 CIC, que recuerda que la santa Misa, aunque no pueda tenerse con la asistencia de fieles es una acci\u00f3n de Cristo y de la Iglesia, en cuya realizaci\u00f3n los sacerdotes cumplen su principal ministerio, ofreci\u00e9ndola por las personas fallecidas y enfermas, y poniendo como intenci\u00f3n la superaci\u00f3n de esta pandemia.<\/p>\n<p>5.-Se dispensa a las Hermandades y Cofrad\u00edas de la realizaci\u00f3n de la estaci\u00f3n de penitencia en la pr\u00f3xima Semana Santa.<\/p>\n<p>6.-Nuestro Decreto de fecha 13 de marzo (Prot. 1041\/20) queda en vigor en todo lo que no contradiga las presentes disposiciones y hasta que, de acuerdo con las actuaciones que tome la autoridad competente, se establezcan otras medidas.<\/p>\n<p>Pedimos a los sacerdotes, a los miembros de la Vida Consagrada, a los movimientos eclesiales, a las Hermandades y Cofrad\u00edas y a todos los fieles de la<\/p>\n<p>Archidi\u00f3cesis que sigan invocando el auxilio de Dios Nuestro Se\u00f1or y ofrezcan sus sacrificios en esta hora, que encomendamos especialmente a la intercesi\u00f3n y protecci\u00f3n de Ntra. Sra. de los Reyes.<\/p>\n<p>Dado en Sevilla, firmado de nuestra propia mano, sellado y refrendado por nuestro infrascrito Secretario General y Canciller, a catorce de marzo de dos mil veinte.<\/p>\n<p style=\"text-align: center;\">Juan Jos\u00e9 Asenjo Pelegrina<\/p>\n<p style=\"text-align: center;\">Arzobispo de Sevilla<\/p>\n<p style=\"text-align: center;\">Doy fe<\/p>\n<p style=\"text-align: center;\">Isacio Siguero Mu\u00f1oz<\/p>\n<p style=\"text-align: center;\">Secretario General y Canciller<\/p>\n<p style=\"text-align: center;\">Prot. n\u00ba 1042\/20<\/p>\n<p><img loading=\"lazy\" decoding=\"async\" class=\"alignnone size-medium wp-image-12185\" src=\"https:\/\/alcala.salesianos.edu\/colegio\/wp-content\/uploads\/sites\/2\/2020\/03\/Escudo-Arzobispo-web-796x448-1-300x169.jpg\" alt=\"\" width=\"300\" height=\"169\" \/><\/p>\n","protected":false},"excerpt":{"rendered":"<p>Atendiendo al Decreto Oficial publicado hoy por la Archidi\u00f3cesis de Sevilla, nuestra Casa no celebrar\u00e1 p\u00fablica Misa a partir de la tarde de hoy. <\/p>\n","protected":false},"author":2,"featured_media":0,"comment_status":"closed","ping_status":"open","sticky":false,"template":"","format":"standard","meta":{"_et_pb_use_builder":"","_et_pb_old_content":"","_et_gb_content_width":"","footnotes":""},"categories":[1],"tags":[],"class_list":["post-12184","post","type-post","status-publish","format-standard","hentry","category-uncategorized"],"yoast_head":"<!-- This site is optimized with the Yoast SEO plugin v28.4 - https:\/\/yoast.com\/product\/yoast-seo-wordpress\/ -->\n<title>La Archidi\u00f3cesis de Sevilla suprime la celebraci\u00f3n p\u00fablica de la Misa con asistencia de fieles en todos los templos - Colegio Salesiano Alcal\u00e1<\/title>\n<meta name=\"robots\" content=\"index, follow, max-snippet:-1, max-image-preview:large, max-video-preview:-1\" \/>\n<link rel=\"canonical\" href=\"https:\/\/alcala.salesianos.edu\/colegio\/blog\/2020\/03\/16\/la-archidiocesis-de-sevilla-suprime-la-celebracion-publica-de-la-misa-con-asistencia-de-fieles-en-todos-los-templos\/\" \/>\n<meta property=\"og:locale\" content=\"es_ES\" \/>\n<meta property=\"og:type\" content=\"article\" \/>\n<meta property=\"og:title\" content=\"La Archidi\u00f3cesis de Sevilla suprime la celebraci\u00f3n p\u00fablica de la Misa con asistencia de fieles en todos los templos - Colegio Salesiano Alcal\u00e1\" \/>\n<meta property=\"og:description\" content=\"Atendiendo al Decreto Oficial publicado hoy por la Archidi\u00f3cesis de Sevilla, nuestra Casa no celebrar\u00e1 p\u00fablica Misa a partir de la tarde de hoy.\" \/>\n<meta property=\"og:url\" content=\"https:\/\/alcala.salesianos.edu\/colegio\/blog\/2020\/03\/16\/la-archidiocesis-de-sevilla-suprime-la-celebracion-publica-de-la-misa-con-asistencia-de-fieles-en-todos-los-templos\/\" \/>\n<meta property=\"og:site_name\" content=\"Colegio Salesiano Alcal\u00e1\" \/>\n<meta property=\"article:published_time\" content=\"2020-03-16T20:35:24+00:00\" \/>\n<meta property=\"article:modified_time\" content=\"2025-08-27T07:51:30+00:00\" \/>\n<meta name=\"author\" content=\"Administrador Web\" \/>\n<meta name=\"twitter:card\" content=\"summary_large_image\" \/>\n<meta name=\"twitter:label1\" content=\"Escrito por\" \/>\n\t<meta name=\"twitter:data1\" content=\"Administrador Web\" \/>\n\t<meta name=\"twitter:label2\" content=\"Tiempo de lectura\" \/>\n\t<meta name=\"twitter:data2\" content=\"4 minutos\" \/>\n<script type=\"application\/ld+json\" class=\"yoast-schema-graph\">{\"@context\":\"https:\\\/\\\/schema.org\",\"@graph\":[{\"@type\":\"Article\",\"@id\":\"https:\\\/\\\/alcala.salesianos.edu\\\/colegio\\\/blog\\\/2020\\\/03\\\/16\\\/la-archidiocesis-de-sevilla-suprime-la-celebracion-publica-de-la-misa-con-asistencia-de-fieles-en-todos-los-templos\\\/#article\",\"isPartOf\":{\"@id\":\"https:\\\/\\\/alcala.salesianos.edu\\\/colegio\\\/blog\\\/2020\\\/03\\\/16\\\/la-archidiocesis-de-sevilla-suprime-la-celebracion-publica-de-la-misa-con-asistencia-de-fieles-en-todos-los-templos\\\/\"},\"author\":{\"name\":\"Administrador Web\",\"@id\":\"https:\\\/\\\/alcala.salesianos.edu\\\/colegio\\\/#\\\/schema\\\/person\\\/afcc24f776dc91fc2bf9afb0998fca77\"},\"headline\":\"La Archidi\u00f3cesis de Sevilla suprime la celebraci\u00f3n p\u00fablica de la Misa con asistencia de fieles en todos los templos\",\"datePublished\":\"2020-03-16T20:35:24+00:00\",\"dateModified\":\"2025-08-27T07:51:30+00:00\",\"mainEntityOfPage\":{\"@id\":\"https:\\\/\\\/alcala.salesianos.edu\\\/colegio\\\/blog\\\/2020\\\/03\\\/16\\\/la-archidiocesis-de-sevilla-suprime-la-celebracion-publica-de-la-misa-con-asistencia-de-fieles-en-todos-los-templos\\\/\"},\"wordCount\":729,\"image\":{\"@id\":\"https:\\\/\\\/alcala.salesianos.edu\\\/colegio\\\/blog\\\/2020\\\/03\\\/16\\\/la-archidiocesis-de-sevilla-suprime-la-celebracion-publica-de-la-misa-con-asistencia-de-fieles-en-todos-los-templos\\\/#primaryimage\"},\"thumbnailUrl\":\"https:\\\/\\\/alcala.salesianos.edu\\\/colegio\\\/wp-content\\\/uploads\\\/sites\\\/2\\\/2020\\\/03\\\/Escudo-Arzobispo-web-796x448-1-300x169.jpg\",\"articleSection\":[\"Uncategorized\"],\"inLanguage\":\"es\"},{\"@type\":\"WebPage\",\"@id\":\"https:\\\/\\\/alcala.salesianos.edu\\\/colegio\\\/blog\\\/2020\\\/03\\\/16\\\/la-archidiocesis-de-sevilla-suprime-la-celebracion-publica-de-la-misa-con-asistencia-de-fieles-en-todos-los-templos\\\/\",\"url\":\"https:\\\/\\\/alcala.salesianos.edu\\\/colegio\\\/blog\\\/2020\\\/03\\\/16\\\/la-archidiocesis-de-sevilla-suprime-la-celebracion-publica-de-la-misa-con-asistencia-de-fieles-en-todos-los-templos\\\/\",\"name\":\"La Archidi\u00f3cesis de Sevilla suprime la celebraci\u00f3n p\u00fablica de la Misa con asistencia de fieles en todos los templos - Colegio Salesiano Alcal\u00e1\",\"isPartOf\":{\"@id\":\"https:\\\/\\\/alcala.salesianos.edu\\\/colegio\\\/#website\"},\"primaryImageOfPage\":{\"@id\":\"https:\\\/\\\/alcala.salesianos.edu\\\/colegio\\\/blog\\\/2020\\\/03\\\/16\\\/la-archidiocesis-de-sevilla-suprime-la-celebracion-publica-de-la-misa-con-asistencia-de-fieles-en-todos-los-templos\\\/#primaryimage\"},\"image\":{\"@id\":\"https:\\\/\\\/alcala.salesianos.edu\\\/colegio\\\/blog\\\/2020\\\/03\\\/16\\\/la-archidiocesis-de-sevilla-suprime-la-celebracion-publica-de-la-misa-con-asistencia-de-fieles-en-todos-los-templos\\\/#primaryimage\"},\"thumbnailUrl\":\"https:\\\/\\\/alcala.salesianos.edu\\\/colegio\\\/wp-content\\\/uploads\\\/sites\\\/2\\\/2020\\\/03\\\/Escudo-Arzobispo-web-796x448-1-300x169.jpg\",\"datePublished\":\"2020-03-16T20:35:24+00:00\",\"dateModified\":\"2025-08-27T07:51:30+00:00\",\"author\":{\"@id\":\"https:\\\/\\\/alcala.salesianos.edu\\\/colegio\\\/#\\\/schema\\\/person\\\/afcc24f776dc91fc2bf9afb0998fca77\"},\"breadcrumb\":{\"@id\":\"https:\\\/\\\/alcala.salesianos.edu\\\/colegio\\\/blog\\\/2020\\\/03\\\/16\\\/la-archidiocesis-de-sevilla-suprime-la-celebracion-publica-de-la-misa-con-asistencia-de-fieles-en-todos-los-templos\\\/#breadcrumb\"},\"inLanguage\":\"es\",\"potentialAction\":[{\"@type\":\"ReadAction\",\"target\":[\"https:\\\/\\\/alcala.salesianos.edu\\\/colegio\\\/blog\\\/2020\\\/03\\\/16\\\/la-archidiocesis-de-sevilla-suprime-la-celebracion-publica-de-la-misa-con-asistencia-de-fieles-en-todos-los-templos\\\/\"]}]},{\"@type\":\"ImageObject\",\"inLanguage\":\"es\",\"@id\":\"https:\\\/\\\/alcala.salesianos.edu\\\/colegio\\\/blog\\\/2020\\\/03\\\/16\\\/la-archidiocesis-de-sevilla-suprime-la-celebracion-publica-de-la-misa-con-asistencia-de-fieles-en-todos-los-templos\\\/#primaryimage\",\"url\":\"\",\"contentUrl\":\"\"},{\"@type\":\"BreadcrumbList\",\"@id\":\"https:\\\/\\\/alcala.salesianos.edu\\\/colegio\\\/blog\\\/2020\\\/03\\\/16\\\/la-archidiocesis-de-sevilla-suprime-la-celebracion-publica-de-la-misa-con-asistencia-de-fieles-en-todos-los-templos\\\/#breadcrumb\",\"itemListElement\":[{\"@type\":\"ListItem\",\"position\":1,\"name\":\"Portada\",\"item\":\"https:\\\/\\\/alcala.salesianos.edu\\\/colegio\\\/\"},{\"@type\":\"ListItem\",\"position\":2,\"name\":\"La Archidi\u00f3cesis de Sevilla suprime la celebraci\u00f3n p\u00fablica de la Misa con asistencia de fieles en todos los templos\"}]},{\"@type\":\"WebSite\",\"@id\":\"https:\\\/\\\/alcala.salesianos.edu\\\/colegio\\\/#website\",\"url\":\"https:\\\/\\\/alcala.salesianos.edu\\\/colegio\\\/\",\"name\":\"Colegio Salesiano Alcal\u00e1\",\"description\":\"P\u00e1gina oficial de Salesianos Alcal\u00e1 de Guadaira\",\"potentialAction\":[{\"@type\":\"SearchAction\",\"target\":{\"@type\":\"EntryPoint\",\"urlTemplate\":\"https:\\\/\\\/alcala.salesianos.edu\\\/colegio\\\/?s={search_term_string}\"},\"query-input\":{\"@type\":\"PropertyValueSpecification\",\"valueRequired\":true,\"valueName\":\"search_term_string\"}}],\"inLanguage\":\"es\"},{\"@type\":\"Person\",\"@id\":\"https:\\\/\\\/alcala.salesianos.edu\\\/colegio\\\/#\\\/schema\\\/person\\\/afcc24f776dc91fc2bf9afb0998fca77\",\"name\":\"Administrador Web\",\"image\":{\"@type\":\"ImageObject\",\"inLanguage\":\"es\",\"@id\":\"https:\\\/\\\/secure.gravatar.com\\\/avatar\\\/bc157e994689bd6da9645c00aa3bc4d55b727915b6652642660db0aef086585f?s=96&d=mm&r=g\",\"url\":\"https:\\\/\\\/secure.gravatar.com\\\/avatar\\\/bc157e994689bd6da9645c00aa3bc4d55b727915b6652642660db0aef086585f?s=96&d=mm&r=g\",\"contentUrl\":\"https:\\\/\\\/secure.gravatar.com\\\/avatar\\\/bc157e994689bd6da9645c00aa3bc4d55b727915b6652642660db0aef086585f?s=96&d=mm&r=g\",\"caption\":\"Administrador Web\"}}]}<\/script>\n<!-- \/ Yoast SEO plugin. -->","yoast_head_json":{"title":"La Archidi\u00f3cesis de Sevilla suprime la celebraci\u00f3n p\u00fablica de la Misa con asistencia de fieles en todos los templos - Colegio Salesiano Alcal\u00e1","robots":{"index":"index","follow":"follow","max-snippet":"max-snippet:-1","max-image-preview":"max-image-preview:large","max-video-preview":"max-video-preview:-1"},"canonical":"https:\/\/alcala.salesianos.edu\/colegio\/blog\/2020\/03\/16\/la-archidiocesis-de-sevilla-suprime-la-celebracion-publica-de-la-misa-con-asistencia-de-fieles-en-todos-los-templos\/","og_locale":"es_ES","og_type":"article","og_title":"La Archidi\u00f3cesis de Sevilla suprime la celebraci\u00f3n p\u00fablica de la Misa con asistencia de fieles en todos los templos - Colegio Salesiano Alcal\u00e1","og_description":"Atendiendo al Decreto Oficial publicado hoy por la Archidi\u00f3cesis de Sevilla, nuestra Casa no celebrar\u00e1 p\u00fablica Misa a partir de la tarde de hoy.","og_url":"https:\/\/alcala.salesianos.edu\/colegio\/blog\/2020\/03\/16\/la-archidiocesis-de-sevilla-suprime-la-celebracion-publica-de-la-misa-con-asistencia-de-fieles-en-todos-los-templos\/","og_site_name":"Colegio Salesiano Alcal\u00e1","article_published_time":"2020-03-16T20:35:24+00:00","article_modified_time":"2025-08-27T07:51:30+00:00","author":"Administrador Web","twitter_card":"summary_large_image","twitter_misc":{"Escrito por":"Administrador Web","Tiempo de lectura":"4 minutos"},"schema":{"@context":"https:\/\/schema.org","@graph":[{"@type":"Article","@id":"https:\/\/alcala.salesianos.edu\/colegio\/blog\/2020\/03\/16\/la-archidiocesis-de-sevilla-suprime-la-celebracion-publica-de-la-misa-con-asistencia-de-fieles-en-todos-los-templos\/#article","isPartOf":{"@id":"https:\/\/alcala.salesianos.edu\/colegio\/blog\/2020\/03\/16\/la-archidiocesis-de-sevilla-suprime-la-celebracion-publica-de-la-misa-con-asistencia-de-fieles-en-todos-los-templos\/"},"author":{"name":"Administrador Web","@id":"https:\/\/alcala.salesianos.edu\/colegio\/#\/schema\/person\/afcc24f776dc91fc2bf9afb0998fca77"},"headline":"La Archidi\u00f3cesis de Sevilla suprime la celebraci\u00f3n p\u00fablica de la Misa con asistencia de fieles en todos los templos","datePublished":"2020-03-16T20:35:24+00:00","dateModified":"2025-08-27T07:51:30+00:00","mainEntityOfPage":{"@id":"https:\/\/alcala.salesianos.edu\/colegio\/blog\/2020\/03\/16\/la-archidiocesis-de-sevilla-suprime-la-celebracion-publica-de-la-misa-con-asistencia-de-fieles-en-todos-los-templos\/"},"wordCount":729,"image":{"@id":"https:\/\/alcala.salesianos.edu\/colegio\/blog\/2020\/03\/16\/la-archidiocesis-de-sevilla-suprime-la-celebracion-publica-de-la-misa-con-asistencia-de-fieles-en-todos-los-templos\/#primaryimage"},"thumbnailUrl":"https:\/\/alcala.salesianos.edu\/colegio\/wp-content\/uploads\/sites\/2\/2020\/03\/Escudo-Arzobispo-web-796x448-1-300x169.jpg","articleSection":["Uncategorized"],"inLanguage":"es"},{"@type":"WebPage","@id":"https:\/\/alcala.salesianos.edu\/colegio\/blog\/2020\/03\/16\/la-archidiocesis-de-sevilla-suprime-la-celebracion-publica-de-la-misa-con-asistencia-de-fieles-en-todos-los-templos\/","url":"https:\/\/alcala.salesianos.edu\/colegio\/blog\/2020\/03\/16\/la-archidiocesis-de-sevilla-suprime-la-celebracion-publica-de-la-misa-con-asistencia-de-fieles-en-todos-los-templos\/","name":"La Archidi\u00f3cesis de Sevilla suprime la celebraci\u00f3n p\u00fablica de la Misa con asistencia de fieles en todos los templos - Colegio Salesiano Alcal\u00e1","isPartOf":{"@id":"https:\/\/alcala.salesianos.edu\/colegio\/#website"},"primaryImageOfPage":{"@id":"https:\/\/alcala.salesianos.edu\/colegio\/blog\/2020\/03\/16\/la-archidiocesis-de-sevilla-suprime-la-celebracion-publica-de-la-misa-con-asistencia-de-fieles-en-todos-los-templos\/#primaryimage"},"image":{"@id":"https:\/\/alcala.salesianos.edu\/colegio\/blog\/2020\/03\/16\/la-archidiocesis-de-sevilla-suprime-la-celebracion-publica-de-la-misa-con-asistencia-de-fieles-en-todos-los-templos\/#primaryimage"},"thumbnailUrl":"https:\/\/alcala.salesianos.edu\/colegio\/wp-content\/uploads\/sites\/2\/2020\/03\/Escudo-Arzobispo-web-796x448-1-300x169.jpg","datePublished":"2020-03-16T20:35:24+00:00","dateModified":"2025-08-27T07:51:30+00:00","author":{"@id":"https:\/\/alcala.salesianos.edu\/colegio\/#\/schema\/person\/afcc24f776dc91fc2bf9afb0998fca77"},"breadcrumb":{"@id":"https:\/\/alcala.salesianos.edu\/colegio\/blog\/2020\/03\/16\/la-archidiocesis-de-sevilla-suprime-la-celebracion-publica-de-la-misa-con-asistencia-de-fieles-en-todos-los-templos\/#breadcrumb"},"inLanguage":"es","potentialAction":[{"@type":"ReadAction","target":["https:\/\/alcala.salesianos.edu\/colegio\/blog\/2020\/03\/16\/la-archidiocesis-de-sevilla-suprime-la-celebracion-publica-de-la-misa-con-asistencia-de-fieles-en-todos-los-templos\/"]}]},{"@type":"ImageObject","inLanguage":"es","@id":"https:\/\/alcala.salesianos.edu\/colegio\/blog\/2020\/03\/16\/la-archidiocesis-de-sevilla-suprime-la-celebracion-publica-de-la-misa-con-asistencia-de-fieles-en-todos-los-templos\/#primaryimage","url":"","contentUrl":""},{"@type":"BreadcrumbList","@id":"https:\/\/alcala.salesianos.edu\/colegio\/blog\/2020\/03\/16\/la-archidiocesis-de-sevilla-suprime-la-celebracion-publica-de-la-misa-con-asistencia-de-fieles-en-todos-los-templos\/#breadcrumb","itemListElement":[{"@type":"ListItem","position":1,"name":"Portada","item":"https:\/\/alcala.salesianos.edu\/colegio\/"},{"@type":"ListItem","position":2,"name":"La Archidi\u00f3cesis de Sevilla suprime la celebraci\u00f3n p\u00fablica de la Misa con asistencia de fieles en todos los templos"}]},{"@type":"WebSite","@id":"https:\/\/alcala.salesianos.edu\/colegio\/#website","url":"https:\/\/alcala.salesianos.edu\/colegio\/","name":"Colegio Salesiano Alcal\u00e1","description":"P\u00e1gina oficial de Salesianos Alcal\u00e1 de Guadaira","potentialAction":[{"@type":"SearchAction","target":{"@type":"EntryPoint","urlTemplate":"https:\/\/alcala.salesianos.edu\/colegio\/?s={search_term_string}"},"query-input":{"@type":"PropertyValueSpecification","valueRequired":true,"valueName":"search_term_string"}}],"inLanguage":"es"},{"@type":"Person","@id":"https:\/\/alcala.salesianos.edu\/colegio\/#\/schema\/person\/afcc24f776dc91fc2bf9afb0998fca77","name":"Administrador Web","image":{"@type":"ImageObject","inLanguage":"es","@id":"https:\/\/secure.gravatar.com\/avatar\/bc157e994689bd6da9645c00aa3bc4d55b727915b6652642660db0aef086585f?s=96&d=mm&r=g","url":"https:\/\/secure.gravatar.com\/avatar\/bc157e994689bd6da9645c00aa3bc4d55b727915b6652642660db0aef086585f?s=96&d=mm&r=g","contentUrl":"https:\/\/secure.gravatar.com\/avatar\/bc157e994689bd6da9645c00aa3bc4d55b727915b6652642660db0aef086585f?s=96&d=mm&r=g","caption":"Administrador Web"}}]}},"_links":{"self":[{"href":"https:\/\/alcala.salesianos.edu\/colegio\/wp-json\/wp\/v2\/posts\/12184","targetHints":{"allow":["GET"]}}],"collection":[{"href":"https:\/\/alcala.salesianos.edu\/colegio\/wp-json\/wp\/v2\/posts"}],"about":[{"href":"https:\/\/alcala.salesianos.edu\/colegio\/wp-json\/wp\/v2\/types\/post"}],"author":[{"embeddable":true,"href":"https:\/\/alcala.salesianos.edu\/colegio\/wp-json\/wp\/v2\/users\/2"}],"replies":[{"embeddable":true,"href":"https:\/\/alcala.salesianos.edu\/colegio\/wp-json\/wp\/v2\/comments?post=12184"}],"version-history":[{"count":1,"href":"https:\/\/alcala.salesianos.edu\/colegio\/wp-json\/wp\/v2\/posts\/12184\/revisions"}],"predecessor-version":[{"id":12186,"href":"https:\/\/alcala.salesianos.edu\/colegio\/wp-json\/wp\/v2\/posts\/12184\/revisions\/12186"}],"wp:attachment":[{"href":"https:\/\/alcala.salesianos.edu\/colegio\/wp-json\/wp\/v2\/media?parent=12184"}],"wp:term":[{"taxonomy":"category","embeddable":true,"href":"https:\/\/alcala.salesianos.edu\/colegio\/wp-json\/wp\/v2\/categories?post=12184"},{"taxonomy":"post_tag","embeddable":true,"href":"https:\/\/alcala.salesianos.edu\/colegio\/wp-json\/wp\/v2\/tags?post=12184"}],"curies":[{"name":"wp","href":"https:\/\/api.w.org\/{rel}","templated":true}]}}