{"id":12113,"date":"2020-03-03T12:46:35","date_gmt":"2020-03-03T11:46:35","guid":{"rendered":"https:\/\/alcala.salesianos.edu\/colegio\/blog\/2020\/03\/03\/la-ciencia-se-afianza-en-alcala\/"},"modified":"2025-08-27T08:51:31","modified_gmt":"2025-08-27T07:51:31","slug":"la-ciencia-se-afianza-en-alcala","status":"publish","type":"post","link":"https:\/\/alcala.salesianos.edu\/colegio\/blog\/2020\/03\/03\/la-ciencia-se-afianza-en-alcala\/","title":{"rendered":"ANULADA: JORNADAS EDUCIENCIA"},"content":{"rendered":"<div id=\"fb-root\"><\/div>\n<p>[et_pb_section bb_built=\u00bb1&#8243; _builder_version=\u00bb4.0.6&#8243;][et_pb_row _builder_version=\u00bb4.0.6&#8243;][et_pb_column type=\u00bb4_4&#8243; _builder_version=\u00bb4.0.6&#8243;][et_pb_text _builder_version=\u00bb4.0.6&#8243; hover_enabled=\u00bb0&#8243; text_text_shadow_horizontal_length=\u00bbtext_text_shadow_style,%91object Object%93&#8243; text_text_shadow_horizontal_length_tablet=\u00bb0px\u00bb text_text_shadow_vertical_length=\u00bbtext_text_shadow_style,%91object Object%93&#8243; text_text_shadow_vertical_length_tablet=\u00bb0px\u00bb text_text_shadow_blur_strength=\u00bbtext_text_shadow_style,%91object Object%93&#8243; text_text_shadow_blur_strength_tablet=\u00bb1px\u00bb link_text_shadow_horizontal_length=\u00bblink_text_shadow_style,%91object Object%93&#8243; link_text_shadow_horizontal_length_tablet=\u00bb0px\u00bb link_text_shadow_vertical_length=\u00bblink_text_shadow_style,%91object Object%93&#8243; link_text_shadow_vertical_length_tablet=\u00bb0px\u00bb link_text_shadow_blur_strength=\u00bblink_text_shadow_style,%91object Object%93&#8243; link_text_shadow_blur_strength_tablet=\u00bb1px\u00bb ul_text_shadow_horizontal_length=\u00bbul_text_shadow_style,%91object Object%93&#8243; ul_text_shadow_horizontal_length_tablet=\u00bb0px\u00bb ul_text_shadow_vertical_length=\u00bbul_text_shadow_style,%91object Object%93&#8243; ul_text_shadow_vertical_length_tablet=\u00bb0px\u00bb ul_text_shadow_blur_strength=\u00bbul_text_shadow_style,%91object Object%93&#8243; ul_text_shadow_blur_strength_tablet=\u00bb1px\u00bb ol_text_shadow_horizontal_length=\u00bbol_text_shadow_style,%91object Object%93&#8243; ol_text_shadow_horizontal_length_tablet=\u00bb0px\u00bb ol_text_shadow_vertical_length=\u00bbol_text_shadow_style,%91object Object%93&#8243; ol_text_shadow_vertical_length_tablet=\u00bb0px\u00bb ol_text_shadow_blur_strength=\u00bbol_text_shadow_style,%91object Object%93&#8243; ol_text_shadow_blur_strength_tablet=\u00bb1px\u00bb quote_text_shadow_horizontal_length=\u00bbquote_text_shadow_style,%91object Object%93&#8243; quote_text_shadow_horizontal_length_tablet=\u00bb0px\u00bb quote_text_shadow_vertical_length=\u00bbquote_text_shadow_style,%91object Object%93&#8243; quote_text_shadow_vertical_length_tablet=\u00bb0px\u00bb quote_text_shadow_blur_strength=\u00bbquote_text_shadow_style,%91object Object%93&#8243; quote_text_shadow_blur_strength_tablet=\u00bb1px\u00bb header_text_shadow_horizontal_length=\u00bbheader_text_shadow_style,%91object Object%93&#8243; header_text_shadow_horizontal_length_tablet=\u00bb0px\u00bb header_text_shadow_vertical_length=\u00bbheader_text_shadow_style,%91object Object%93&#8243; header_text_shadow_vertical_length_tablet=\u00bb0px\u00bb header_text_shadow_blur_strength=\u00bbheader_text_shadow_style,%91object Object%93&#8243; header_text_shadow_blur_strength_tablet=\u00bb1px\u00bb header_2_text_shadow_horizontal_length=\u00bbheader_2_text_shadow_style,%91object Object%93&#8243; header_2_text_shadow_horizontal_length_tablet=\u00bb0px\u00bb header_2_text_shadow_vertical_length=\u00bbheader_2_text_shadow_style,%91object Object%93&#8243; header_2_text_shadow_vertical_length_tablet=\u00bb0px\u00bb header_2_text_shadow_blur_strength=\u00bbheader_2_text_shadow_style,%91object Object%93&#8243; header_2_text_shadow_blur_strength_tablet=\u00bb1px\u00bb header_3_text_shadow_horizontal_length=\u00bbheader_3_text_shadow_style,%91object Object%93&#8243; header_3_text_shadow_horizontal_length_tablet=\u00bb0px\u00bb header_3_text_shadow_vertical_length=\u00bbheader_3_text_shadow_style,%91object Object%93&#8243; header_3_text_shadow_vertical_length_tablet=\u00bb0px\u00bb header_3_text_shadow_blur_strength=\u00bbheader_3_text_shadow_style,%91object Object%93&#8243; header_3_text_shadow_blur_strength_tablet=\u00bb1px\u00bb header_4_text_shadow_horizontal_length=\u00bbheader_4_text_shadow_style,%91object Object%93&#8243; header_4_text_shadow_horizontal_length_tablet=\u00bb0px\u00bb header_4_text_shadow_vertical_length=\u00bbheader_4_text_shadow_style,%91object Object%93&#8243; header_4_text_shadow_vertical_length_tablet=\u00bb0px\u00bb header_4_text_shadow_blur_strength=\u00bbheader_4_text_shadow_style,%91object Object%93&#8243; header_4_text_shadow_blur_strength_tablet=\u00bb1px\u00bb header_5_text_shadow_horizontal_length=\u00bbheader_5_text_shadow_style,%91object Object%93&#8243; header_5_text_shadow_horizontal_length_tablet=\u00bb0px\u00bb header_5_text_shadow_vertical_length=\u00bbheader_5_text_shadow_style,%91object Object%93&#8243; header_5_text_shadow_vertical_length_tablet=\u00bb0px\u00bb header_5_text_shadow_blur_strength=\u00bbheader_5_text_shadow_style,%91object Object%93&#8243; header_5_text_shadow_blur_strength_tablet=\u00bb1px\u00bb header_6_text_shadow_horizontal_length=\u00bbheader_6_text_shadow_style,%91object Object%93&#8243; header_6_text_shadow_horizontal_length_tablet=\u00bb0px\u00bb header_6_text_shadow_vertical_length=\u00bbheader_6_text_shadow_style,%91object Object%93&#8243; header_6_text_shadow_vertical_length_tablet=\u00bb0px\u00bb header_6_text_shadow_blur_strength=\u00bbheader_6_text_shadow_style,%91object Object%93&#8243; header_6_text_shadow_blur_strength_tablet=\u00bb1px\u00bb box_shadow_horizontal_tablet=\u00bb0px\u00bb box_shadow_vertical_tablet=\u00bb0px\u00bb box_shadow_blur_tablet=\u00bb40px\u00bb box_shadow_spread_tablet=\u00bb0px\u00bb z_index_tablet=\u00bb500&#8243;]<\/p>\n<p><img loading=\"lazy\" decoding=\"async\" class=\"wp-image-12114 size-medium alignleft\" src=\"https:\/\/alcala.salesianos.edu\/wp-content\/uploads\/2020\/03\/cartel-an\u0303o-2020-1_page-0001-300x214.jpg\" alt=\"\" width=\"300\" height=\"214\" data-mce-fragment=\"1\" \/><strong>\u200bANULADA<\/strong>: Durante los pr\u00f3ximos d\u00edas 26 y 27 de marzo, el Colegio Salesiano Ntra. Sra. Del \u00c1guila de Alcal\u00e1 de Guada\u00edra organizar\u00e1, en colaboraci\u00f3n con el Ayuntamiento de la ciudad, las <strong>III Jornadas EduCIENCIA<\/strong>, destinadas a divulgar la Ciencia de una forma diferente, amena y cercana. Este importante evento, enmarcado en la Semana de la Ciencia que el centro educativo organiza cada a\u00f1o, est\u00e1 abierto a todos los alumnos de Secundaria, Bachillerato y Ciclos formativos de la ciudad alcalare\u00f1a.<\/p>\n<p>Las dos ediciones anteriores han resultado muy satisfactorias, especialmente la del a\u00f1o pasado en la que las Jornadas ampliaron su oferta con un espacio para la divulgaci\u00f3n realizada por los m\u00e1s j\u00f3venes y un concurso de portada de c\u00f3mic cient\u00edfico. Estas dos iniciativas se mantendr\u00e1n y potenciar\u00e1n en esta nueva edici\u00f3n.<\/p>\n<p>\u00a0<\/p>\n<p>El primer d\u00eda los alumnos\/as podr\u00e1n aprender las diferentes relaciones que esconden las matem\u00e1ticas (num\u00e9ricas, geom\u00e9tricas\u2026incluso amorosas), de la mano de <strong>Pedro Daniel Pajares<\/strong> (matem\u00e1tico, divulgador cient\u00edfico, ganador del concurso FameLab 2017). El formato que mantienen las Jornadas, permitir\u00e1 al alumnado presente, entablar una charla-coloquio posterior, en la que poder preguntar de primera mano al invitado. Este momento dar\u00e1 paso a la primera tanda de microcharlas hechas por alumnos\/as de Alcal\u00e1, en el espacio \u201cJ\u00f3venes divulgadores\u201d.<\/p>\n<p>\u00a0<\/p>\n<p>El siguiente d\u00eda de las Jornadas ser\u00e1 igual de interesante. <strong>Jos\u00e9 A. Prado-Bassas<\/strong>, profesor de matem\u00e1ticas de la Universidad de Sevilla y divulgador cient\u00edfico, hablar\u00e1 en clave de humor sobre crecimientos exponenciales, fractales y un poco de escepticismo. Tras \u00e9l, el segundo momento para la divulgaci\u00f3n hecha por los j\u00f3venes.<\/p>\n<p>\u00a0<\/p>\n<p>Antes de la clausura de las Jornadas, se entregar\u00e1n los premios del II concurso \u201c<strong><em>La Ciencia en portada<\/em><\/strong>\u201d, convocado por la organizaci\u00f3n, para acercar tambi\u00e9n la Ciencia al mundo del Arte a trav\u00e9s del c\u00f3mic.<\/p>\n<p>La divulgaci\u00f3n de la Ciencia en nuestra ciudad sigue creciendo y afianz\u00e1ndose como referente en el panorama educativo y cient\u00edfico de toda la provincia. No te lo puedes perder.<\/p>\n<p>[\/et_pb_text][\/et_pb_column][\/et_pb_row][\/et_pb_section]<\/p>\n","protected":false},"excerpt":{"rendered":"<p>ANULADA: Durante los pr\u00f3ximos d\u00edas 26 y 27 de marzo, el Colegio Salesiano Ntra. Sra. Del \u00c1guila de Alcal\u00e1 de Guada\u00edra organizar\u00e1, en colaboraci\u00f3n con el Ayuntamiento de la ciudad, las III Jornadas EduCIENCIA, destinadas a divulgar la Ciencia de una forma diferente, amena y cercana. Este importante evento, enmarcado en la Semana de la Ciencia que el centro educativo organiza cada a\u00f1o, est\u00e1 abierto a todos los alumnos de Secundaria, Bachillerato y Ciclos formativos de la ciudad alcalare\u00f1a.<\/p>\n","protected":false},"author":2,"featured_media":0,"comment_status":"closed","ping_status":"open","sticky":false,"template":"","format":"standard","meta":{"_et_pb_use_builder":"on","_et_pb_old_content":"","_et_gb_content_width":"","footnotes":""},"categories":[1],"tags":[],"class_list":["post-12113","post","type-post","status-publish","format-standard","hentry","category-uncategorized"],"yoast_head":"<!-- This site is optimized with the Yoast SEO plugin v28.4 - https:\/\/yoast.com\/product\/yoast-seo-wordpress\/ -->\n<title>ANULADA: JORNADAS EDUCIENCIA - Colegio Salesiano Alcal\u00e1<\/title>\n<meta name=\"robots\" content=\"index, follow, max-snippet:-1, max-image-preview:large, max-video-preview:-1\" \/>\n<link rel=\"canonical\" href=\"https:\/\/alcala.salesianos.edu\/colegio\/blog\/2020\/03\/03\/la-ciencia-se-afianza-en-alcala\/\" \/>\n<meta property=\"og:locale\" content=\"es_ES\" \/>\n<meta property=\"og:type\" content=\"article\" \/>\n<meta property=\"og:title\" content=\"ANULADA: JORNADAS EDUCIENCIA - Colegio Salesiano Alcal\u00e1\" \/>\n<meta property=\"og:description\" content=\"ANULADA: Durante los pr\u00f3ximos d\u00edas 26 y 27 de marzo, el Colegio Salesiano Ntra. Sra. Del \u00c1guila de Alcal\u00e1 de Guada\u00edra organizar\u00e1, en colaboraci\u00f3n con el Ayuntamiento de la ciudad, las III Jornadas EduCIENCIA, destinadas a divulgar la Ciencia de una forma diferente, amena y cercana. Este importante evento, enmarcado en la Semana de la Ciencia que el centro educativo organiza cada a\u00f1o, est\u00e1 abierto a todos los alumnos de Secundaria, Bachillerato y Ciclos formativos de la ciudad alcalare\u00f1a.\" \/>\n<meta property=\"og:url\" content=\"https:\/\/alcala.salesianos.edu\/colegio\/blog\/2020\/03\/03\/la-ciencia-se-afianza-en-alcala\/\" \/>\n<meta property=\"og:site_name\" content=\"Colegio Salesiano Alcal\u00e1\" \/>\n<meta property=\"article:published_time\" content=\"2020-03-03T11:46:35+00:00\" \/>\n<meta property=\"article:modified_time\" content=\"2025-08-27T07:51:31+00:00\" \/>\n<meta name=\"author\" content=\"Administrador Web\" \/>\n<meta name=\"twitter:card\" content=\"summary_large_image\" \/>\n<meta name=\"twitter:label1\" content=\"Escrito por\" \/>\n\t<meta name=\"twitter:data1\" content=\"Administrador Web\" \/>\n\t<meta name=\"twitter:label2\" content=\"Tiempo de lectura\" \/>\n\t<meta name=\"twitter:data2\" content=\"5 minutos\" \/>\n<script type=\"application\/ld+json\" class=\"yoast-schema-graph\">{\"@context\":\"https:\\\/\\\/schema.org\",\"@graph\":[{\"@type\":\"Article\",\"@id\":\"https:\\\/\\\/alcala.salesianos.edu\\\/colegio\\\/blog\\\/2020\\\/03\\\/03\\\/la-ciencia-se-afianza-en-alcala\\\/#article\",\"isPartOf\":{\"@id\":\"https:\\\/\\\/alcala.salesianos.edu\\\/colegio\\\/blog\\\/2020\\\/03\\\/03\\\/la-ciencia-se-afianza-en-alcala\\\/\"},\"author\":{\"name\":\"Administrador Web\",\"@id\":\"https:\\\/\\\/alcala.salesianos.edu\\\/colegio\\\/#\\\/schema\\\/person\\\/afcc24f776dc91fc2bf9afb0998fca77\"},\"headline\":\"ANULADA: JORNADAS EDUCIENCIA\",\"datePublished\":\"2020-03-03T11:46:35+00:00\",\"dateModified\":\"2025-08-27T07:51:31+00:00\",\"mainEntityOfPage\":{\"@id\":\"https:\\\/\\\/alcala.salesianos.edu\\\/colegio\\\/blog\\\/2020\\\/03\\\/03\\\/la-ciencia-se-afianza-en-alcala\\\/\"},\"wordCount\":1013,\"articleSection\":[\"Uncategorized\"],\"inLanguage\":\"es\"},{\"@type\":\"WebPage\",\"@id\":\"https:\\\/\\\/alcala.salesianos.edu\\\/colegio\\\/blog\\\/2020\\\/03\\\/03\\\/la-ciencia-se-afianza-en-alcala\\\/\",\"url\":\"https:\\\/\\\/alcala.salesianos.edu\\\/colegio\\\/blog\\\/2020\\\/03\\\/03\\\/la-ciencia-se-afianza-en-alcala\\\/\",\"name\":\"ANULADA: JORNADAS EDUCIENCIA - Colegio Salesiano Alcal\u00e1\",\"isPartOf\":{\"@id\":\"https:\\\/\\\/alcala.salesianos.edu\\\/colegio\\\/#website\"},\"datePublished\":\"2020-03-03T11:46:35+00:00\",\"dateModified\":\"2025-08-27T07:51:31+00:00\",\"author\":{\"@id\":\"https:\\\/\\\/alcala.salesianos.edu\\\/colegio\\\/#\\\/schema\\\/person\\\/afcc24f776dc91fc2bf9afb0998fca77\"},\"breadcrumb\":{\"@id\":\"https:\\\/\\\/alcala.salesianos.edu\\\/colegio\\\/blog\\\/2020\\\/03\\\/03\\\/la-ciencia-se-afianza-en-alcala\\\/#breadcrumb\"},\"inLanguage\":\"es\",\"potentialAction\":[{\"@type\":\"ReadAction\",\"target\":[\"https:\\\/\\\/alcala.salesianos.edu\\\/colegio\\\/blog\\\/2020\\\/03\\\/03\\\/la-ciencia-se-afianza-en-alcala\\\/\"]}]},{\"@type\":\"BreadcrumbList\",\"@id\":\"https:\\\/\\\/alcala.salesianos.edu\\\/colegio\\\/blog\\\/2020\\\/03\\\/03\\\/la-ciencia-se-afianza-en-alcala\\\/#breadcrumb\",\"itemListElement\":[{\"@type\":\"ListItem\",\"position\":1,\"name\":\"Portada\",\"item\":\"https:\\\/\\\/alcala.salesianos.edu\\\/colegio\\\/\"},{\"@type\":\"ListItem\",\"position\":2,\"name\":\"ANULADA: JORNADAS EDUCIENCIA\"}]},{\"@type\":\"WebSite\",\"@id\":\"https:\\\/\\\/alcala.salesianos.edu\\\/colegio\\\/#website\",\"url\":\"https:\\\/\\\/alcala.salesianos.edu\\\/colegio\\\/\",\"name\":\"Colegio Salesiano Alcal\u00e1\",\"description\":\"P\u00e1gina oficial de Salesianos Alcal\u00e1 de Guadaira\",\"potentialAction\":[{\"@type\":\"SearchAction\",\"target\":{\"@type\":\"EntryPoint\",\"urlTemplate\":\"https:\\\/\\\/alcala.salesianos.edu\\\/colegio\\\/?s={search_term_string}\"},\"query-input\":{\"@type\":\"PropertyValueSpecification\",\"valueRequired\":true,\"valueName\":\"search_term_string\"}}],\"inLanguage\":\"es\"},{\"@type\":\"Person\",\"@id\":\"https:\\\/\\\/alcala.salesianos.edu\\\/colegio\\\/#\\\/schema\\\/person\\\/afcc24f776dc91fc2bf9afb0998fca77\",\"name\":\"Administrador Web\",\"image\":{\"@type\":\"ImageObject\",\"inLanguage\":\"es\",\"@id\":\"https:\\\/\\\/secure.gravatar.com\\\/avatar\\\/bc157e994689bd6da9645c00aa3bc4d55b727915b6652642660db0aef086585f?s=96&d=mm&r=g\",\"url\":\"https:\\\/\\\/secure.gravatar.com\\\/avatar\\\/bc157e994689bd6da9645c00aa3bc4d55b727915b6652642660db0aef086585f?s=96&d=mm&r=g\",\"contentUrl\":\"https:\\\/\\\/secure.gravatar.com\\\/avatar\\\/bc157e994689bd6da9645c00aa3bc4d55b727915b6652642660db0aef086585f?s=96&d=mm&r=g\",\"caption\":\"Administrador Web\"}}]}<\/script>\n<!-- \/ Yoast SEO plugin. -->","yoast_head_json":{"title":"ANULADA: JORNADAS EDUCIENCIA - Colegio Salesiano Alcal\u00e1","robots":{"index":"index","follow":"follow","max-snippet":"max-snippet:-1","max-image-preview":"max-image-preview:large","max-video-preview":"max-video-preview:-1"},"canonical":"https:\/\/alcala.salesianos.edu\/colegio\/blog\/2020\/03\/03\/la-ciencia-se-afianza-en-alcala\/","og_locale":"es_ES","og_type":"article","og_title":"ANULADA: JORNADAS EDUCIENCIA - Colegio Salesiano Alcal\u00e1","og_description":"ANULADA: Durante los pr\u00f3ximos d\u00edas 26 y 27 de marzo, el Colegio Salesiano Ntra. Sra. Del \u00c1guila de Alcal\u00e1 de Guada\u00edra organizar\u00e1, en colaboraci\u00f3n con el Ayuntamiento de la ciudad, las III Jornadas EduCIENCIA, destinadas a divulgar la Ciencia de una forma diferente, amena y cercana. Este importante evento, enmarcado en la Semana de la Ciencia que el centro educativo organiza cada a\u00f1o, est\u00e1 abierto a todos los alumnos de Secundaria, Bachillerato y Ciclos formativos de la ciudad alcalare\u00f1a.","og_url":"https:\/\/alcala.salesianos.edu\/colegio\/blog\/2020\/03\/03\/la-ciencia-se-afianza-en-alcala\/","og_site_name":"Colegio Salesiano Alcal\u00e1","article_published_time":"2020-03-03T11:46:35+00:00","article_modified_time":"2025-08-27T07:51:31+00:00","author":"Administrador Web","twitter_card":"summary_large_image","twitter_misc":{"Escrito por":"Administrador Web","Tiempo de lectura":"5 minutos"},"schema":{"@context":"https:\/\/schema.org","@graph":[{"@type":"Article","@id":"https:\/\/alcala.salesianos.edu\/colegio\/blog\/2020\/03\/03\/la-ciencia-se-afianza-en-alcala\/#article","isPartOf":{"@id":"https:\/\/alcala.salesianos.edu\/colegio\/blog\/2020\/03\/03\/la-ciencia-se-afianza-en-alcala\/"},"author":{"name":"Administrador Web","@id":"https:\/\/alcala.salesianos.edu\/colegio\/#\/schema\/person\/afcc24f776dc91fc2bf9afb0998fca77"},"headline":"ANULADA: JORNADAS EDUCIENCIA","datePublished":"2020-03-03T11:46:35+00:00","dateModified":"2025-08-27T07:51:31+00:00","mainEntityOfPage":{"@id":"https:\/\/alcala.salesianos.edu\/colegio\/blog\/2020\/03\/03\/la-ciencia-se-afianza-en-alcala\/"},"wordCount":1013,"articleSection":["Uncategorized"],"inLanguage":"es"},{"@type":"WebPage","@id":"https:\/\/alcala.salesianos.edu\/colegio\/blog\/2020\/03\/03\/la-ciencia-se-afianza-en-alcala\/","url":"https:\/\/alcala.salesianos.edu\/colegio\/blog\/2020\/03\/03\/la-ciencia-se-afianza-en-alcala\/","name":"ANULADA: JORNADAS EDUCIENCIA - Colegio Salesiano Alcal\u00e1","isPartOf":{"@id":"https:\/\/alcala.salesianos.edu\/colegio\/#website"},"datePublished":"2020-03-03T11:46:35+00:00","dateModified":"2025-08-27T07:51:31+00:00","author":{"@id":"https:\/\/alcala.salesianos.edu\/colegio\/#\/schema\/person\/afcc24f776dc91fc2bf9afb0998fca77"},"breadcrumb":{"@id":"https:\/\/alcala.salesianos.edu\/colegio\/blog\/2020\/03\/03\/la-ciencia-se-afianza-en-alcala\/#breadcrumb"},"inLanguage":"es","potentialAction":[{"@type":"ReadAction","target":["https:\/\/alcala.salesianos.edu\/colegio\/blog\/2020\/03\/03\/la-ciencia-se-afianza-en-alcala\/"]}]},{"@type":"BreadcrumbList","@id":"https:\/\/alcala.salesianos.edu\/colegio\/blog\/2020\/03\/03\/la-ciencia-se-afianza-en-alcala\/#breadcrumb","itemListElement":[{"@type":"ListItem","position":1,"name":"Portada","item":"https:\/\/alcala.salesianos.edu\/colegio\/"},{"@type":"ListItem","position":2,"name":"ANULADA: JORNADAS EDUCIENCIA"}]},{"@type":"WebSite","@id":"https:\/\/alcala.salesianos.edu\/colegio\/#website","url":"https:\/\/alcala.salesianos.edu\/colegio\/","name":"Colegio Salesiano Alcal\u00e1","description":"P\u00e1gina oficial de Salesianos Alcal\u00e1 de Guadaira","potentialAction":[{"@type":"SearchAction","target":{"@type":"EntryPoint","urlTemplate":"https:\/\/alcala.salesianos.edu\/colegio\/?s={search_term_string}"},"query-input":{"@type":"PropertyValueSpecification","valueRequired":true,"valueName":"search_term_string"}}],"inLanguage":"es"},{"@type":"Person","@id":"https:\/\/alcala.salesianos.edu\/colegio\/#\/schema\/person\/afcc24f776dc91fc2bf9afb0998fca77","name":"Administrador Web","image":{"@type":"ImageObject","inLanguage":"es","@id":"https:\/\/secure.gravatar.com\/avatar\/bc157e994689bd6da9645c00aa3bc4d55b727915b6652642660db0aef086585f?s=96&d=mm&r=g","url":"https:\/\/secure.gravatar.com\/avatar\/bc157e994689bd6da9645c00aa3bc4d55b727915b6652642660db0aef086585f?s=96&d=mm&r=g","contentUrl":"https:\/\/secure.gravatar.com\/avatar\/bc157e994689bd6da9645c00aa3bc4d55b727915b6652642660db0aef086585f?s=96&d=mm&r=g","caption":"Administrador Web"}}]}},"_links":{"self":[{"href":"https:\/\/alcala.salesianos.edu\/colegio\/wp-json\/wp\/v2\/posts\/12113","targetHints":{"allow":["GET"]}}],"collection":[{"href":"https:\/\/alcala.salesianos.edu\/colegio\/wp-json\/wp\/v2\/posts"}],"about":[{"href":"https:\/\/alcala.salesianos.edu\/colegio\/wp-json\/wp\/v2\/types\/post"}],"author":[{"embeddable":true,"href":"https:\/\/alcala.salesianos.edu\/colegio\/wp-json\/wp\/v2\/users\/2"}],"replies":[{"embeddable":true,"href":"https:\/\/alcala.salesianos.edu\/colegio\/wp-json\/wp\/v2\/comments?post=12113"}],"version-history":[{"count":2,"href":"https:\/\/alcala.salesianos.edu\/colegio\/wp-json\/wp\/v2\/posts\/12113\/revisions"}],"predecessor-version":[{"id":12183,"href":"https:\/\/alcala.salesianos.edu\/colegio\/wp-json\/wp\/v2\/posts\/12113\/revisions\/12183"}],"wp:attachment":[{"href":"https:\/\/alcala.salesianos.edu\/colegio\/wp-json\/wp\/v2\/media?parent=12113"}],"wp:term":[{"taxonomy":"category","embeddable":true,"href":"https:\/\/alcala.salesianos.edu\/colegio\/wp-json\/wp\/v2\/categories?post=12113"},{"taxonomy":"post_tag","embeddable":true,"href":"https:\/\/alcala.salesianos.edu\/colegio\/wp-json\/wp\/v2\/tags?post=12113"}],"curies":[{"name":"wp","href":"https:\/\/api.w.org\/{rel}","templated":true}]}}